{"id":62977,"date":"2021-03-04T19:17:39","date_gmt":"2021-03-04T22:17:39","guid":{"rendered":"https:\/\/portalnpm.com\/index.php\/2021\/03\/04\/jovem-morre-apos-colisao-entre-carro-e-moto-no-piaui\/"},"modified":"2021-03-04T19:17:39","modified_gmt":"2021-03-04T22:17:39","slug":"jovem-morre-apos-colisao-entre-carro-e-moto-no-piaui","status":"publish","type":"post","link":"https:\/\/portalnpm.com\/index.php\/2021\/03\/04\/jovem-morre-apos-colisao-entre-carro-e-moto-no-piaui\/","title":{"rendered":"Jovem morre ap\u00f3s colis\u00e3o entre carro e moto no Piau\u00ed"},"content":{"rendered":"<p style=\"text-align: justify;\">Uma\u00a0 jovem\u00a0 identificada como Giovanna Rodrigues, morreu na tarde desta quarta-feira (3), ap\u00f3s um acidente envolvendo um carro e uma moto na Avenida Dr. Jo\u00e3o Silva Filho, localizada no bairro Piau\u00ed, em Parna\u00edba, litoral do estado.<\/p>\n<p style=\"text-align: justify;\">\n<p style=\"text-align: justify;\">Segundo a Pol\u00edcia Militar, testemunhas relataram que a motocicleta que a v\u00edtima estava seguia pela avenida quando colidiu na lateral de um carro modelo Renault Kiwd branco, que tentava realizar uma convers\u00e3o.<\/p>\n<p style=\"text-align: justify;\">A moto era conduzida por um homem n\u00e3o identificado, que sofreu v\u00e1rias escoria\u00e7\u00f5es pelo corpo, a v\u00edtima fatal estava na garupa.<\/p>\n<p style=\"text-align: justify;\">Uma equipe do Servi\u00e7o de Atendimento M\u00f3vel de urg\u00eancia (SAMU) foi acionada no local e constatou o \u00f3bito da jovem. O corpo foi removido pelo Instituto de Medicina Legal.<\/p>\n<p style=\"text-align: justify;\">O motociclista foi encaminhado para o hospital.<\/p>\n<p style=\"text-align: justify;\">O condutor do veiculo permaneceu no local at\u00e9 a chegada da pol\u00edcia. O caso segue em investiga\u00e7\u00e3o.<\/p>\n<p style=\"text-align: justify;\"><strong>Fonte: Portal R10<\/strong><\/p>\n","protected":false},"excerpt":{"rendered":"<p>Uma\u00a0 jovem\u00a0 identificada como Giovanna Rodrigues, morreu na tarde desta quarta-feira (3), ap\u00f3s um acidente envolvendo um carro e uma moto na Avenida Dr. Jo\u00e3o Silva Filho, localizada no bairro Piau\u00ed, em Parna\u00edba, litoral do estado. Segundo a Pol\u00edcia Militar, testemunhas relataram que a motocicleta que a v\u00edtima estava seguia pela avenida quando colidiu na &hellip;<\/p>\n","protected":false},"author":2,"featured_media":62978,"comment_status":"open","ping_status":"open","sticky":false,"template":"","format":"standard","meta":{"content-type":"","rop_custom_images_group":[],"rop_custom_messages_group":[],"rop_publish_now":"initial","rop_publish_now_accounts":{"facebook_2648258775420054_1618374048415101":""},"rop_publish_now_history":[],"rop_publish_now_status":"pending","footnotes":"","_jetpack_memberships_contains_paid_content":false},"categories":[118,188],"tags":[6697,10081,5845,187],"yoast_head":"<!-- This site is optimized with the Yoast SEO plugin v22.3 - https:\/\/yoast.com\/wordpress\/plugins\/seo\/ -->\n<title>Jovem morre ap\u00f3s colis\u00e3o entre carro e moto no Piau\u00ed<\/title>\n<meta name=\"robots\" content=\"index, follow, max-snippet:-1, max-image-preview:large, max-video-preview:-1\" \/>\n<link rel=\"canonical\" href=\"https:\/\/portalnpm.com\/index.php\/2021\/03\/04\/jovem-morre-apos-colisao-entre-carro-e-moto-no-piaui\/\" \/>\n<meta property=\"og:locale\" content=\"pt_BR\" \/>\n<meta property=\"og:type\" content=\"article\" \/>\n<meta property=\"og:title\" content=\"Jovem morre ap\u00f3s colis\u00e3o entre carro e moto no Piau\u00ed\" \/>\n<meta property=\"og:description\" content=\"Uma\u00a0 jovem\u00a0 identificada como Giovanna Rodrigues, morreu na tarde desta quarta-feira (3), ap\u00f3s um acidente envolvendo um carro e uma moto na Avenida Dr. Jo\u00e3o Silva Filho, localizada no bairro Piau\u00ed, em Parna\u00edba, litoral do estado. Segundo a Pol\u00edcia Militar, testemunhas relataram que a motocicleta que a v\u00edtima estava seguia pela avenida quando colidiu na &hellip;\" \/>\n<meta property=\"og:url\" content=\"https:\/\/portalnpm.com\/index.php\/2021\/03\/04\/jovem-morre-apos-colisao-entre-carro-e-moto-no-piaui\/\" \/>\n<meta property=\"og:site_name\" content=\"Portal NPM\" \/>\n<meta property=\"article:published_time\" content=\"2021-03-04T22:17:39+00:00\" \/>\n<meta property=\"og:image\" content=\"https:\/\/portalnpm.com\/wp-content\/uploads\/2024\/01\/dc5cec9b0f557d8f4ea185104e4bc55b.jpg\" \/>\n\t<meta property=\"og:image:width\" content=\"509\" \/>\n\t<meta property=\"og:image:height\" content=\"480\" \/>\n\t<meta property=\"og:image:type\" content=\"image\/jpeg\" \/>\n<meta name=\"author\" content=\"Genival Barbosa\" \/>\n<meta name=\"twitter:card\" content=\"summary_large_image\" \/>\n<meta name=\"twitter:label1\" content=\"Escrito por\" \/>\n\t<meta name=\"twitter:data1\" content=\"Genival Barbosa\" \/>\n\t<meta name=\"twitter:label2\" content=\"Est. tempo de leitura\" \/>\n\t<meta name=\"twitter:data2\" content=\"1 minuto\" \/>\n<script type=\"application\/ld+json\" class=\"yoast-schema-graph\">{\"@context\":\"https:\/\/schema.org\",\"@graph\":[{\"@type\":\"WebPage\",\"@id\":\"https:\/\/portalnpm.com\/index.php\/2021\/03\/04\/jovem-morre-apos-colisao-entre-carro-e-moto-no-piaui\/\",\"url\":\"https:\/\/portalnpm.com\/index.php\/2021\/03\/04\/jovem-morre-apos-colisao-entre-carro-e-moto-no-piaui\/\",\"name\":\"Jovem morre ap\u00f3s colis\u00e3o entre carro e moto no Piau\u00ed\",\"isPartOf\":{\"@id\":\"https:\/\/portalnpm.com\/#website\"},\"primaryImageOfPage\":{\"@id\":\"https:\/\/portalnpm.com\/index.php\/2021\/03\/04\/jovem-morre-apos-colisao-entre-carro-e-moto-no-piaui\/#primaryimage\"},\"image\":{\"@id\":\"https:\/\/portalnpm.com\/index.php\/2021\/03\/04\/jovem-morre-apos-colisao-entre-carro-e-moto-no-piaui\/#primaryimage\"},\"thumbnailUrl\":\"https:\/\/portalnpm.com\/wp-content\/uploads\/2024\/01\/dc5cec9b0f557d8f4ea185104e4bc55b.jpg\",\"datePublished\":\"2021-03-04T22:17:39+00:00\",\"dateModified\":\"2021-03-04T22:17:39+00:00\",\"author\":{\"@id\":\"https:\/\/portalnpm.com\/#\/schema\/person\/49313e563cfdefcc167f1ee4c017c294\"},\"breadcrumb\":{\"@id\":\"https:\/\/portalnpm.com\/index.php\/2021\/03\/04\/jovem-morre-apos-colisao-entre-carro-e-moto-no-piaui\/#breadcrumb\"},\"inLanguage\":\"pt-BR\",\"potentialAction\":[{\"@type\":\"ReadAction\",\"target\":[\"https:\/\/portalnpm.com\/index.php\/2021\/03\/04\/jovem-morre-apos-colisao-entre-carro-e-moto-no-piaui\/\"]}]},{\"@type\":\"ImageObject\",\"inLanguage\":\"pt-BR\",\"@id\":\"https:\/\/portalnpm.com\/index.php\/2021\/03\/04\/jovem-morre-apos-colisao-entre-carro-e-moto-no-piaui\/#primaryimage\",\"url\":\"https:\/\/portalnpm.com\/wp-content\/uploads\/2024\/01\/dc5cec9b0f557d8f4ea185104e4bc55b.jpg\",\"contentUrl\":\"https:\/\/portalnpm.com\/wp-content\/uploads\/2024\/01\/dc5cec9b0f557d8f4ea185104e4bc55b.jpg\",\"width\":509,\"height\":480},{\"@type\":\"BreadcrumbList\",\"@id\":\"https:\/\/portalnpm.com\/index.php\/2021\/03\/04\/jovem-morre-apos-colisao-entre-carro-e-moto-no-piaui\/#breadcrumb\",\"itemListElement\":[{\"@type\":\"ListItem\",\"position\":1,\"name\":\"In\u00edcio\",\"item\":\"https:\/\/portalnpm.com\/\"},{\"@type\":\"ListItem\",\"position\":2,\"name\":\"Jovem morre ap\u00f3s colis\u00e3o entre carro e moto no Piau\u00ed\"}]},{\"@type\":\"WebSite\",\"@id\":\"https:\/\/portalnpm.com\/#website\",\"url\":\"https:\/\/portalnpm.com\/\",\"name\":\"Portal NPM\",\"description\":\"Not\u00edcias em Primeira M\u00e3o\",\"potentialAction\":[{\"@type\":\"SearchAction\",\"target\":{\"@type\":\"EntryPoint\",\"urlTemplate\":\"https:\/\/portalnpm.com\/?s={search_term_string}\"},\"query-input\":\"required name=search_term_string\"}],\"inLanguage\":\"pt-BR\"},{\"@type\":\"Person\",\"@id\":\"https:\/\/portalnpm.com\/#\/schema\/person\/49313e563cfdefcc167f1ee4c017c294\",\"name\":\"Genival Barbosa\",\"image\":{\"@type\":\"ImageObject\",\"inLanguage\":\"pt-BR\",\"@id\":\"https:\/\/portalnpm.com\/#\/schema\/person\/image\/\",\"url\":\"https:\/\/portalnpm.com\/wp-content\/uploads\/2024\/02\/avatar_user_2_1707743258-96x96.jpeg\",\"contentUrl\":\"https:\/\/portalnpm.com\/wp-content\/uploads\/2024\/02\/avatar_user_2_1707743258-96x96.jpeg\",\"caption\":\"Genival Barbosa\"},\"url\":\"https:\/\/portalnpm.com\/index.php\/author\/genival\/\"}]}<\/script>\n<!-- \/ Yoast SEO plugin. -->","yoast_head_json":{"title":"Jovem morre ap\u00f3s colis\u00e3o entre carro e moto no Piau\u00ed","robots":{"index":"index","follow":"follow","max-snippet":"max-snippet:-1","max-image-preview":"max-image-preview:large","max-video-preview":"max-video-preview:-1"},"canonical":"https:\/\/portalnpm.com\/index.php\/2021\/03\/04\/jovem-morre-apos-colisao-entre-carro-e-moto-no-piaui\/","og_locale":"pt_BR","og_type":"article","og_title":"Jovem morre ap\u00f3s colis\u00e3o entre carro e moto no Piau\u00ed","og_description":"Uma\u00a0 jovem\u00a0 identificada como Giovanna Rodrigues, morreu na tarde desta quarta-feira (3), ap\u00f3s um acidente envolvendo um carro e uma moto na Avenida Dr. Jo\u00e3o Silva Filho, localizada no bairro Piau\u00ed, em Parna\u00edba, litoral do estado. Segundo a Pol\u00edcia Militar, testemunhas relataram que a motocicleta que a v\u00edtima estava seguia pela avenida quando colidiu na &hellip;","og_url":"https:\/\/portalnpm.com\/index.php\/2021\/03\/04\/jovem-morre-apos-colisao-entre-carro-e-moto-no-piaui\/","og_site_name":"Portal NPM","article_published_time":"2021-03-04T22:17:39+00:00","og_image":[{"width":509,"height":480,"url":"https:\/\/portalnpm.com\/wp-content\/uploads\/2024\/01\/dc5cec9b0f557d8f4ea185104e4bc55b.jpg","type":"image\/jpeg"}],"author":"Genival Barbosa","twitter_card":"summary_large_image","twitter_misc":{"Escrito por":"Genival Barbosa","Est. tempo de leitura":"1 minuto"},"schema":{"@context":"https:\/\/schema.org","@graph":[{"@type":"WebPage","@id":"https:\/\/portalnpm.com\/index.php\/2021\/03\/04\/jovem-morre-apos-colisao-entre-carro-e-moto-no-piaui\/","url":"https:\/\/portalnpm.com\/index.php\/2021\/03\/04\/jovem-morre-apos-colisao-entre-carro-e-moto-no-piaui\/","name":"Jovem morre ap\u00f3s colis\u00e3o entre carro e moto no Piau\u00ed","isPartOf":{"@id":"https:\/\/portalnpm.com\/#website"},"primaryImageOfPage":{"@id":"https:\/\/portalnpm.com\/index.php\/2021\/03\/04\/jovem-morre-apos-colisao-entre-carro-e-moto-no-piaui\/#primaryimage"},"image":{"@id":"https:\/\/portalnpm.com\/index.php\/2021\/03\/04\/jovem-morre-apos-colisao-entre-carro-e-moto-no-piaui\/#primaryimage"},"thumbnailUrl":"https:\/\/portalnpm.com\/wp-content\/uploads\/2024\/01\/dc5cec9b0f557d8f4ea185104e4bc55b.jpg","datePublished":"2021-03-04T22:17:39+00:00","dateModified":"2021-03-04T22:17:39+00:00","author":{"@id":"https:\/\/portalnpm.com\/#\/schema\/person\/49313e563cfdefcc167f1ee4c017c294"},"breadcrumb":{"@id":"https:\/\/portalnpm.com\/index.php\/2021\/03\/04\/jovem-morre-apos-colisao-entre-carro-e-moto-no-piaui\/#breadcrumb"},"inLanguage":"pt-BR","potentialAction":[{"@type":"ReadAction","target":["https:\/\/portalnpm.com\/index.php\/2021\/03\/04\/jovem-morre-apos-colisao-entre-carro-e-moto-no-piaui\/"]}]},{"@type":"ImageObject","inLanguage":"pt-BR","@id":"https:\/\/portalnpm.com\/index.php\/2021\/03\/04\/jovem-morre-apos-colisao-entre-carro-e-moto-no-piaui\/#primaryimage","url":"https:\/\/portalnpm.com\/wp-content\/uploads\/2024\/01\/dc5cec9b0f557d8f4ea185104e4bc55b.jpg","contentUrl":"https:\/\/portalnpm.com\/wp-content\/uploads\/2024\/01\/dc5cec9b0f557d8f4ea185104e4bc55b.jpg","width":509,"height":480},{"@type":"BreadcrumbList","@id":"https:\/\/portalnpm.com\/index.php\/2021\/03\/04\/jovem-morre-apos-colisao-entre-carro-e-moto-no-piaui\/#breadcrumb","itemListElement":[{"@type":"ListItem","position":1,"name":"In\u00edcio","item":"https:\/\/portalnpm.com\/"},{"@type":"ListItem","position":2,"name":"Jovem morre ap\u00f3s colis\u00e3o entre carro e moto no Piau\u00ed"}]},{"@type":"WebSite","@id":"https:\/\/portalnpm.com\/#website","url":"https:\/\/portalnpm.com\/","name":"Portal NPM","description":"Not\u00edcias em Primeira M\u00e3o","potentialAction":[{"@type":"SearchAction","target":{"@type":"EntryPoint","urlTemplate":"https:\/\/portalnpm.com\/?s={search_term_string}"},"query-input":"required name=search_term_string"}],"inLanguage":"pt-BR"},{"@type":"Person","@id":"https:\/\/portalnpm.com\/#\/schema\/person\/49313e563cfdefcc167f1ee4c017c294","name":"Genival Barbosa","image":{"@type":"ImageObject","inLanguage":"pt-BR","@id":"https:\/\/portalnpm.com\/#\/schema\/person\/image\/","url":"https:\/\/portalnpm.com\/wp-content\/uploads\/2024\/02\/avatar_user_2_1707743258-96x96.jpeg","contentUrl":"https:\/\/portalnpm.com\/wp-content\/uploads\/2024\/02\/avatar_user_2_1707743258-96x96.jpeg","caption":"Genival Barbosa"},"url":"https:\/\/portalnpm.com\/index.php\/author\/genival\/"}]}},"jetpack_sharing_enabled":true,"jetpack_featured_media_url":"https:\/\/portalnpm.com\/wp-content\/uploads\/2024\/01\/dc5cec9b0f557d8f4ea185104e4bc55b.jpg","_links":{"self":[{"href":"https:\/\/portalnpm.com\/index.php\/wp-json\/wp\/v2\/posts\/62977"}],"collection":[{"href":"https:\/\/portalnpm.com\/index.php\/wp-json\/wp\/v2\/posts"}],"about":[{"href":"https:\/\/portalnpm.com\/index.php\/wp-json\/wp\/v2\/types\/post"}],"author":[{"embeddable":true,"href":"https:\/\/portalnpm.com\/index.php\/wp-json\/wp\/v2\/users\/2"}],"replies":[{"embeddable":true,"href":"https:\/\/portalnpm.com\/index.php\/wp-json\/wp\/v2\/comments?post=62977"}],"version-history":[{"count":0,"href":"https:\/\/portalnpm.com\/index.php\/wp-json\/wp\/v2\/posts\/62977\/revisions"}],"wp:featuredmedia":[{"embeddable":true,"href":"https:\/\/portalnpm.com\/index.php\/wp-json\/wp\/v2\/media\/62978"}],"wp:attachment":[{"href":"https:\/\/portalnpm.com\/index.php\/wp-json\/wp\/v2\/media?parent=62977"}],"wp:term":[{"taxonomy":"category","embeddable":true,"href":"https:\/\/portalnpm.com\/index.php\/wp-json\/wp\/v2\/categories?post=62977"},{"taxonomy":"post_tag","embeddable":true,"href":"https:\/\/portalnpm.com\/index.php\/wp-json\/wp\/v2\/tags?post=62977"}],"curies":[{"name":"wp","href":"https:\/\/api.w.org\/{rel}","templated":true}]}}