{"id":62989,"date":"2021-03-06T10:02:49","date_gmt":"2021-03-06T13:02:49","guid":{"rendered":"https:\/\/portalnpm.com\/index.php\/2021\/03\/06\/compositor-pede-prisao-preventiva-do-cantor-wesley-safadao-por-plagio\/"},"modified":"2021-03-06T10:02:49","modified_gmt":"2021-03-06T13:02:49","slug":"compositor-pede-prisao-preventiva-do-cantor-wesley-safadao-por-plagio","status":"publish","type":"post","link":"https:\/\/portalnpm.com\/index.php\/2021\/03\/06\/compositor-pede-prisao-preventiva-do-cantor-wesley-safadao-por-plagio\/","title":{"rendered":"Compositor pede pris\u00e3o preventiva do cantor Wesley Safad\u00e3o por pl\u00e1gio"},"content":{"rendered":"<p style=\"text-align: justify;\">Segundo o colunista Leo Dias, al\u00e9m de o cantor estar sendo processado pelo suposto pl\u00e1gio da faixa Vaqueirinha Maltrata e ser apontado como algu\u00e9m que deseja enriquecer ilicitamente, agora o compositor Jonas Alves teria decidido prestar uma queixa-crime contra Safad\u00e3o. As informa\u00e7\u00f5es s\u00e3o do\u00a0<a href=\"https:\/\/www.metropoles.com\/\" target=\"_blank\" rel=\"noopener noreferrer\"><strong>Metr\u00f3poles<\/strong><\/a>.<\/p>\n<p style=\"text-align: justify;\">\n<p style=\"text-align: justify;\">&#8211; J\u00e1 aconteceu uma audi\u00eancia de concilia\u00e7\u00e3o, mas o Wesley n\u00e3o colocou nenhuma proposta de acordo. Em seguida, ele fez uma contesta\u00e7\u00e3o e uma defesa fajuta com mentiras, explicou Alves ao jornalista.<\/p>\n<p style=\"text-align: justify;\">Por conta disso, a defesa de Jonas pediu a pris\u00e3o preventiva de Wesley porque essa n\u00e3o seria a primeira vez que ele \u00e9 acusado pelo mesmo crime. Ainda segundo os advogados, existe um terceiro caso de pl\u00e1gio contra Safad\u00e3o sendo analisado.<\/p>\n<p style=\"text-align: justify;\">Procurada, a assessoria de imprensa do cantor sertanejo n\u00e3o foi encontrada at\u00e9 a publica\u00e7\u00e3o desta mat\u00e9ria, mas disse ao Leo Dias que o cantor n\u00e3o vai se manifestar sobre o processo.<\/p>\n<p style=\"text-align: justify;\">Para que voc\u00ea entenda, a m\u00fasica Vaqueirinha Maltrata, segundo o ex-colega de trabalho de Safad\u00e3o, fez parte do \u00e1lbum Diferente n\u00e3o, Estranho, de mar\u00e7o de 2018. Com a aus\u00eancia de propostas de concilia\u00e7\u00e3o por parte de Wesley Safad\u00e3o nas audi\u00eancia marcadas, o compositor Jonas Alves, que processa o cantor por danos materiais e morais, decidiu ir \u00e0 pol\u00edcia registrar um boletim de ocorr\u00eancia por crime contra a propriedade imaterial. A defesa de Alves afirma que fez a not\u00edcia-crime no dia 24 de fevereiro e aguarda, agora, a instaura\u00e7\u00e3o dessa nova a\u00e7\u00e3o.<\/p>\n<p style=\"text-align: justify;\">&#8211; Em 2020, abri um processo contra o Wesley por crime de viola\u00e7\u00e3o de direito autoral, que est\u00e1 previsto no art. 184 do C\u00f3digo Penal. Agora, fiz esta ocorr\u00eancia na delegacia para seguir com o processo criminal. Eu fiz isso pra ele aprender a respeitar daqui pra frente os direitos de n\u00f3s compositores&#8221;. Esperei por um acordo dele no dia da audi\u00eancia de concilia\u00e7\u00e3o. Ainda estou disposto a um acordo amig\u00e1vel, apesar de que amizade n\u00e3o existir\u00e1 mais. O valor total do processo \u00e9 de quatro milh\u00f5es e 700 mil reais, disse Alves.<\/p>\n<div class=\"ad\" style=\"text-align: justify;\"><span class=\"label\">Via 180 Graus <\/span><\/div>\n","protected":false},"excerpt":{"rendered":"<p>Segundo o colunista Leo Dias, al\u00e9m de o cantor estar sendo processado pelo suposto pl\u00e1gio da faixa Vaqueirinha Maltrata e ser apontado como algu\u00e9m que deseja enriquecer ilicitamente, agora o compositor Jonas Alves teria decidido prestar uma queixa-crime contra Safad\u00e3o. As informa\u00e7\u00f5es s\u00e3o do\u00a0Metr\u00f3poles. &#8211; J\u00e1 aconteceu uma audi\u00eancia de concilia\u00e7\u00e3o, mas o Wesley n\u00e3o &hellip;<\/p>\n","protected":false},"author":2,"featured_media":62990,"comment_status":"open","ping_status":"open","sticky":false,"template":"","format":"standard","meta":{"content-type":"","rop_custom_images_group":[],"rop_custom_messages_group":[],"rop_publish_now":"initial","rop_publish_now_accounts":{"facebook_2648258775420054_1618374048415101":""},"rop_publish_now_history":[],"rop_publish_now_status":"pending","footnotes":"","_jetpack_memberships_contains_paid_content":false},"categories":[147],"tags":[10099,10100,10101,10102],"yoast_head":"<!-- This site is optimized with the Yoast SEO plugin v22.3 - https:\/\/yoast.com\/wordpress\/plugins\/seo\/ -->\n<title>Compositor pede pris\u00e3o preventiva do cantor Wesley Safad\u00e3o por pl\u00e1gio<\/title>\n<meta name=\"robots\" content=\"index, follow, max-snippet:-1, max-image-preview:large, max-video-preview:-1\" \/>\n<link rel=\"canonical\" href=\"https:\/\/portalnpm.com\/index.php\/2021\/03\/06\/compositor-pede-prisao-preventiva-do-cantor-wesley-safadao-por-plagio\/\" \/>\n<meta property=\"og:locale\" content=\"pt_BR\" \/>\n<meta property=\"og:type\" content=\"article\" \/>\n<meta property=\"og:title\" content=\"Compositor pede pris\u00e3o preventiva do cantor Wesley Safad\u00e3o por pl\u00e1gio\" \/>\n<meta property=\"og:description\" content=\"Segundo o colunista Leo Dias, al\u00e9m de o cantor estar sendo processado pelo suposto pl\u00e1gio da faixa Vaqueirinha Maltrata e ser apontado como algu\u00e9m que deseja enriquecer ilicitamente, agora o compositor Jonas Alves teria decidido prestar uma queixa-crime contra Safad\u00e3o. As informa\u00e7\u00f5es s\u00e3o do\u00a0Metr\u00f3poles. &#8211; J\u00e1 aconteceu uma audi\u00eancia de concilia\u00e7\u00e3o, mas o Wesley n\u00e3o &hellip;\" \/>\n<meta property=\"og:url\" content=\"https:\/\/portalnpm.com\/index.php\/2021\/03\/06\/compositor-pede-prisao-preventiva-do-cantor-wesley-safadao-por-plagio\/\" \/>\n<meta property=\"og:site_name\" content=\"Portal NPM\" \/>\n<meta property=\"article:published_time\" content=\"2021-03-06T13:02:49+00:00\" \/>\n<meta property=\"og:image\" content=\"https:\/\/portalnpm.com\/wp-content\/uploads\/2024\/01\/thumb_wesley.jpeg\" \/>\n\t<meta property=\"og:image:width\" content=\"400\" \/>\n\t<meta property=\"og:image:height\" content=\"213\" \/>\n\t<meta property=\"og:image:type\" content=\"image\/jpeg\" \/>\n<meta name=\"author\" content=\"Genival Barbosa\" \/>\n<meta name=\"twitter:card\" content=\"summary_large_image\" \/>\n<meta name=\"twitter:label1\" content=\"Escrito por\" \/>\n\t<meta name=\"twitter:data1\" content=\"Genival Barbosa\" \/>\n\t<meta name=\"twitter:label2\" content=\"Est. tempo de leitura\" \/>\n\t<meta name=\"twitter:data2\" content=\"2 minutos\" \/>\n<script type=\"application\/ld+json\" class=\"yoast-schema-graph\">{\"@context\":\"https:\/\/schema.org\",\"@graph\":[{\"@type\":\"WebPage\",\"@id\":\"https:\/\/portalnpm.com\/index.php\/2021\/03\/06\/compositor-pede-prisao-preventiva-do-cantor-wesley-safadao-por-plagio\/\",\"url\":\"https:\/\/portalnpm.com\/index.php\/2021\/03\/06\/compositor-pede-prisao-preventiva-do-cantor-wesley-safadao-por-plagio\/\",\"name\":\"Compositor pede pris\u00e3o preventiva do cantor Wesley Safad\u00e3o por pl\u00e1gio\",\"isPartOf\":{\"@id\":\"https:\/\/portalnpm.com\/#website\"},\"primaryImageOfPage\":{\"@id\":\"https:\/\/portalnpm.com\/index.php\/2021\/03\/06\/compositor-pede-prisao-preventiva-do-cantor-wesley-safadao-por-plagio\/#primaryimage\"},\"image\":{\"@id\":\"https:\/\/portalnpm.com\/index.php\/2021\/03\/06\/compositor-pede-prisao-preventiva-do-cantor-wesley-safadao-por-plagio\/#primaryimage\"},\"thumbnailUrl\":\"https:\/\/portalnpm.com\/wp-content\/uploads\/2024\/01\/thumb_wesley.jpeg\",\"datePublished\":\"2021-03-06T13:02:49+00:00\",\"dateModified\":\"2021-03-06T13:02:49+00:00\",\"author\":{\"@id\":\"https:\/\/portalnpm.com\/#\/schema\/person\/49313e563cfdefcc167f1ee4c017c294\"},\"breadcrumb\":{\"@id\":\"https:\/\/portalnpm.com\/index.php\/2021\/03\/06\/compositor-pede-prisao-preventiva-do-cantor-wesley-safadao-por-plagio\/#breadcrumb\"},\"inLanguage\":\"pt-BR\",\"potentialAction\":[{\"@type\":\"ReadAction\",\"target\":[\"https:\/\/portalnpm.com\/index.php\/2021\/03\/06\/compositor-pede-prisao-preventiva-do-cantor-wesley-safadao-por-plagio\/\"]}]},{\"@type\":\"ImageObject\",\"inLanguage\":\"pt-BR\",\"@id\":\"https:\/\/portalnpm.com\/index.php\/2021\/03\/06\/compositor-pede-prisao-preventiva-do-cantor-wesley-safadao-por-plagio\/#primaryimage\",\"url\":\"https:\/\/portalnpm.com\/wp-content\/uploads\/2024\/01\/thumb_wesley.jpeg\",\"contentUrl\":\"https:\/\/portalnpm.com\/wp-content\/uploads\/2024\/01\/thumb_wesley.jpeg\",\"width\":400,\"height\":213},{\"@type\":\"BreadcrumbList\",\"@id\":\"https:\/\/portalnpm.com\/index.php\/2021\/03\/06\/compositor-pede-prisao-preventiva-do-cantor-wesley-safadao-por-plagio\/#breadcrumb\",\"itemListElement\":[{\"@type\":\"ListItem\",\"position\":1,\"name\":\"In\u00edcio\",\"item\":\"https:\/\/portalnpm.com\/\"},{\"@type\":\"ListItem\",\"position\":2,\"name\":\"Compositor pede pris\u00e3o preventiva do cantor Wesley Safad\u00e3o por pl\u00e1gio\"}]},{\"@type\":\"WebSite\",\"@id\":\"https:\/\/portalnpm.com\/#website\",\"url\":\"https:\/\/portalnpm.com\/\",\"name\":\"Portal NPM\",\"description\":\"Not\u00edcias em Primeira M\u00e3o\",\"potentialAction\":[{\"@type\":\"SearchAction\",\"target\":{\"@type\":\"EntryPoint\",\"urlTemplate\":\"https:\/\/portalnpm.com\/?s={search_term_string}\"},\"query-input\":\"required name=search_term_string\"}],\"inLanguage\":\"pt-BR\"},{\"@type\":\"Person\",\"@id\":\"https:\/\/portalnpm.com\/#\/schema\/person\/49313e563cfdefcc167f1ee4c017c294\",\"name\":\"Genival Barbosa\",\"image\":{\"@type\":\"ImageObject\",\"inLanguage\":\"pt-BR\",\"@id\":\"https:\/\/portalnpm.com\/#\/schema\/person\/image\/\",\"url\":\"https:\/\/portalnpm.com\/wp-content\/uploads\/2024\/02\/avatar_user_2_1707743258-96x96.jpeg\",\"contentUrl\":\"https:\/\/portalnpm.com\/wp-content\/uploads\/2024\/02\/avatar_user_2_1707743258-96x96.jpeg\",\"caption\":\"Genival Barbosa\"},\"url\":\"https:\/\/portalnpm.com\/index.php\/author\/genival\/\"}]}<\/script>\n<!-- \/ Yoast SEO plugin. -->","yoast_head_json":{"title":"Compositor pede pris\u00e3o preventiva do cantor Wesley Safad\u00e3o por pl\u00e1gio","robots":{"index":"index","follow":"follow","max-snippet":"max-snippet:-1","max-image-preview":"max-image-preview:large","max-video-preview":"max-video-preview:-1"},"canonical":"https:\/\/portalnpm.com\/index.php\/2021\/03\/06\/compositor-pede-prisao-preventiva-do-cantor-wesley-safadao-por-plagio\/","og_locale":"pt_BR","og_type":"article","og_title":"Compositor pede pris\u00e3o preventiva do cantor Wesley Safad\u00e3o por pl\u00e1gio","og_description":"Segundo o colunista Leo Dias, al\u00e9m de o cantor estar sendo processado pelo suposto pl\u00e1gio da faixa Vaqueirinha Maltrata e ser apontado como algu\u00e9m que deseja enriquecer ilicitamente, agora o compositor Jonas Alves teria decidido prestar uma queixa-crime contra Safad\u00e3o. As informa\u00e7\u00f5es s\u00e3o do\u00a0Metr\u00f3poles. &#8211; J\u00e1 aconteceu uma audi\u00eancia de concilia\u00e7\u00e3o, mas o Wesley n\u00e3o &hellip;","og_url":"https:\/\/portalnpm.com\/index.php\/2021\/03\/06\/compositor-pede-prisao-preventiva-do-cantor-wesley-safadao-por-plagio\/","og_site_name":"Portal NPM","article_published_time":"2021-03-06T13:02:49+00:00","og_image":[{"width":400,"height":213,"url":"https:\/\/portalnpm.com\/wp-content\/uploads\/2024\/01\/thumb_wesley.jpeg","type":"image\/jpeg"}],"author":"Genival Barbosa","twitter_card":"summary_large_image","twitter_misc":{"Escrito por":"Genival Barbosa","Est. tempo de leitura":"2 minutos"},"schema":{"@context":"https:\/\/schema.org","@graph":[{"@type":"WebPage","@id":"https:\/\/portalnpm.com\/index.php\/2021\/03\/06\/compositor-pede-prisao-preventiva-do-cantor-wesley-safadao-por-plagio\/","url":"https:\/\/portalnpm.com\/index.php\/2021\/03\/06\/compositor-pede-prisao-preventiva-do-cantor-wesley-safadao-por-plagio\/","name":"Compositor pede pris\u00e3o preventiva do cantor Wesley Safad\u00e3o por pl\u00e1gio","isPartOf":{"@id":"https:\/\/portalnpm.com\/#website"},"primaryImageOfPage":{"@id":"https:\/\/portalnpm.com\/index.php\/2021\/03\/06\/compositor-pede-prisao-preventiva-do-cantor-wesley-safadao-por-plagio\/#primaryimage"},"image":{"@id":"https:\/\/portalnpm.com\/index.php\/2021\/03\/06\/compositor-pede-prisao-preventiva-do-cantor-wesley-safadao-por-plagio\/#primaryimage"},"thumbnailUrl":"https:\/\/portalnpm.com\/wp-content\/uploads\/2024\/01\/thumb_wesley.jpeg","datePublished":"2021-03-06T13:02:49+00:00","dateModified":"2021-03-06T13:02:49+00:00","author":{"@id":"https:\/\/portalnpm.com\/#\/schema\/person\/49313e563cfdefcc167f1ee4c017c294"},"breadcrumb":{"@id":"https:\/\/portalnpm.com\/index.php\/2021\/03\/06\/compositor-pede-prisao-preventiva-do-cantor-wesley-safadao-por-plagio\/#breadcrumb"},"inLanguage":"pt-BR","potentialAction":[{"@type":"ReadAction","target":["https:\/\/portalnpm.com\/index.php\/2021\/03\/06\/compositor-pede-prisao-preventiva-do-cantor-wesley-safadao-por-plagio\/"]}]},{"@type":"ImageObject","inLanguage":"pt-BR","@id":"https:\/\/portalnpm.com\/index.php\/2021\/03\/06\/compositor-pede-prisao-preventiva-do-cantor-wesley-safadao-por-plagio\/#primaryimage","url":"https:\/\/portalnpm.com\/wp-content\/uploads\/2024\/01\/thumb_wesley.jpeg","contentUrl":"https:\/\/portalnpm.com\/wp-content\/uploads\/2024\/01\/thumb_wesley.jpeg","width":400,"height":213},{"@type":"BreadcrumbList","@id":"https:\/\/portalnpm.com\/index.php\/2021\/03\/06\/compositor-pede-prisao-preventiva-do-cantor-wesley-safadao-por-plagio\/#breadcrumb","itemListElement":[{"@type":"ListItem","position":1,"name":"In\u00edcio","item":"https:\/\/portalnpm.com\/"},{"@type":"ListItem","position":2,"name":"Compositor pede pris\u00e3o preventiva do cantor Wesley Safad\u00e3o por pl\u00e1gio"}]},{"@type":"WebSite","@id":"https:\/\/portalnpm.com\/#website","url":"https:\/\/portalnpm.com\/","name":"Portal NPM","description":"Not\u00edcias em Primeira M\u00e3o","potentialAction":[{"@type":"SearchAction","target":{"@type":"EntryPoint","urlTemplate":"https:\/\/portalnpm.com\/?s={search_term_string}"},"query-input":"required name=search_term_string"}],"inLanguage":"pt-BR"},{"@type":"Person","@id":"https:\/\/portalnpm.com\/#\/schema\/person\/49313e563cfdefcc167f1ee4c017c294","name":"Genival Barbosa","image":{"@type":"ImageObject","inLanguage":"pt-BR","@id":"https:\/\/portalnpm.com\/#\/schema\/person\/image\/","url":"https:\/\/portalnpm.com\/wp-content\/uploads\/2024\/02\/avatar_user_2_1707743258-96x96.jpeg","contentUrl":"https:\/\/portalnpm.com\/wp-content\/uploads\/2024\/02\/avatar_user_2_1707743258-96x96.jpeg","caption":"Genival Barbosa"},"url":"https:\/\/portalnpm.com\/index.php\/author\/genival\/"}]}},"jetpack_sharing_enabled":true,"jetpack_featured_media_url":"https:\/\/portalnpm.com\/wp-content\/uploads\/2024\/01\/thumb_wesley.jpeg","_links":{"self":[{"href":"https:\/\/portalnpm.com\/index.php\/wp-json\/wp\/v2\/posts\/62989"}],"collection":[{"href":"https:\/\/portalnpm.com\/index.php\/wp-json\/wp\/v2\/posts"}],"about":[{"href":"https:\/\/portalnpm.com\/index.php\/wp-json\/wp\/v2\/types\/post"}],"author":[{"embeddable":true,"href":"https:\/\/portalnpm.com\/index.php\/wp-json\/wp\/v2\/users\/2"}],"replies":[{"embeddable":true,"href":"https:\/\/portalnpm.com\/index.php\/wp-json\/wp\/v2\/comments?post=62989"}],"version-history":[{"count":0,"href":"https:\/\/portalnpm.com\/index.php\/wp-json\/wp\/v2\/posts\/62989\/revisions"}],"wp:featuredmedia":[{"embeddable":true,"href":"https:\/\/portalnpm.com\/index.php\/wp-json\/wp\/v2\/media\/62990"}],"wp:attachment":[{"href":"https:\/\/portalnpm.com\/index.php\/wp-json\/wp\/v2\/media?parent=62989"}],"wp:term":[{"taxonomy":"category","embeddable":true,"href":"https:\/\/portalnpm.com\/index.php\/wp-json\/wp\/v2\/categories?post=62989"},{"taxonomy":"post_tag","embeddable":true,"href":"https:\/\/portalnpm.com\/index.php\/wp-json\/wp\/v2\/tags?post=62989"}],"curies":[{"name":"wp","href":"https:\/\/api.w.org\/{rel}","templated":true}]}}