{"id":63133,"date":"2021-03-10T19:05:41","date_gmt":"2021-03-10T22:05:41","guid":{"rendered":"https:\/\/portalnpm.com\/index.php\/2021\/03\/10\/coronel-viana-segue-internado-em-hospital-da-pm-apos-complicacoes-da-covid-19\/"},"modified":"2021-03-10T19:05:41","modified_gmt":"2021-03-10T22:05:41","slug":"coronel-viana-segue-internado-em-hospital-da-pm-apos-complicacoes-da-covid-19","status":"publish","type":"post","link":"https:\/\/portalnpm.com\/index.php\/2021\/03\/10\/coronel-viana-segue-internado-em-hospital-da-pm-apos-complicacoes-da-covid-19\/","title":{"rendered":"Coronel Viana segue internado em hospital da PM ap\u00f3s complica\u00e7\u00f5es da Covid-19"},"content":{"rendered":"<p style=\"text-align: justify;\">Na manh\u00e3 desta quarta-feira (10) a assessoria de Comunica\u00e7\u00e3o do Coronel da Pol\u00edcia Militar do Piau\u00ed, Edwaldo Viana, emitiu nota informando sobre o seu quadro de sa\u00fade. Viana foi internado nesta ter\u00e7a-feira (09) em fun\u00e7\u00e3o de complica\u00e7\u00f5es respirat\u00f3rias provocadas pela Covid-19.<\/p>\n<p style=\"text-align: justify;\">\n<p style=\"text-align: justify;\">Segundo as informa\u00e7\u00f5es oficiais, o coronel est\u00e1 sendo submetido a tratamento contra o novo v\u00edrus no Hospital da Pol\u00edcia Militar do Piau\u00ed (HPM). O mesmo encontra-se com 50% de comprometimento dos pulm\u00f5es e respira com necessidade espor\u00e1dica de oxig\u00eanio.<\/p>\n<p style=\"text-align: justify;\">Nas \u00faltimas 24 horas, Viana reagiu \u00e0 medica\u00e7\u00e3o ministrada para controlar a infec\u00e7\u00e3o e teve uma significativa melhora no seu quadro de sa\u00fade.<\/p>\n<p style=\"text-align: justify;\"><strong>Diagn\u00f3stico<\/strong><\/p>\n<p style=\"text-align: justify;\">O coronel Edwaldo Viana foi diagnosticado com o novo v\u00edrus no \u00faltimo domingo (07). Desde ent\u00e3o tem sofrido com os sintomas da doen\u00e7a.<\/p>\n<p style=\"text-align: justify;\">Sua m\u00e3e, Dona Jesus, tamb\u00e9m testou positivo para a Covid-19 continua intubada, sem perspectiva de progressiva melhora.<\/p>\n<p style=\"text-align: justify;\"><strong>Confira a nota na \u00edntegra!<\/strong><\/p>\n<p style=\"text-align: justify;\">O Coronel Edwaldo Viana segue fazendo o tratamento contra a Covid-19 no HPM \u2013 Hospital da Policia Militar do Piaui. Os sintomas leves que estava sentindo h\u00e1 quatro dias, se agravaram com sua satura\u00e7\u00e3o de oxig\u00eanio oscilando. A equipe m\u00e9dica decidiu pela transfer\u00eancia para um leito de Unidade de Terapia Semi-Intensiva.<\/p>\n<p style=\"text-align: justify;\">Ainda continua descartada a necessidade de intuba\u00e7\u00e3o, mesmo com comprometimento de 50 % dos pulm\u00f5es e exames de laborat\u00f3rio \u201cmantendo-se alterados\u201d. Viana continua sentindo mal-estar geral e respirando com necessidade espor\u00e1dica de oxig\u00eanio.<\/p>\n<p style=\"text-align: justify;\">Por\u00e9m, nas \u00faltimas 24 horas reagiu \u00e0 medica\u00e7\u00e3o ministrada para controlar a infec\u00e7\u00e3o e teve uma significativa melhora no seu quadro de sa\u00fade.<\/p>\n<p style=\"text-align: justify;\">Sua Matriarca, Dona Jesus, continua intubada. A equipe m\u00e9dica informou que a mesma segue est\u00e1vel com perspectivas de progressiva melhora.<\/p>\n<p style=\"text-align: justify;\">Otimista e confiante em Deus, a fam\u00edlia agradece a todos pelas manifesta\u00e7\u00f5es carinhosas e pelas ora\u00e7\u00f5es.<\/p>\n<p style=\"text-align: justify;\">Grato a todos pelo apoio, estamos em ora\u00e7\u00e3o!<\/p>\n<p style=\"text-align: justify;\">Fonte: Folha Atual<\/p>\n","protected":false},"excerpt":{"rendered":"<p>Na manh\u00e3 desta quarta-feira (10) a assessoria de Comunica\u00e7\u00e3o do Coronel da Pol\u00edcia Militar do Piau\u00ed, Edwaldo Viana, emitiu nota informando sobre o seu quadro de sa\u00fade. Viana foi internado nesta ter\u00e7a-feira (09) em fun\u00e7\u00e3o de complica\u00e7\u00f5es respirat\u00f3rias provocadas pela Covid-19. Segundo as informa\u00e7\u00f5es oficiais, o coronel est\u00e1 sendo submetido a tratamento contra o novo &hellip;<\/p>\n","protected":false},"author":2,"featured_media":31354,"comment_status":"open","ping_status":"open","sticky":false,"template":"","format":"standard","meta":{"content-type":"","rop_custom_images_group":[],"rop_custom_messages_group":[],"rop_publish_now":"initial","rop_publish_now_accounts":{"facebook_2648258775420054_1618374048415101":""},"rop_publish_now_history":[],"rop_publish_now_status":"pending","footnotes":"","_jetpack_memberships_contains_paid_content":false},"categories":[109,127],"tags":[3688,1113,10202,10203],"yoast_head":"<!-- This site is optimized with the Yoast SEO plugin v22.3 - https:\/\/yoast.com\/wordpress\/plugins\/seo\/ -->\n<title>Coronel Viana segue internado em hospital da PM ap\u00f3s complica\u00e7\u00f5es da Covid-19<\/title>\n<meta name=\"robots\" content=\"index, follow, max-snippet:-1, max-image-preview:large, max-video-preview:-1\" \/>\n<link rel=\"canonical\" href=\"https:\/\/portalnpm.com\/index.php\/2021\/03\/10\/coronel-viana-segue-internado-em-hospital-da-pm-apos-complicacoes-da-covid-19\/\" \/>\n<meta property=\"og:locale\" content=\"pt_BR\" \/>\n<meta property=\"og:type\" content=\"article\" \/>\n<meta property=\"og:title\" content=\"Coronel Viana segue internado em hospital da PM ap\u00f3s complica\u00e7\u00f5es da Covid-19\" \/>\n<meta property=\"og:description\" content=\"Na manh\u00e3 desta quarta-feira (10) a assessoria de Comunica\u00e7\u00e3o do Coronel da Pol\u00edcia Militar do Piau\u00ed, Edwaldo Viana, emitiu nota informando sobre o seu quadro de sa\u00fade. Viana foi internado nesta ter\u00e7a-feira (09) em fun\u00e7\u00e3o de complica\u00e7\u00f5es respirat\u00f3rias provocadas pela Covid-19. Segundo as informa\u00e7\u00f5es oficiais, o coronel est\u00e1 sendo submetido a tratamento contra o novo &hellip;\" \/>\n<meta property=\"og:url\" content=\"https:\/\/portalnpm.com\/index.php\/2021\/03\/10\/coronel-viana-segue-internado-em-hospital-da-pm-apos-complicacoes-da-covid-19\/\" \/>\n<meta property=\"og:site_name\" content=\"Portal NPM\" \/>\n<meta property=\"article:published_time\" content=\"2021-03-10T22:05:41+00:00\" \/>\n<meta name=\"author\" content=\"Genival Barbosa\" \/>\n<meta name=\"twitter:card\" content=\"summary_large_image\" \/>\n<meta name=\"twitter:label1\" content=\"Escrito por\" \/>\n\t<meta name=\"twitter:data1\" content=\"Genival Barbosa\" \/>\n\t<meta name=\"twitter:label2\" content=\"Est. tempo de leitura\" \/>\n\t<meta name=\"twitter:data2\" content=\"2 minutos\" \/>\n<script type=\"application\/ld+json\" class=\"yoast-schema-graph\">{\"@context\":\"https:\/\/schema.org\",\"@graph\":[{\"@type\":\"WebPage\",\"@id\":\"https:\/\/portalnpm.com\/index.php\/2021\/03\/10\/coronel-viana-segue-internado-em-hospital-da-pm-apos-complicacoes-da-covid-19\/\",\"url\":\"https:\/\/portalnpm.com\/index.php\/2021\/03\/10\/coronel-viana-segue-internado-em-hospital-da-pm-apos-complicacoes-da-covid-19\/\",\"name\":\"Coronel Viana segue internado em hospital da PM ap\u00f3s complica\u00e7\u00f5es da Covid-19\",\"isPartOf\":{\"@id\":\"https:\/\/portalnpm.com\/#website\"},\"primaryImageOfPage\":{\"@id\":\"https:\/\/portalnpm.com\/index.php\/2021\/03\/10\/coronel-viana-segue-internado-em-hospital-da-pm-apos-complicacoes-da-covid-19\/#primaryimage\"},\"image\":{\"@id\":\"https:\/\/portalnpm.com\/index.php\/2021\/03\/10\/coronel-viana-segue-internado-em-hospital-da-pm-apos-complicacoes-da-covid-19\/#primaryimage\"},\"thumbnailUrl\":\"\",\"datePublished\":\"2021-03-10T22:05:41+00:00\",\"dateModified\":\"2021-03-10T22:05:41+00:00\",\"author\":{\"@id\":\"https:\/\/portalnpm.com\/#\/schema\/person\/49313e563cfdefcc167f1ee4c017c294\"},\"breadcrumb\":{\"@id\":\"https:\/\/portalnpm.com\/index.php\/2021\/03\/10\/coronel-viana-segue-internado-em-hospital-da-pm-apos-complicacoes-da-covid-19\/#breadcrumb\"},\"inLanguage\":\"pt-BR\",\"potentialAction\":[{\"@type\":\"ReadAction\",\"target\":[\"https:\/\/portalnpm.com\/index.php\/2021\/03\/10\/coronel-viana-segue-internado-em-hospital-da-pm-apos-complicacoes-da-covid-19\/\"]}]},{\"@type\":\"ImageObject\",\"inLanguage\":\"pt-BR\",\"@id\":\"https:\/\/portalnpm.com\/index.php\/2021\/03\/10\/coronel-viana-segue-internado-em-hospital-da-pm-apos-complicacoes-da-covid-19\/#primaryimage\",\"url\":\"\",\"contentUrl\":\"\"},{\"@type\":\"BreadcrumbList\",\"@id\":\"https:\/\/portalnpm.com\/index.php\/2021\/03\/10\/coronel-viana-segue-internado-em-hospital-da-pm-apos-complicacoes-da-covid-19\/#breadcrumb\",\"itemListElement\":[{\"@type\":\"ListItem\",\"position\":1,\"name\":\"In\u00edcio\",\"item\":\"https:\/\/portalnpm.com\/\"},{\"@type\":\"ListItem\",\"position\":2,\"name\":\"Coronel Viana segue internado em hospital da PM ap\u00f3s complica\u00e7\u00f5es da Covid-19\"}]},{\"@type\":\"WebSite\",\"@id\":\"https:\/\/portalnpm.com\/#website\",\"url\":\"https:\/\/portalnpm.com\/\",\"name\":\"Portal NPM\",\"description\":\"Not\u00edcias em Primeira M\u00e3o\",\"potentialAction\":[{\"@type\":\"SearchAction\",\"target\":{\"@type\":\"EntryPoint\",\"urlTemplate\":\"https:\/\/portalnpm.com\/?s={search_term_string}\"},\"query-input\":\"required name=search_term_string\"}],\"inLanguage\":\"pt-BR\"},{\"@type\":\"Person\",\"@id\":\"https:\/\/portalnpm.com\/#\/schema\/person\/49313e563cfdefcc167f1ee4c017c294\",\"name\":\"Genival Barbosa\",\"image\":{\"@type\":\"ImageObject\",\"inLanguage\":\"pt-BR\",\"@id\":\"https:\/\/portalnpm.com\/#\/schema\/person\/image\/\",\"url\":\"https:\/\/portalnpm.com\/wp-content\/uploads\/2024\/02\/avatar_user_2_1707743258-96x96.jpeg\",\"contentUrl\":\"https:\/\/portalnpm.com\/wp-content\/uploads\/2024\/02\/avatar_user_2_1707743258-96x96.jpeg\",\"caption\":\"Genival Barbosa\"},\"url\":\"https:\/\/portalnpm.com\/index.php\/author\/genival\/\"}]}<\/script>\n<!-- \/ Yoast SEO plugin. -->","yoast_head_json":{"title":"Coronel Viana segue internado em hospital da PM ap\u00f3s complica\u00e7\u00f5es da Covid-19","robots":{"index":"index","follow":"follow","max-snippet":"max-snippet:-1","max-image-preview":"max-image-preview:large","max-video-preview":"max-video-preview:-1"},"canonical":"https:\/\/portalnpm.com\/index.php\/2021\/03\/10\/coronel-viana-segue-internado-em-hospital-da-pm-apos-complicacoes-da-covid-19\/","og_locale":"pt_BR","og_type":"article","og_title":"Coronel Viana segue internado em hospital da PM ap\u00f3s complica\u00e7\u00f5es da Covid-19","og_description":"Na manh\u00e3 desta quarta-feira (10) a assessoria de Comunica\u00e7\u00e3o do Coronel da Pol\u00edcia Militar do Piau\u00ed, Edwaldo Viana, emitiu nota informando sobre o seu quadro de sa\u00fade. Viana foi internado nesta ter\u00e7a-feira (09) em fun\u00e7\u00e3o de complica\u00e7\u00f5es respirat\u00f3rias provocadas pela Covid-19. Segundo as informa\u00e7\u00f5es oficiais, o coronel est\u00e1 sendo submetido a tratamento contra o novo &hellip;","og_url":"https:\/\/portalnpm.com\/index.php\/2021\/03\/10\/coronel-viana-segue-internado-em-hospital-da-pm-apos-complicacoes-da-covid-19\/","og_site_name":"Portal NPM","article_published_time":"2021-03-10T22:05:41+00:00","author":"Genival Barbosa","twitter_card":"summary_large_image","twitter_misc":{"Escrito por":"Genival Barbosa","Est. tempo de leitura":"2 minutos"},"schema":{"@context":"https:\/\/schema.org","@graph":[{"@type":"WebPage","@id":"https:\/\/portalnpm.com\/index.php\/2021\/03\/10\/coronel-viana-segue-internado-em-hospital-da-pm-apos-complicacoes-da-covid-19\/","url":"https:\/\/portalnpm.com\/index.php\/2021\/03\/10\/coronel-viana-segue-internado-em-hospital-da-pm-apos-complicacoes-da-covid-19\/","name":"Coronel Viana segue internado em hospital da PM ap\u00f3s complica\u00e7\u00f5es da Covid-19","isPartOf":{"@id":"https:\/\/portalnpm.com\/#website"},"primaryImageOfPage":{"@id":"https:\/\/portalnpm.com\/index.php\/2021\/03\/10\/coronel-viana-segue-internado-em-hospital-da-pm-apos-complicacoes-da-covid-19\/#primaryimage"},"image":{"@id":"https:\/\/portalnpm.com\/index.php\/2021\/03\/10\/coronel-viana-segue-internado-em-hospital-da-pm-apos-complicacoes-da-covid-19\/#primaryimage"},"thumbnailUrl":"","datePublished":"2021-03-10T22:05:41+00:00","dateModified":"2021-03-10T22:05:41+00:00","author":{"@id":"https:\/\/portalnpm.com\/#\/schema\/person\/49313e563cfdefcc167f1ee4c017c294"},"breadcrumb":{"@id":"https:\/\/portalnpm.com\/index.php\/2021\/03\/10\/coronel-viana-segue-internado-em-hospital-da-pm-apos-complicacoes-da-covid-19\/#breadcrumb"},"inLanguage":"pt-BR","potentialAction":[{"@type":"ReadAction","target":["https:\/\/portalnpm.com\/index.php\/2021\/03\/10\/coronel-viana-segue-internado-em-hospital-da-pm-apos-complicacoes-da-covid-19\/"]}]},{"@type":"ImageObject","inLanguage":"pt-BR","@id":"https:\/\/portalnpm.com\/index.php\/2021\/03\/10\/coronel-viana-segue-internado-em-hospital-da-pm-apos-complicacoes-da-covid-19\/#primaryimage","url":"","contentUrl":""},{"@type":"BreadcrumbList","@id":"https:\/\/portalnpm.com\/index.php\/2021\/03\/10\/coronel-viana-segue-internado-em-hospital-da-pm-apos-complicacoes-da-covid-19\/#breadcrumb","itemListElement":[{"@type":"ListItem","position":1,"name":"In\u00edcio","item":"https:\/\/portalnpm.com\/"},{"@type":"ListItem","position":2,"name":"Coronel Viana segue internado em hospital da PM ap\u00f3s complica\u00e7\u00f5es da Covid-19"}]},{"@type":"WebSite","@id":"https:\/\/portalnpm.com\/#website","url":"https:\/\/portalnpm.com\/","name":"Portal NPM","description":"Not\u00edcias em Primeira M\u00e3o","potentialAction":[{"@type":"SearchAction","target":{"@type":"EntryPoint","urlTemplate":"https:\/\/portalnpm.com\/?s={search_term_string}"},"query-input":"required name=search_term_string"}],"inLanguage":"pt-BR"},{"@type":"Person","@id":"https:\/\/portalnpm.com\/#\/schema\/person\/49313e563cfdefcc167f1ee4c017c294","name":"Genival Barbosa","image":{"@type":"ImageObject","inLanguage":"pt-BR","@id":"https:\/\/portalnpm.com\/#\/schema\/person\/image\/","url":"https:\/\/portalnpm.com\/wp-content\/uploads\/2024\/02\/avatar_user_2_1707743258-96x96.jpeg","contentUrl":"https:\/\/portalnpm.com\/wp-content\/uploads\/2024\/02\/avatar_user_2_1707743258-96x96.jpeg","caption":"Genival Barbosa"},"url":"https:\/\/portalnpm.com\/index.php\/author\/genival\/"}]}},"jetpack_sharing_enabled":true,"jetpack_featured_media_url":"","_links":{"self":[{"href":"https:\/\/portalnpm.com\/index.php\/wp-json\/wp\/v2\/posts\/63133"}],"collection":[{"href":"https:\/\/portalnpm.com\/index.php\/wp-json\/wp\/v2\/posts"}],"about":[{"href":"https:\/\/portalnpm.com\/index.php\/wp-json\/wp\/v2\/types\/post"}],"author":[{"embeddable":true,"href":"https:\/\/portalnpm.com\/index.php\/wp-json\/wp\/v2\/users\/2"}],"replies":[{"embeddable":true,"href":"https:\/\/portalnpm.com\/index.php\/wp-json\/wp\/v2\/comments?post=63133"}],"version-history":[{"count":0,"href":"https:\/\/portalnpm.com\/index.php\/wp-json\/wp\/v2\/posts\/63133\/revisions"}],"wp:featuredmedia":[{"embeddable":true,"href":"https:\/\/portalnpm.com\/index.php\/wp-json\/"}],"wp:attachment":[{"href":"https:\/\/portalnpm.com\/index.php\/wp-json\/wp\/v2\/media?parent=63133"}],"wp:term":[{"taxonomy":"category","embeddable":true,"href":"https:\/\/portalnpm.com\/index.php\/wp-json\/wp\/v2\/categories?post=63133"},{"taxonomy":"post_tag","embeddable":true,"href":"https:\/\/portalnpm.com\/index.php\/wp-json\/wp\/v2\/tags?post=63133"}],"curies":[{"name":"wp","href":"https:\/\/api.w.org\/{rel}","templated":true}]}}