{"id":63134,"date":"2021-03-10T19:08:51","date_gmt":"2021-03-10T22:08:51","guid":{"rendered":"https:\/\/portalnpm.com\/index.php\/2021\/03\/10\/mulher-morre-apos-fraturar-coluna-durante-treino-funcional-em-academia\/"},"modified":"2021-03-10T19:08:51","modified_gmt":"2021-03-10T22:08:51","slug":"mulher-morre-apos-fraturar-coluna-durante-treino-funcional-em-academia","status":"publish","type":"post","link":"https:\/\/portalnpm.com\/index.php\/2021\/03\/10\/mulher-morre-apos-fraturar-coluna-durante-treino-funcional-em-academia\/","title":{"rendered":"Mulher morre ap\u00f3s fraturar coluna durante treino funcional em academia"},"content":{"rendered":"<p style=\"text-align: justify;\">Uma mulher de 47 anos morreu ap\u00f3s sofrer um acidente em uma academia de treino funcional em Linhares (ES). Duda Vervloet passou 17 dias internada por conta de uma les\u00e3o na coluna. Ela morreu no \u00faltimo s\u00e1bado (6).<\/p>\n<p style=\"text-align: justify;\">\n<p style=\"text-align: justify;\">O Conselho Regional de Educa\u00e7\u00e3o F\u00edsica (CREF) disse que o caso ser\u00e1 investigado.<\/p>\n<p style=\"text-align: justify;\">Testemunhas disseram que Duda lesionou a coluna ao cair de uma caixa de madeira durante um exerc\u00edcio.<\/p>\n<p style=\"text-align: justify;\">Ricardo Smarzaro, dono da academia My Box Linhares, que tamb\u00e9m \u00e9 m\u00e9dico ortopedista, contou que quando ela caiu, bateu a cabe\u00e7a no ch\u00e3o e uma v\u00e9rtebra saiu do lugar.<\/p>\n<p style=\"text-align: justify;\">\u2013 Na hora, ela perdeu sensibilidade, o movimento das pernas, e estava sentindo muita dor nos bra\u00e7os. Depois, ela come\u00e7ou a ter um pouco mais de edema por causa do choque e perdeu um pouco dos movimentos das m\u00e3os \u2013 contou Smarzaro ao portal G1.<\/p>\n<p style=\"text-align: justify;\">Vervloet ficou internada em um hospital particular de Linhares e passou por uma cirurgia no dia 22 de fevereiro. Seu quadro de sa\u00fade piorou e ela continuou na UTI.<\/p>\n<p style=\"text-align: justify;\">O dono da academia disse que Duda chegou a apresentar melhora na sensibilidade durante o p\u00f3s-operat\u00f3rio imediato. Por\u00e9m, a equipe m\u00e9dica ainda n\u00e3o sabe explicar o que aconteceu.<\/p>\n<p style=\"text-align: justify;\">\u2013 At\u00e9 hoje estamos buscando uma resposta, porque nenhum dos m\u00e9dicos soube explicar o que aconteceu com ela. Ela teve uma complica\u00e7\u00e3o respirat\u00f3ria e vascular t\u00e3o grande que levou ela \u00e0 UTI ap\u00f3s a cirurgia \u2013 falou Smarzaro.<\/p>\n<p style=\"text-align: justify;\"><strong>Leia, abaixo, a nota do Conselho Regional de Educa\u00e7\u00e3o F\u00edsica sobre o caso:<\/strong><\/p>\n<p style=\"text-align: justify;\"><em>Uma mulher de 47 anos se acidentou em um Box de Cross Training no Munic\u00edpio de Linhares. Infelizmente veio a falecer depois de ficar na UTI ap\u00f3s complica\u00e7\u00f5es do p\u00f3s-cir\u00fargico. Informamos que a empresa e os profissionais s\u00e3o registrados no CREF1. Como procedimento padr\u00e3o, o CREF1 abrir\u00e1 uma sindic\u00e2ncia para apurar a conduta \u00e9tico-profissional dos envolvidos. Nos solidarizamos pela dor da perda da fam\u00edlia e amigos e prestamos apoio a empresa e aos Profissionais envolvidos neste triste acidente.<\/em><\/p>\n<p style=\"text-align: justify;\"><strong>Fonte: Pleno News<\/strong><\/p>\n","protected":false},"excerpt":{"rendered":"<p>Uma mulher de 47 anos morreu ap\u00f3s sofrer um acidente em uma academia de treino funcional em Linhares (ES). Duda Vervloet passou 17 dias internada por conta de uma les\u00e3o na coluna. Ela morreu no \u00faltimo s\u00e1bado (6). O Conselho Regional de Educa\u00e7\u00e3o F\u00edsica (CREF) disse que o caso ser\u00e1 investigado. Testemunhas disseram que Duda &hellip;<\/p>\n","protected":false},"author":2,"featured_media":63135,"comment_status":"open","ping_status":"open","sticky":false,"template":"","format":"standard","meta":{"content-type":"","rop_custom_images_group":[],"rop_custom_messages_group":[],"rop_publish_now":"initial","rop_publish_now_accounts":{"facebook_2648258775420054_1618374048415101":""},"rop_publish_now_history":[],"rop_publish_now_status":"pending","footnotes":"","_jetpack_memberships_contains_paid_content":false},"categories":[125],"tags":[10204,10205,10206,6883],"yoast_head":"<!-- This site is optimized with the Yoast SEO plugin v22.3 - https:\/\/yoast.com\/wordpress\/plugins\/seo\/ -->\n<title>Mulher morre ap\u00f3s fraturar coluna durante treino funcional em academia<\/title>\n<meta name=\"robots\" content=\"index, follow, max-snippet:-1, max-image-preview:large, max-video-preview:-1\" \/>\n<link rel=\"canonical\" href=\"https:\/\/portalnpm.com\/index.php\/2021\/03\/10\/mulher-morre-apos-fraturar-coluna-durante-treino-funcional-em-academia\/\" \/>\n<meta property=\"og:locale\" content=\"pt_BR\" \/>\n<meta property=\"og:type\" content=\"article\" \/>\n<meta property=\"og:title\" content=\"Mulher morre ap\u00f3s fraturar coluna durante treino funcional em academia\" \/>\n<meta property=\"og:description\" content=\"Uma mulher de 47 anos morreu ap\u00f3s sofrer um acidente em uma academia de treino funcional em Linhares (ES). Duda Vervloet passou 17 dias internada por conta de uma les\u00e3o na coluna. Ela morreu no \u00faltimo s\u00e1bado (6). O Conselho Regional de Educa\u00e7\u00e3o F\u00edsica (CREF) disse que o caso ser\u00e1 investigado. Testemunhas disseram que Duda &hellip;\" \/>\n<meta property=\"og:url\" content=\"https:\/\/portalnpm.com\/index.php\/2021\/03\/10\/mulher-morre-apos-fraturar-coluna-durante-treino-funcional-em-academia\/\" \/>\n<meta property=\"og:site_name\" content=\"Portal NPM\" \/>\n<meta property=\"article:published_time\" content=\"2021-03-10T22:08:51+00:00\" \/>\n<meta property=\"og:image\" content=\"https:\/\/portalnpm.com\/wp-content\/uploads\/2024\/01\/1487569846.jpg\" \/>\n\t<meta property=\"og:image:width\" content=\"650\" \/>\n\t<meta property=\"og:image:height\" content=\"390\" \/>\n\t<meta property=\"og:image:type\" content=\"image\/jpeg\" \/>\n<meta name=\"author\" content=\"Genival Barbosa\" \/>\n<meta name=\"twitter:card\" content=\"summary_large_image\" \/>\n<meta name=\"twitter:label1\" content=\"Escrito por\" \/>\n\t<meta name=\"twitter:data1\" content=\"Genival Barbosa\" \/>\n\t<meta name=\"twitter:label2\" content=\"Est. tempo de leitura\" \/>\n\t<meta name=\"twitter:data2\" content=\"2 minutos\" \/>\n<script type=\"application\/ld+json\" class=\"yoast-schema-graph\">{\"@context\":\"https:\/\/schema.org\",\"@graph\":[{\"@type\":\"WebPage\",\"@id\":\"https:\/\/portalnpm.com\/index.php\/2021\/03\/10\/mulher-morre-apos-fraturar-coluna-durante-treino-funcional-em-academia\/\",\"url\":\"https:\/\/portalnpm.com\/index.php\/2021\/03\/10\/mulher-morre-apos-fraturar-coluna-durante-treino-funcional-em-academia\/\",\"name\":\"Mulher morre ap\u00f3s fraturar coluna durante treino funcional em academia\",\"isPartOf\":{\"@id\":\"https:\/\/portalnpm.com\/#website\"},\"primaryImageOfPage\":{\"@id\":\"https:\/\/portalnpm.com\/index.php\/2021\/03\/10\/mulher-morre-apos-fraturar-coluna-durante-treino-funcional-em-academia\/#primaryimage\"},\"image\":{\"@id\":\"https:\/\/portalnpm.com\/index.php\/2021\/03\/10\/mulher-morre-apos-fraturar-coluna-durante-treino-funcional-em-academia\/#primaryimage\"},\"thumbnailUrl\":\"https:\/\/portalnpm.com\/wp-content\/uploads\/2024\/01\/1487569846.jpg\",\"datePublished\":\"2021-03-10T22:08:51+00:00\",\"dateModified\":\"2021-03-10T22:08:51+00:00\",\"author\":{\"@id\":\"https:\/\/portalnpm.com\/#\/schema\/person\/49313e563cfdefcc167f1ee4c017c294\"},\"breadcrumb\":{\"@id\":\"https:\/\/portalnpm.com\/index.php\/2021\/03\/10\/mulher-morre-apos-fraturar-coluna-durante-treino-funcional-em-academia\/#breadcrumb\"},\"inLanguage\":\"pt-BR\",\"potentialAction\":[{\"@type\":\"ReadAction\",\"target\":[\"https:\/\/portalnpm.com\/index.php\/2021\/03\/10\/mulher-morre-apos-fraturar-coluna-durante-treino-funcional-em-academia\/\"]}]},{\"@type\":\"ImageObject\",\"inLanguage\":\"pt-BR\",\"@id\":\"https:\/\/portalnpm.com\/index.php\/2021\/03\/10\/mulher-morre-apos-fraturar-coluna-durante-treino-funcional-em-academia\/#primaryimage\",\"url\":\"https:\/\/portalnpm.com\/wp-content\/uploads\/2024\/01\/1487569846.jpg\",\"contentUrl\":\"https:\/\/portalnpm.com\/wp-content\/uploads\/2024\/01\/1487569846.jpg\",\"width\":650,\"height\":390},{\"@type\":\"BreadcrumbList\",\"@id\":\"https:\/\/portalnpm.com\/index.php\/2021\/03\/10\/mulher-morre-apos-fraturar-coluna-durante-treino-funcional-em-academia\/#breadcrumb\",\"itemListElement\":[{\"@type\":\"ListItem\",\"position\":1,\"name\":\"In\u00edcio\",\"item\":\"https:\/\/portalnpm.com\/\"},{\"@type\":\"ListItem\",\"position\":2,\"name\":\"Mulher morre ap\u00f3s fraturar coluna durante treino funcional em academia\"}]},{\"@type\":\"WebSite\",\"@id\":\"https:\/\/portalnpm.com\/#website\",\"url\":\"https:\/\/portalnpm.com\/\",\"name\":\"Portal NPM\",\"description\":\"Not\u00edcias em Primeira M\u00e3o\",\"potentialAction\":[{\"@type\":\"SearchAction\",\"target\":{\"@type\":\"EntryPoint\",\"urlTemplate\":\"https:\/\/portalnpm.com\/?s={search_term_string}\"},\"query-input\":\"required name=search_term_string\"}],\"inLanguage\":\"pt-BR\"},{\"@type\":\"Person\",\"@id\":\"https:\/\/portalnpm.com\/#\/schema\/person\/49313e563cfdefcc167f1ee4c017c294\",\"name\":\"Genival Barbosa\",\"image\":{\"@type\":\"ImageObject\",\"inLanguage\":\"pt-BR\",\"@id\":\"https:\/\/portalnpm.com\/#\/schema\/person\/image\/\",\"url\":\"https:\/\/portalnpm.com\/wp-content\/uploads\/2024\/02\/avatar_user_2_1707743258-96x96.jpeg\",\"contentUrl\":\"https:\/\/portalnpm.com\/wp-content\/uploads\/2024\/02\/avatar_user_2_1707743258-96x96.jpeg\",\"caption\":\"Genival Barbosa\"},\"url\":\"https:\/\/portalnpm.com\/index.php\/author\/genival\/\"}]}<\/script>\n<!-- \/ Yoast SEO plugin. -->","yoast_head_json":{"title":"Mulher morre ap\u00f3s fraturar coluna durante treino funcional em academia","robots":{"index":"index","follow":"follow","max-snippet":"max-snippet:-1","max-image-preview":"max-image-preview:large","max-video-preview":"max-video-preview:-1"},"canonical":"https:\/\/portalnpm.com\/index.php\/2021\/03\/10\/mulher-morre-apos-fraturar-coluna-durante-treino-funcional-em-academia\/","og_locale":"pt_BR","og_type":"article","og_title":"Mulher morre ap\u00f3s fraturar coluna durante treino funcional em academia","og_description":"Uma mulher de 47 anos morreu ap\u00f3s sofrer um acidente em uma academia de treino funcional em Linhares (ES). Duda Vervloet passou 17 dias internada por conta de uma les\u00e3o na coluna. Ela morreu no \u00faltimo s\u00e1bado (6). O Conselho Regional de Educa\u00e7\u00e3o F\u00edsica (CREF) disse que o caso ser\u00e1 investigado. Testemunhas disseram que Duda &hellip;","og_url":"https:\/\/portalnpm.com\/index.php\/2021\/03\/10\/mulher-morre-apos-fraturar-coluna-durante-treino-funcional-em-academia\/","og_site_name":"Portal NPM","article_published_time":"2021-03-10T22:08:51+00:00","og_image":[{"width":650,"height":390,"url":"https:\/\/portalnpm.com\/wp-content\/uploads\/2024\/01\/1487569846.jpg","type":"image\/jpeg"}],"author":"Genival Barbosa","twitter_card":"summary_large_image","twitter_misc":{"Escrito por":"Genival Barbosa","Est. tempo de leitura":"2 minutos"},"schema":{"@context":"https:\/\/schema.org","@graph":[{"@type":"WebPage","@id":"https:\/\/portalnpm.com\/index.php\/2021\/03\/10\/mulher-morre-apos-fraturar-coluna-durante-treino-funcional-em-academia\/","url":"https:\/\/portalnpm.com\/index.php\/2021\/03\/10\/mulher-morre-apos-fraturar-coluna-durante-treino-funcional-em-academia\/","name":"Mulher morre ap\u00f3s fraturar coluna durante treino funcional em academia","isPartOf":{"@id":"https:\/\/portalnpm.com\/#website"},"primaryImageOfPage":{"@id":"https:\/\/portalnpm.com\/index.php\/2021\/03\/10\/mulher-morre-apos-fraturar-coluna-durante-treino-funcional-em-academia\/#primaryimage"},"image":{"@id":"https:\/\/portalnpm.com\/index.php\/2021\/03\/10\/mulher-morre-apos-fraturar-coluna-durante-treino-funcional-em-academia\/#primaryimage"},"thumbnailUrl":"https:\/\/portalnpm.com\/wp-content\/uploads\/2024\/01\/1487569846.jpg","datePublished":"2021-03-10T22:08:51+00:00","dateModified":"2021-03-10T22:08:51+00:00","author":{"@id":"https:\/\/portalnpm.com\/#\/schema\/person\/49313e563cfdefcc167f1ee4c017c294"},"breadcrumb":{"@id":"https:\/\/portalnpm.com\/index.php\/2021\/03\/10\/mulher-morre-apos-fraturar-coluna-durante-treino-funcional-em-academia\/#breadcrumb"},"inLanguage":"pt-BR","potentialAction":[{"@type":"ReadAction","target":["https:\/\/portalnpm.com\/index.php\/2021\/03\/10\/mulher-morre-apos-fraturar-coluna-durante-treino-funcional-em-academia\/"]}]},{"@type":"ImageObject","inLanguage":"pt-BR","@id":"https:\/\/portalnpm.com\/index.php\/2021\/03\/10\/mulher-morre-apos-fraturar-coluna-durante-treino-funcional-em-academia\/#primaryimage","url":"https:\/\/portalnpm.com\/wp-content\/uploads\/2024\/01\/1487569846.jpg","contentUrl":"https:\/\/portalnpm.com\/wp-content\/uploads\/2024\/01\/1487569846.jpg","width":650,"height":390},{"@type":"BreadcrumbList","@id":"https:\/\/portalnpm.com\/index.php\/2021\/03\/10\/mulher-morre-apos-fraturar-coluna-durante-treino-funcional-em-academia\/#breadcrumb","itemListElement":[{"@type":"ListItem","position":1,"name":"In\u00edcio","item":"https:\/\/portalnpm.com\/"},{"@type":"ListItem","position":2,"name":"Mulher morre ap\u00f3s fraturar coluna durante treino funcional em academia"}]},{"@type":"WebSite","@id":"https:\/\/portalnpm.com\/#website","url":"https:\/\/portalnpm.com\/","name":"Portal NPM","description":"Not\u00edcias em Primeira M\u00e3o","potentialAction":[{"@type":"SearchAction","target":{"@type":"EntryPoint","urlTemplate":"https:\/\/portalnpm.com\/?s={search_term_string}"},"query-input":"required name=search_term_string"}],"inLanguage":"pt-BR"},{"@type":"Person","@id":"https:\/\/portalnpm.com\/#\/schema\/person\/49313e563cfdefcc167f1ee4c017c294","name":"Genival Barbosa","image":{"@type":"ImageObject","inLanguage":"pt-BR","@id":"https:\/\/portalnpm.com\/#\/schema\/person\/image\/","url":"https:\/\/portalnpm.com\/wp-content\/uploads\/2024\/02\/avatar_user_2_1707743258-96x96.jpeg","contentUrl":"https:\/\/portalnpm.com\/wp-content\/uploads\/2024\/02\/avatar_user_2_1707743258-96x96.jpeg","caption":"Genival Barbosa"},"url":"https:\/\/portalnpm.com\/index.php\/author\/genival\/"}]}},"jetpack_sharing_enabled":true,"jetpack_featured_media_url":"https:\/\/portalnpm.com\/wp-content\/uploads\/2024\/01\/1487569846.jpg","_links":{"self":[{"href":"https:\/\/portalnpm.com\/index.php\/wp-json\/wp\/v2\/posts\/63134"}],"collection":[{"href":"https:\/\/portalnpm.com\/index.php\/wp-json\/wp\/v2\/posts"}],"about":[{"href":"https:\/\/portalnpm.com\/index.php\/wp-json\/wp\/v2\/types\/post"}],"author":[{"embeddable":true,"href":"https:\/\/portalnpm.com\/index.php\/wp-json\/wp\/v2\/users\/2"}],"replies":[{"embeddable":true,"href":"https:\/\/portalnpm.com\/index.php\/wp-json\/wp\/v2\/comments?post=63134"}],"version-history":[{"count":0,"href":"https:\/\/portalnpm.com\/index.php\/wp-json\/wp\/v2\/posts\/63134\/revisions"}],"wp:featuredmedia":[{"embeddable":true,"href":"https:\/\/portalnpm.com\/index.php\/wp-json\/wp\/v2\/media\/63135"}],"wp:attachment":[{"href":"https:\/\/portalnpm.com\/index.php\/wp-json\/wp\/v2\/media?parent=63134"}],"wp:term":[{"taxonomy":"category","embeddable":true,"href":"https:\/\/portalnpm.com\/index.php\/wp-json\/wp\/v2\/categories?post=63134"},{"taxonomy":"post_tag","embeddable":true,"href":"https:\/\/portalnpm.com\/index.php\/wp-json\/wp\/v2\/tags?post=63134"}],"curies":[{"name":"wp","href":"https:\/\/api.w.org\/{rel}","templated":true}]}}