{"id":6314,"date":"2019-03-20T13:35:58","date_gmt":"2019-03-20T16:35:58","guid":{"rendered":"http:\/\/srv.portalnpm.com.br\/?p=6314"},"modified":"2019-03-20T13:35:58","modified_gmt":"2019-03-20T16:35:58","slug":"bolsonaro-faz-reuniao-para-analisar-proposta-de-reforma-dos-militares","status":"publish","type":"post","link":"https:\/\/portalnpm.com\/index.php\/2019\/03\/20\/bolsonaro-faz-reuniao-para-analisar-proposta-de-reforma-dos-militares\/","title":{"rendered":"Bolsonaro faz reuni\u00e3o para analisar proposta de reforma dos militares"},"content":{"rendered":"<p style=\"text-align: justify;\">A proposta de reforma da Previd\u00eancia dos militares ser\u00e1 tema nesta quarta-feira (20) de reuni\u00e3o, no Pal\u00e1cio da Alvorada, a partir das 10h. O presidente Jair Bolsonaro deve analisar o texto, acompanhado do vice-presidente Hamilton Mour\u00e3o, do comandantes do Ex\u00e9rcito, da Aeron\u00e1utica e da Marinha, al\u00e9m do ministro da Defesa, Fernando Azevedo e Silva. Integrantes da equipe econ\u00f4mica tamb\u00e9m s\u00e3o esperados.<\/p>\n<p style=\"text-align: justify;\">O texto foi preparado pelo Minist\u00e9rio da Defesa e integrantes dos comandos da Marinha, do Ex\u00e9rcito e da Aeron\u00e1utica, analisado pela equipe ec\u00f4mica e avaliado por Mour\u00e3o. A expectativa \u00e9 que a proposta seja encaminhada ao Congresso Nacional nesta quarta-feira, iniciando a tramita\u00e7\u00e3o na Comiss\u00e3o de Constitui\u00e7\u00e3o e Justi\u00e7a (CCJ).<\/p>\n<p style=\"text-align: justify;\">Ontem (19), Mour\u00e3o disse que caber\u00e1 a Bolsonaro definir sobre o envio do texto ao Congresso Nacional. No Legislativo, a mat\u00e9ria dever\u00e1 tramitar paralelamente \u00e0 proposta de emenda \u00e0 Constitui\u00e7\u00e3o que altera as regras para a aposentadoria da popula\u00e7\u00e3o civil. Essa tem sido a exig\u00eancia de parlamentares para garantir que todos os setores da sociedade estejam inclu\u00eddos na reforma.<\/p>\n<p style=\"text-align: justify;\"><strong>Reestrutura\u00e7\u00e3o<\/strong><\/p>\n<p style=\"text-align: justify;\">Para Mour\u00e3o, a reestrutura\u00e7\u00e3o na carreira militar, que ser\u00e1 inclu\u00edda na proposta de reforma da Previd\u00eancia da categoria, vai ser vantajosa. Segundo ele, as altera\u00e7\u00f5es s\u00e3o positivas e incluem aumentar de 30 para 35 anos a perman\u00eancia. \u201c[Ser\u00e1 preciso] mudar o tempo que voc\u00ea vai ficar em cada posto e gradua\u00e7\u00e3o. Est\u00e1 sendo estudado, vai ser apresentado ao presidente.\u201d<\/p>\n<p style=\"text-align: justify;\">Ontem (19), o vice-presidente afirmou que o governo espera economizar em torno de R$ 13 bilh\u00f5es nos pr\u00f3ximos 10 anos com a reforma das aposentadorias e pens\u00f5es dos militares. A estimativa, explicou, j\u00e1 inclui a reestrutura\u00e7\u00e3o das carreiras militares, o que abranger\u00e1 medidas como aumento de gratifica\u00e7\u00f5es.<\/p>\n<p style=\"text-align: justify;\"><strong>Relat\u00f3rio<\/strong><\/p>\n<p style=\"text-align: justify;\">O presidente da Comiss\u00e3o de Constitui\u00e7\u00e3o e Justi\u00e7a e de Cidadania, deputado Felipe Francischini (PSL-PR), deve designar at\u00e9 amanh\u00e3 (21) o relator da proposta de reforma da Previd\u00eancia na comiss\u00e3o. Segundo ele, o relator ser\u00e1 um deputado experiente e com tr\u00e2nsito na oposi\u00e7\u00e3o, capaz de elaborar um texto de consenso.<\/p>\n<p style=\"text-align: justify;\">Francischini disse que o relat\u00f3rio da reforma deve ser entregue at\u00e9 a pr\u00f3xima quarta-feira (27). Segundo ele, a inten\u00e7\u00e3o \u00e9 votar o texto em 4 de abril.<\/p>\n<p style=\"text-align: justify;\"><strong>FONTE: Ag\u00eancia Brasil<\/strong><\/p>\n","protected":false},"excerpt":{"rendered":"<p>A proposta de reforma da Previd\u00eancia dos militares ser\u00e1 tema nesta quarta-feira (20) de reuni\u00e3o, no Pal\u00e1cio da Alvorada, a partir das 10h. O presidente Jair Bolsonaro deve analisar o texto, acompanhado do vice-presidente Hamilton Mour\u00e3o, do comandantes do Ex\u00e9rcito, da Aeron\u00e1utica e da Marinha, al\u00e9m do ministro da Defesa, Fernando Azevedo e Silva. Integrantes &hellip;<\/p>\n","protected":false},"author":4,"featured_media":6315,"comment_status":"open","ping_status":"open","sticky":false,"template":"","format":"standard","meta":{"content-type":"","rop_custom_images_group":[],"rop_custom_messages_group":[],"rop_publish_now":"initial","rop_publish_now_accounts":{"facebook_2648258775420054_1618374048415101":""},"rop_publish_now_history":[],"rop_publish_now_status":"pending","footnotes":"","_jetpack_memberships_contains_paid_content":false},"categories":[113,414,130],"tags":[2421,680,2422,2423,1476,1406],"yoast_head":"<!-- This site is optimized with the Yoast SEO plugin v22.3 - https:\/\/yoast.com\/wordpress\/plugins\/seo\/ -->\n<title>Bolsonaro faz reuni\u00e3o para analisar proposta de reforma dos militares - Portal NPM<\/title>\n<meta name=\"robots\" content=\"index, follow, max-snippet:-1, max-image-preview:large, max-video-preview:-1\" \/>\n<link rel=\"canonical\" href=\"https:\/\/portalnpm.com\/index.php\/2019\/03\/20\/bolsonaro-faz-reuniao-para-analisar-proposta-de-reforma-dos-militares\/\" \/>\n<meta property=\"og:locale\" content=\"pt_BR\" \/>\n<meta property=\"og:type\" content=\"article\" \/>\n<meta property=\"og:title\" content=\"Bolsonaro faz reuni\u00e3o para analisar proposta de reforma dos militares - Portal NPM\" \/>\n<meta property=\"og:description\" content=\"A proposta de reforma da Previd\u00eancia dos militares ser\u00e1 tema nesta quarta-feira (20) de reuni\u00e3o, no Pal\u00e1cio da Alvorada, a partir das 10h. O presidente Jair Bolsonaro deve analisar o texto, acompanhado do vice-presidente Hamilton Mour\u00e3o, do comandantes do Ex\u00e9rcito, da Aeron\u00e1utica e da Marinha, al\u00e9m do ministro da Defesa, Fernando Azevedo e Silva. Integrantes &hellip;\" \/>\n<meta property=\"og:url\" content=\"https:\/\/portalnpm.com\/index.php\/2019\/03\/20\/bolsonaro-faz-reuniao-para-analisar-proposta-de-reforma-dos-militares\/\" \/>\n<meta property=\"og:site_name\" content=\"Portal NPM\" \/>\n<meta property=\"article:published_time\" content=\"2019-03-20T16:35:58+00:00\" \/>\n<meta name=\"author\" content=\"Reda\u00e7\u00e3o\" \/>\n<meta name=\"twitter:card\" content=\"summary_large_image\" \/>\n<meta name=\"twitter:label1\" content=\"Escrito por\" \/>\n\t<meta name=\"twitter:data1\" content=\"Reda\u00e7\u00e3o\" \/>\n\t<meta name=\"twitter:label2\" content=\"Est. tempo de leitura\" \/>\n\t<meta name=\"twitter:data2\" content=\"2 minutos\" \/>\n<script type=\"application\/ld+json\" class=\"yoast-schema-graph\">{\"@context\":\"https:\/\/schema.org\",\"@graph\":[{\"@type\":\"WebPage\",\"@id\":\"https:\/\/portalnpm.com\/index.php\/2019\/03\/20\/bolsonaro-faz-reuniao-para-analisar-proposta-de-reforma-dos-militares\/\",\"url\":\"https:\/\/portalnpm.com\/index.php\/2019\/03\/20\/bolsonaro-faz-reuniao-para-analisar-proposta-de-reforma-dos-militares\/\",\"name\":\"Bolsonaro faz reuni\u00e3o para analisar proposta de reforma dos militares - Portal NPM\",\"isPartOf\":{\"@id\":\"https:\/\/portalnpm.com\/#website\"},\"primaryImageOfPage\":{\"@id\":\"https:\/\/portalnpm.com\/index.php\/2019\/03\/20\/bolsonaro-faz-reuniao-para-analisar-proposta-de-reforma-dos-militares\/#primaryimage\"},\"image\":{\"@id\":\"https:\/\/portalnpm.com\/index.php\/2019\/03\/20\/bolsonaro-faz-reuniao-para-analisar-proposta-de-reforma-dos-militares\/#primaryimage\"},\"thumbnailUrl\":\"\",\"datePublished\":\"2019-03-20T16:35:58+00:00\",\"dateModified\":\"2019-03-20T16:35:58+00:00\",\"author\":{\"@id\":\"https:\/\/portalnpm.com\/#\/schema\/person\/0b5f230ec96cee25504fa328e7f2b733\"},\"breadcrumb\":{\"@id\":\"https:\/\/portalnpm.com\/index.php\/2019\/03\/20\/bolsonaro-faz-reuniao-para-analisar-proposta-de-reforma-dos-militares\/#breadcrumb\"},\"inLanguage\":\"pt-BR\",\"potentialAction\":[{\"@type\":\"ReadAction\",\"target\":[\"https:\/\/portalnpm.com\/index.php\/2019\/03\/20\/bolsonaro-faz-reuniao-para-analisar-proposta-de-reforma-dos-militares\/\"]}]},{\"@type\":\"ImageObject\",\"inLanguage\":\"pt-BR\",\"@id\":\"https:\/\/portalnpm.com\/index.php\/2019\/03\/20\/bolsonaro-faz-reuniao-para-analisar-proposta-de-reforma-dos-militares\/#primaryimage\",\"url\":\"\",\"contentUrl\":\"\"},{\"@type\":\"BreadcrumbList\",\"@id\":\"https:\/\/portalnpm.com\/index.php\/2019\/03\/20\/bolsonaro-faz-reuniao-para-analisar-proposta-de-reforma-dos-militares\/#breadcrumb\",\"itemListElement\":[{\"@type\":\"ListItem\",\"position\":1,\"name\":\"In\u00edcio\",\"item\":\"https:\/\/portalnpm.com\/\"},{\"@type\":\"ListItem\",\"position\":2,\"name\":\"Bolsonaro faz reuni\u00e3o para analisar proposta de reforma dos militares\"}]},{\"@type\":\"WebSite\",\"@id\":\"https:\/\/portalnpm.com\/#website\",\"url\":\"https:\/\/portalnpm.com\/\",\"name\":\"Portal NPM\",\"description\":\"Not\u00edcias em Primeira M\u00e3o\",\"potentialAction\":[{\"@type\":\"SearchAction\",\"target\":{\"@type\":\"EntryPoint\",\"urlTemplate\":\"https:\/\/portalnpm.com\/?s={search_term_string}\"},\"query-input\":\"required name=search_term_string\"}],\"inLanguage\":\"pt-BR\"},{\"@type\":\"Person\",\"@id\":\"https:\/\/portalnpm.com\/#\/schema\/person\/0b5f230ec96cee25504fa328e7f2b733\",\"name\":\"Reda\u00e7\u00e3o\",\"image\":{\"@type\":\"ImageObject\",\"inLanguage\":\"pt-BR\",\"@id\":\"https:\/\/portalnpm.com\/#\/schema\/person\/image\/\",\"url\":\"https:\/\/portalnpm.com\/wp-content\/uploads\/2024\/03\/avatar_user_4_1710097212-96x96.png\",\"contentUrl\":\"https:\/\/portalnpm.com\/wp-content\/uploads\/2024\/03\/avatar_user_4_1710097212-96x96.png\",\"caption\":\"Reda\u00e7\u00e3o\"},\"url\":\"https:\/\/portalnpm.com\/index.php\/author\/redacao\/\"}]}<\/script>\n<!-- \/ Yoast SEO plugin. -->","yoast_head_json":{"title":"Bolsonaro faz reuni\u00e3o para analisar proposta de reforma dos militares - Portal NPM","robots":{"index":"index","follow":"follow","max-snippet":"max-snippet:-1","max-image-preview":"max-image-preview:large","max-video-preview":"max-video-preview:-1"},"canonical":"https:\/\/portalnpm.com\/index.php\/2019\/03\/20\/bolsonaro-faz-reuniao-para-analisar-proposta-de-reforma-dos-militares\/","og_locale":"pt_BR","og_type":"article","og_title":"Bolsonaro faz reuni\u00e3o para analisar proposta de reforma dos militares - Portal NPM","og_description":"A proposta de reforma da Previd\u00eancia dos militares ser\u00e1 tema nesta quarta-feira (20) de reuni\u00e3o, no Pal\u00e1cio da Alvorada, a partir das 10h. O presidente Jair Bolsonaro deve analisar o texto, acompanhado do vice-presidente Hamilton Mour\u00e3o, do comandantes do Ex\u00e9rcito, da Aeron\u00e1utica e da Marinha, al\u00e9m do ministro da Defesa, Fernando Azevedo e Silva. Integrantes &hellip;","og_url":"https:\/\/portalnpm.com\/index.php\/2019\/03\/20\/bolsonaro-faz-reuniao-para-analisar-proposta-de-reforma-dos-militares\/","og_site_name":"Portal NPM","article_published_time":"2019-03-20T16:35:58+00:00","author":"Reda\u00e7\u00e3o","twitter_card":"summary_large_image","twitter_misc":{"Escrito por":"Reda\u00e7\u00e3o","Est. tempo de leitura":"2 minutos"},"schema":{"@context":"https:\/\/schema.org","@graph":[{"@type":"WebPage","@id":"https:\/\/portalnpm.com\/index.php\/2019\/03\/20\/bolsonaro-faz-reuniao-para-analisar-proposta-de-reforma-dos-militares\/","url":"https:\/\/portalnpm.com\/index.php\/2019\/03\/20\/bolsonaro-faz-reuniao-para-analisar-proposta-de-reforma-dos-militares\/","name":"Bolsonaro faz reuni\u00e3o para analisar proposta de reforma dos militares - Portal NPM","isPartOf":{"@id":"https:\/\/portalnpm.com\/#website"},"primaryImageOfPage":{"@id":"https:\/\/portalnpm.com\/index.php\/2019\/03\/20\/bolsonaro-faz-reuniao-para-analisar-proposta-de-reforma-dos-militares\/#primaryimage"},"image":{"@id":"https:\/\/portalnpm.com\/index.php\/2019\/03\/20\/bolsonaro-faz-reuniao-para-analisar-proposta-de-reforma-dos-militares\/#primaryimage"},"thumbnailUrl":"","datePublished":"2019-03-20T16:35:58+00:00","dateModified":"2019-03-20T16:35:58+00:00","author":{"@id":"https:\/\/portalnpm.com\/#\/schema\/person\/0b5f230ec96cee25504fa328e7f2b733"},"breadcrumb":{"@id":"https:\/\/portalnpm.com\/index.php\/2019\/03\/20\/bolsonaro-faz-reuniao-para-analisar-proposta-de-reforma-dos-militares\/#breadcrumb"},"inLanguage":"pt-BR","potentialAction":[{"@type":"ReadAction","target":["https:\/\/portalnpm.com\/index.php\/2019\/03\/20\/bolsonaro-faz-reuniao-para-analisar-proposta-de-reforma-dos-militares\/"]}]},{"@type":"ImageObject","inLanguage":"pt-BR","@id":"https:\/\/portalnpm.com\/index.php\/2019\/03\/20\/bolsonaro-faz-reuniao-para-analisar-proposta-de-reforma-dos-militares\/#primaryimage","url":"","contentUrl":""},{"@type":"BreadcrumbList","@id":"https:\/\/portalnpm.com\/index.php\/2019\/03\/20\/bolsonaro-faz-reuniao-para-analisar-proposta-de-reforma-dos-militares\/#breadcrumb","itemListElement":[{"@type":"ListItem","position":1,"name":"In\u00edcio","item":"https:\/\/portalnpm.com\/"},{"@type":"ListItem","position":2,"name":"Bolsonaro faz reuni\u00e3o para analisar proposta de reforma dos militares"}]},{"@type":"WebSite","@id":"https:\/\/portalnpm.com\/#website","url":"https:\/\/portalnpm.com\/","name":"Portal NPM","description":"Not\u00edcias em Primeira M\u00e3o","potentialAction":[{"@type":"SearchAction","target":{"@type":"EntryPoint","urlTemplate":"https:\/\/portalnpm.com\/?s={search_term_string}"},"query-input":"required name=search_term_string"}],"inLanguage":"pt-BR"},{"@type":"Person","@id":"https:\/\/portalnpm.com\/#\/schema\/person\/0b5f230ec96cee25504fa328e7f2b733","name":"Reda\u00e7\u00e3o","image":{"@type":"ImageObject","inLanguage":"pt-BR","@id":"https:\/\/portalnpm.com\/#\/schema\/person\/image\/","url":"https:\/\/portalnpm.com\/wp-content\/uploads\/2024\/03\/avatar_user_4_1710097212-96x96.png","contentUrl":"https:\/\/portalnpm.com\/wp-content\/uploads\/2024\/03\/avatar_user_4_1710097212-96x96.png","caption":"Reda\u00e7\u00e3o"},"url":"https:\/\/portalnpm.com\/index.php\/author\/redacao\/"}]}},"jetpack_sharing_enabled":true,"jetpack_featured_media_url":"","_links":{"self":[{"href":"https:\/\/portalnpm.com\/index.php\/wp-json\/wp\/v2\/posts\/6314"}],"collection":[{"href":"https:\/\/portalnpm.com\/index.php\/wp-json\/wp\/v2\/posts"}],"about":[{"href":"https:\/\/portalnpm.com\/index.php\/wp-json\/wp\/v2\/types\/post"}],"author":[{"embeddable":true,"href":"https:\/\/portalnpm.com\/index.php\/wp-json\/wp\/v2\/users\/4"}],"replies":[{"embeddable":true,"href":"https:\/\/portalnpm.com\/index.php\/wp-json\/wp\/v2\/comments?post=6314"}],"version-history":[{"count":0,"href":"https:\/\/portalnpm.com\/index.php\/wp-json\/wp\/v2\/posts\/6314\/revisions"}],"wp:featuredmedia":[{"embeddable":true,"href":"https:\/\/portalnpm.com\/index.php\/wp-json\/"}],"wp:attachment":[{"href":"https:\/\/portalnpm.com\/index.php\/wp-json\/wp\/v2\/media?parent=6314"}],"wp:term":[{"taxonomy":"category","embeddable":true,"href":"https:\/\/portalnpm.com\/index.php\/wp-json\/wp\/v2\/categories?post=6314"},{"taxonomy":"post_tag","embeddable":true,"href":"https:\/\/portalnpm.com\/index.php\/wp-json\/wp\/v2\/tags?post=6314"}],"curies":[{"name":"wp","href":"https:\/\/api.w.org\/{rel}","templated":true}]}}