{"id":63164,"date":"2021-03-12T18:09:57","date_gmt":"2021-03-12T21:09:57","guid":{"rendered":"https:\/\/portalnpm.com\/index.php\/2021\/03\/12\/mulher-faz-apelo-apos-ficar-em-coma-por-uso-de-anabolizantes-perdi-40-kg\/"},"modified":"2021-03-12T18:09:57","modified_gmt":"2021-03-12T21:09:57","slug":"mulher-faz-apelo-apos-ficar-em-coma-por-uso-de-anabolizantes-perdi-40-kg","status":"publish","type":"post","link":"https:\/\/portalnpm.com\/index.php\/2021\/03\/12\/mulher-faz-apelo-apos-ficar-em-coma-por-uso-de-anabolizantes-perdi-40-kg\/","title":{"rendered":"Mulher faz apelo ap\u00f3s ficar em coma por uso de anabolizantes: \u2018Perdi 40 kg\u2019"},"content":{"rendered":"<p style=\"text-align: justify;\">A vendedora Maria Aparecida Rodrigues, de 39 anos, desenvolveu uma doen\u00e7a renal em consequ\u00eancia do uso de anabolizantes, em Cubat\u00e3o (SP). Ela chegou a ficar em coma e ser internada por um m\u00eas na Unidade Terapia Intensiva (UTI), perdendo cerca de 40 kg. As informa\u00e7\u00f5es s\u00e3o do G1.<\/p>\n<p style=\"text-align: justify;\">\n<p style=\"text-align: justify;\">Ap\u00f3s dois anos fazendo hemodi\u00e1lise, Maria Aparecida aproveitou a celebra\u00e7\u00e3o do Dia Mundial do Rim, comemorado nesta quinta-feira (11) para alertar sobre o perigo do uso de anabolizantes.<\/p>\n<p style=\"text-align: justify;\">\u201cEu queria chamar a aten\u00e7\u00e3o, era muito vaidosa. Queria ficar com mais perna, mais gl\u00fateo. Ent\u00e3o, comecei a fazer aplica\u00e7\u00f5es de \u00f3leo mineral e uso de anabolizantes. Coloquei a beleza acima da minha sa\u00fade, e acabei ficando doente\u201d, contou ao G1.<\/p>\n<p style=\"text-align: justify;\">De acordo com a vendedora, ela come\u00e7ou o uso de anabolizantes h\u00e1 cerca de seis anos. Por\u00e9m, h\u00e1 quase dois anos, ela come\u00e7ou a perder muito peso, se sentir fraca e extremamente cansada. Apesar dos sintomas, Maria demorou a procurar ajuda m\u00e9dica. At\u00e9 que um dia, passou muito mal e teve que ser levada \u00e0s pressas ao hospital.<\/p>\n<p style=\"text-align: justify;\">\u201cTive infec\u00e7\u00e3o generalizada, al\u00e9m de afetar meus rins. Quando acordei no hospital e descobri que meus rins n\u00e3o funcionavam mais, fiquei desesperada\u201d, relembra. Atualmente, ela passa por hemodi\u00e1lise tr\u00eas vezes por semana no Centro de Terapia Substitutiva Renal (CTRS) do Hospital de Cubat\u00e3o.<\/p>\n<p style=\"text-align: justify;\">Al\u00e9m disso, toma medicamentos e segue uma dieta espec\u00edfica, com pouco s\u00f3dio e ingest\u00e3o de l\u00edquidos.<\/p>\n<p style=\"text-align: justify;\">\u201cFiquei com depress\u00e3o e um bom tempo sem me olhar no espelho, sem me aceitar, devido \u00e0s mudan\u00e7as no meu corpo. S\u00f3 queria ficar deitada, n\u00e3o tinha for\u00e7as para nada por conta da doen\u00e7a. Nunca imaginei passar por isso na minha vida\u201d, relatou ao G1.<\/p>\n<p style=\"text-align: justify;\">Ainda conforme a vendedora, ela, em breve, entrar\u00e1 para fila do transplante de rins. Segundo a m\u00e9dica do Hospital de Cubat\u00e3o Rosina Dal Maso, os anabolizantes, al\u00e9m de causarem dano hep\u00e1tico, levam \u00e0 hipertens\u00e3o arterial, um fator de risco para a insufici\u00eancia renal. J\u00e1 o uso concomitante de creatina e de outros suplementos de forma inadequada e constante faz com que os rins sejam obrigados a hiperfiltrar (trabalhar mais).<\/p>\n<p style=\"text-align: justify;\">Al\u00e9m disso, ela alerta que muitas pessoas ainda usam anti-inflamat\u00f3rios n\u00e3o hormonais em profus\u00e3o para diminuir a dor ap\u00f3s os exerc\u00edcios. \u201cEssa combina\u00e7\u00e3o \u00e9 extremamente prejudicial aos rins\u201d, explicou ao G1.<\/p>\n<p style=\"text-align: justify;\">Com informa\u00e7\u00f5es Do G1 &#8211; ISTO \u00c9<\/p>\n","protected":false},"excerpt":{"rendered":"<p>A vendedora Maria Aparecida Rodrigues, de 39 anos, desenvolveu uma doen\u00e7a renal em consequ\u00eancia do uso de anabolizantes, em Cubat\u00e3o (SP). Ela chegou a ficar em coma e ser internada por um m\u00eas na Unidade Terapia Intensiva (UTI), perdendo cerca de 40 kg. As informa\u00e7\u00f5es s\u00e3o do G1. Ap\u00f3s dois anos fazendo hemodi\u00e1lise, Maria Aparecida &hellip;<\/p>\n","protected":false},"author":2,"featured_media":63165,"comment_status":"open","ping_status":"open","sticky":false,"template":"","format":"standard","meta":{"content-type":"","rop_custom_images_group":[],"rop_custom_messages_group":[],"rop_publish_now":"initial","rop_publish_now_accounts":{"facebook_2648258775420054_1618374048415101":""},"rop_publish_now_history":[],"rop_publish_now_status":"pending","footnotes":"","_jetpack_memberships_contains_paid_content":false},"categories":[125],"tags":[10231,2330,10232,10233,10234],"yoast_head":"<!-- This site is optimized with the Yoast SEO plugin v22.3 - https:\/\/yoast.com\/wordpress\/plugins\/seo\/ -->\n<title>Mulher faz apelo ap\u00f3s ficar em coma por uso de anabolizantes: \u2018Perdi 40 kg\u2019<\/title>\n<meta name=\"robots\" content=\"index, follow, max-snippet:-1, max-image-preview:large, max-video-preview:-1\" \/>\n<link rel=\"canonical\" href=\"https:\/\/portalnpm.com\/index.php\/2021\/03\/12\/mulher-faz-apelo-apos-ficar-em-coma-por-uso-de-anabolizantes-perdi-40-kg\/\" \/>\n<meta property=\"og:locale\" content=\"pt_BR\" \/>\n<meta property=\"og:type\" content=\"article\" \/>\n<meta property=\"og:title\" content=\"Mulher faz apelo ap\u00f3s ficar em coma por uso de anabolizantes: \u2018Perdi 40 kg\u2019\" \/>\n<meta property=\"og:description\" content=\"A vendedora Maria Aparecida Rodrigues, de 39 anos, desenvolveu uma doen\u00e7a renal em consequ\u00eancia do uso de anabolizantes, em Cubat\u00e3o (SP). Ela chegou a ficar em coma e ser internada por um m\u00eas na Unidade Terapia Intensiva (UTI), perdendo cerca de 40 kg. As informa\u00e7\u00f5es s\u00e3o do G1. Ap\u00f3s dois anos fazendo hemodi\u00e1lise, Maria Aparecida &hellip;\" \/>\n<meta property=\"og:url\" content=\"https:\/\/portalnpm.com\/index.php\/2021\/03\/12\/mulher-faz-apelo-apos-ficar-em-coma-por-uso-de-anabolizantes-perdi-40-kg\/\" \/>\n<meta property=\"og:site_name\" content=\"Portal NPM\" \/>\n<meta property=\"article:published_time\" content=\"2021-03-12T21:09:57+00:00\" \/>\n<meta property=\"og:image\" content=\"https:\/\/portalnpm.com\/wp-content\/uploads\/2024\/01\/BB1eutOR.jpeg\" \/>\n\t<meta property=\"og:image:width\" content=\"600\" \/>\n\t<meta property=\"og:image:height\" content=\"338\" \/>\n\t<meta property=\"og:image:type\" content=\"image\/jpeg\" \/>\n<meta name=\"author\" content=\"Genival Barbosa\" \/>\n<meta name=\"twitter:card\" content=\"summary_large_image\" \/>\n<meta name=\"twitter:label1\" content=\"Escrito por\" \/>\n\t<meta name=\"twitter:data1\" content=\"Genival Barbosa\" \/>\n\t<meta name=\"twitter:label2\" content=\"Est. tempo de leitura\" \/>\n\t<meta name=\"twitter:data2\" content=\"2 minutos\" \/>\n<script type=\"application\/ld+json\" class=\"yoast-schema-graph\">{\"@context\":\"https:\/\/schema.org\",\"@graph\":[{\"@type\":\"WebPage\",\"@id\":\"https:\/\/portalnpm.com\/index.php\/2021\/03\/12\/mulher-faz-apelo-apos-ficar-em-coma-por-uso-de-anabolizantes-perdi-40-kg\/\",\"url\":\"https:\/\/portalnpm.com\/index.php\/2021\/03\/12\/mulher-faz-apelo-apos-ficar-em-coma-por-uso-de-anabolizantes-perdi-40-kg\/\",\"name\":\"Mulher faz apelo ap\u00f3s ficar em coma por uso de anabolizantes: \u2018Perdi 40 kg\u2019\",\"isPartOf\":{\"@id\":\"https:\/\/portalnpm.com\/#website\"},\"primaryImageOfPage\":{\"@id\":\"https:\/\/portalnpm.com\/index.php\/2021\/03\/12\/mulher-faz-apelo-apos-ficar-em-coma-por-uso-de-anabolizantes-perdi-40-kg\/#primaryimage\"},\"image\":{\"@id\":\"https:\/\/portalnpm.com\/index.php\/2021\/03\/12\/mulher-faz-apelo-apos-ficar-em-coma-por-uso-de-anabolizantes-perdi-40-kg\/#primaryimage\"},\"thumbnailUrl\":\"https:\/\/portalnpm.com\/wp-content\/uploads\/2024\/01\/BB1eutOR.jpeg\",\"datePublished\":\"2021-03-12T21:09:57+00:00\",\"dateModified\":\"2021-03-12T21:09:57+00:00\",\"author\":{\"@id\":\"https:\/\/portalnpm.com\/#\/schema\/person\/49313e563cfdefcc167f1ee4c017c294\"},\"breadcrumb\":{\"@id\":\"https:\/\/portalnpm.com\/index.php\/2021\/03\/12\/mulher-faz-apelo-apos-ficar-em-coma-por-uso-de-anabolizantes-perdi-40-kg\/#breadcrumb\"},\"inLanguage\":\"pt-BR\",\"potentialAction\":[{\"@type\":\"ReadAction\",\"target\":[\"https:\/\/portalnpm.com\/index.php\/2021\/03\/12\/mulher-faz-apelo-apos-ficar-em-coma-por-uso-de-anabolizantes-perdi-40-kg\/\"]}]},{\"@type\":\"ImageObject\",\"inLanguage\":\"pt-BR\",\"@id\":\"https:\/\/portalnpm.com\/index.php\/2021\/03\/12\/mulher-faz-apelo-apos-ficar-em-coma-por-uso-de-anabolizantes-perdi-40-kg\/#primaryimage\",\"url\":\"https:\/\/portalnpm.com\/wp-content\/uploads\/2024\/01\/BB1eutOR.jpeg\",\"contentUrl\":\"https:\/\/portalnpm.com\/wp-content\/uploads\/2024\/01\/BB1eutOR.jpeg\",\"width\":600,\"height\":338},{\"@type\":\"BreadcrumbList\",\"@id\":\"https:\/\/portalnpm.com\/index.php\/2021\/03\/12\/mulher-faz-apelo-apos-ficar-em-coma-por-uso-de-anabolizantes-perdi-40-kg\/#breadcrumb\",\"itemListElement\":[{\"@type\":\"ListItem\",\"position\":1,\"name\":\"In\u00edcio\",\"item\":\"https:\/\/portalnpm.com\/\"},{\"@type\":\"ListItem\",\"position\":2,\"name\":\"Mulher faz apelo ap\u00f3s ficar em coma por uso de anabolizantes: \u2018Perdi 40 kg\u2019\"}]},{\"@type\":\"WebSite\",\"@id\":\"https:\/\/portalnpm.com\/#website\",\"url\":\"https:\/\/portalnpm.com\/\",\"name\":\"Portal NPM\",\"description\":\"Not\u00edcias em Primeira M\u00e3o\",\"potentialAction\":[{\"@type\":\"SearchAction\",\"target\":{\"@type\":\"EntryPoint\",\"urlTemplate\":\"https:\/\/portalnpm.com\/?s={search_term_string}\"},\"query-input\":\"required name=search_term_string\"}],\"inLanguage\":\"pt-BR\"},{\"@type\":\"Person\",\"@id\":\"https:\/\/portalnpm.com\/#\/schema\/person\/49313e563cfdefcc167f1ee4c017c294\",\"name\":\"Genival Barbosa\",\"image\":{\"@type\":\"ImageObject\",\"inLanguage\":\"pt-BR\",\"@id\":\"https:\/\/portalnpm.com\/#\/schema\/person\/image\/\",\"url\":\"https:\/\/portalnpm.com\/wp-content\/uploads\/2024\/02\/avatar_user_2_1707743258-96x96.jpeg\",\"contentUrl\":\"https:\/\/portalnpm.com\/wp-content\/uploads\/2024\/02\/avatar_user_2_1707743258-96x96.jpeg\",\"caption\":\"Genival Barbosa\"},\"url\":\"https:\/\/portalnpm.com\/index.php\/author\/genival\/\"}]}<\/script>\n<!-- \/ Yoast SEO plugin. -->","yoast_head_json":{"title":"Mulher faz apelo ap\u00f3s ficar em coma por uso de anabolizantes: \u2018Perdi 40 kg\u2019","robots":{"index":"index","follow":"follow","max-snippet":"max-snippet:-1","max-image-preview":"max-image-preview:large","max-video-preview":"max-video-preview:-1"},"canonical":"https:\/\/portalnpm.com\/index.php\/2021\/03\/12\/mulher-faz-apelo-apos-ficar-em-coma-por-uso-de-anabolizantes-perdi-40-kg\/","og_locale":"pt_BR","og_type":"article","og_title":"Mulher faz apelo ap\u00f3s ficar em coma por uso de anabolizantes: \u2018Perdi 40 kg\u2019","og_description":"A vendedora Maria Aparecida Rodrigues, de 39 anos, desenvolveu uma doen\u00e7a renal em consequ\u00eancia do uso de anabolizantes, em Cubat\u00e3o (SP). Ela chegou a ficar em coma e ser internada por um m\u00eas na Unidade Terapia Intensiva (UTI), perdendo cerca de 40 kg. As informa\u00e7\u00f5es s\u00e3o do G1. Ap\u00f3s dois anos fazendo hemodi\u00e1lise, Maria Aparecida &hellip;","og_url":"https:\/\/portalnpm.com\/index.php\/2021\/03\/12\/mulher-faz-apelo-apos-ficar-em-coma-por-uso-de-anabolizantes-perdi-40-kg\/","og_site_name":"Portal NPM","article_published_time":"2021-03-12T21:09:57+00:00","og_image":[{"width":600,"height":338,"url":"https:\/\/portalnpm.com\/wp-content\/uploads\/2024\/01\/BB1eutOR.jpeg","type":"image\/jpeg"}],"author":"Genival Barbosa","twitter_card":"summary_large_image","twitter_misc":{"Escrito por":"Genival Barbosa","Est. tempo de leitura":"2 minutos"},"schema":{"@context":"https:\/\/schema.org","@graph":[{"@type":"WebPage","@id":"https:\/\/portalnpm.com\/index.php\/2021\/03\/12\/mulher-faz-apelo-apos-ficar-em-coma-por-uso-de-anabolizantes-perdi-40-kg\/","url":"https:\/\/portalnpm.com\/index.php\/2021\/03\/12\/mulher-faz-apelo-apos-ficar-em-coma-por-uso-de-anabolizantes-perdi-40-kg\/","name":"Mulher faz apelo ap\u00f3s ficar em coma por uso de anabolizantes: \u2018Perdi 40 kg\u2019","isPartOf":{"@id":"https:\/\/portalnpm.com\/#website"},"primaryImageOfPage":{"@id":"https:\/\/portalnpm.com\/index.php\/2021\/03\/12\/mulher-faz-apelo-apos-ficar-em-coma-por-uso-de-anabolizantes-perdi-40-kg\/#primaryimage"},"image":{"@id":"https:\/\/portalnpm.com\/index.php\/2021\/03\/12\/mulher-faz-apelo-apos-ficar-em-coma-por-uso-de-anabolizantes-perdi-40-kg\/#primaryimage"},"thumbnailUrl":"https:\/\/portalnpm.com\/wp-content\/uploads\/2024\/01\/BB1eutOR.jpeg","datePublished":"2021-03-12T21:09:57+00:00","dateModified":"2021-03-12T21:09:57+00:00","author":{"@id":"https:\/\/portalnpm.com\/#\/schema\/person\/49313e563cfdefcc167f1ee4c017c294"},"breadcrumb":{"@id":"https:\/\/portalnpm.com\/index.php\/2021\/03\/12\/mulher-faz-apelo-apos-ficar-em-coma-por-uso-de-anabolizantes-perdi-40-kg\/#breadcrumb"},"inLanguage":"pt-BR","potentialAction":[{"@type":"ReadAction","target":["https:\/\/portalnpm.com\/index.php\/2021\/03\/12\/mulher-faz-apelo-apos-ficar-em-coma-por-uso-de-anabolizantes-perdi-40-kg\/"]}]},{"@type":"ImageObject","inLanguage":"pt-BR","@id":"https:\/\/portalnpm.com\/index.php\/2021\/03\/12\/mulher-faz-apelo-apos-ficar-em-coma-por-uso-de-anabolizantes-perdi-40-kg\/#primaryimage","url":"https:\/\/portalnpm.com\/wp-content\/uploads\/2024\/01\/BB1eutOR.jpeg","contentUrl":"https:\/\/portalnpm.com\/wp-content\/uploads\/2024\/01\/BB1eutOR.jpeg","width":600,"height":338},{"@type":"BreadcrumbList","@id":"https:\/\/portalnpm.com\/index.php\/2021\/03\/12\/mulher-faz-apelo-apos-ficar-em-coma-por-uso-de-anabolizantes-perdi-40-kg\/#breadcrumb","itemListElement":[{"@type":"ListItem","position":1,"name":"In\u00edcio","item":"https:\/\/portalnpm.com\/"},{"@type":"ListItem","position":2,"name":"Mulher faz apelo ap\u00f3s ficar em coma por uso de anabolizantes: \u2018Perdi 40 kg\u2019"}]},{"@type":"WebSite","@id":"https:\/\/portalnpm.com\/#website","url":"https:\/\/portalnpm.com\/","name":"Portal NPM","description":"Not\u00edcias em Primeira M\u00e3o","potentialAction":[{"@type":"SearchAction","target":{"@type":"EntryPoint","urlTemplate":"https:\/\/portalnpm.com\/?s={search_term_string}"},"query-input":"required name=search_term_string"}],"inLanguage":"pt-BR"},{"@type":"Person","@id":"https:\/\/portalnpm.com\/#\/schema\/person\/49313e563cfdefcc167f1ee4c017c294","name":"Genival Barbosa","image":{"@type":"ImageObject","inLanguage":"pt-BR","@id":"https:\/\/portalnpm.com\/#\/schema\/person\/image\/","url":"https:\/\/portalnpm.com\/wp-content\/uploads\/2024\/02\/avatar_user_2_1707743258-96x96.jpeg","contentUrl":"https:\/\/portalnpm.com\/wp-content\/uploads\/2024\/02\/avatar_user_2_1707743258-96x96.jpeg","caption":"Genival Barbosa"},"url":"https:\/\/portalnpm.com\/index.php\/author\/genival\/"}]}},"jetpack_sharing_enabled":true,"jetpack_featured_media_url":"https:\/\/portalnpm.com\/wp-content\/uploads\/2024\/01\/BB1eutOR.jpeg","_links":{"self":[{"href":"https:\/\/portalnpm.com\/index.php\/wp-json\/wp\/v2\/posts\/63164"}],"collection":[{"href":"https:\/\/portalnpm.com\/index.php\/wp-json\/wp\/v2\/posts"}],"about":[{"href":"https:\/\/portalnpm.com\/index.php\/wp-json\/wp\/v2\/types\/post"}],"author":[{"embeddable":true,"href":"https:\/\/portalnpm.com\/index.php\/wp-json\/wp\/v2\/users\/2"}],"replies":[{"embeddable":true,"href":"https:\/\/portalnpm.com\/index.php\/wp-json\/wp\/v2\/comments?post=63164"}],"version-history":[{"count":0,"href":"https:\/\/portalnpm.com\/index.php\/wp-json\/wp\/v2\/posts\/63164\/revisions"}],"wp:featuredmedia":[{"embeddable":true,"href":"https:\/\/portalnpm.com\/index.php\/wp-json\/wp\/v2\/media\/63165"}],"wp:attachment":[{"href":"https:\/\/portalnpm.com\/index.php\/wp-json\/wp\/v2\/media?parent=63164"}],"wp:term":[{"taxonomy":"category","embeddable":true,"href":"https:\/\/portalnpm.com\/index.php\/wp-json\/wp\/v2\/categories?post=63164"},{"taxonomy":"post_tag","embeddable":true,"href":"https:\/\/portalnpm.com\/index.php\/wp-json\/wp\/v2\/tags?post=63164"}],"curies":[{"name":"wp","href":"https:\/\/api.w.org\/{rel}","templated":true}]}}