{"id":63193,"date":"2021-03-13T09:54:04","date_gmt":"2021-03-13T12:54:04","guid":{"rendered":"https:\/\/portalnpm.com\/index.php\/2021\/03\/13\/hospital-regional-justino-luz-registra-783-altas-de-pacientes-internados-com-covid-19\/"},"modified":"2021-03-13T09:54:04","modified_gmt":"2021-03-13T12:54:04","slug":"hospital-regional-justino-luz-registra-783-altas-de-pacientes-internados-com-covid-19","status":"publish","type":"post","link":"https:\/\/portalnpm.com\/index.php\/2021\/03\/13\/hospital-regional-justino-luz-registra-783-altas-de-pacientes-internados-com-covid-19\/","title":{"rendered":"Hospital Regional Justino Luz registra 783 altas de pacientes internados com covid-19"},"content":{"rendered":"<p style=\"text-align: justify;\">O Hospital Regional Justino Luz, em Picos, divulgou mais um boletim epidemiol\u00f3gico na noite desta sexta-feira (12), onde mostra que a unidade de Sa\u00fade registrou at\u00e9 o momento 783 altas m\u00e9dicas de pessoas que tiveram Covid-19. O hospital abrange toda macrorregi\u00e3o de Picos, ou seja, mais de 45 munic\u00edpios, sem falar de algumas cidades dos estados vizinhos.<\/p>\n<p style=\"text-align: justify;\">\n<p style=\"text-align: justify;\">Somente nesta\u00a0sexta-feira (12), seis pacientes receberam alta m\u00e9dica. Eles s\u00e3o das respectivas cidades: Barra D\u2019Alc\u00e2ntara, Inhuma, Picos e tr\u00eas de Marcol\u00e2ndia.<\/p>\n<p style=\"text-align: justify;\">Na UTI de S\u00edndrome Respirat\u00f3ria Aguda Grave est\u00e3o internados 14 pacientes;<\/p>\n<p style=\"text-align: justify;\">Picos ( 01 positivo 01 suspeito )<\/p>\n<p style=\"text-align: justify;\">Valen\u00e7a ( 01 positivo )<\/p>\n<p style=\"text-align: justify;\">Caldeir\u00e3o Grande ( 01 positivo)<\/p>\n<p style=\"text-align: justify;\">Santa Cruz dos Milagres ( 01 positivo)<\/p>\n<p style=\"text-align: justify;\">Dom Expedito Lopes ( 01 positivo)<\/p>\n<p style=\"text-align: justify;\">Francisco Mac\u00eado ( 01 positivo)<\/p>\n<p style=\"text-align: justify;\">Pimenteiras ( 03 positivos 02 suspeitos )<\/p>\n<p style=\"text-align: justify;\">Lagoa do S\u00edtio ( 01 positivo)<\/p>\n<p style=\"text-align: justify;\">Inhuma ( 01 suspeito)<\/p>\n<p style=\"text-align: justify;\">* Um paciente de Valen\u00e7a foi transferido para enfermaria.<\/p>\n<p style=\"text-align: justify;\">Na enfermaria est\u00e3o internados 27 pacientes:<\/p>\n<p style=\"text-align: justify;\">Valen\u00e7a ( 02 positivos )<\/p>\n<p style=\"text-align: justify;\">Picos ( 04 positivos 01 suspeito )<\/p>\n<p style=\"text-align: justify;\">Fronteiras ( 03 positivos )<\/p>\n<p style=\"text-align: justify;\">Marcol\u00e2ndia ( 03 positivos )<\/p>\n<p style=\"text-align: justify;\">Inhuma ( 01 positivo )<\/p>\n<p style=\"text-align: justify;\">Ipiranga do Piau\u00ed ( 01 positivo )<\/p>\n<p style=\"text-align: justify;\">Massap\u00ea do Piau\u00ed ( 01 suspeito 01 positivo )<\/p>\n<p style=\"text-align: justify;\">Pio IX ( 01 positivo)<\/p>\n<p style=\"text-align: justify;\">Sim\u00f5es ( 02 positivos 01 suspeito )<\/p>\n<p style=\"text-align: justify;\">S\u00e3o Juli\u00e3o ( 01 positivo )<\/p>\n<p style=\"text-align: justify;\">Oeiras ( 01 positivo)<\/p>\n<p style=\"text-align: justify;\">Simpl\u00edcio Mendes ( 01 positivo)<\/p>\n<p style=\"text-align: justify;\">S\u00e3o Jo\u00e3o do Piau\u00ed ( 01 positivo)<\/p>\n<p style=\"text-align: justify;\">Bet\u00e2nia do Piau\u00ed ( 01 positivo)<\/p>\n<p style=\"text-align: justify;\">Dom Expedito Lopes ( 01 suspeito)<\/p>\n<p style=\"text-align: justify;\">*Um paciente de Pimenteiras \u00e9 um de Picos foram transferidos para UTI.<\/p>\n<p style=\"text-align: justify;\">\u00d3bitos<\/p>\n<p style=\"text-align: justify;\">Um paciente de Concei\u00e7\u00e3o do Canind\u00e9- PI, sexo feminino, 88 anos, sem relatos de comorbidades faleceu em decorr\u00eancia da covid 19.<\/p>\n<p style=\"text-align: justify;\">11\/03 &#8211; Um paciente de Valen\u00e7a do Piau\u00ed, sexo feminino, 64 anos, tinha hipertens\u00e3o, diabetes, hipotireoidismo e faleceu em decorr\u00eancia da covid 19.<\/p>\n<p style=\"text-align: justify;\">Fonte: JP On-line<\/p>\n","protected":false},"excerpt":{"rendered":"<p>O Hospital Regional Justino Luz, em Picos, divulgou mais um boletim epidemiol\u00f3gico na noite desta sexta-feira (12), onde mostra que a unidade de Sa\u00fade registrou at\u00e9 o momento 783 altas m\u00e9dicas de pessoas que tiveram Covid-19. O hospital abrange toda macrorregi\u00e3o de Picos, ou seja, mais de 45 munic\u00edpios, sem falar de algumas cidades dos &hellip;<\/p>\n","protected":false},"author":2,"featured_media":31455,"comment_status":"open","ping_status":"open","sticky":false,"template":"","format":"standard","meta":{"content-type":"","rop_custom_images_group":[],"rop_custom_messages_group":[],"rop_publish_now":"initial","rop_publish_now_accounts":{"facebook_2648258775420054_1618374048415101":""},"rop_publish_now_history":[],"rop_publish_now_status":"pending","footnotes":"","_jetpack_memberships_contains_paid_content":false},"categories":[113,109,127,384],"tags":[10266,1113,2986,10267,10268],"yoast_head":"<!-- This site is optimized with the Yoast SEO plugin v22.3 - https:\/\/yoast.com\/wordpress\/plugins\/seo\/ -->\n<title>Hospital Regional Justino Luz registra 783 altas de pacientes internados com covid-19<\/title>\n<meta name=\"robots\" content=\"index, follow, max-snippet:-1, max-image-preview:large, max-video-preview:-1\" \/>\n<link rel=\"canonical\" href=\"https:\/\/portalnpm.com\/index.php\/2021\/03\/13\/hospital-regional-justino-luz-registra-783-altas-de-pacientes-internados-com-covid-19\/\" \/>\n<meta property=\"og:locale\" content=\"pt_BR\" \/>\n<meta property=\"og:type\" content=\"article\" \/>\n<meta property=\"og:title\" content=\"Hospital Regional Justino Luz registra 783 altas de pacientes internados com covid-19\" \/>\n<meta property=\"og:description\" content=\"O Hospital Regional Justino Luz, em Picos, divulgou mais um boletim epidemiol\u00f3gico na noite desta sexta-feira (12), onde mostra que a unidade de Sa\u00fade registrou at\u00e9 o momento 783 altas m\u00e9dicas de pessoas que tiveram Covid-19. O hospital abrange toda macrorregi\u00e3o de Picos, ou seja, mais de 45 munic\u00edpios, sem falar de algumas cidades dos &hellip;\" \/>\n<meta property=\"og:url\" content=\"https:\/\/portalnpm.com\/index.php\/2021\/03\/13\/hospital-regional-justino-luz-registra-783-altas-de-pacientes-internados-com-covid-19\/\" \/>\n<meta property=\"og:site_name\" content=\"Portal NPM\" \/>\n<meta property=\"article:published_time\" content=\"2021-03-13T12:54:04+00:00\" \/>\n<meta name=\"author\" content=\"Genival Barbosa\" \/>\n<meta name=\"twitter:card\" content=\"summary_large_image\" \/>\n<meta name=\"twitter:label1\" content=\"Escrito por\" \/>\n\t<meta name=\"twitter:data1\" content=\"Genival Barbosa\" \/>\n\t<meta name=\"twitter:label2\" content=\"Est. tempo de leitura\" \/>\n\t<meta name=\"twitter:data2\" content=\"1 minuto\" \/>\n<script type=\"application\/ld+json\" class=\"yoast-schema-graph\">{\"@context\":\"https:\/\/schema.org\",\"@graph\":[{\"@type\":\"WebPage\",\"@id\":\"https:\/\/portalnpm.com\/index.php\/2021\/03\/13\/hospital-regional-justino-luz-registra-783-altas-de-pacientes-internados-com-covid-19\/\",\"url\":\"https:\/\/portalnpm.com\/index.php\/2021\/03\/13\/hospital-regional-justino-luz-registra-783-altas-de-pacientes-internados-com-covid-19\/\",\"name\":\"Hospital Regional Justino Luz registra 783 altas de pacientes internados com covid-19\",\"isPartOf\":{\"@id\":\"https:\/\/portalnpm.com\/#website\"},\"primaryImageOfPage\":{\"@id\":\"https:\/\/portalnpm.com\/index.php\/2021\/03\/13\/hospital-regional-justino-luz-registra-783-altas-de-pacientes-internados-com-covid-19\/#primaryimage\"},\"image\":{\"@id\":\"https:\/\/portalnpm.com\/index.php\/2021\/03\/13\/hospital-regional-justino-luz-registra-783-altas-de-pacientes-internados-com-covid-19\/#primaryimage\"},\"thumbnailUrl\":\"\",\"datePublished\":\"2021-03-13T12:54:04+00:00\",\"dateModified\":\"2021-03-13T12:54:04+00:00\",\"author\":{\"@id\":\"https:\/\/portalnpm.com\/#\/schema\/person\/49313e563cfdefcc167f1ee4c017c294\"},\"breadcrumb\":{\"@id\":\"https:\/\/portalnpm.com\/index.php\/2021\/03\/13\/hospital-regional-justino-luz-registra-783-altas-de-pacientes-internados-com-covid-19\/#breadcrumb\"},\"inLanguage\":\"pt-BR\",\"potentialAction\":[{\"@type\":\"ReadAction\",\"target\":[\"https:\/\/portalnpm.com\/index.php\/2021\/03\/13\/hospital-regional-justino-luz-registra-783-altas-de-pacientes-internados-com-covid-19\/\"]}]},{\"@type\":\"ImageObject\",\"inLanguage\":\"pt-BR\",\"@id\":\"https:\/\/portalnpm.com\/index.php\/2021\/03\/13\/hospital-regional-justino-luz-registra-783-altas-de-pacientes-internados-com-covid-19\/#primaryimage\",\"url\":\"\",\"contentUrl\":\"\"},{\"@type\":\"BreadcrumbList\",\"@id\":\"https:\/\/portalnpm.com\/index.php\/2021\/03\/13\/hospital-regional-justino-luz-registra-783-altas-de-pacientes-internados-com-covid-19\/#breadcrumb\",\"itemListElement\":[{\"@type\":\"ListItem\",\"position\":1,\"name\":\"In\u00edcio\",\"item\":\"https:\/\/portalnpm.com\/\"},{\"@type\":\"ListItem\",\"position\":2,\"name\":\"Hospital Regional Justino Luz registra 783 altas de pacientes internados com covid-19\"}]},{\"@type\":\"WebSite\",\"@id\":\"https:\/\/portalnpm.com\/#website\",\"url\":\"https:\/\/portalnpm.com\/\",\"name\":\"Portal NPM\",\"description\":\"Not\u00edcias em Primeira M\u00e3o\",\"potentialAction\":[{\"@type\":\"SearchAction\",\"target\":{\"@type\":\"EntryPoint\",\"urlTemplate\":\"https:\/\/portalnpm.com\/?s={search_term_string}\"},\"query-input\":\"required name=search_term_string\"}],\"inLanguage\":\"pt-BR\"},{\"@type\":\"Person\",\"@id\":\"https:\/\/portalnpm.com\/#\/schema\/person\/49313e563cfdefcc167f1ee4c017c294\",\"name\":\"Genival Barbosa\",\"image\":{\"@type\":\"ImageObject\",\"inLanguage\":\"pt-BR\",\"@id\":\"https:\/\/portalnpm.com\/#\/schema\/person\/image\/\",\"url\":\"https:\/\/portalnpm.com\/wp-content\/uploads\/2024\/02\/avatar_user_2_1707743258-96x96.jpeg\",\"contentUrl\":\"https:\/\/portalnpm.com\/wp-content\/uploads\/2024\/02\/avatar_user_2_1707743258-96x96.jpeg\",\"caption\":\"Genival Barbosa\"},\"url\":\"https:\/\/portalnpm.com\/index.php\/author\/genival\/\"}]}<\/script>\n<!-- \/ Yoast SEO plugin. -->","yoast_head_json":{"title":"Hospital Regional Justino Luz registra 783 altas de pacientes internados com covid-19","robots":{"index":"index","follow":"follow","max-snippet":"max-snippet:-1","max-image-preview":"max-image-preview:large","max-video-preview":"max-video-preview:-1"},"canonical":"https:\/\/portalnpm.com\/index.php\/2021\/03\/13\/hospital-regional-justino-luz-registra-783-altas-de-pacientes-internados-com-covid-19\/","og_locale":"pt_BR","og_type":"article","og_title":"Hospital Regional Justino Luz registra 783 altas de pacientes internados com covid-19","og_description":"O Hospital Regional Justino Luz, em Picos, divulgou mais um boletim epidemiol\u00f3gico na noite desta sexta-feira (12), onde mostra que a unidade de Sa\u00fade registrou at\u00e9 o momento 783 altas m\u00e9dicas de pessoas que tiveram Covid-19. O hospital abrange toda macrorregi\u00e3o de Picos, ou seja, mais de 45 munic\u00edpios, sem falar de algumas cidades dos &hellip;","og_url":"https:\/\/portalnpm.com\/index.php\/2021\/03\/13\/hospital-regional-justino-luz-registra-783-altas-de-pacientes-internados-com-covid-19\/","og_site_name":"Portal NPM","article_published_time":"2021-03-13T12:54:04+00:00","author":"Genival Barbosa","twitter_card":"summary_large_image","twitter_misc":{"Escrito por":"Genival Barbosa","Est. tempo de leitura":"1 minuto"},"schema":{"@context":"https:\/\/schema.org","@graph":[{"@type":"WebPage","@id":"https:\/\/portalnpm.com\/index.php\/2021\/03\/13\/hospital-regional-justino-luz-registra-783-altas-de-pacientes-internados-com-covid-19\/","url":"https:\/\/portalnpm.com\/index.php\/2021\/03\/13\/hospital-regional-justino-luz-registra-783-altas-de-pacientes-internados-com-covid-19\/","name":"Hospital Regional Justino Luz registra 783 altas de pacientes internados com covid-19","isPartOf":{"@id":"https:\/\/portalnpm.com\/#website"},"primaryImageOfPage":{"@id":"https:\/\/portalnpm.com\/index.php\/2021\/03\/13\/hospital-regional-justino-luz-registra-783-altas-de-pacientes-internados-com-covid-19\/#primaryimage"},"image":{"@id":"https:\/\/portalnpm.com\/index.php\/2021\/03\/13\/hospital-regional-justino-luz-registra-783-altas-de-pacientes-internados-com-covid-19\/#primaryimage"},"thumbnailUrl":"","datePublished":"2021-03-13T12:54:04+00:00","dateModified":"2021-03-13T12:54:04+00:00","author":{"@id":"https:\/\/portalnpm.com\/#\/schema\/person\/49313e563cfdefcc167f1ee4c017c294"},"breadcrumb":{"@id":"https:\/\/portalnpm.com\/index.php\/2021\/03\/13\/hospital-regional-justino-luz-registra-783-altas-de-pacientes-internados-com-covid-19\/#breadcrumb"},"inLanguage":"pt-BR","potentialAction":[{"@type":"ReadAction","target":["https:\/\/portalnpm.com\/index.php\/2021\/03\/13\/hospital-regional-justino-luz-registra-783-altas-de-pacientes-internados-com-covid-19\/"]}]},{"@type":"ImageObject","inLanguage":"pt-BR","@id":"https:\/\/portalnpm.com\/index.php\/2021\/03\/13\/hospital-regional-justino-luz-registra-783-altas-de-pacientes-internados-com-covid-19\/#primaryimage","url":"","contentUrl":""},{"@type":"BreadcrumbList","@id":"https:\/\/portalnpm.com\/index.php\/2021\/03\/13\/hospital-regional-justino-luz-registra-783-altas-de-pacientes-internados-com-covid-19\/#breadcrumb","itemListElement":[{"@type":"ListItem","position":1,"name":"In\u00edcio","item":"https:\/\/portalnpm.com\/"},{"@type":"ListItem","position":2,"name":"Hospital Regional Justino Luz registra 783 altas de pacientes internados com covid-19"}]},{"@type":"WebSite","@id":"https:\/\/portalnpm.com\/#website","url":"https:\/\/portalnpm.com\/","name":"Portal NPM","description":"Not\u00edcias em Primeira M\u00e3o","potentialAction":[{"@type":"SearchAction","target":{"@type":"EntryPoint","urlTemplate":"https:\/\/portalnpm.com\/?s={search_term_string}"},"query-input":"required name=search_term_string"}],"inLanguage":"pt-BR"},{"@type":"Person","@id":"https:\/\/portalnpm.com\/#\/schema\/person\/49313e563cfdefcc167f1ee4c017c294","name":"Genival Barbosa","image":{"@type":"ImageObject","inLanguage":"pt-BR","@id":"https:\/\/portalnpm.com\/#\/schema\/person\/image\/","url":"https:\/\/portalnpm.com\/wp-content\/uploads\/2024\/02\/avatar_user_2_1707743258-96x96.jpeg","contentUrl":"https:\/\/portalnpm.com\/wp-content\/uploads\/2024\/02\/avatar_user_2_1707743258-96x96.jpeg","caption":"Genival Barbosa"},"url":"https:\/\/portalnpm.com\/index.php\/author\/genival\/"}]}},"jetpack_sharing_enabled":true,"jetpack_featured_media_url":"","_links":{"self":[{"href":"https:\/\/portalnpm.com\/index.php\/wp-json\/wp\/v2\/posts\/63193"}],"collection":[{"href":"https:\/\/portalnpm.com\/index.php\/wp-json\/wp\/v2\/posts"}],"about":[{"href":"https:\/\/portalnpm.com\/index.php\/wp-json\/wp\/v2\/types\/post"}],"author":[{"embeddable":true,"href":"https:\/\/portalnpm.com\/index.php\/wp-json\/wp\/v2\/users\/2"}],"replies":[{"embeddable":true,"href":"https:\/\/portalnpm.com\/index.php\/wp-json\/wp\/v2\/comments?post=63193"}],"version-history":[{"count":0,"href":"https:\/\/portalnpm.com\/index.php\/wp-json\/wp\/v2\/posts\/63193\/revisions"}],"wp:featuredmedia":[{"embeddable":true,"href":"https:\/\/portalnpm.com\/index.php\/wp-json\/"}],"wp:attachment":[{"href":"https:\/\/portalnpm.com\/index.php\/wp-json\/wp\/v2\/media?parent=63193"}],"wp:term":[{"taxonomy":"category","embeddable":true,"href":"https:\/\/portalnpm.com\/index.php\/wp-json\/wp\/v2\/categories?post=63193"},{"taxonomy":"post_tag","embeddable":true,"href":"https:\/\/portalnpm.com\/index.php\/wp-json\/wp\/v2\/tags?post=63193"}],"curies":[{"name":"wp","href":"https:\/\/api.w.org\/{rel}","templated":true}]}}