{"id":63199,"date":"2021-03-13T17:27:48","date_gmt":"2021-03-13T20:27:48","guid":{"rendered":"https:\/\/portalnpm.com\/index.php\/2021\/03\/13\/aecio-neves-diz-que-psdb-pode-abrir-mao-de-candidatura-presidencial-em-2022-e-cita-ciro-gomes-como-alternativa-de-centro-entenda\/"},"modified":"2021-03-13T17:27:48","modified_gmt":"2021-03-13T20:27:48","slug":"aecio-neves-diz-que-psdb-pode-abrir-mao-de-candidatura-presidencial-em-2022-e-cita-ciro-gomes-como-alternativa-de-centro-entenda","status":"publish","type":"post","link":"https:\/\/portalnpm.com\/index.php\/2021\/03\/13\/aecio-neves-diz-que-psdb-pode-abrir-mao-de-candidatura-presidencial-em-2022-e-cita-ciro-gomes-como-alternativa-de-centro-entenda\/","title":{"rendered":"A\u00e9cio Neves diz que PSDB pode abrir m\u00e3o de candidatura presidencial em 2022 e cita Ciro Gomes como alternativa de centro; entenda!"},"content":{"rendered":"<p>Faz cr\u00edticas a Jo\u00e3o Doria, de SP<\/p>\n<p>Sugere apoio a nome \u201cmais vi\u00e1vel\u201d<\/p>\n<p>Faz cr\u00edticas \u00e0 opera\u00e7\u00e3o Lava Jato<\/p>\n<p>\u201cLula merece julgamento correto\u201d<\/p>\n<p style=\"text-align: justify;\">O deputado federal\u00a0<a href=\"https:\/\/eleicoes.poder360.com.br\/candidato\/33847#2018\">A\u00e9cio Neves (PSDB-MG)<\/a>\u00a0disse que o PSDB deve avaliar a chance de n\u00e3o lan\u00e7ar candidatura pr\u00f3pria para as elei\u00e7\u00f5es presidenciais de 2022. A declara\u00e7\u00e3o foi feita em\u00a0entrevista ao jornal\u00a0<a href=\"https:\/\/www1.folha.uol.com.br\/poder\/2021\/03\/psdb-pode-abrir-mao-de-candidatura-em-2022-para-unir-centro-diz-aecio-neves.shtml\"><em>Folha de S.Paulo<\/em><\/a>\u00a0publicada neste s\u00e1bado (13.mar.2021).<\/p>\n<p style=\"text-align: justify;\">Candidato ao Executivo federal no pleito de 2014, o congressista sugeriu que o PSDB pode aliar-se a outra candidatura, caso ela tenha mais viabilidade de derrotar o presidente Jair Bolsonaro e o ex-presidente Lula (PT).<\/p>\n<p style=\"text-align: justify;\">Ap\u00f3s uma s\u00e9rie de atritos com o governador de S\u00e3o Paulo, Jo\u00e3o Doria (PSDB), A\u00e9cio disse que respeita\u00a0<em>\u201co direito\u201d<\/em>\u00a0dos governadores tucanos Jo\u00e3o Doria, de S\u00e3o Paulo, e Eduardo Leite, do Rio Grande do Sul, se lan\u00e7aram na disputa. Ele ponderou, no entanto, que a prioridade deveria ser a constru\u00e7\u00e3o de um\u00a0<em>\u201ccentro ampliado\u201d<\/em>. Dentro desse arco, ele citou o nome de\u00a0<a href=\"https:\/\/eleicoes.poder360.com.br\/candidato\/253108#2018\">Ciro Gomes (PDT)<\/a>, que ficou em 3\u00ba lugar na campanha de 2018.<\/p>\n<p style=\"text-align: justify;\"><em>\u201cTemos de radicalizar no centro. Temos de propor, construir um centro ampliado para fazer frente ao Bolsonaro e ao Lula. Centro ampliado tem de ter de Ciro [Gomes, do PDT] a PSDB, MDB, DEM, com o [ex-ministro Luiz Henrique] Mandetta, Luciano Huck, o [governador ga\u00facho tucano] Eduardo Leite e o [presidente do Senado pelo DEM-MG] Rodrigo Pacheco\u201d<\/em>, declarou.<\/p>\n<p style=\"text-align: justify;\">O mineiro n\u00e3o poupou cr\u00edticas a Doria. Disse que o governador paulista tenta impor sua candidatura de maneira autorit\u00e1ria e \u00e9 obcecado pelo marketing pessoal.<\/p>\n<p style=\"text-align: justify;\"><em>\u201cNingu\u00e9m ser\u00e1 candidato pela imposi\u00e7\u00e3o. \u00c9 uma constru\u00e7\u00e3o. N\u00e3o se constr\u00f3i uma candidatura como se preside uma reuni\u00e3o do Lide [grupo empresarial que era liderado por Doria], com um apito na boca, dizendo quem pode falar e quem deve calar. O governador tem virtudes, mas sua obsess\u00e3o pelo marketing impede que muitas dessas virtudes possam ser vistas\u201d<\/em>, afirmou.<\/p>\n<p style=\"text-align: justify;\">Eleito para a presid\u00eancia da Comiss\u00e3o de Rela\u00e7\u00f5es Exteriores da C\u00e2mara dos Deputados, A\u00e9cio disse que vai tentar\u00a0<em>\u201csuprir as lacunas\u201d<\/em>\u00a0do governo Bolsonaro no tema. Segundo ele,\u00a0<em>\u201cpol\u00edtica externa mal conduzida afeta a vida das pessoas, falta insumo, crescimento e emprego\u201d<\/em>.<\/p>\n<p style=\"text-align: justify;\"><em>\u201cMeu papel agora \u00e9 suprir as lacunas que a gest\u00e3o de pol\u00edtica externa brasileira. Temos de tentar restabelecer a pol\u00edtica externa, temas como o ambiente, de que o Brasil se afastou. N\u00e3o podemos nos arvorar como Poder Executivo, mas temos instrumentos para discutir mecanismos para permitir a reinser\u00e7\u00e3o maior do Brasil no mundo\u201d<\/em>, declarou.<\/p>\n<p style=\"text-align: justify;\">O tucano comentou ainda o impacto das investiga\u00e7\u00f5es da opera\u00e7\u00e3o Lava Jato em sua trajet\u00f3ria pol\u00edtica. O deputado afirmou ter sido alvo de uma\u00a0<em>\u201carma\u00e7\u00e3o\u201d<\/em>.<\/p>\n<p style=\"text-align: justify;\"><em>\u201cO epicentro foi a arma\u00e7\u00e3o capitaneada por um desequilibrado que ocupou a PGR, o sr. [Rodrigo] Janot, acompanhado pelo dubl\u00ea de procurador e advogado da JBS Marcelo Miller. Estou preparando um livro com todas as ilegalidades\u201d<\/em>, disse.<\/p>\n<p style=\"text-align: justify;\"><em>\u201cNunca tive como pagar os advogados. Minha m\u00e3e tinha um apartamento, que oferecemos ao sr. Joesley, oferecido ao [senador pelo PSDB-CE] Tasso Jereissati, ao [presidente da Confedera\u00e7\u00e3o Nacional da Ind\u00fastria] Robson Andrade, ao [banqueiro do Ita\u00fa] Pedro Moreira Salles, ao [dono da empreiteira MRV] Rubens Menin. Com duas avalia\u00e7\u00f5es de mercado.<\/em><\/p>\n<p style=\"text-align: justify;\"><em>A\u00ed cometi o grande erro da minha vida, que foi procurar esse cidad\u00e3o que estava em dela\u00e7\u00e3o. Disse que n\u00e3o queria o apartamento, mas que me adiantaria o valor. Eu ia ressarcir. N\u00e3o houve dolo, nem uso de dinheiro p\u00fablico.\u201d<\/em><\/p>\n<p style=\"text-align: justify;\"><strong>LAVA JATO<\/strong><\/p>\n<p style=\"text-align: justify;\"><em>\u201cHouve virtudes. Criminosos foram condenados, presos. Mas a criminaliza\u00e7\u00e3o da pol\u00edtica e as arbitrariedades foram enormes. Eu mesmo assinei um documento em favor do direito de Lula de ter um processo legal. O grande mal da Lava Jato foi misturar criminosos e gente de bem na vida pol\u00edtica. Janot tinha pretens\u00f5es pol\u00edticas.<\/em><\/p>\n<p style=\"text-align: justify;\"><em>Sobre o Moro, n\u00e3o vou entrar no m\u00e9rito de ilegalidades. Ele ajudou muito a fragilizar muito a Lava Jato na hora em que aceitou ser ministro da Justi\u00e7a de um governo que ajudou, direta ou indiretamente, a eleger.\u201d<\/em><\/p>\n<p style=\"text-align: justify;\"><strong>JULGAMENTO DE LULA<\/strong><\/p>\n<p style=\"text-align: justify;\"><em>\u201cEle merece um julgamento correto. Mas a m\u00eddia sempre avalia o momento pol\u00edtico como definitivo. Depois dessa reviravolta da decis\u00e3o do Fachin, as pessoas tendem a ver o quadro pol\u00edtico j\u00e1 polarizado e o Lula recuperado. Eu n\u00e3o vejo desta forma. Os governos do PT foram desastrosos. Temos de apresentar uma alternativa. N\u00e3o vejo esse jogo jogado.\u201d<\/em><\/p>\n<p style=\"text-align: justify;\"><strong>GOVERNO BOLSONARO<\/strong><\/p>\n<p style=\"text-align: justify;\"><em>\u201c\u00c9 um governo que teve oportunidades extraordin\u00e1rias e vem desperdi\u00e7ando uma a uma. Mas n\u00e3o vejo s\u00f3 as agruras, h\u00e1 virtudes na quest\u00e3o econ\u00f4micas.\u201d<\/em><\/p>\n<p style=\"text-align: justify;\"><strong>IMPEACHMENT DE DILMA ROUSSEFF (PT) EM 2016<\/strong><\/p>\n<p style=\"text-align: justify;\"><em>\u201cEu n\u00e3o questionei o pleito, tanto que liguei para Dilma e a cumprimentei. Questionamos se havia manipula\u00e7\u00e3o nas urnas e n\u00e3o houve resposta conclusiva.\u00a0<\/em><em>Em rela\u00e7\u00e3o ao impeachment, fa\u00e7o uma confiss\u00e3o. As duas \u00faltimas pessoas a aderir foram eu e o Fernando Henrique Cardoso. O que ocorreu \u00e9 que a paralisa\u00e7\u00e3o do Brasil foi tamanha que sobrou para n\u00f3s a responsabilidade de liderar. Foi uma onda gigante, o PSDB n\u00e3o faria nada sozinho.\u00a0<\/em><em>Do ponto de vista pr\u00e1tico, se Dilma ficasse at\u00e9 o final, o PSDB poderia ter ganho a elei\u00e7\u00e3o em 2018.\u201d<\/em><\/p>\n<p style=\"text-align: justify;\"><strong>Fonte: Poder 360<\/strong><\/p>\n","protected":false},"excerpt":{"rendered":"<p>Faz cr\u00edticas a Jo\u00e3o Doria, de SP Sugere apoio a nome \u201cmais vi\u00e1vel\u201d Faz cr\u00edticas \u00e0 opera\u00e7\u00e3o Lava Jato \u201cLula merece julgamento correto\u201d O deputado federal\u00a0A\u00e9cio Neves (PSDB-MG)\u00a0disse que o PSDB deve avaliar a chance de n\u00e3o lan\u00e7ar candidatura pr\u00f3pria para as elei\u00e7\u00f5es presidenciais de 2022. A declara\u00e7\u00e3o foi feita em\u00a0entrevista ao jornal\u00a0Folha de S.Paulo\u00a0publicada &hellip;<\/p>\n","protected":false},"author":4,"featured_media":31458,"comment_status":"open","ping_status":"open","sticky":false,"template":"","format":"standard","meta":{"content-type":"","rop_custom_images_group":[],"rop_custom_messages_group":[],"rop_publish_now":"initial","rop_publish_now_accounts":{"facebook_2648258775420054_1618374048415101":""},"rop_publish_now_history":[],"rop_publish_now_status":"pending","footnotes":"","_jetpack_memberships_contains_paid_content":false},"categories":[113,130],"tags":[856,1692,473,1585],"yoast_head":"<!-- This site is optimized with the Yoast SEO plugin v22.3 - https:\/\/yoast.com\/wordpress\/plugins\/seo\/ -->\n<title>A\u00e9cio Neves diz que PSDB pode abrir m\u00e3o de candidatura presidencial em 2022 e cita Ciro Gomes como alternativa de centro; entenda!<\/title>\n<meta name=\"robots\" content=\"index, follow, max-snippet:-1, max-image-preview:large, max-video-preview:-1\" \/>\n<link rel=\"canonical\" href=\"https:\/\/portalnpm.com\/index.php\/2021\/03\/13\/aecio-neves-diz-que-psdb-pode-abrir-mao-de-candidatura-presidencial-em-2022-e-cita-ciro-gomes-como-alternativa-de-centro-entenda\/\" \/>\n<meta property=\"og:locale\" content=\"pt_BR\" \/>\n<meta property=\"og:type\" content=\"article\" \/>\n<meta property=\"og:title\" content=\"A\u00e9cio Neves diz que PSDB pode abrir m\u00e3o de candidatura presidencial em 2022 e cita Ciro Gomes como alternativa de centro; entenda!\" \/>\n<meta property=\"og:description\" content=\"Faz cr\u00edticas a Jo\u00e3o Doria, de SP Sugere apoio a nome \u201cmais vi\u00e1vel\u201d Faz cr\u00edticas \u00e0 opera\u00e7\u00e3o Lava Jato \u201cLula merece julgamento correto\u201d O deputado federal\u00a0A\u00e9cio Neves (PSDB-MG)\u00a0disse que o PSDB deve avaliar a chance de n\u00e3o lan\u00e7ar candidatura pr\u00f3pria para as elei\u00e7\u00f5es presidenciais de 2022. A declara\u00e7\u00e3o foi feita em\u00a0entrevista ao jornal\u00a0Folha de S.Paulo\u00a0publicada &hellip;\" \/>\n<meta property=\"og:url\" content=\"https:\/\/portalnpm.com\/index.php\/2021\/03\/13\/aecio-neves-diz-que-psdb-pode-abrir-mao-de-candidatura-presidencial-em-2022-e-cita-ciro-gomes-como-alternativa-de-centro-entenda\/\" \/>\n<meta property=\"og:site_name\" content=\"Portal NPM\" \/>\n<meta property=\"article:published_time\" content=\"2021-03-13T20:27:48+00:00\" \/>\n<meta name=\"author\" content=\"Reda\u00e7\u00e3o\" \/>\n<meta name=\"twitter:card\" content=\"summary_large_image\" \/>\n<meta name=\"twitter:label1\" content=\"Escrito por\" \/>\n\t<meta name=\"twitter:data1\" content=\"Reda\u00e7\u00e3o\" \/>\n\t<meta name=\"twitter:label2\" content=\"Est. tempo de leitura\" \/>\n\t<meta name=\"twitter:data2\" content=\"5 minutos\" \/>\n<script type=\"application\/ld+json\" class=\"yoast-schema-graph\">{\"@context\":\"https:\/\/schema.org\",\"@graph\":[{\"@type\":\"WebPage\",\"@id\":\"https:\/\/portalnpm.com\/index.php\/2021\/03\/13\/aecio-neves-diz-que-psdb-pode-abrir-mao-de-candidatura-presidencial-em-2022-e-cita-ciro-gomes-como-alternativa-de-centro-entenda\/\",\"url\":\"https:\/\/portalnpm.com\/index.php\/2021\/03\/13\/aecio-neves-diz-que-psdb-pode-abrir-mao-de-candidatura-presidencial-em-2022-e-cita-ciro-gomes-como-alternativa-de-centro-entenda\/\",\"name\":\"A\u00e9cio Neves diz que PSDB pode abrir m\u00e3o de candidatura presidencial em 2022 e cita Ciro Gomes como alternativa de centro; entenda!\",\"isPartOf\":{\"@id\":\"https:\/\/portalnpm.com\/#website\"},\"primaryImageOfPage\":{\"@id\":\"https:\/\/portalnpm.com\/index.php\/2021\/03\/13\/aecio-neves-diz-que-psdb-pode-abrir-mao-de-candidatura-presidencial-em-2022-e-cita-ciro-gomes-como-alternativa-de-centro-entenda\/#primaryimage\"},\"image\":{\"@id\":\"https:\/\/portalnpm.com\/index.php\/2021\/03\/13\/aecio-neves-diz-que-psdb-pode-abrir-mao-de-candidatura-presidencial-em-2022-e-cita-ciro-gomes-como-alternativa-de-centro-entenda\/#primaryimage\"},\"thumbnailUrl\":\"\",\"datePublished\":\"2021-03-13T20:27:48+00:00\",\"dateModified\":\"2021-03-13T20:27:48+00:00\",\"author\":{\"@id\":\"https:\/\/portalnpm.com\/#\/schema\/person\/0b5f230ec96cee25504fa328e7f2b733\"},\"breadcrumb\":{\"@id\":\"https:\/\/portalnpm.com\/index.php\/2021\/03\/13\/aecio-neves-diz-que-psdb-pode-abrir-mao-de-candidatura-presidencial-em-2022-e-cita-ciro-gomes-como-alternativa-de-centro-entenda\/#breadcrumb\"},\"inLanguage\":\"pt-BR\",\"potentialAction\":[{\"@type\":\"ReadAction\",\"target\":[\"https:\/\/portalnpm.com\/index.php\/2021\/03\/13\/aecio-neves-diz-que-psdb-pode-abrir-mao-de-candidatura-presidencial-em-2022-e-cita-ciro-gomes-como-alternativa-de-centro-entenda\/\"]}]},{\"@type\":\"ImageObject\",\"inLanguage\":\"pt-BR\",\"@id\":\"https:\/\/portalnpm.com\/index.php\/2021\/03\/13\/aecio-neves-diz-que-psdb-pode-abrir-mao-de-candidatura-presidencial-em-2022-e-cita-ciro-gomes-como-alternativa-de-centro-entenda\/#primaryimage\",\"url\":\"\",\"contentUrl\":\"\"},{\"@type\":\"BreadcrumbList\",\"@id\":\"https:\/\/portalnpm.com\/index.php\/2021\/03\/13\/aecio-neves-diz-que-psdb-pode-abrir-mao-de-candidatura-presidencial-em-2022-e-cita-ciro-gomes-como-alternativa-de-centro-entenda\/#breadcrumb\",\"itemListElement\":[{\"@type\":\"ListItem\",\"position\":1,\"name\":\"In\u00edcio\",\"item\":\"https:\/\/portalnpm.com\/\"},{\"@type\":\"ListItem\",\"position\":2,\"name\":\"A\u00e9cio Neves diz que PSDB pode abrir m\u00e3o de candidatura presidencial em 2022 e cita Ciro Gomes como alternativa de centro; entenda!\"}]},{\"@type\":\"WebSite\",\"@id\":\"https:\/\/portalnpm.com\/#website\",\"url\":\"https:\/\/portalnpm.com\/\",\"name\":\"Portal NPM\",\"description\":\"Not\u00edcias em Primeira M\u00e3o\",\"potentialAction\":[{\"@type\":\"SearchAction\",\"target\":{\"@type\":\"EntryPoint\",\"urlTemplate\":\"https:\/\/portalnpm.com\/?s={search_term_string}\"},\"query-input\":\"required name=search_term_string\"}],\"inLanguage\":\"pt-BR\"},{\"@type\":\"Person\",\"@id\":\"https:\/\/portalnpm.com\/#\/schema\/person\/0b5f230ec96cee25504fa328e7f2b733\",\"name\":\"Reda\u00e7\u00e3o\",\"image\":{\"@type\":\"ImageObject\",\"inLanguage\":\"pt-BR\",\"@id\":\"https:\/\/portalnpm.com\/#\/schema\/person\/image\/\",\"url\":\"https:\/\/portalnpm.com\/wp-content\/uploads\/2024\/03\/avatar_user_4_1710097212-96x96.png\",\"contentUrl\":\"https:\/\/portalnpm.com\/wp-content\/uploads\/2024\/03\/avatar_user_4_1710097212-96x96.png\",\"caption\":\"Reda\u00e7\u00e3o\"},\"url\":\"https:\/\/portalnpm.com\/index.php\/author\/redacao\/\"}]}<\/script>\n<!-- \/ Yoast SEO plugin. -->","yoast_head_json":{"title":"A\u00e9cio Neves diz que PSDB pode abrir m\u00e3o de candidatura presidencial em 2022 e cita Ciro Gomes como alternativa de centro; entenda!","robots":{"index":"index","follow":"follow","max-snippet":"max-snippet:-1","max-image-preview":"max-image-preview:large","max-video-preview":"max-video-preview:-1"},"canonical":"https:\/\/portalnpm.com\/index.php\/2021\/03\/13\/aecio-neves-diz-que-psdb-pode-abrir-mao-de-candidatura-presidencial-em-2022-e-cita-ciro-gomes-como-alternativa-de-centro-entenda\/","og_locale":"pt_BR","og_type":"article","og_title":"A\u00e9cio Neves diz que PSDB pode abrir m\u00e3o de candidatura presidencial em 2022 e cita Ciro Gomes como alternativa de centro; entenda!","og_description":"Faz cr\u00edticas a Jo\u00e3o Doria, de SP Sugere apoio a nome \u201cmais vi\u00e1vel\u201d Faz cr\u00edticas \u00e0 opera\u00e7\u00e3o Lava Jato \u201cLula merece julgamento correto\u201d O deputado federal\u00a0A\u00e9cio Neves (PSDB-MG)\u00a0disse que o PSDB deve avaliar a chance de n\u00e3o lan\u00e7ar candidatura pr\u00f3pria para as elei\u00e7\u00f5es presidenciais de 2022. A declara\u00e7\u00e3o foi feita em\u00a0entrevista ao jornal\u00a0Folha de S.Paulo\u00a0publicada &hellip;","og_url":"https:\/\/portalnpm.com\/index.php\/2021\/03\/13\/aecio-neves-diz-que-psdb-pode-abrir-mao-de-candidatura-presidencial-em-2022-e-cita-ciro-gomes-como-alternativa-de-centro-entenda\/","og_site_name":"Portal NPM","article_published_time":"2021-03-13T20:27:48+00:00","author":"Reda\u00e7\u00e3o","twitter_card":"summary_large_image","twitter_misc":{"Escrito por":"Reda\u00e7\u00e3o","Est. tempo de leitura":"5 minutos"},"schema":{"@context":"https:\/\/schema.org","@graph":[{"@type":"WebPage","@id":"https:\/\/portalnpm.com\/index.php\/2021\/03\/13\/aecio-neves-diz-que-psdb-pode-abrir-mao-de-candidatura-presidencial-em-2022-e-cita-ciro-gomes-como-alternativa-de-centro-entenda\/","url":"https:\/\/portalnpm.com\/index.php\/2021\/03\/13\/aecio-neves-diz-que-psdb-pode-abrir-mao-de-candidatura-presidencial-em-2022-e-cita-ciro-gomes-como-alternativa-de-centro-entenda\/","name":"A\u00e9cio Neves diz que PSDB pode abrir m\u00e3o de candidatura presidencial em 2022 e cita Ciro Gomes como alternativa de centro; entenda!","isPartOf":{"@id":"https:\/\/portalnpm.com\/#website"},"primaryImageOfPage":{"@id":"https:\/\/portalnpm.com\/index.php\/2021\/03\/13\/aecio-neves-diz-que-psdb-pode-abrir-mao-de-candidatura-presidencial-em-2022-e-cita-ciro-gomes-como-alternativa-de-centro-entenda\/#primaryimage"},"image":{"@id":"https:\/\/portalnpm.com\/index.php\/2021\/03\/13\/aecio-neves-diz-que-psdb-pode-abrir-mao-de-candidatura-presidencial-em-2022-e-cita-ciro-gomes-como-alternativa-de-centro-entenda\/#primaryimage"},"thumbnailUrl":"","datePublished":"2021-03-13T20:27:48+00:00","dateModified":"2021-03-13T20:27:48+00:00","author":{"@id":"https:\/\/portalnpm.com\/#\/schema\/person\/0b5f230ec96cee25504fa328e7f2b733"},"breadcrumb":{"@id":"https:\/\/portalnpm.com\/index.php\/2021\/03\/13\/aecio-neves-diz-que-psdb-pode-abrir-mao-de-candidatura-presidencial-em-2022-e-cita-ciro-gomes-como-alternativa-de-centro-entenda\/#breadcrumb"},"inLanguage":"pt-BR","potentialAction":[{"@type":"ReadAction","target":["https:\/\/portalnpm.com\/index.php\/2021\/03\/13\/aecio-neves-diz-que-psdb-pode-abrir-mao-de-candidatura-presidencial-em-2022-e-cita-ciro-gomes-como-alternativa-de-centro-entenda\/"]}]},{"@type":"ImageObject","inLanguage":"pt-BR","@id":"https:\/\/portalnpm.com\/index.php\/2021\/03\/13\/aecio-neves-diz-que-psdb-pode-abrir-mao-de-candidatura-presidencial-em-2022-e-cita-ciro-gomes-como-alternativa-de-centro-entenda\/#primaryimage","url":"","contentUrl":""},{"@type":"BreadcrumbList","@id":"https:\/\/portalnpm.com\/index.php\/2021\/03\/13\/aecio-neves-diz-que-psdb-pode-abrir-mao-de-candidatura-presidencial-em-2022-e-cita-ciro-gomes-como-alternativa-de-centro-entenda\/#breadcrumb","itemListElement":[{"@type":"ListItem","position":1,"name":"In\u00edcio","item":"https:\/\/portalnpm.com\/"},{"@type":"ListItem","position":2,"name":"A\u00e9cio Neves diz que PSDB pode abrir m\u00e3o de candidatura presidencial em 2022 e cita Ciro Gomes como alternativa de centro; entenda!"}]},{"@type":"WebSite","@id":"https:\/\/portalnpm.com\/#website","url":"https:\/\/portalnpm.com\/","name":"Portal NPM","description":"Not\u00edcias em Primeira M\u00e3o","potentialAction":[{"@type":"SearchAction","target":{"@type":"EntryPoint","urlTemplate":"https:\/\/portalnpm.com\/?s={search_term_string}"},"query-input":"required name=search_term_string"}],"inLanguage":"pt-BR"},{"@type":"Person","@id":"https:\/\/portalnpm.com\/#\/schema\/person\/0b5f230ec96cee25504fa328e7f2b733","name":"Reda\u00e7\u00e3o","image":{"@type":"ImageObject","inLanguage":"pt-BR","@id":"https:\/\/portalnpm.com\/#\/schema\/person\/image\/","url":"https:\/\/portalnpm.com\/wp-content\/uploads\/2024\/03\/avatar_user_4_1710097212-96x96.png","contentUrl":"https:\/\/portalnpm.com\/wp-content\/uploads\/2024\/03\/avatar_user_4_1710097212-96x96.png","caption":"Reda\u00e7\u00e3o"},"url":"https:\/\/portalnpm.com\/index.php\/author\/redacao\/"}]}},"jetpack_sharing_enabled":true,"jetpack_featured_media_url":"","_links":{"self":[{"href":"https:\/\/portalnpm.com\/index.php\/wp-json\/wp\/v2\/posts\/63199"}],"collection":[{"href":"https:\/\/portalnpm.com\/index.php\/wp-json\/wp\/v2\/posts"}],"about":[{"href":"https:\/\/portalnpm.com\/index.php\/wp-json\/wp\/v2\/types\/post"}],"author":[{"embeddable":true,"href":"https:\/\/portalnpm.com\/index.php\/wp-json\/wp\/v2\/users\/4"}],"replies":[{"embeddable":true,"href":"https:\/\/portalnpm.com\/index.php\/wp-json\/wp\/v2\/comments?post=63199"}],"version-history":[{"count":0,"href":"https:\/\/portalnpm.com\/index.php\/wp-json\/wp\/v2\/posts\/63199\/revisions"}],"wp:featuredmedia":[{"embeddable":true,"href":"https:\/\/portalnpm.com\/index.php\/wp-json\/"}],"wp:attachment":[{"href":"https:\/\/portalnpm.com\/index.php\/wp-json\/wp\/v2\/media?parent=63199"}],"wp:term":[{"taxonomy":"category","embeddable":true,"href":"https:\/\/portalnpm.com\/index.php\/wp-json\/wp\/v2\/categories?post=63199"},{"taxonomy":"post_tag","embeddable":true,"href":"https:\/\/portalnpm.com\/index.php\/wp-json\/wp\/v2\/tags?post=63199"}],"curies":[{"name":"wp","href":"https:\/\/api.w.org\/{rel}","templated":true}]}}