{"id":63221,"date":"2021-03-14T12:15:14","date_gmt":"2021-03-14T15:15:14","guid":{"rendered":"https:\/\/portalnpm.com\/index.php\/2021\/03\/14\/padre-morre-afogado-depois-de-salvar-duas-pessoas-no-interior-de-pernambuco\/"},"modified":"2021-03-14T12:15:14","modified_gmt":"2021-03-14T15:15:14","slug":"padre-morre-afogado-depois-de-salvar-duas-pessoas-no-interior-de-pernambuco","status":"publish","type":"post","link":"https:\/\/portalnpm.com\/index.php\/2021\/03\/14\/padre-morre-afogado-depois-de-salvar-duas-pessoas-no-interior-de-pernambuco\/","title":{"rendered":"Padre morre afogado depois de salvar duas pessoas no interior de Pernambuco"},"content":{"rendered":"<p style=\"text-align: justify;\"><a href=\"https:\/\/www.cenariomt.com.br\/\">Cen\u00e1rioMT\u00a0<\/a>&#8211; O Pe. Fernando de Lima Silva, de 38 anos, morreu afogado neste s\u00e1bado (13) dentro de um a\u00e7ude em Serra Negra, na zona rural de\u00a0Bezerros, no Agreste de Pernambuco. A informa\u00e7\u00e3o foi confirmada pela Diocese de Caruaru, onde o sacerdote estava sediado.<\/p>\n<p style=\"text-align: justify;\">\n<p style=\"text-align: justify;\">Segundo a nota oficial da Diocese, o padre se afogou ap\u00f3s salvar a vida de duas pessoas. A entidade ainda n\u00e3o sabe informar quem eram essas pessoas e o que aconteceu no momento do afogamento do sacerdote.<\/p>\n<p style=\"text-align: justify;\">O lema sacerdotal de Pe. Fernando era \u201cO Bom Pastor d\u00e1 a vida por suas ovelhas\u201d. Ele nasceu na cidade de Taquaritinga do Norte, tamb\u00e9m no Agreste de Pernambuco, e atualmente estava como administrador da \u00c1rea Pastoral Nossa Senhora de Lourdes, na cidade de Gravat\u00e1. Foi ordenado padre no dia 5 de fevereiro de 2014.<\/p>\n<p style=\"text-align: justify;\">Segundo a Prefeitura de Gravat\u00e1, o carro levando o corpo do sacerdote vai passar por algumas ruas da cidade, mais precisamente nas comunidades onde ele celebrava, al\u00e9m da matriz de Sant\u2019Ana, no Centro. Em seguida, o vel\u00f3rio e o enterro ser\u00e3o realizados em Taquaritinga do Norte.<\/p>\n<p style=\"text-align: justify;\"><strong>Nota na \u00edntegra da Diocese de Caruaru:<\/strong><\/p>\n<p style=\"text-align: justify;\"><em>\u201cEu sou a ressurrei\u00e7\u00e3o e a vida. Quem cr\u00ea em mim, ainda que tenha morrido, viver\u00e1\u201d (Jo 11, 25). Com pesar, mas firmes na esperan\u00e7a da ressurrei\u00e7\u00e3o, comunicamos o falecimento do Pe. Fernando de Lima Silva, que era Administrador da \u00c1rea Pastoral Nossa Senhora de Lourdes, em Gravat\u00e1. Pe. Fernando se afogou, ao salvar a vida de duas pessoas.<\/em><\/p>\n<p style=\"text-align: justify;\">Por Pensar Piau\u00ed<\/p>\n","protected":false},"excerpt":{"rendered":"<p>Cen\u00e1rioMT\u00a0&#8211; O Pe. Fernando de Lima Silva, de 38 anos, morreu afogado neste s\u00e1bado (13) dentro de um a\u00e7ude em Serra Negra, na zona rural de\u00a0Bezerros, no Agreste de Pernambuco. A informa\u00e7\u00e3o foi confirmada pela Diocese de Caruaru, onde o sacerdote estava sediado. Segundo a nota oficial da Diocese, o padre se afogou ap\u00f3s salvar &hellip;<\/p>\n","protected":false},"author":2,"featured_media":63222,"comment_status":"open","ping_status":"open","sticky":false,"template":"","format":"standard","meta":{"content-type":"","rop_custom_images_group":[],"rop_custom_messages_group":[],"rop_publish_now":"initial","rop_publish_now_accounts":{"facebook_2648258775420054_1618374048415101":""},"rop_publish_now_history":[],"rop_publish_now_status":"pending","footnotes":"","_jetpack_memberships_contains_paid_content":false},"categories":[125],"tags":[1629,10288,10289,10290],"yoast_head":"<!-- This site is optimized with the Yoast SEO plugin v22.3 - https:\/\/yoast.com\/wordpress\/plugins\/seo\/ -->\n<title>Padre morre afogado depois de salvar duas pessoas no interior de Pernambuco<\/title>\n<meta name=\"robots\" content=\"index, follow, max-snippet:-1, max-image-preview:large, max-video-preview:-1\" \/>\n<link rel=\"canonical\" href=\"https:\/\/portalnpm.com\/index.php\/2021\/03\/14\/padre-morre-afogado-depois-de-salvar-duas-pessoas-no-interior-de-pernambuco\/\" \/>\n<meta property=\"og:locale\" content=\"pt_BR\" \/>\n<meta property=\"og:type\" content=\"article\" \/>\n<meta property=\"og:title\" content=\"Padre morre afogado depois de salvar duas pessoas no interior de Pernambuco\" \/>\n<meta property=\"og:description\" content=\"Cen\u00e1rioMT\u00a0&#8211; O Pe. Fernando de Lima Silva, de 38 anos, morreu afogado neste s\u00e1bado (13) dentro de um a\u00e7ude em Serra Negra, na zona rural de\u00a0Bezerros, no Agreste de Pernambuco. A informa\u00e7\u00e3o foi confirmada pela Diocese de Caruaru, onde o sacerdote estava sediado. Segundo a nota oficial da Diocese, o padre se afogou ap\u00f3s salvar &hellip;\" \/>\n<meta property=\"og:url\" content=\"https:\/\/portalnpm.com\/index.php\/2021\/03\/14\/padre-morre-afogado-depois-de-salvar-duas-pessoas-no-interior-de-pernambuco\/\" \/>\n<meta property=\"og:site_name\" content=\"Portal NPM\" \/>\n<meta property=\"article:published_time\" content=\"2021-03-14T15:15:14+00:00\" \/>\n<meta property=\"og:image\" content=\"https:\/\/portalnpm.com\/wp-content\/uploads\/2024\/01\/pe-fernando-de-lima-silva_ysyjVUE.jpg.750x0_q95_crop.jpg\" \/>\n\t<meta property=\"og:image:width\" content=\"696\" \/>\n\t<meta property=\"og:image:height\" content=\"1023\" \/>\n\t<meta property=\"og:image:type\" content=\"image\/jpeg\" \/>\n<meta name=\"author\" content=\"Genival Barbosa\" \/>\n<meta name=\"twitter:card\" content=\"summary_large_image\" \/>\n<meta name=\"twitter:label1\" content=\"Escrito por\" \/>\n\t<meta name=\"twitter:data1\" content=\"Genival Barbosa\" \/>\n\t<meta name=\"twitter:label2\" content=\"Est. tempo de leitura\" \/>\n\t<meta name=\"twitter:data2\" content=\"1 minuto\" \/>\n<script type=\"application\/ld+json\" class=\"yoast-schema-graph\">{\"@context\":\"https:\/\/schema.org\",\"@graph\":[{\"@type\":\"WebPage\",\"@id\":\"https:\/\/portalnpm.com\/index.php\/2021\/03\/14\/padre-morre-afogado-depois-de-salvar-duas-pessoas-no-interior-de-pernambuco\/\",\"url\":\"https:\/\/portalnpm.com\/index.php\/2021\/03\/14\/padre-morre-afogado-depois-de-salvar-duas-pessoas-no-interior-de-pernambuco\/\",\"name\":\"Padre morre afogado depois de salvar duas pessoas no interior de Pernambuco\",\"isPartOf\":{\"@id\":\"https:\/\/portalnpm.com\/#website\"},\"primaryImageOfPage\":{\"@id\":\"https:\/\/portalnpm.com\/index.php\/2021\/03\/14\/padre-morre-afogado-depois-de-salvar-duas-pessoas-no-interior-de-pernambuco\/#primaryimage\"},\"image\":{\"@id\":\"https:\/\/portalnpm.com\/index.php\/2021\/03\/14\/padre-morre-afogado-depois-de-salvar-duas-pessoas-no-interior-de-pernambuco\/#primaryimage\"},\"thumbnailUrl\":\"https:\/\/portalnpm.com\/wp-content\/uploads\/2024\/01\/pe-fernando-de-lima-silva_ysyjVUE.jpg.750x0_q95_crop.jpg\",\"datePublished\":\"2021-03-14T15:15:14+00:00\",\"dateModified\":\"2021-03-14T15:15:14+00:00\",\"author\":{\"@id\":\"https:\/\/portalnpm.com\/#\/schema\/person\/49313e563cfdefcc167f1ee4c017c294\"},\"breadcrumb\":{\"@id\":\"https:\/\/portalnpm.com\/index.php\/2021\/03\/14\/padre-morre-afogado-depois-de-salvar-duas-pessoas-no-interior-de-pernambuco\/#breadcrumb\"},\"inLanguage\":\"pt-BR\",\"potentialAction\":[{\"@type\":\"ReadAction\",\"target\":[\"https:\/\/portalnpm.com\/index.php\/2021\/03\/14\/padre-morre-afogado-depois-de-salvar-duas-pessoas-no-interior-de-pernambuco\/\"]}]},{\"@type\":\"ImageObject\",\"inLanguage\":\"pt-BR\",\"@id\":\"https:\/\/portalnpm.com\/index.php\/2021\/03\/14\/padre-morre-afogado-depois-de-salvar-duas-pessoas-no-interior-de-pernambuco\/#primaryimage\",\"url\":\"https:\/\/portalnpm.com\/wp-content\/uploads\/2024\/01\/pe-fernando-de-lima-silva_ysyjVUE.jpg.750x0_q95_crop.jpg\",\"contentUrl\":\"https:\/\/portalnpm.com\/wp-content\/uploads\/2024\/01\/pe-fernando-de-lima-silva_ysyjVUE.jpg.750x0_q95_crop.jpg\",\"width\":696,\"height\":1023},{\"@type\":\"BreadcrumbList\",\"@id\":\"https:\/\/portalnpm.com\/index.php\/2021\/03\/14\/padre-morre-afogado-depois-de-salvar-duas-pessoas-no-interior-de-pernambuco\/#breadcrumb\",\"itemListElement\":[{\"@type\":\"ListItem\",\"position\":1,\"name\":\"In\u00edcio\",\"item\":\"https:\/\/portalnpm.com\/\"},{\"@type\":\"ListItem\",\"position\":2,\"name\":\"Padre morre afogado depois de salvar duas pessoas no interior de Pernambuco\"}]},{\"@type\":\"WebSite\",\"@id\":\"https:\/\/portalnpm.com\/#website\",\"url\":\"https:\/\/portalnpm.com\/\",\"name\":\"Portal NPM\",\"description\":\"Not\u00edcias em Primeira M\u00e3o\",\"potentialAction\":[{\"@type\":\"SearchAction\",\"target\":{\"@type\":\"EntryPoint\",\"urlTemplate\":\"https:\/\/portalnpm.com\/?s={search_term_string}\"},\"query-input\":\"required name=search_term_string\"}],\"inLanguage\":\"pt-BR\"},{\"@type\":\"Person\",\"@id\":\"https:\/\/portalnpm.com\/#\/schema\/person\/49313e563cfdefcc167f1ee4c017c294\",\"name\":\"Genival Barbosa\",\"image\":{\"@type\":\"ImageObject\",\"inLanguage\":\"pt-BR\",\"@id\":\"https:\/\/portalnpm.com\/#\/schema\/person\/image\/\",\"url\":\"https:\/\/portalnpm.com\/wp-content\/uploads\/2024\/02\/avatar_user_2_1707743258-96x96.jpeg\",\"contentUrl\":\"https:\/\/portalnpm.com\/wp-content\/uploads\/2024\/02\/avatar_user_2_1707743258-96x96.jpeg\",\"caption\":\"Genival Barbosa\"},\"url\":\"https:\/\/portalnpm.com\/index.php\/author\/genival\/\"}]}<\/script>\n<!-- \/ Yoast SEO plugin. -->","yoast_head_json":{"title":"Padre morre afogado depois de salvar duas pessoas no interior de Pernambuco","robots":{"index":"index","follow":"follow","max-snippet":"max-snippet:-1","max-image-preview":"max-image-preview:large","max-video-preview":"max-video-preview:-1"},"canonical":"https:\/\/portalnpm.com\/index.php\/2021\/03\/14\/padre-morre-afogado-depois-de-salvar-duas-pessoas-no-interior-de-pernambuco\/","og_locale":"pt_BR","og_type":"article","og_title":"Padre morre afogado depois de salvar duas pessoas no interior de Pernambuco","og_description":"Cen\u00e1rioMT\u00a0&#8211; O Pe. Fernando de Lima Silva, de 38 anos, morreu afogado neste s\u00e1bado (13) dentro de um a\u00e7ude em Serra Negra, na zona rural de\u00a0Bezerros, no Agreste de Pernambuco. A informa\u00e7\u00e3o foi confirmada pela Diocese de Caruaru, onde o sacerdote estava sediado. Segundo a nota oficial da Diocese, o padre se afogou ap\u00f3s salvar &hellip;","og_url":"https:\/\/portalnpm.com\/index.php\/2021\/03\/14\/padre-morre-afogado-depois-de-salvar-duas-pessoas-no-interior-de-pernambuco\/","og_site_name":"Portal NPM","article_published_time":"2021-03-14T15:15:14+00:00","og_image":[{"width":696,"height":1023,"url":"https:\/\/portalnpm.com\/wp-content\/uploads\/2024\/01\/pe-fernando-de-lima-silva_ysyjVUE.jpg.750x0_q95_crop.jpg","type":"image\/jpeg"}],"author":"Genival Barbosa","twitter_card":"summary_large_image","twitter_misc":{"Escrito por":"Genival Barbosa","Est. tempo de leitura":"1 minuto"},"schema":{"@context":"https:\/\/schema.org","@graph":[{"@type":"WebPage","@id":"https:\/\/portalnpm.com\/index.php\/2021\/03\/14\/padre-morre-afogado-depois-de-salvar-duas-pessoas-no-interior-de-pernambuco\/","url":"https:\/\/portalnpm.com\/index.php\/2021\/03\/14\/padre-morre-afogado-depois-de-salvar-duas-pessoas-no-interior-de-pernambuco\/","name":"Padre morre afogado depois de salvar duas pessoas no interior de Pernambuco","isPartOf":{"@id":"https:\/\/portalnpm.com\/#website"},"primaryImageOfPage":{"@id":"https:\/\/portalnpm.com\/index.php\/2021\/03\/14\/padre-morre-afogado-depois-de-salvar-duas-pessoas-no-interior-de-pernambuco\/#primaryimage"},"image":{"@id":"https:\/\/portalnpm.com\/index.php\/2021\/03\/14\/padre-morre-afogado-depois-de-salvar-duas-pessoas-no-interior-de-pernambuco\/#primaryimage"},"thumbnailUrl":"https:\/\/portalnpm.com\/wp-content\/uploads\/2024\/01\/pe-fernando-de-lima-silva_ysyjVUE.jpg.750x0_q95_crop.jpg","datePublished":"2021-03-14T15:15:14+00:00","dateModified":"2021-03-14T15:15:14+00:00","author":{"@id":"https:\/\/portalnpm.com\/#\/schema\/person\/49313e563cfdefcc167f1ee4c017c294"},"breadcrumb":{"@id":"https:\/\/portalnpm.com\/index.php\/2021\/03\/14\/padre-morre-afogado-depois-de-salvar-duas-pessoas-no-interior-de-pernambuco\/#breadcrumb"},"inLanguage":"pt-BR","potentialAction":[{"@type":"ReadAction","target":["https:\/\/portalnpm.com\/index.php\/2021\/03\/14\/padre-morre-afogado-depois-de-salvar-duas-pessoas-no-interior-de-pernambuco\/"]}]},{"@type":"ImageObject","inLanguage":"pt-BR","@id":"https:\/\/portalnpm.com\/index.php\/2021\/03\/14\/padre-morre-afogado-depois-de-salvar-duas-pessoas-no-interior-de-pernambuco\/#primaryimage","url":"https:\/\/portalnpm.com\/wp-content\/uploads\/2024\/01\/pe-fernando-de-lima-silva_ysyjVUE.jpg.750x0_q95_crop.jpg","contentUrl":"https:\/\/portalnpm.com\/wp-content\/uploads\/2024\/01\/pe-fernando-de-lima-silva_ysyjVUE.jpg.750x0_q95_crop.jpg","width":696,"height":1023},{"@type":"BreadcrumbList","@id":"https:\/\/portalnpm.com\/index.php\/2021\/03\/14\/padre-morre-afogado-depois-de-salvar-duas-pessoas-no-interior-de-pernambuco\/#breadcrumb","itemListElement":[{"@type":"ListItem","position":1,"name":"In\u00edcio","item":"https:\/\/portalnpm.com\/"},{"@type":"ListItem","position":2,"name":"Padre morre afogado depois de salvar duas pessoas no interior de Pernambuco"}]},{"@type":"WebSite","@id":"https:\/\/portalnpm.com\/#website","url":"https:\/\/portalnpm.com\/","name":"Portal NPM","description":"Not\u00edcias em Primeira M\u00e3o","potentialAction":[{"@type":"SearchAction","target":{"@type":"EntryPoint","urlTemplate":"https:\/\/portalnpm.com\/?s={search_term_string}"},"query-input":"required name=search_term_string"}],"inLanguage":"pt-BR"},{"@type":"Person","@id":"https:\/\/portalnpm.com\/#\/schema\/person\/49313e563cfdefcc167f1ee4c017c294","name":"Genival Barbosa","image":{"@type":"ImageObject","inLanguage":"pt-BR","@id":"https:\/\/portalnpm.com\/#\/schema\/person\/image\/","url":"https:\/\/portalnpm.com\/wp-content\/uploads\/2024\/02\/avatar_user_2_1707743258-96x96.jpeg","contentUrl":"https:\/\/portalnpm.com\/wp-content\/uploads\/2024\/02\/avatar_user_2_1707743258-96x96.jpeg","caption":"Genival Barbosa"},"url":"https:\/\/portalnpm.com\/index.php\/author\/genival\/"}]}},"jetpack_sharing_enabled":true,"jetpack_featured_media_url":"https:\/\/portalnpm.com\/wp-content\/uploads\/2024\/01\/pe-fernando-de-lima-silva_ysyjVUE.jpg.750x0_q95_crop.jpg","_links":{"self":[{"href":"https:\/\/portalnpm.com\/index.php\/wp-json\/wp\/v2\/posts\/63221"}],"collection":[{"href":"https:\/\/portalnpm.com\/index.php\/wp-json\/wp\/v2\/posts"}],"about":[{"href":"https:\/\/portalnpm.com\/index.php\/wp-json\/wp\/v2\/types\/post"}],"author":[{"embeddable":true,"href":"https:\/\/portalnpm.com\/index.php\/wp-json\/wp\/v2\/users\/2"}],"replies":[{"embeddable":true,"href":"https:\/\/portalnpm.com\/index.php\/wp-json\/wp\/v2\/comments?post=63221"}],"version-history":[{"count":0,"href":"https:\/\/portalnpm.com\/index.php\/wp-json\/wp\/v2\/posts\/63221\/revisions"}],"wp:featuredmedia":[{"embeddable":true,"href":"https:\/\/portalnpm.com\/index.php\/wp-json\/wp\/v2\/media\/63222"}],"wp:attachment":[{"href":"https:\/\/portalnpm.com\/index.php\/wp-json\/wp\/v2\/media?parent=63221"}],"wp:term":[{"taxonomy":"category","embeddable":true,"href":"https:\/\/portalnpm.com\/index.php\/wp-json\/wp\/v2\/categories?post=63221"},{"taxonomy":"post_tag","embeddable":true,"href":"https:\/\/portalnpm.com\/index.php\/wp-json\/wp\/v2\/tags?post=63221"}],"curies":[{"name":"wp","href":"https:\/\/api.w.org\/{rel}","templated":true}]}}