{"id":63232,"date":"2021-03-15T18:57:55","date_gmt":"2021-03-15T21:57:55","guid":{"rendered":"https:\/\/portalnpm.com\/index.php\/2021\/03\/15\/trabalhador-nao-podera-mais-se-aposentar-por-tempo-de-contribuicao\/"},"modified":"2024-01-15T22:58:16","modified_gmt":"2024-01-16T01:58:16","slug":"trabalhador-nao-podera-mais-se-aposentar-por-tempo-de-contribuicao","status":"publish","type":"post","link":"https:\/\/portalnpm.com\/index.php\/2021\/03\/15\/trabalhador-nao-podera-mais-se-aposentar-por-tempo-de-contribuicao\/","title":{"rendered":"Trabalhador n\u00e3o poder\u00e1 mais se aposentar por tempo de contribui\u00e7\u00e3o"},"content":{"rendered":"<div class=\"td-container\">\n<article id=\"post-184168\" class=\"post-184168 post type-post status-publish format-standard category-chamadas category-inss tag-aposentadoria-por-idade-inss tag-aposentadoria-por-pontos tag-aposentadoria-por-tempo-de-contribuicao tag-inss-aposentadoria\">\n<div class=\"td-post-header\">\n<p style=\"text-align: justify;\">Depois da publica&ccedil;&atilde;o da PEC 06\/2019 atual Emenda Constitucional 103, novas regras surgiram para o trabalhador poder se aposentar, como tamb&eacute;m regras de transi&ccedil;&atilde;o e novas f&oacute;rmulas de c&aacute;lculo e de contribui&ccedil;&atilde;o.<\/p>\n<\/div>\n<div class=\"td-post-content tbl-forkorts-article\" data-fetch=\"true\">\n<figure class=\"wp-block-image size-large\" style=\"text-align: justify;\"><img fetchpriority=\"high\" decoding=\"async\" class=\"wp-image-171504\" src=\"https:\/\/portalnpm.com\/wp-content\/uploads\/2024\/01\/Everaldo-Miranda-trabalhador-que-realizou-treinamento-da-NR33.-1024x682.jpeg\" sizes=\"(max-width: 1024px) 100vw, 1024px\" srcset=\"https:\/\/www.jornalcontabil.com.br\/wp-content\/uploads\/2020\/11\/Everaldo-Miranda-trabalhador-que-realizou-treinamento-da-NR33.-1024x682.jpeg 1024w, https:\/\/www.jornalcontabil.com.br\/wp-content\/uploads\/2020\/11\/Everaldo-Miranda-trabalhador-que-realizou-treinamento-da-NR33.-300x200.jpeg 300w, https:\/\/www.jornalcontabil.com.br\/wp-content\/uploads\/2020\/11\/Everaldo-Miranda-trabalhador-que-realizou-treinamento-da-NR33.-768x512.jpeg 768w, https:\/\/www.jornalcontabil.com.br\/wp-content\/uploads\/2020\/11\/Everaldo-Miranda-trabalhador-que-realizou-treinamento-da-NR33.-696x464.jpeg 696w, https:\/\/www.jornalcontabil.com.br\/wp-content\/uploads\/2020\/11\/Everaldo-Miranda-trabalhador-que-realizou-treinamento-da-NR33.-1068x712.jpeg 1068w, https:\/\/www.jornalcontabil.com.br\/wp-content\/uploads\/2020\/11\/Everaldo-Miranda-trabalhador-que-realizou-treinamento-da-NR33.-630x420.jpeg 630w, https:\/\/www.jornalcontabil.com.br\/wp-content\/uploads\/2020\/11\/Everaldo-Miranda-trabalhador-que-realizou-treinamento-da-NR33..jpeg 1280w\" alt=\"Fonte: Google\" width=\"1024\" height=\"682\"><figcaption><\/figcaption><\/figure>\n<h2 id=\"h-aposentadoria-por-tempo-de-contribui-o\" style=\"text-align: justify;\">Aposentadoria por tempo de contribui&ccedil;&atilde;o<\/h2>\n<p style=\"text-align: justify;\">A Aposentadoria por Tempo de Contribui&ccedil;&atilde;o &eacute; o benef&iacute;cio previdenci&aacute;rio por excel&ecirc;ncia, concedido ao segurado que completar um determinado tempo de filia&ccedil;&atilde;o e contribui&ccedil;&atilde;o &agrave; Previd&ecirc;ncia Social. Pode ser dividida em Integral e Proporcional.<\/p>\n<p style=\"text-align: justify;\">Ela est&aacute; prevista de forma legal na Lei de Benef&iacute;cio 8.213 de 24 de julho de 1991 (artigo 18 I, c, e tinha\/tem seus requisitos a partir do Art. 52 da mesma lei).<\/p>\n<p style=\"text-align: justify;\">Atrav&eacute;s da aposentadoria por tempo de contribui&ccedil;&atilde;o os segurados tinham a possibilidade de alcan&ccedil;ar uma renda inicial de at&eacute; 100% sobre o sal&aacute;rio de benef&iacute;cio, onde as mulheres precisavam de 30 anos de contribui&ccedil;&atilde;o e homens 35 anos de contribui&ccedil;&atilde;o.<\/p>\n<div id=\"jorna-2019090764\" class=\"jorna-conteudo_4\" style=\"text-align: justify;\">\n<div><\/div>\n<\/div>\n<p style=\"text-align: justify;\"><strong>Vale lembrar<\/strong>&nbsp;que caso o benefici&aacute;rio n&atilde;o optasse por trabalhar cinco anos a mais para atingir o valor de 100% do sal&aacute;rio do benef&iacute;cio, era assegurado ao mesmo 70%.<\/p>\n<p style=\"text-align: justify;\">Mas, se voc&ecirc; n&atilde;o tem direito adquirido as regras anteriores a Reforma da Previd&ecirc;ncia ou n&atilde;o est&aacute; dentro das regras de transi&ccedil;&atilde;o ter&aacute; que cumprir com ped&aacute;gios:<\/p>\n<p style=\"text-align: justify;\"><strong>50%&nbsp;<\/strong>&ndash; para quem j&aacute; tem 28 anos e 1 dia de tempo de contribui&ccedil;&atilde;o, no caso da mulher. O homem ter&aacute; ter 33 anos e um dia de tempo de contribui&ccedil;&atilde;o.<\/p>\n<p style=\"text-align: justify;\">A aposentadoria ocorrer&aacute; depois que voc&ecirc; completar os requisitos do sistema de pontos da aposentadoria por idade (exceto a pessoa que tenha defici&ecirc;ncia, aposentadoria especial) e etc.<\/p>\n<h2 id=\"h-aposentadoria-por-idade\" style=\"text-align: justify;\">Aposentadoria por Idade<\/h2>\n<p style=\"text-align: justify;\" data-fetch=\"true\">&Eacute; um benef&iacute;cio previdenci&aacute;rio que tem como intuito de proteger a idade avan&ccedil;ada, no entanto, quando o benef&iacute;cio foi criado atrav&eacute;s da Lei 3.807\/1960, tinha como denomina&ccedil;&atilde;o aposentadoria por velhice .<\/p>\n<h2 id=\"h-aposentadoria-por-idade-antes-da-reforma-da-previd-ncia\" style=\"text-align: justify;\">Aposentadoria por idade antes da Reforma da Previd&ecirc;ncia<\/h2>\n<p style=\"text-align: justify;\">Antes da Reforma da Previd&ecirc;ncia, para se aposentar era necess&aacute;rio cumprir os seguintes requisitos:<\/p>\n<p style=\"text-align: justify;\">Para os homens, precisavam ter 65 anos de idade<br \/>\nPara as mulheres, precisavam ter 60 anos de idade<\/p>\n<div id=\"jorna-666278126\" class=\"jorna-amp-5\" style=\"text-align: justify;\"><\/div>\n<p style=\"text-align: justify;\">J&aacute; para quem tinha defici&ecirc;ncia seria necess&aacute;rio ter 60 anos de idade, no caso de homens, e 55 no caso de mulheres, independentemente do grau de defici&ecirc;ncia, desde que cumprido tempo m&iacute;nimo de contribui&ccedil;&atilde;o de 15 (quinze) anos e comprovada a exist&ecirc;ncia de defici&ecirc;ncia durante igual per&iacute;odo.<\/p>\n<p style=\"text-align: justify;\">Al&eacute;m do requisito da idade, o segurado do INSS deve completar um segundo requisito legal: car&ecirc;ncia.<\/p>\n<p style=\"text-align: justify;\">A car&ecirc;ncia inicial &eacute; de 60 meses e seguir uma tabela progressiva que foi criada em 2011.<br \/>\nVoc&ecirc; ter&aacute; que cumprir 15 anos ou 180 meses de car&ecirc;ncia para ter direito ao benef&iacute;cio. Para voc&ecirc; saber os meses de contribui&ccedil;&atilde;o necess&aacute;rios para se aposentar por idade, poder&aacute; consultar a tabela de car&ecirc;ncia do INSS (Instituto Nacional do Seguro Social).<\/p>\n<h2 id=\"h-aposentadoria-por-idade-ap-s-a-reforma-da-previd-ncia\" style=\"text-align: justify;\">Aposentadoria por idade ap&oacute;s a Reforma da Previd&ecirc;ncia<\/h2>\n<p style=\"text-align: justify;\" data-fetch=\"true\">Aconteceu uma modifica&ccedil;&atilde;o com a chegada da Reforma da Previd&ecirc;ncia, que alterou os requisitos legais para a aposentadoria por idade:<\/p>\n<p style=\"text-align: justify;\">Para a mulher houve o aumento na idade e para o homem houve um aumento na car&ecirc;ncia.<\/p>\n<p style=\"text-align: justify;\"><strong>As novas regras da aposentadoria por idade:<\/strong><\/p>\n<p style=\"text-align: justify;\">Para os homens: 65 anos de idade e 15 ou 20 anos de tempo de contribui&ccedil;&atilde;o<br \/>\nPara as mulheres: possuir 62 anos de idade e 15 anos de tempo de contribui&ccedil;&atilde;o<\/p>\n<h2 id=\"h-15-anos-ou-20-anos-de-tempo-de-contribui-o\" style=\"text-align: justify;\">15 anos ou 20 anos de tempo de contribui&ccedil;&atilde;o?<\/h2>\n<p style=\"text-align: justify;\">Ficou previsto que o trabalhador filiado ap&oacute;s a Reforma da Previd&ecirc;ncia, dever&aacute; comprovar<\/p>\n<p style=\"text-align: justify;\">o pagamento de 20 anos de contribui&ccedil;&otilde;es em dia (car&ecirc;ncia).<br \/>\nRegra de transi&ccedil;&atilde;o na aposentadoria por idade<br \/>\nPara a mulher que est&aacute; no per&iacute;odo de transi&ccedil;&atilde;o para cumprir os requisitos legais da aposentadoria por idade, e, por isso, o legislador previu a regra de transi&ccedil;&atilde;o:<\/p>\n<p style=\"text-align: justify;\">A partir de 2020 haver&aacute; um aumento de seis meses na idade at&eacute; se chegar aos 62 anos de idade (1&deg; de janeiro de 2023).<\/p>\n<p style=\"text-align: justify;\">Enquanto isso para os homens, dever&aacute; preencher, cumulativamente, os seguintes requisitos:<\/p>\n<p style=\"text-align: justify;\" data-fetch=\"true\">sessenta e cinco anos de idade e quinze anos de contribui&ccedil;&atilde;o &ndash; se filiado at&eacute; a data de entrada em vigor da Reforma.<\/p>\n<h2 id=\"h-regra-permanente-na-aposentadoria-por-idade\" style=\"text-align: justify;\">Regra permanente na aposentadoria por idade<\/h2>\n<p style=\"text-align: justify;\"><strong>Trabalhador urbano:<\/strong>&nbsp;65 (sessenta e cinco) anos de idade, se homem, e 62 (sessenta e dois) anos de idade, se mulher, observado tempo m&iacute;nimo de contribui&ccedil;&atilde;o;<br \/>\n<strong>Trabalhador rural e economia familiar:<\/strong>&nbsp;60 (sessenta) anos de idade, se homem, e 55 (cinquenta e cinco) anos de idade, se mulher.<\/p>\n<p style=\"text-align: justify;\"><strong>Quem tiver defici&ecirc;ncia:<\/strong>&nbsp;No casos dos homens, 60 anos de idade, e no caso de mulheres, 55 anos de idade,independentemente do grau de defici&ecirc;ncia, desde que cumprido tempo m&iacute;nimo de contribui&ccedil;&atilde;o de 15 (quinze) anos e comprovada a exist&ecirc;ncia de defici&ecirc;ncia durante igual per&iacute;odo.<\/p>\n<p style=\"text-align: justify;\">Edi&ccedil;&atilde;o por Jorge Roberto Wrigt Cunha &ndash; jornalista do Jornal Cont&aacute;bil<\/p>\n<\/div>\n<\/article>\n<\/div>\n","protected":false},"excerpt":{"rendered":"<p>Depois da publica&ccedil;&atilde;o da PEC 06\/2019 atual Emenda Constitucional 103, novas regras surgiram para o trabalhador poder se aposentar, como tamb&eacute;m regras de transi&ccedil;&atilde;o e novas f&oacute;rmulas de c&aacute;lculo e de contribui&ccedil;&atilde;o. Aposentadoria por tempo de contribui&ccedil;&atilde;o A Aposentadoria por Tempo de Contribui&ccedil;&atilde;o &eacute; o benef&iacute;cio previdenci&aacute;rio por excel&ecirc;ncia, concedido ao segurado que completar um &hellip;<\/p>\n","protected":false},"author":2,"featured_media":63233,"comment_status":"open","ping_status":"open","sticky":false,"template":"","format":"standard","meta":{"content-type":"","rop_custom_images_group":[],"rop_custom_messages_group":[],"rop_publish_now":"initial","rop_publish_now_accounts":{"facebook_2648258775420054_1618374048415101":""},"rop_publish_now_history":[],"rop_publish_now_status":"pending","footnotes":"","_jetpack_memberships_contains_paid_content":false},"categories":[113],"tags":[10304,10305,10306,10307],"yoast_head":"<!-- This site is optimized with the Yoast SEO plugin v22.3 - https:\/\/yoast.com\/wordpress\/plugins\/seo\/ -->\n<title>Trabalhador n\u00e3o poder\u00e1 mais se aposentar por tempo de contribui\u00e7\u00e3o<\/title>\n<meta name=\"robots\" content=\"index, follow, max-snippet:-1, max-image-preview:large, max-video-preview:-1\" \/>\n<link rel=\"canonical\" href=\"https:\/\/portalnpm.com\/index.php\/2021\/03\/15\/trabalhador-nao-podera-mais-se-aposentar-por-tempo-de-contribuicao\/\" \/>\n<meta property=\"og:locale\" content=\"pt_BR\" \/>\n<meta property=\"og:type\" content=\"article\" \/>\n<meta property=\"og:title\" content=\"Trabalhador n\u00e3o poder\u00e1 mais se aposentar por tempo de contribui\u00e7\u00e3o\" \/>\n<meta property=\"og:description\" content=\"Depois da publica&ccedil;&atilde;o da PEC 06\/2019 atual Emenda Constitucional 103, novas regras surgiram para o trabalhador poder se aposentar, como tamb&eacute;m regras de transi&ccedil;&atilde;o e novas f&oacute;rmulas de c&aacute;lculo e de contribui&ccedil;&atilde;o. Aposentadoria por tempo de contribui&ccedil;&atilde;o A Aposentadoria por Tempo de Contribui&ccedil;&atilde;o &eacute; o benef&iacute;cio previdenci&aacute;rio por excel&ecirc;ncia, concedido ao segurado que completar um &hellip;\" \/>\n<meta property=\"og:url\" content=\"https:\/\/portalnpm.com\/index.php\/2021\/03\/15\/trabalhador-nao-podera-mais-se-aposentar-por-tempo-de-contribuicao\/\" \/>\n<meta property=\"og:site_name\" content=\"Portal NPM\" \/>\n<meta property=\"article:published_time\" content=\"2021-03-15T21:57:55+00:00\" \/>\n<meta property=\"article:modified_time\" content=\"2024-01-16T01:58:16+00:00\" \/>\n<meta property=\"og:image\" content=\"https:\/\/portalnpm.com\/wp-content\/uploads\/2024\/01\/A-partir-de-marco-trabalhador-contribuira-mais-com-o-INSS..jpg\" \/>\n\t<meta property=\"og:image:width\" content=\"600\" \/>\n\t<meta property=\"og:image:height\" content=\"310\" \/>\n\t<meta property=\"og:image:type\" content=\"image\/jpeg\" \/>\n<meta name=\"author\" content=\"Genival Barbosa\" \/>\n<meta name=\"twitter:card\" content=\"summary_large_image\" \/>\n<meta name=\"twitter:label1\" content=\"Escrito por\" \/>\n\t<meta name=\"twitter:data1\" content=\"Genival Barbosa\" \/>\n\t<meta name=\"twitter:label2\" content=\"Est. tempo de leitura\" \/>\n\t<meta name=\"twitter:data2\" content=\"5 minutos\" \/>\n<script type=\"application\/ld+json\" class=\"yoast-schema-graph\">{\"@context\":\"https:\/\/schema.org\",\"@graph\":[{\"@type\":\"WebPage\",\"@id\":\"https:\/\/portalnpm.com\/index.php\/2021\/03\/15\/trabalhador-nao-podera-mais-se-aposentar-por-tempo-de-contribuicao\/\",\"url\":\"https:\/\/portalnpm.com\/index.php\/2021\/03\/15\/trabalhador-nao-podera-mais-se-aposentar-por-tempo-de-contribuicao\/\",\"name\":\"Trabalhador n\u00e3o poder\u00e1 mais se aposentar por tempo de contribui\u00e7\u00e3o\",\"isPartOf\":{\"@id\":\"https:\/\/portalnpm.com\/#website\"},\"primaryImageOfPage\":{\"@id\":\"https:\/\/portalnpm.com\/index.php\/2021\/03\/15\/trabalhador-nao-podera-mais-se-aposentar-por-tempo-de-contribuicao\/#primaryimage\"},\"image\":{\"@id\":\"https:\/\/portalnpm.com\/index.php\/2021\/03\/15\/trabalhador-nao-podera-mais-se-aposentar-por-tempo-de-contribuicao\/#primaryimage\"},\"thumbnailUrl\":\"https:\/\/portalnpm.com\/wp-content\/uploads\/2024\/01\/A-partir-de-marco-trabalhador-contribuira-mais-com-o-INSS..jpg\",\"datePublished\":\"2021-03-15T21:57:55+00:00\",\"dateModified\":\"2024-01-16T01:58:16+00:00\",\"author\":{\"@id\":\"https:\/\/portalnpm.com\/#\/schema\/person\/49313e563cfdefcc167f1ee4c017c294\"},\"breadcrumb\":{\"@id\":\"https:\/\/portalnpm.com\/index.php\/2021\/03\/15\/trabalhador-nao-podera-mais-se-aposentar-por-tempo-de-contribuicao\/#breadcrumb\"},\"inLanguage\":\"pt-BR\",\"potentialAction\":[{\"@type\":\"ReadAction\",\"target\":[\"https:\/\/portalnpm.com\/index.php\/2021\/03\/15\/trabalhador-nao-podera-mais-se-aposentar-por-tempo-de-contribuicao\/\"]}]},{\"@type\":\"ImageObject\",\"inLanguage\":\"pt-BR\",\"@id\":\"https:\/\/portalnpm.com\/index.php\/2021\/03\/15\/trabalhador-nao-podera-mais-se-aposentar-por-tempo-de-contribuicao\/#primaryimage\",\"url\":\"https:\/\/portalnpm.com\/wp-content\/uploads\/2024\/01\/A-partir-de-marco-trabalhador-contribuira-mais-com-o-INSS..jpg\",\"contentUrl\":\"https:\/\/portalnpm.com\/wp-content\/uploads\/2024\/01\/A-partir-de-marco-trabalhador-contribuira-mais-com-o-INSS..jpg\",\"width\":600,\"height\":310},{\"@type\":\"BreadcrumbList\",\"@id\":\"https:\/\/portalnpm.com\/index.php\/2021\/03\/15\/trabalhador-nao-podera-mais-se-aposentar-por-tempo-de-contribuicao\/#breadcrumb\",\"itemListElement\":[{\"@type\":\"ListItem\",\"position\":1,\"name\":\"In\u00edcio\",\"item\":\"https:\/\/portalnpm.com\/\"},{\"@type\":\"ListItem\",\"position\":2,\"name\":\"Trabalhador n\u00e3o poder\u00e1 mais se aposentar por tempo de contribui\u00e7\u00e3o\"}]},{\"@type\":\"WebSite\",\"@id\":\"https:\/\/portalnpm.com\/#website\",\"url\":\"https:\/\/portalnpm.com\/\",\"name\":\"Portal NPM\",\"description\":\"Not\u00edcias em Primeira M\u00e3o\",\"potentialAction\":[{\"@type\":\"SearchAction\",\"target\":{\"@type\":\"EntryPoint\",\"urlTemplate\":\"https:\/\/portalnpm.com\/?s={search_term_string}\"},\"query-input\":\"required name=search_term_string\"}],\"inLanguage\":\"pt-BR\"},{\"@type\":\"Person\",\"@id\":\"https:\/\/portalnpm.com\/#\/schema\/person\/49313e563cfdefcc167f1ee4c017c294\",\"name\":\"Genival Barbosa\",\"image\":{\"@type\":\"ImageObject\",\"inLanguage\":\"pt-BR\",\"@id\":\"https:\/\/portalnpm.com\/#\/schema\/person\/image\/\",\"url\":\"https:\/\/portalnpm.com\/wp-content\/uploads\/2024\/02\/avatar_user_2_1707743258-96x96.jpeg\",\"contentUrl\":\"https:\/\/portalnpm.com\/wp-content\/uploads\/2024\/02\/avatar_user_2_1707743258-96x96.jpeg\",\"caption\":\"Genival Barbosa\"},\"url\":\"https:\/\/portalnpm.com\/index.php\/author\/genival\/\"}]}<\/script>\n<!-- \/ Yoast SEO plugin. -->","yoast_head_json":{"title":"Trabalhador n\u00e3o poder\u00e1 mais se aposentar por tempo de contribui\u00e7\u00e3o","robots":{"index":"index","follow":"follow","max-snippet":"max-snippet:-1","max-image-preview":"max-image-preview:large","max-video-preview":"max-video-preview:-1"},"canonical":"https:\/\/portalnpm.com\/index.php\/2021\/03\/15\/trabalhador-nao-podera-mais-se-aposentar-por-tempo-de-contribuicao\/","og_locale":"pt_BR","og_type":"article","og_title":"Trabalhador n\u00e3o poder\u00e1 mais se aposentar por tempo de contribui\u00e7\u00e3o","og_description":"Depois da publica&ccedil;&atilde;o da PEC 06\/2019 atual Emenda Constitucional 103, novas regras surgiram para o trabalhador poder se aposentar, como tamb&eacute;m regras de transi&ccedil;&atilde;o e novas f&oacute;rmulas de c&aacute;lculo e de contribui&ccedil;&atilde;o. Aposentadoria por tempo de contribui&ccedil;&atilde;o A Aposentadoria por Tempo de Contribui&ccedil;&atilde;o &eacute; o benef&iacute;cio previdenci&aacute;rio por excel&ecirc;ncia, concedido ao segurado que completar um &hellip;","og_url":"https:\/\/portalnpm.com\/index.php\/2021\/03\/15\/trabalhador-nao-podera-mais-se-aposentar-por-tempo-de-contribuicao\/","og_site_name":"Portal NPM","article_published_time":"2021-03-15T21:57:55+00:00","article_modified_time":"2024-01-16T01:58:16+00:00","og_image":[{"width":600,"height":310,"url":"https:\/\/portalnpm.com\/wp-content\/uploads\/2024\/01\/A-partir-de-marco-trabalhador-contribuira-mais-com-o-INSS..jpg","type":"image\/jpeg"}],"author":"Genival Barbosa","twitter_card":"summary_large_image","twitter_misc":{"Escrito por":"Genival Barbosa","Est. tempo de leitura":"5 minutos"},"schema":{"@context":"https:\/\/schema.org","@graph":[{"@type":"WebPage","@id":"https:\/\/portalnpm.com\/index.php\/2021\/03\/15\/trabalhador-nao-podera-mais-se-aposentar-por-tempo-de-contribuicao\/","url":"https:\/\/portalnpm.com\/index.php\/2021\/03\/15\/trabalhador-nao-podera-mais-se-aposentar-por-tempo-de-contribuicao\/","name":"Trabalhador n\u00e3o poder\u00e1 mais se aposentar por tempo de contribui\u00e7\u00e3o","isPartOf":{"@id":"https:\/\/portalnpm.com\/#website"},"primaryImageOfPage":{"@id":"https:\/\/portalnpm.com\/index.php\/2021\/03\/15\/trabalhador-nao-podera-mais-se-aposentar-por-tempo-de-contribuicao\/#primaryimage"},"image":{"@id":"https:\/\/portalnpm.com\/index.php\/2021\/03\/15\/trabalhador-nao-podera-mais-se-aposentar-por-tempo-de-contribuicao\/#primaryimage"},"thumbnailUrl":"https:\/\/portalnpm.com\/wp-content\/uploads\/2024\/01\/A-partir-de-marco-trabalhador-contribuira-mais-com-o-INSS..jpg","datePublished":"2021-03-15T21:57:55+00:00","dateModified":"2024-01-16T01:58:16+00:00","author":{"@id":"https:\/\/portalnpm.com\/#\/schema\/person\/49313e563cfdefcc167f1ee4c017c294"},"breadcrumb":{"@id":"https:\/\/portalnpm.com\/index.php\/2021\/03\/15\/trabalhador-nao-podera-mais-se-aposentar-por-tempo-de-contribuicao\/#breadcrumb"},"inLanguage":"pt-BR","potentialAction":[{"@type":"ReadAction","target":["https:\/\/portalnpm.com\/index.php\/2021\/03\/15\/trabalhador-nao-podera-mais-se-aposentar-por-tempo-de-contribuicao\/"]}]},{"@type":"ImageObject","inLanguage":"pt-BR","@id":"https:\/\/portalnpm.com\/index.php\/2021\/03\/15\/trabalhador-nao-podera-mais-se-aposentar-por-tempo-de-contribuicao\/#primaryimage","url":"https:\/\/portalnpm.com\/wp-content\/uploads\/2024\/01\/A-partir-de-marco-trabalhador-contribuira-mais-com-o-INSS..jpg","contentUrl":"https:\/\/portalnpm.com\/wp-content\/uploads\/2024\/01\/A-partir-de-marco-trabalhador-contribuira-mais-com-o-INSS..jpg","width":600,"height":310},{"@type":"BreadcrumbList","@id":"https:\/\/portalnpm.com\/index.php\/2021\/03\/15\/trabalhador-nao-podera-mais-se-aposentar-por-tempo-de-contribuicao\/#breadcrumb","itemListElement":[{"@type":"ListItem","position":1,"name":"In\u00edcio","item":"https:\/\/portalnpm.com\/"},{"@type":"ListItem","position":2,"name":"Trabalhador n\u00e3o poder\u00e1 mais se aposentar por tempo de contribui\u00e7\u00e3o"}]},{"@type":"WebSite","@id":"https:\/\/portalnpm.com\/#website","url":"https:\/\/portalnpm.com\/","name":"Portal NPM","description":"Not\u00edcias em Primeira M\u00e3o","potentialAction":[{"@type":"SearchAction","target":{"@type":"EntryPoint","urlTemplate":"https:\/\/portalnpm.com\/?s={search_term_string}"},"query-input":"required name=search_term_string"}],"inLanguage":"pt-BR"},{"@type":"Person","@id":"https:\/\/portalnpm.com\/#\/schema\/person\/49313e563cfdefcc167f1ee4c017c294","name":"Genival Barbosa","image":{"@type":"ImageObject","inLanguage":"pt-BR","@id":"https:\/\/portalnpm.com\/#\/schema\/person\/image\/","url":"https:\/\/portalnpm.com\/wp-content\/uploads\/2024\/02\/avatar_user_2_1707743258-96x96.jpeg","contentUrl":"https:\/\/portalnpm.com\/wp-content\/uploads\/2024\/02\/avatar_user_2_1707743258-96x96.jpeg","caption":"Genival Barbosa"},"url":"https:\/\/portalnpm.com\/index.php\/author\/genival\/"}]}},"jetpack_sharing_enabled":true,"jetpack_featured_media_url":"https:\/\/portalnpm.com\/wp-content\/uploads\/2024\/01\/A-partir-de-marco-trabalhador-contribuira-mais-com-o-INSS..jpg","_links":{"self":[{"href":"https:\/\/portalnpm.com\/index.php\/wp-json\/wp\/v2\/posts\/63232"}],"collection":[{"href":"https:\/\/portalnpm.com\/index.php\/wp-json\/wp\/v2\/posts"}],"about":[{"href":"https:\/\/portalnpm.com\/index.php\/wp-json\/wp\/v2\/types\/post"}],"author":[{"embeddable":true,"href":"https:\/\/portalnpm.com\/index.php\/wp-json\/wp\/v2\/users\/2"}],"replies":[{"embeddable":true,"href":"https:\/\/portalnpm.com\/index.php\/wp-json\/wp\/v2\/comments?post=63232"}],"version-history":[{"count":1,"href":"https:\/\/portalnpm.com\/index.php\/wp-json\/wp\/v2\/posts\/63232\/revisions"}],"predecessor-version":[{"id":63242,"href":"https:\/\/portalnpm.com\/index.php\/wp-json\/wp\/v2\/posts\/63232\/revisions\/63242"}],"wp:featuredmedia":[{"embeddable":true,"href":"https:\/\/portalnpm.com\/index.php\/wp-json\/wp\/v2\/media\/63233"}],"wp:attachment":[{"href":"https:\/\/portalnpm.com\/index.php\/wp-json\/wp\/v2\/media?parent=63232"}],"wp:term":[{"taxonomy":"category","embeddable":true,"href":"https:\/\/portalnpm.com\/index.php\/wp-json\/wp\/v2\/categories?post=63232"},{"taxonomy":"post_tag","embeddable":true,"href":"https:\/\/portalnpm.com\/index.php\/wp-json\/wp\/v2\/tags?post=63232"}],"curies":[{"name":"wp","href":"https:\/\/api.w.org\/{rel}","templated":true}]}}