{"id":63236,"date":"2021-03-15T19:08:31","date_gmt":"2021-03-15T22:08:31","guid":{"rendered":"https:\/\/portalnpm.com\/index.php\/2021\/03\/15\/alemanha-italia-e-franca-suspendem-vacinas-da-astrazeneca-devido-a-possiveis-reacoes\/"},"modified":"2021-03-15T19:08:31","modified_gmt":"2021-03-15T22:08:31","slug":"alemanha-italia-e-franca-suspendem-vacinas-da-astrazeneca-devido-a-possiveis-reacoes","status":"publish","type":"post","link":"https:\/\/portalnpm.com\/index.php\/2021\/03\/15\/alemanha-italia-e-franca-suspendem-vacinas-da-astrazeneca-devido-a-possiveis-reacoes\/","title":{"rendered":"Alemanha, It\u00e1lia e Fran\u00e7a suspendem vacinas da AstraZeneca devido a poss\u00edveis rea\u00e7\u00f5es"},"content":{"rendered":"<p style=\"text-align: justify;\">suspender\u00e3o o uso das vacinas contra Covid-19 da AstraZeneca depois que v\u00e1rios pa\u00edses relataram poss\u00edveis efeitos colaterais graves, embora a Organiza\u00e7\u00e3o Mundial da Sa\u00fade (OMS) tenha dito que n\u00e3o havia liga\u00e7\u00e3o comprovada e que as pessoas n\u00e3o devem entrar em p\u00e2nico.<\/p>\n<p style=\"text-align: justify;\">\n<p style=\"text-align: justify;\">Dinamarca e Noruega pararam de dar a vacina na semana passada ap\u00f3s relatarem casos isolados de sangramentos, co\u00e1gulos sangu\u00edneos e contagem baixa de plaquetas. Isl\u00e2ndia e Bulg\u00e1ria seguiram o exemplo, e Irlanda e Holanda anunciaram suspens\u00f5es no domingo.<\/p>\n<p style=\"text-align: justify;\">A Espanha deixar\u00e1 de usar a vacina durante ao menos 15 dias, noticiou a r\u00e1dio Cadena Ser citando fontes n\u00e3o reveladas.<\/p>\n<p style=\"text-align: justify;\">O principal cientista da OMS reiterou na segunda-feira que n\u00e3o houve mortes documentadas relacionadas \u00e0s vacinas contra Covid-19.<\/p>\n<p style=\"text-align: justify;\">&#8220;N\u00e3o queremos que as pessoas entrem em p\u00e2nico&#8221;, disse Soumya Swaminathan em uma coletiva de imprensa virtual, acrescentando que n\u00e3o houve nenhuma associa\u00e7\u00e3o, at\u00e9 agora, identificada entre os chamados &#8220;eventos tromboemb\u00f3licos&#8221; relatados em alguns pa\u00edses e as vacinas contra Covid-19.<\/p>\n<p style=\"text-align: justify;\">As decis\u00f5es de alguns dos maiores e mais populosos pa\u00edses europeus aprofundar\u00e3o as preocupa\u00e7\u00f5es com a distribui\u00e7\u00e3o lenta de vacinas na regi\u00e3o, que est\u00e1 sendo vitimada por uma escassez devido a problemas na produ\u00e7\u00e3o de vacinas, inclusive a da AstraZeneca.<\/p>\n<p style=\"text-align: justify;\">Na semana passada, a Alemanha disse que est\u00e1 lidando com uma terceira onda de infec\u00e7\u00f5es, a It\u00e1lia est\u00e1 intensificando lockdowns e hospitais da regi\u00e3o de Paris est\u00e3o pr\u00f3ximos da lota\u00e7\u00e3o.<\/p>\n<p style=\"text-align: justify;\">O ministro da Sa\u00fade alem\u00e3o, Jens Spahn, disse que, embora o risco de co\u00e1gulos sangu\u00edneos seja baixo, n\u00e3o pode ser descartado.<\/p>\n<p style=\"text-align: justify;\">A Fran\u00e7a disse que est\u00e1 suspendendo o uso da vacina enquanto aguarda uma avalia\u00e7\u00e3o da ag\u00eancia reguladora de medicamentos da Uni\u00e3o Europeia esperada para ter\u00e7a-feira. A It\u00e1lia disse que sua interrup\u00e7\u00e3o \u00e9 uma &#8220;medida preventiva e tempor\u00e1ria&#8221; enquanto aguarda o parecer da ag\u00eancia reguladora.<\/p>\n<p style=\"text-align: justify;\">A \u00c1ustria e a Espanha pararam de usar remessas espec\u00edficas, e procuradores de Piedmont, regi\u00e3o do norte italiano, j\u00e1 haviam confiscado 393.600 doses porque um homem morreu horas depois de ser vacinado. A Sic\u00edlia, outra regi\u00e3o da It\u00e1lia, j\u00e1 o havia feito depois que duas pessoas morreram pouco depois de receberem vacinas.<\/p>\n<p style=\"text-align: justify;\">A Organiza\u00e7\u00e3o Mundial da Sa\u00fade apelou aos pa\u00edses para n\u00e3o suspenderem as vacina\u00e7\u00f5es contra uma doen\u00e7a que j\u00e1 causou mais de 2,7 milh\u00f5es de mortes em todo o mundo. O chefe da OMS, Tedros Adhanom Ghebreyesus, disse que existem sistemas em vigor para proteger a sa\u00fade p\u00fablica.<\/p>\n<p style=\"text-align: justify;\">Ele disse que uma reuni\u00e3o de uma comiss\u00e3o de aconselhamento sobre a AstraZeneca acontecer\u00e1 na ter\u00e7a-feira.<\/p>\n<p style=\"text-align: justify;\">O Reino Unido disse n\u00e3o ter nenhum receio, e a Pol\u00f4nia disse crer que os benef\u00edcios superam qualquer risco.<\/p>\n<p style=\"text-align: justify;\">A Ag\u00eancia Europeia de Medicamentos (EMA) disse n\u00e3o haver ind\u00edcios de que os acontecimentos foram provocados pela vacina\u00e7\u00e3o e que o n\u00famero de co\u00e1gulos sangu\u00edneos relatados n\u00e3o foi maior do que o visto na popula\u00e7\u00e3o geral.<\/p>\n<p style=\"text-align: justify;\">Fonte: Reuters<\/p>\n","protected":false},"excerpt":{"rendered":"<p>suspender\u00e3o o uso das vacinas contra Covid-19 da AstraZeneca depois que v\u00e1rios pa\u00edses relataram poss\u00edveis efeitos colaterais graves, embora a Organiza\u00e7\u00e3o Mundial da Sa\u00fade (OMS) tenha dito que n\u00e3o havia liga\u00e7\u00e3o comprovada e que as pessoas n\u00e3o devem entrar em p\u00e2nico. Dinamarca e Noruega pararam de dar a vacina na semana passada ap\u00f3s relatarem casos &hellip;<\/p>\n","protected":false},"author":2,"featured_media":63237,"comment_status":"open","ping_status":"open","sticky":false,"template":"","format":"standard","meta":{"content-type":"","rop_custom_images_group":[],"rop_custom_messages_group":[],"rop_publish_now":"initial","rop_publish_now_accounts":{"facebook_2648258775420054_1618374048415101":""},"rop_publish_now_history":[],"rop_publish_now_status":"pending","footnotes":"","_jetpack_memberships_contains_paid_content":false},"categories":[901,118,384],"tags":[4740,9571,8818,10311,10312,10313],"yoast_head":"<!-- This site is optimized with the Yoast SEO plugin v22.3 - https:\/\/yoast.com\/wordpress\/plugins\/seo\/ -->\n<title>Alemanha, It\u00e1lia e Fran\u00e7a suspendem vacinas da AstraZeneca devido a poss\u00edveis rea\u00e7\u00f5es<\/title>\n<meta name=\"robots\" content=\"index, follow, max-snippet:-1, max-image-preview:large, max-video-preview:-1\" \/>\n<link rel=\"canonical\" href=\"https:\/\/portalnpm.com\/index.php\/2021\/03\/15\/alemanha-italia-e-franca-suspendem-vacinas-da-astrazeneca-devido-a-possiveis-reacoes\/\" \/>\n<meta property=\"og:locale\" content=\"pt_BR\" \/>\n<meta property=\"og:type\" content=\"article\" \/>\n<meta property=\"og:title\" content=\"Alemanha, It\u00e1lia e Fran\u00e7a suspendem vacinas da AstraZeneca devido a poss\u00edveis rea\u00e7\u00f5es\" \/>\n<meta property=\"og:description\" content=\"suspender\u00e3o o uso das vacinas contra Covid-19 da AstraZeneca depois que v\u00e1rios pa\u00edses relataram poss\u00edveis efeitos colaterais graves, embora a Organiza\u00e7\u00e3o Mundial da Sa\u00fade (OMS) tenha dito que n\u00e3o havia liga\u00e7\u00e3o comprovada e que as pessoas n\u00e3o devem entrar em p\u00e2nico. Dinamarca e Noruega pararam de dar a vacina na semana passada ap\u00f3s relatarem casos &hellip;\" \/>\n<meta property=\"og:url\" content=\"https:\/\/portalnpm.com\/index.php\/2021\/03\/15\/alemanha-italia-e-franca-suspendem-vacinas-da-astrazeneca-devido-a-possiveis-reacoes\/\" \/>\n<meta property=\"og:site_name\" content=\"Portal NPM\" \/>\n<meta property=\"article:published_time\" content=\"2021-03-15T22:08:31+00:00\" \/>\n<meta property=\"og:image\" content=\"https:\/\/portalnpm.com\/wp-content\/uploads\/2024\/01\/BB1eCcv8.jpeg\" \/>\n\t<meta property=\"og:image:width\" content=\"600\" \/>\n\t<meta property=\"og:image:height\" content=\"421\" \/>\n\t<meta property=\"og:image:type\" content=\"image\/jpeg\" \/>\n<meta name=\"author\" content=\"Genival Barbosa\" \/>\n<meta name=\"twitter:card\" content=\"summary_large_image\" \/>\n<meta name=\"twitter:label1\" content=\"Escrito por\" \/>\n\t<meta name=\"twitter:data1\" content=\"Genival Barbosa\" \/>\n\t<meta name=\"twitter:label2\" content=\"Est. tempo de leitura\" \/>\n\t<meta name=\"twitter:data2\" content=\"3 minutos\" \/>\n<script type=\"application\/ld+json\" class=\"yoast-schema-graph\">{\"@context\":\"https:\/\/schema.org\",\"@graph\":[{\"@type\":\"WebPage\",\"@id\":\"https:\/\/portalnpm.com\/index.php\/2021\/03\/15\/alemanha-italia-e-franca-suspendem-vacinas-da-astrazeneca-devido-a-possiveis-reacoes\/\",\"url\":\"https:\/\/portalnpm.com\/index.php\/2021\/03\/15\/alemanha-italia-e-franca-suspendem-vacinas-da-astrazeneca-devido-a-possiveis-reacoes\/\",\"name\":\"Alemanha, It\u00e1lia e Fran\u00e7a suspendem vacinas da AstraZeneca devido a poss\u00edveis rea\u00e7\u00f5es\",\"isPartOf\":{\"@id\":\"https:\/\/portalnpm.com\/#website\"},\"primaryImageOfPage\":{\"@id\":\"https:\/\/portalnpm.com\/index.php\/2021\/03\/15\/alemanha-italia-e-franca-suspendem-vacinas-da-astrazeneca-devido-a-possiveis-reacoes\/#primaryimage\"},\"image\":{\"@id\":\"https:\/\/portalnpm.com\/index.php\/2021\/03\/15\/alemanha-italia-e-franca-suspendem-vacinas-da-astrazeneca-devido-a-possiveis-reacoes\/#primaryimage\"},\"thumbnailUrl\":\"https:\/\/portalnpm.com\/wp-content\/uploads\/2024\/01\/BB1eCcv8.jpeg\",\"datePublished\":\"2021-03-15T22:08:31+00:00\",\"dateModified\":\"2021-03-15T22:08:31+00:00\",\"author\":{\"@id\":\"https:\/\/portalnpm.com\/#\/schema\/person\/49313e563cfdefcc167f1ee4c017c294\"},\"breadcrumb\":{\"@id\":\"https:\/\/portalnpm.com\/index.php\/2021\/03\/15\/alemanha-italia-e-franca-suspendem-vacinas-da-astrazeneca-devido-a-possiveis-reacoes\/#breadcrumb\"},\"inLanguage\":\"pt-BR\",\"potentialAction\":[{\"@type\":\"ReadAction\",\"target\":[\"https:\/\/portalnpm.com\/index.php\/2021\/03\/15\/alemanha-italia-e-franca-suspendem-vacinas-da-astrazeneca-devido-a-possiveis-reacoes\/\"]}]},{\"@type\":\"ImageObject\",\"inLanguage\":\"pt-BR\",\"@id\":\"https:\/\/portalnpm.com\/index.php\/2021\/03\/15\/alemanha-italia-e-franca-suspendem-vacinas-da-astrazeneca-devido-a-possiveis-reacoes\/#primaryimage\",\"url\":\"https:\/\/portalnpm.com\/wp-content\/uploads\/2024\/01\/BB1eCcv8.jpeg\",\"contentUrl\":\"https:\/\/portalnpm.com\/wp-content\/uploads\/2024\/01\/BB1eCcv8.jpeg\",\"width\":600,\"height\":421},{\"@type\":\"BreadcrumbList\",\"@id\":\"https:\/\/portalnpm.com\/index.php\/2021\/03\/15\/alemanha-italia-e-franca-suspendem-vacinas-da-astrazeneca-devido-a-possiveis-reacoes\/#breadcrumb\",\"itemListElement\":[{\"@type\":\"ListItem\",\"position\":1,\"name\":\"In\u00edcio\",\"item\":\"https:\/\/portalnpm.com\/\"},{\"@type\":\"ListItem\",\"position\":2,\"name\":\"Alemanha, It\u00e1lia e Fran\u00e7a suspendem vacinas da AstraZeneca devido a poss\u00edveis rea\u00e7\u00f5es\"}]},{\"@type\":\"WebSite\",\"@id\":\"https:\/\/portalnpm.com\/#website\",\"url\":\"https:\/\/portalnpm.com\/\",\"name\":\"Portal NPM\",\"description\":\"Not\u00edcias em Primeira M\u00e3o\",\"potentialAction\":[{\"@type\":\"SearchAction\",\"target\":{\"@type\":\"EntryPoint\",\"urlTemplate\":\"https:\/\/portalnpm.com\/?s={search_term_string}\"},\"query-input\":\"required name=search_term_string\"}],\"inLanguage\":\"pt-BR\"},{\"@type\":\"Person\",\"@id\":\"https:\/\/portalnpm.com\/#\/schema\/person\/49313e563cfdefcc167f1ee4c017c294\",\"name\":\"Genival Barbosa\",\"image\":{\"@type\":\"ImageObject\",\"inLanguage\":\"pt-BR\",\"@id\":\"https:\/\/portalnpm.com\/#\/schema\/person\/image\/\",\"url\":\"https:\/\/portalnpm.com\/wp-content\/uploads\/2024\/02\/avatar_user_2_1707743258-96x96.jpeg\",\"contentUrl\":\"https:\/\/portalnpm.com\/wp-content\/uploads\/2024\/02\/avatar_user_2_1707743258-96x96.jpeg\",\"caption\":\"Genival Barbosa\"},\"url\":\"https:\/\/portalnpm.com\/index.php\/author\/genival\/\"}]}<\/script>\n<!-- \/ Yoast SEO plugin. -->","yoast_head_json":{"title":"Alemanha, It\u00e1lia e Fran\u00e7a suspendem vacinas da AstraZeneca devido a poss\u00edveis rea\u00e7\u00f5es","robots":{"index":"index","follow":"follow","max-snippet":"max-snippet:-1","max-image-preview":"max-image-preview:large","max-video-preview":"max-video-preview:-1"},"canonical":"https:\/\/portalnpm.com\/index.php\/2021\/03\/15\/alemanha-italia-e-franca-suspendem-vacinas-da-astrazeneca-devido-a-possiveis-reacoes\/","og_locale":"pt_BR","og_type":"article","og_title":"Alemanha, It\u00e1lia e Fran\u00e7a suspendem vacinas da AstraZeneca devido a poss\u00edveis rea\u00e7\u00f5es","og_description":"suspender\u00e3o o uso das vacinas contra Covid-19 da AstraZeneca depois que v\u00e1rios pa\u00edses relataram poss\u00edveis efeitos colaterais graves, embora a Organiza\u00e7\u00e3o Mundial da Sa\u00fade (OMS) tenha dito que n\u00e3o havia liga\u00e7\u00e3o comprovada e que as pessoas n\u00e3o devem entrar em p\u00e2nico. Dinamarca e Noruega pararam de dar a vacina na semana passada ap\u00f3s relatarem casos &hellip;","og_url":"https:\/\/portalnpm.com\/index.php\/2021\/03\/15\/alemanha-italia-e-franca-suspendem-vacinas-da-astrazeneca-devido-a-possiveis-reacoes\/","og_site_name":"Portal NPM","article_published_time":"2021-03-15T22:08:31+00:00","og_image":[{"width":600,"height":421,"url":"https:\/\/portalnpm.com\/wp-content\/uploads\/2024\/01\/BB1eCcv8.jpeg","type":"image\/jpeg"}],"author":"Genival Barbosa","twitter_card":"summary_large_image","twitter_misc":{"Escrito por":"Genival Barbosa","Est. tempo de leitura":"3 minutos"},"schema":{"@context":"https:\/\/schema.org","@graph":[{"@type":"WebPage","@id":"https:\/\/portalnpm.com\/index.php\/2021\/03\/15\/alemanha-italia-e-franca-suspendem-vacinas-da-astrazeneca-devido-a-possiveis-reacoes\/","url":"https:\/\/portalnpm.com\/index.php\/2021\/03\/15\/alemanha-italia-e-franca-suspendem-vacinas-da-astrazeneca-devido-a-possiveis-reacoes\/","name":"Alemanha, It\u00e1lia e Fran\u00e7a suspendem vacinas da AstraZeneca devido a poss\u00edveis rea\u00e7\u00f5es","isPartOf":{"@id":"https:\/\/portalnpm.com\/#website"},"primaryImageOfPage":{"@id":"https:\/\/portalnpm.com\/index.php\/2021\/03\/15\/alemanha-italia-e-franca-suspendem-vacinas-da-astrazeneca-devido-a-possiveis-reacoes\/#primaryimage"},"image":{"@id":"https:\/\/portalnpm.com\/index.php\/2021\/03\/15\/alemanha-italia-e-franca-suspendem-vacinas-da-astrazeneca-devido-a-possiveis-reacoes\/#primaryimage"},"thumbnailUrl":"https:\/\/portalnpm.com\/wp-content\/uploads\/2024\/01\/BB1eCcv8.jpeg","datePublished":"2021-03-15T22:08:31+00:00","dateModified":"2021-03-15T22:08:31+00:00","author":{"@id":"https:\/\/portalnpm.com\/#\/schema\/person\/49313e563cfdefcc167f1ee4c017c294"},"breadcrumb":{"@id":"https:\/\/portalnpm.com\/index.php\/2021\/03\/15\/alemanha-italia-e-franca-suspendem-vacinas-da-astrazeneca-devido-a-possiveis-reacoes\/#breadcrumb"},"inLanguage":"pt-BR","potentialAction":[{"@type":"ReadAction","target":["https:\/\/portalnpm.com\/index.php\/2021\/03\/15\/alemanha-italia-e-franca-suspendem-vacinas-da-astrazeneca-devido-a-possiveis-reacoes\/"]}]},{"@type":"ImageObject","inLanguage":"pt-BR","@id":"https:\/\/portalnpm.com\/index.php\/2021\/03\/15\/alemanha-italia-e-franca-suspendem-vacinas-da-astrazeneca-devido-a-possiveis-reacoes\/#primaryimage","url":"https:\/\/portalnpm.com\/wp-content\/uploads\/2024\/01\/BB1eCcv8.jpeg","contentUrl":"https:\/\/portalnpm.com\/wp-content\/uploads\/2024\/01\/BB1eCcv8.jpeg","width":600,"height":421},{"@type":"BreadcrumbList","@id":"https:\/\/portalnpm.com\/index.php\/2021\/03\/15\/alemanha-italia-e-franca-suspendem-vacinas-da-astrazeneca-devido-a-possiveis-reacoes\/#breadcrumb","itemListElement":[{"@type":"ListItem","position":1,"name":"In\u00edcio","item":"https:\/\/portalnpm.com\/"},{"@type":"ListItem","position":2,"name":"Alemanha, It\u00e1lia e Fran\u00e7a suspendem vacinas da AstraZeneca devido a poss\u00edveis rea\u00e7\u00f5es"}]},{"@type":"WebSite","@id":"https:\/\/portalnpm.com\/#website","url":"https:\/\/portalnpm.com\/","name":"Portal NPM","description":"Not\u00edcias em Primeira M\u00e3o","potentialAction":[{"@type":"SearchAction","target":{"@type":"EntryPoint","urlTemplate":"https:\/\/portalnpm.com\/?s={search_term_string}"},"query-input":"required name=search_term_string"}],"inLanguage":"pt-BR"},{"@type":"Person","@id":"https:\/\/portalnpm.com\/#\/schema\/person\/49313e563cfdefcc167f1ee4c017c294","name":"Genival Barbosa","image":{"@type":"ImageObject","inLanguage":"pt-BR","@id":"https:\/\/portalnpm.com\/#\/schema\/person\/image\/","url":"https:\/\/portalnpm.com\/wp-content\/uploads\/2024\/02\/avatar_user_2_1707743258-96x96.jpeg","contentUrl":"https:\/\/portalnpm.com\/wp-content\/uploads\/2024\/02\/avatar_user_2_1707743258-96x96.jpeg","caption":"Genival Barbosa"},"url":"https:\/\/portalnpm.com\/index.php\/author\/genival\/"}]}},"jetpack_sharing_enabled":true,"jetpack_featured_media_url":"https:\/\/portalnpm.com\/wp-content\/uploads\/2024\/01\/BB1eCcv8.jpeg","_links":{"self":[{"href":"https:\/\/portalnpm.com\/index.php\/wp-json\/wp\/v2\/posts\/63236"}],"collection":[{"href":"https:\/\/portalnpm.com\/index.php\/wp-json\/wp\/v2\/posts"}],"about":[{"href":"https:\/\/portalnpm.com\/index.php\/wp-json\/wp\/v2\/types\/post"}],"author":[{"embeddable":true,"href":"https:\/\/portalnpm.com\/index.php\/wp-json\/wp\/v2\/users\/2"}],"replies":[{"embeddable":true,"href":"https:\/\/portalnpm.com\/index.php\/wp-json\/wp\/v2\/comments?post=63236"}],"version-history":[{"count":0,"href":"https:\/\/portalnpm.com\/index.php\/wp-json\/wp\/v2\/posts\/63236\/revisions"}],"wp:featuredmedia":[{"embeddable":true,"href":"https:\/\/portalnpm.com\/index.php\/wp-json\/wp\/v2\/media\/63237"}],"wp:attachment":[{"href":"https:\/\/portalnpm.com\/index.php\/wp-json\/wp\/v2\/media?parent=63236"}],"wp:term":[{"taxonomy":"category","embeddable":true,"href":"https:\/\/portalnpm.com\/index.php\/wp-json\/wp\/v2\/categories?post=63236"},{"taxonomy":"post_tag","embeddable":true,"href":"https:\/\/portalnpm.com\/index.php\/wp-json\/wp\/v2\/tags?post=63236"}],"curies":[{"name":"wp","href":"https:\/\/api.w.org\/{rel}","templated":true}]}}