{"id":63340,"date":"2021-03-17T18:53:33","date_gmt":"2021-03-17T21:53:33","guid":{"rendered":"https:\/\/portalnpm.com\/index.php\/2021\/03\/17\/pr-fisiculturista-perde-quase-30-kg-apos-ficar-62-dias-na-uti-com-covid-19\/"},"modified":"2021-03-17T18:53:33","modified_gmt":"2021-03-17T21:53:33","slug":"pr-fisiculturista-perde-quase-30-kg-apos-ficar-62-dias-na-uti-com-covid-19","status":"publish","type":"post","link":"https:\/\/portalnpm.com\/index.php\/2021\/03\/17\/pr-fisiculturista-perde-quase-30-kg-apos-ficar-62-dias-na-uti-com-covid-19\/","title":{"rendered":"PR: Fisiculturista perde quase 30 kg ap\u00f3s ficar 62 dias na UTI com Covid-19"},"content":{"rendered":"<section class=\"flexarticle\" data-id=\"37\" data-m=\"{\"i\":37,\"p\":35,\"n\":\"flexarticle\",\"y\":6,\"o\":2}\">\n<section class=\"articlebody  flexarticlebody \" data-id=\"38\" data-m=\"{\"i\":38,\"p\":37,\"n\":\"articlebody\",\"y\":6,\"o\":1}\">\n<p style=\"text-align: justify;\">O fisiculturista Kaique Barbanti, de 27 anos, perdeu 30 quilos durante os 62 dias que ficou internado na UTI por causa da Covid-19. Barbanti pesava normalmente cerca de 80 quilos. Saud\u00e1vel e sem comorbidades, o jovem de Curitiba (PR) conta que a doen\u00e7a se agravou cerca de 13 dias ap\u00f3s o in\u00edcio dos sintomas. As informa\u00e7\u00f5es s\u00e3o do G1.<\/p>\n<p style=\"text-align: justify;\">\n<p style=\"text-align: justify;\">\u201cA doen\u00e7a foi bem trai\u00e7oeira. Comecei tendo sintomas moderados, perda de apetite, enjoo, v\u00f4mito, dor de cabe\u00e7a, no corpo. No 13\u00ba dia, quando eu achei que estava livre da doen\u00e7a, acordei com 87% de satura\u00e7\u00e3o. No hospital, colocaram fita vermelha no meu bra\u00e7o e puxaram para dentro. S\u00f3 estando l\u00e1 para sentir o medo de morrer sozinho, sem conseguir nem ao menos me despedir\u201d, disse ao G1.<\/p>\n<p style=\"text-align: justify;\">De acordo com Kaique, o quadro de sa\u00fade foi se agravando cada vez mais. Ficou entubado por seis dias, permaneceu por oito dias na UTI, recebeu alta da UTI e, um dia antes da alta para ir para casa, sofreu uma tromboembolia pulmonar.<\/p>\n<p style=\"text-align: justify;\">Em seguida, o jovem passou 23 dias na m\u00e1quina ECMO, que \u00e9 capaz de funcionar como um pulm\u00e3o e um cora\u00e7\u00e3o artificiais para o paciente. \u201cMe colocaram na ECMO, que \u00e9 quase uma senten\u00e7a de morte, e venci. Fui o segundo paciente da hist\u00f3ria do Hospital Marcelino Champagnat que conseguiu sobreviver ap\u00f3s essa m\u00e1quina. A\u00ed foi come\u00e7ando o milagre\u201d, afirmou o fisiculturista ao G1.<\/p>\n<p style=\"text-align: justify;\">Ap\u00f3s sair do hospital, j\u00e1 sem risco de morrer, Kaique teve que reaprender a fazer as atividades mais b\u00e1sicas, como falar, mastigar, engolir e andar. No \u00faltimo dia 11, seis meses ap\u00f3s a alta, ele fez uma postagem relatando toda a dificuldade de passar pela doen\u00e7a. O fisiculturista tamb\u00e9m fez um apelo para que as pessoas fiquem em casa.<\/p>\n<div class=\"embedpress-wrapper ose-instagram ose-uid-1a0403af301d5837a2500bba3940ff75 responsive\" style=\"text-align: justify;\">\n<div><iframe id=\"instagram-embed-0\" class=\"instagram-media ig-em-bq instagram-media-rendered\" src=\"https:\/\/www.instagram.com\/p\/CMQXs8BJzrZ\/embed\/captioned\/?cr=1&#038;v=13&#038;wp=647&#038;rd=https%3A%2F%2Fwww.msn.com&#038;rp=%2Fpt-br%2Fsaude%2Fmedicina%2Fpr-fisiculturista-perde-quase-30-kg-ap%25c3%25b3s-ficar-62-dias-na-uti-com-covid-19%2Far-BB1eDYrh%3Fli%3DAAggXC1#%7B%22ci%22%3A0%2C%22os%22%3A7312.100000010105%2C%22ls%22%3A6452.40000000922%2C%22le%22%3A6470.000000001164%7D\" height=\"1553\" frameborder=\"0\" scrolling=\"no\" allowfullscreen=\"allowfullscreen\" data-instgrm-payload-id=\"instagram-media-payload-0\" data-mce-fragment=\"1\"><\/iframe><\/div>\n<\/div>\n<\/section>\n<\/section>\n<div class=\"vl_disclosure\" style=\"text-align: justify;\"><\/div>\n<div style=\"text-align: justify;\">Fonte: Isto \u00e9<\/div>\n","protected":false},"excerpt":{"rendered":"<p>O fisiculturista Kaique Barbanti, de 27 anos, perdeu 30 quilos durante os 62 dias que ficou internado na UTI por causa da Covid-19. Barbanti pesava normalmente cerca de 80 quilos. Saud\u00e1vel e sem comorbidades, o jovem de Curitiba (PR) conta que a doen\u00e7a se agravou cerca de 13 dias ap\u00f3s o in\u00edcio dos sintomas. As &hellip;<\/p>\n","protected":false},"author":2,"featured_media":63341,"comment_status":"open","ping_status":"open","sticky":false,"template":"","format":"standard","meta":{"content-type":"","rop_custom_images_group":[],"rop_custom_messages_group":[],"rop_publish_now":"initial","rop_publish_now_accounts":{"facebook_2648258775420054_1618374048415101":""},"rop_publish_now_history":[],"rop_publish_now_status":"pending","footnotes":"","_jetpack_memberships_contains_paid_content":false},"categories":[125],"tags":[10353,1113,10354,10355],"yoast_head":"<!-- This site is optimized with the Yoast SEO plugin v22.3 - https:\/\/yoast.com\/wordpress\/plugins\/seo\/ -->\n<title>PR: Fisiculturista perde quase 30 kg ap\u00f3s ficar 62 dias na UTI com Covid-19<\/title>\n<meta name=\"robots\" content=\"index, follow, max-snippet:-1, max-image-preview:large, max-video-preview:-1\" \/>\n<link rel=\"canonical\" href=\"https:\/\/portalnpm.com\/index.php\/2021\/03\/17\/pr-fisiculturista-perde-quase-30-kg-apos-ficar-62-dias-na-uti-com-covid-19\/\" \/>\n<meta property=\"og:locale\" content=\"pt_BR\" \/>\n<meta property=\"og:type\" content=\"article\" \/>\n<meta property=\"og:title\" content=\"PR: Fisiculturista perde quase 30 kg ap\u00f3s ficar 62 dias na UTI com Covid-19\" \/>\n<meta property=\"og:description\" content=\"O fisiculturista Kaique Barbanti, de 27 anos, perdeu 30 quilos durante os 62 dias que ficou internado na UTI por causa da Covid-19. Barbanti pesava normalmente cerca de 80 quilos. Saud\u00e1vel e sem comorbidades, o jovem de Curitiba (PR) conta que a doen\u00e7a se agravou cerca de 13 dias ap\u00f3s o in\u00edcio dos sintomas. As &hellip;\" \/>\n<meta property=\"og:url\" content=\"https:\/\/portalnpm.com\/index.php\/2021\/03\/17\/pr-fisiculturista-perde-quase-30-kg-apos-ficar-62-dias-na-uti-com-covid-19\/\" \/>\n<meta property=\"og:site_name\" content=\"Portal NPM\" \/>\n<meta property=\"article:published_time\" content=\"2021-03-17T21:53:33+00:00\" \/>\n<meta property=\"og:image\" content=\"https:\/\/portalnpm.com\/wp-content\/uploads\/2024\/01\/BB1eE5tz.jpeg\" \/>\n\t<meta property=\"og:image:width\" content=\"599\" \/>\n\t<meta property=\"og:image:height\" content=\"346\" \/>\n\t<meta property=\"og:image:type\" content=\"image\/jpeg\" \/>\n<meta name=\"author\" content=\"Genival Barbosa\" \/>\n<meta name=\"twitter:card\" content=\"summary_large_image\" \/>\n<meta name=\"twitter:label1\" content=\"Escrito por\" \/>\n\t<meta name=\"twitter:data1\" content=\"Genival Barbosa\" \/>\n\t<meta name=\"twitter:label2\" content=\"Est. tempo de leitura\" \/>\n\t<meta name=\"twitter:data2\" content=\"2 minutos\" \/>\n<script type=\"application\/ld+json\" class=\"yoast-schema-graph\">{\"@context\":\"https:\/\/schema.org\",\"@graph\":[{\"@type\":\"WebPage\",\"@id\":\"https:\/\/portalnpm.com\/index.php\/2021\/03\/17\/pr-fisiculturista-perde-quase-30-kg-apos-ficar-62-dias-na-uti-com-covid-19\/\",\"url\":\"https:\/\/portalnpm.com\/index.php\/2021\/03\/17\/pr-fisiculturista-perde-quase-30-kg-apos-ficar-62-dias-na-uti-com-covid-19\/\",\"name\":\"PR: Fisiculturista perde quase 30 kg ap\u00f3s ficar 62 dias na UTI com Covid-19\",\"isPartOf\":{\"@id\":\"https:\/\/portalnpm.com\/#website\"},\"primaryImageOfPage\":{\"@id\":\"https:\/\/portalnpm.com\/index.php\/2021\/03\/17\/pr-fisiculturista-perde-quase-30-kg-apos-ficar-62-dias-na-uti-com-covid-19\/#primaryimage\"},\"image\":{\"@id\":\"https:\/\/portalnpm.com\/index.php\/2021\/03\/17\/pr-fisiculturista-perde-quase-30-kg-apos-ficar-62-dias-na-uti-com-covid-19\/#primaryimage\"},\"thumbnailUrl\":\"https:\/\/portalnpm.com\/wp-content\/uploads\/2024\/01\/BB1eE5tz.jpeg\",\"datePublished\":\"2021-03-17T21:53:33+00:00\",\"dateModified\":\"2021-03-17T21:53:33+00:00\",\"author\":{\"@id\":\"https:\/\/portalnpm.com\/#\/schema\/person\/49313e563cfdefcc167f1ee4c017c294\"},\"breadcrumb\":{\"@id\":\"https:\/\/portalnpm.com\/index.php\/2021\/03\/17\/pr-fisiculturista-perde-quase-30-kg-apos-ficar-62-dias-na-uti-com-covid-19\/#breadcrumb\"},\"inLanguage\":\"pt-BR\",\"potentialAction\":[{\"@type\":\"ReadAction\",\"target\":[\"https:\/\/portalnpm.com\/index.php\/2021\/03\/17\/pr-fisiculturista-perde-quase-30-kg-apos-ficar-62-dias-na-uti-com-covid-19\/\"]}]},{\"@type\":\"ImageObject\",\"inLanguage\":\"pt-BR\",\"@id\":\"https:\/\/portalnpm.com\/index.php\/2021\/03\/17\/pr-fisiculturista-perde-quase-30-kg-apos-ficar-62-dias-na-uti-com-covid-19\/#primaryimage\",\"url\":\"https:\/\/portalnpm.com\/wp-content\/uploads\/2024\/01\/BB1eE5tz.jpeg\",\"contentUrl\":\"https:\/\/portalnpm.com\/wp-content\/uploads\/2024\/01\/BB1eE5tz.jpeg\",\"width\":599,\"height\":346},{\"@type\":\"BreadcrumbList\",\"@id\":\"https:\/\/portalnpm.com\/index.php\/2021\/03\/17\/pr-fisiculturista-perde-quase-30-kg-apos-ficar-62-dias-na-uti-com-covid-19\/#breadcrumb\",\"itemListElement\":[{\"@type\":\"ListItem\",\"position\":1,\"name\":\"In\u00edcio\",\"item\":\"https:\/\/portalnpm.com\/\"},{\"@type\":\"ListItem\",\"position\":2,\"name\":\"PR: Fisiculturista perde quase 30 kg ap\u00f3s ficar 62 dias na UTI com Covid-19\"}]},{\"@type\":\"WebSite\",\"@id\":\"https:\/\/portalnpm.com\/#website\",\"url\":\"https:\/\/portalnpm.com\/\",\"name\":\"Portal NPM\",\"description\":\"Not\u00edcias em Primeira M\u00e3o\",\"potentialAction\":[{\"@type\":\"SearchAction\",\"target\":{\"@type\":\"EntryPoint\",\"urlTemplate\":\"https:\/\/portalnpm.com\/?s={search_term_string}\"},\"query-input\":\"required name=search_term_string\"}],\"inLanguage\":\"pt-BR\"},{\"@type\":\"Person\",\"@id\":\"https:\/\/portalnpm.com\/#\/schema\/person\/49313e563cfdefcc167f1ee4c017c294\",\"name\":\"Genival Barbosa\",\"image\":{\"@type\":\"ImageObject\",\"inLanguage\":\"pt-BR\",\"@id\":\"https:\/\/portalnpm.com\/#\/schema\/person\/image\/\",\"url\":\"https:\/\/portalnpm.com\/wp-content\/uploads\/2024\/02\/avatar_user_2_1707743258-96x96.jpeg\",\"contentUrl\":\"https:\/\/portalnpm.com\/wp-content\/uploads\/2024\/02\/avatar_user_2_1707743258-96x96.jpeg\",\"caption\":\"Genival Barbosa\"},\"url\":\"https:\/\/portalnpm.com\/index.php\/author\/genival\/\"}]}<\/script>\n<!-- \/ Yoast SEO plugin. -->","yoast_head_json":{"title":"PR: Fisiculturista perde quase 30 kg ap\u00f3s ficar 62 dias na UTI com Covid-19","robots":{"index":"index","follow":"follow","max-snippet":"max-snippet:-1","max-image-preview":"max-image-preview:large","max-video-preview":"max-video-preview:-1"},"canonical":"https:\/\/portalnpm.com\/index.php\/2021\/03\/17\/pr-fisiculturista-perde-quase-30-kg-apos-ficar-62-dias-na-uti-com-covid-19\/","og_locale":"pt_BR","og_type":"article","og_title":"PR: Fisiculturista perde quase 30 kg ap\u00f3s ficar 62 dias na UTI com Covid-19","og_description":"O fisiculturista Kaique Barbanti, de 27 anos, perdeu 30 quilos durante os 62 dias que ficou internado na UTI por causa da Covid-19. Barbanti pesava normalmente cerca de 80 quilos. Saud\u00e1vel e sem comorbidades, o jovem de Curitiba (PR) conta que a doen\u00e7a se agravou cerca de 13 dias ap\u00f3s o in\u00edcio dos sintomas. As &hellip;","og_url":"https:\/\/portalnpm.com\/index.php\/2021\/03\/17\/pr-fisiculturista-perde-quase-30-kg-apos-ficar-62-dias-na-uti-com-covid-19\/","og_site_name":"Portal NPM","article_published_time":"2021-03-17T21:53:33+00:00","og_image":[{"width":599,"height":346,"url":"https:\/\/portalnpm.com\/wp-content\/uploads\/2024\/01\/BB1eE5tz.jpeg","type":"image\/jpeg"}],"author":"Genival Barbosa","twitter_card":"summary_large_image","twitter_misc":{"Escrito por":"Genival Barbosa","Est. tempo de leitura":"2 minutos"},"schema":{"@context":"https:\/\/schema.org","@graph":[{"@type":"WebPage","@id":"https:\/\/portalnpm.com\/index.php\/2021\/03\/17\/pr-fisiculturista-perde-quase-30-kg-apos-ficar-62-dias-na-uti-com-covid-19\/","url":"https:\/\/portalnpm.com\/index.php\/2021\/03\/17\/pr-fisiculturista-perde-quase-30-kg-apos-ficar-62-dias-na-uti-com-covid-19\/","name":"PR: Fisiculturista perde quase 30 kg ap\u00f3s ficar 62 dias na UTI com Covid-19","isPartOf":{"@id":"https:\/\/portalnpm.com\/#website"},"primaryImageOfPage":{"@id":"https:\/\/portalnpm.com\/index.php\/2021\/03\/17\/pr-fisiculturista-perde-quase-30-kg-apos-ficar-62-dias-na-uti-com-covid-19\/#primaryimage"},"image":{"@id":"https:\/\/portalnpm.com\/index.php\/2021\/03\/17\/pr-fisiculturista-perde-quase-30-kg-apos-ficar-62-dias-na-uti-com-covid-19\/#primaryimage"},"thumbnailUrl":"https:\/\/portalnpm.com\/wp-content\/uploads\/2024\/01\/BB1eE5tz.jpeg","datePublished":"2021-03-17T21:53:33+00:00","dateModified":"2021-03-17T21:53:33+00:00","author":{"@id":"https:\/\/portalnpm.com\/#\/schema\/person\/49313e563cfdefcc167f1ee4c017c294"},"breadcrumb":{"@id":"https:\/\/portalnpm.com\/index.php\/2021\/03\/17\/pr-fisiculturista-perde-quase-30-kg-apos-ficar-62-dias-na-uti-com-covid-19\/#breadcrumb"},"inLanguage":"pt-BR","potentialAction":[{"@type":"ReadAction","target":["https:\/\/portalnpm.com\/index.php\/2021\/03\/17\/pr-fisiculturista-perde-quase-30-kg-apos-ficar-62-dias-na-uti-com-covid-19\/"]}]},{"@type":"ImageObject","inLanguage":"pt-BR","@id":"https:\/\/portalnpm.com\/index.php\/2021\/03\/17\/pr-fisiculturista-perde-quase-30-kg-apos-ficar-62-dias-na-uti-com-covid-19\/#primaryimage","url":"https:\/\/portalnpm.com\/wp-content\/uploads\/2024\/01\/BB1eE5tz.jpeg","contentUrl":"https:\/\/portalnpm.com\/wp-content\/uploads\/2024\/01\/BB1eE5tz.jpeg","width":599,"height":346},{"@type":"BreadcrumbList","@id":"https:\/\/portalnpm.com\/index.php\/2021\/03\/17\/pr-fisiculturista-perde-quase-30-kg-apos-ficar-62-dias-na-uti-com-covid-19\/#breadcrumb","itemListElement":[{"@type":"ListItem","position":1,"name":"In\u00edcio","item":"https:\/\/portalnpm.com\/"},{"@type":"ListItem","position":2,"name":"PR: Fisiculturista perde quase 30 kg ap\u00f3s ficar 62 dias na UTI com Covid-19"}]},{"@type":"WebSite","@id":"https:\/\/portalnpm.com\/#website","url":"https:\/\/portalnpm.com\/","name":"Portal NPM","description":"Not\u00edcias em Primeira M\u00e3o","potentialAction":[{"@type":"SearchAction","target":{"@type":"EntryPoint","urlTemplate":"https:\/\/portalnpm.com\/?s={search_term_string}"},"query-input":"required name=search_term_string"}],"inLanguage":"pt-BR"},{"@type":"Person","@id":"https:\/\/portalnpm.com\/#\/schema\/person\/49313e563cfdefcc167f1ee4c017c294","name":"Genival Barbosa","image":{"@type":"ImageObject","inLanguage":"pt-BR","@id":"https:\/\/portalnpm.com\/#\/schema\/person\/image\/","url":"https:\/\/portalnpm.com\/wp-content\/uploads\/2024\/02\/avatar_user_2_1707743258-96x96.jpeg","contentUrl":"https:\/\/portalnpm.com\/wp-content\/uploads\/2024\/02\/avatar_user_2_1707743258-96x96.jpeg","caption":"Genival Barbosa"},"url":"https:\/\/portalnpm.com\/index.php\/author\/genival\/"}]}},"jetpack_sharing_enabled":true,"jetpack_featured_media_url":"https:\/\/portalnpm.com\/wp-content\/uploads\/2024\/01\/BB1eE5tz.jpeg","_links":{"self":[{"href":"https:\/\/portalnpm.com\/index.php\/wp-json\/wp\/v2\/posts\/63340"}],"collection":[{"href":"https:\/\/portalnpm.com\/index.php\/wp-json\/wp\/v2\/posts"}],"about":[{"href":"https:\/\/portalnpm.com\/index.php\/wp-json\/wp\/v2\/types\/post"}],"author":[{"embeddable":true,"href":"https:\/\/portalnpm.com\/index.php\/wp-json\/wp\/v2\/users\/2"}],"replies":[{"embeddable":true,"href":"https:\/\/portalnpm.com\/index.php\/wp-json\/wp\/v2\/comments?post=63340"}],"version-history":[{"count":0,"href":"https:\/\/portalnpm.com\/index.php\/wp-json\/wp\/v2\/posts\/63340\/revisions"}],"wp:featuredmedia":[{"embeddable":true,"href":"https:\/\/portalnpm.com\/index.php\/wp-json\/wp\/v2\/media\/63341"}],"wp:attachment":[{"href":"https:\/\/portalnpm.com\/index.php\/wp-json\/wp\/v2\/media?parent=63340"}],"wp:term":[{"taxonomy":"category","embeddable":true,"href":"https:\/\/portalnpm.com\/index.php\/wp-json\/wp\/v2\/categories?post=63340"},{"taxonomy":"post_tag","embeddable":true,"href":"https:\/\/portalnpm.com\/index.php\/wp-json\/wp\/v2\/tags?post=63340"}],"curies":[{"name":"wp","href":"https:\/\/api.w.org\/{rel}","templated":true}]}}