{"id":63368,"date":"2021-03-18T18:58:45","date_gmt":"2021-03-18T21:58:45","guid":{"rendered":"https:\/\/portalnpm.com\/index.php\/2021\/03\/18\/com-covid-19-agnaldo-timoteo-e-internado-em-uti-no-rio\/"},"modified":"2021-03-18T18:58:45","modified_gmt":"2021-03-18T21:58:45","slug":"com-covid-19-agnaldo-timoteo-e-internado-em-uti-no-rio","status":"publish","type":"post","link":"https:\/\/portalnpm.com\/index.php\/2021\/03\/18\/com-covid-19-agnaldo-timoteo-e-internado-em-uti-no-rio\/","title":{"rendered":"Com covid-19, Agnaldo Tim\u00f3teo \u00e9 internado em UTI no Rio"},"content":{"rendered":"<section class=\"flexarticle\" data-id=\"37\" data-m=\"{\"i\":37,\"p\":35,\"n\":\"flexarticle\",\"y\":6,\"o\":2}\">\n<section class=\"articlebody  flexarticlebody \" data-id=\"38\" data-m=\"{\"i\":38,\"p\":37,\"n\":\"articlebody\",\"y\":6,\"o\":1}\">\n<p style=\"text-align: justify;\">O cantor Agnaldo Tim\u00f3teo, de 84 anos, foi internado na quarta-feira, 17, na UTI (Unidade de Terapia Intensiva) de um hospital do Rio de Janeiro em decorr\u00eancia de complica\u00e7\u00f5es da\u00a0<a href=\"https:\/\/catracalivre.com.br\/saude-bem-estar\/estudo-classifica-6-tipos-de-covid-19-saiba-os-sinais-de-cada-uma\/\" target=\"_blank\" rel=\"noopener noreferrer\" data-id=\"40\">covid-19<\/a>.<\/p>\n<p style=\"text-align: justify;\">\n<p style=\"text-align: justify;\">De acordo com boletim do hospital Casa S\u00e3o Bernardo, na Barra da Tijuca, na zona oeste da capital fluminense,\u00a0<a href=\"https:\/\/www.instagram.com\/timotinhoreal\/\" target=\"_blank\" rel=\"noopener noreferrer\" data-id=\"41\">divulgado pela fam\u00edlia<\/a>, o estado de sa\u00fade do cantor \u00e9 grave, mas est\u00e1vel.<\/p>\n<p style=\"text-align: justify;\">Agnaldo Tim\u00f3teo j\u00e1 havia tomado a primeira dose da vacina na \u00faltima segunda-feira, 15, e teria contra\u00eddo a doen\u00e7a no intervalo para a segunda dose.<\/p>\n<p style=\"text-align: justify;\">Ainda de acordo com o boletim, na ter\u00e7a-feira, 16, o cantor reclamou de falta de ar. A tomografia apontou \u201cacometimento de m\u00e9dio a grave\u201d dos pulm\u00f5es. O cantor recebeu medica\u00e7\u00e3o e foi colocado em isolamento.<\/p>\n<div style=\"text-align: justify;\"><iframe id=\"instagram-embed-0\" class=\"instagram-media ig-em-bq instagram-media-rendered\" src=\"https:\/\/www.instagram.com\/p\/CMiJOmVpxN6\/embed\/captioned\/?cr=1&#038;v=13&#038;wp=647&#038;rd=https%3A%2F%2Fwww.msn.com&#038;rp=%2Fpt-br%2Fsaude%2Fmedicina%2Fcom-covid-19-agnaldo-tim%25c3%25b3teo-%25c3%25a9-internado-em-uti-no-rio%2Far-BB1eJ4rc%3Fli%3DAAggXC1#%7B%22ci%22%3A0%2C%22os%22%3A5719.900000000052%2C%22ls%22%3A5116.00000000044%2C%22le%22%3A5241.00000000044%7D\" height=\"877\" frameborder=\"0\" scrolling=\"no\" allowfullscreen=\"allowfullscreen\" data-instgrm-payload-id=\"instagram-media-payload-0\" data-mce-fragment=\"1\"><\/iframe><\/div>\n<\/section>\n<\/section>\n<div class=\"vl_disclosure\" style=\"text-align: justify;\"><\/div>\n<div style=\"text-align: justify;\">Fonte: Catraca Livre<\/div>\n","protected":false},"excerpt":{"rendered":"<p>O cantor Agnaldo Tim\u00f3teo, de 84 anos, foi internado na quarta-feira, 17, na UTI (Unidade de Terapia Intensiva) de um hospital do Rio de Janeiro em decorr\u00eancia de complica\u00e7\u00f5es da\u00a0covid-19. De acordo com boletim do hospital Casa S\u00e3o Bernardo, na Barra da Tijuca, na zona oeste da capital fluminense,\u00a0divulgado pela fam\u00edlia, o estado de sa\u00fade &hellip;<\/p>\n","protected":false},"author":2,"featured_media":63369,"comment_status":"open","ping_status":"open","sticky":false,"template":"","format":"standard","meta":{"content-type":"","rop_custom_images_group":[],"rop_custom_messages_group":[],"rop_publish_now":"initial","rop_publish_now_accounts":{"facebook_2648258775420054_1618374048415101":""},"rop_publish_now_history":[],"rop_publish_now_status":"pending","footnotes":"","_jetpack_memberships_contains_paid_content":false},"categories":[147],"tags":[10388,7134,2323,10389],"yoast_head":"<!-- This site is optimized with the Yoast SEO plugin v22.3 - https:\/\/yoast.com\/wordpress\/plugins\/seo\/ -->\n<title>Com covid-19, Agnaldo Tim\u00f3teo \u00e9 internado em UTI no Rio<\/title>\n<meta name=\"robots\" content=\"index, follow, max-snippet:-1, max-image-preview:large, max-video-preview:-1\" \/>\n<link rel=\"canonical\" href=\"https:\/\/portalnpm.com\/index.php\/2021\/03\/18\/com-covid-19-agnaldo-timoteo-e-internado-em-uti-no-rio\/\" \/>\n<meta property=\"og:locale\" content=\"pt_BR\" \/>\n<meta property=\"og:type\" content=\"article\" \/>\n<meta property=\"og:title\" content=\"Com covid-19, Agnaldo Tim\u00f3teo \u00e9 internado em UTI no Rio\" \/>\n<meta property=\"og:description\" content=\"O cantor Agnaldo Tim\u00f3teo, de 84 anos, foi internado na quarta-feira, 17, na UTI (Unidade de Terapia Intensiva) de um hospital do Rio de Janeiro em decorr\u00eancia de complica\u00e7\u00f5es da\u00a0covid-19. De acordo com boletim do hospital Casa S\u00e3o Bernardo, na Barra da Tijuca, na zona oeste da capital fluminense,\u00a0divulgado pela fam\u00edlia, o estado de sa\u00fade &hellip;\" \/>\n<meta property=\"og:url\" content=\"https:\/\/portalnpm.com\/index.php\/2021\/03\/18\/com-covid-19-agnaldo-timoteo-e-internado-em-uti-no-rio\/\" \/>\n<meta property=\"og:site_name\" content=\"Portal NPM\" \/>\n<meta property=\"article:published_time\" content=\"2021-03-18T21:58:45+00:00\" \/>\n<meta property=\"og:image\" content=\"https:\/\/portalnpm.com\/wp-content\/uploads\/2024\/01\/BB1eIZyn.jpeg\" \/>\n\t<meta property=\"og:image:width\" content=\"600\" \/>\n\t<meta property=\"og:image:height\" content=\"340\" \/>\n\t<meta property=\"og:image:type\" content=\"image\/jpeg\" \/>\n<meta name=\"author\" content=\"Genival Barbosa\" \/>\n<meta name=\"twitter:card\" content=\"summary_large_image\" \/>\n<meta name=\"twitter:label1\" content=\"Escrito por\" \/>\n\t<meta name=\"twitter:data1\" content=\"Genival Barbosa\" \/>\n\t<meta name=\"twitter:label2\" content=\"Est. tempo de leitura\" \/>\n\t<meta name=\"twitter:data2\" content=\"1 minuto\" \/>\n<script type=\"application\/ld+json\" class=\"yoast-schema-graph\">{\"@context\":\"https:\/\/schema.org\",\"@graph\":[{\"@type\":\"WebPage\",\"@id\":\"https:\/\/portalnpm.com\/index.php\/2021\/03\/18\/com-covid-19-agnaldo-timoteo-e-internado-em-uti-no-rio\/\",\"url\":\"https:\/\/portalnpm.com\/index.php\/2021\/03\/18\/com-covid-19-agnaldo-timoteo-e-internado-em-uti-no-rio\/\",\"name\":\"Com covid-19, Agnaldo Tim\u00f3teo \u00e9 internado em UTI no Rio\",\"isPartOf\":{\"@id\":\"https:\/\/portalnpm.com\/#website\"},\"primaryImageOfPage\":{\"@id\":\"https:\/\/portalnpm.com\/index.php\/2021\/03\/18\/com-covid-19-agnaldo-timoteo-e-internado-em-uti-no-rio\/#primaryimage\"},\"image\":{\"@id\":\"https:\/\/portalnpm.com\/index.php\/2021\/03\/18\/com-covid-19-agnaldo-timoteo-e-internado-em-uti-no-rio\/#primaryimage\"},\"thumbnailUrl\":\"https:\/\/portalnpm.com\/wp-content\/uploads\/2024\/01\/BB1eIZyn.jpeg\",\"datePublished\":\"2021-03-18T21:58:45+00:00\",\"dateModified\":\"2021-03-18T21:58:45+00:00\",\"author\":{\"@id\":\"https:\/\/portalnpm.com\/#\/schema\/person\/49313e563cfdefcc167f1ee4c017c294\"},\"breadcrumb\":{\"@id\":\"https:\/\/portalnpm.com\/index.php\/2021\/03\/18\/com-covid-19-agnaldo-timoteo-e-internado-em-uti-no-rio\/#breadcrumb\"},\"inLanguage\":\"pt-BR\",\"potentialAction\":[{\"@type\":\"ReadAction\",\"target\":[\"https:\/\/portalnpm.com\/index.php\/2021\/03\/18\/com-covid-19-agnaldo-timoteo-e-internado-em-uti-no-rio\/\"]}]},{\"@type\":\"ImageObject\",\"inLanguage\":\"pt-BR\",\"@id\":\"https:\/\/portalnpm.com\/index.php\/2021\/03\/18\/com-covid-19-agnaldo-timoteo-e-internado-em-uti-no-rio\/#primaryimage\",\"url\":\"https:\/\/portalnpm.com\/wp-content\/uploads\/2024\/01\/BB1eIZyn.jpeg\",\"contentUrl\":\"https:\/\/portalnpm.com\/wp-content\/uploads\/2024\/01\/BB1eIZyn.jpeg\",\"width\":600,\"height\":340},{\"@type\":\"BreadcrumbList\",\"@id\":\"https:\/\/portalnpm.com\/index.php\/2021\/03\/18\/com-covid-19-agnaldo-timoteo-e-internado-em-uti-no-rio\/#breadcrumb\",\"itemListElement\":[{\"@type\":\"ListItem\",\"position\":1,\"name\":\"In\u00edcio\",\"item\":\"https:\/\/portalnpm.com\/\"},{\"@type\":\"ListItem\",\"position\":2,\"name\":\"Com covid-19, Agnaldo Tim\u00f3teo \u00e9 internado em UTI no Rio\"}]},{\"@type\":\"WebSite\",\"@id\":\"https:\/\/portalnpm.com\/#website\",\"url\":\"https:\/\/portalnpm.com\/\",\"name\":\"Portal NPM\",\"description\":\"Not\u00edcias em Primeira M\u00e3o\",\"potentialAction\":[{\"@type\":\"SearchAction\",\"target\":{\"@type\":\"EntryPoint\",\"urlTemplate\":\"https:\/\/portalnpm.com\/?s={search_term_string}\"},\"query-input\":\"required name=search_term_string\"}],\"inLanguage\":\"pt-BR\"},{\"@type\":\"Person\",\"@id\":\"https:\/\/portalnpm.com\/#\/schema\/person\/49313e563cfdefcc167f1ee4c017c294\",\"name\":\"Genival Barbosa\",\"image\":{\"@type\":\"ImageObject\",\"inLanguage\":\"pt-BR\",\"@id\":\"https:\/\/portalnpm.com\/#\/schema\/person\/image\/\",\"url\":\"https:\/\/portalnpm.com\/wp-content\/uploads\/2024\/02\/avatar_user_2_1707743258-96x96.jpeg\",\"contentUrl\":\"https:\/\/portalnpm.com\/wp-content\/uploads\/2024\/02\/avatar_user_2_1707743258-96x96.jpeg\",\"caption\":\"Genival Barbosa\"},\"url\":\"https:\/\/portalnpm.com\/index.php\/author\/genival\/\"}]}<\/script>\n<!-- \/ Yoast SEO plugin. -->","yoast_head_json":{"title":"Com covid-19, Agnaldo Tim\u00f3teo \u00e9 internado em UTI no Rio","robots":{"index":"index","follow":"follow","max-snippet":"max-snippet:-1","max-image-preview":"max-image-preview:large","max-video-preview":"max-video-preview:-1"},"canonical":"https:\/\/portalnpm.com\/index.php\/2021\/03\/18\/com-covid-19-agnaldo-timoteo-e-internado-em-uti-no-rio\/","og_locale":"pt_BR","og_type":"article","og_title":"Com covid-19, Agnaldo Tim\u00f3teo \u00e9 internado em UTI no Rio","og_description":"O cantor Agnaldo Tim\u00f3teo, de 84 anos, foi internado na quarta-feira, 17, na UTI (Unidade de Terapia Intensiva) de um hospital do Rio de Janeiro em decorr\u00eancia de complica\u00e7\u00f5es da\u00a0covid-19. De acordo com boletim do hospital Casa S\u00e3o Bernardo, na Barra da Tijuca, na zona oeste da capital fluminense,\u00a0divulgado pela fam\u00edlia, o estado de sa\u00fade &hellip;","og_url":"https:\/\/portalnpm.com\/index.php\/2021\/03\/18\/com-covid-19-agnaldo-timoteo-e-internado-em-uti-no-rio\/","og_site_name":"Portal NPM","article_published_time":"2021-03-18T21:58:45+00:00","og_image":[{"width":600,"height":340,"url":"https:\/\/portalnpm.com\/wp-content\/uploads\/2024\/01\/BB1eIZyn.jpeg","type":"image\/jpeg"}],"author":"Genival Barbosa","twitter_card":"summary_large_image","twitter_misc":{"Escrito por":"Genival Barbosa","Est. tempo de leitura":"1 minuto"},"schema":{"@context":"https:\/\/schema.org","@graph":[{"@type":"WebPage","@id":"https:\/\/portalnpm.com\/index.php\/2021\/03\/18\/com-covid-19-agnaldo-timoteo-e-internado-em-uti-no-rio\/","url":"https:\/\/portalnpm.com\/index.php\/2021\/03\/18\/com-covid-19-agnaldo-timoteo-e-internado-em-uti-no-rio\/","name":"Com covid-19, Agnaldo Tim\u00f3teo \u00e9 internado em UTI no Rio","isPartOf":{"@id":"https:\/\/portalnpm.com\/#website"},"primaryImageOfPage":{"@id":"https:\/\/portalnpm.com\/index.php\/2021\/03\/18\/com-covid-19-agnaldo-timoteo-e-internado-em-uti-no-rio\/#primaryimage"},"image":{"@id":"https:\/\/portalnpm.com\/index.php\/2021\/03\/18\/com-covid-19-agnaldo-timoteo-e-internado-em-uti-no-rio\/#primaryimage"},"thumbnailUrl":"https:\/\/portalnpm.com\/wp-content\/uploads\/2024\/01\/BB1eIZyn.jpeg","datePublished":"2021-03-18T21:58:45+00:00","dateModified":"2021-03-18T21:58:45+00:00","author":{"@id":"https:\/\/portalnpm.com\/#\/schema\/person\/49313e563cfdefcc167f1ee4c017c294"},"breadcrumb":{"@id":"https:\/\/portalnpm.com\/index.php\/2021\/03\/18\/com-covid-19-agnaldo-timoteo-e-internado-em-uti-no-rio\/#breadcrumb"},"inLanguage":"pt-BR","potentialAction":[{"@type":"ReadAction","target":["https:\/\/portalnpm.com\/index.php\/2021\/03\/18\/com-covid-19-agnaldo-timoteo-e-internado-em-uti-no-rio\/"]}]},{"@type":"ImageObject","inLanguage":"pt-BR","@id":"https:\/\/portalnpm.com\/index.php\/2021\/03\/18\/com-covid-19-agnaldo-timoteo-e-internado-em-uti-no-rio\/#primaryimage","url":"https:\/\/portalnpm.com\/wp-content\/uploads\/2024\/01\/BB1eIZyn.jpeg","contentUrl":"https:\/\/portalnpm.com\/wp-content\/uploads\/2024\/01\/BB1eIZyn.jpeg","width":600,"height":340},{"@type":"BreadcrumbList","@id":"https:\/\/portalnpm.com\/index.php\/2021\/03\/18\/com-covid-19-agnaldo-timoteo-e-internado-em-uti-no-rio\/#breadcrumb","itemListElement":[{"@type":"ListItem","position":1,"name":"In\u00edcio","item":"https:\/\/portalnpm.com\/"},{"@type":"ListItem","position":2,"name":"Com covid-19, Agnaldo Tim\u00f3teo \u00e9 internado em UTI no Rio"}]},{"@type":"WebSite","@id":"https:\/\/portalnpm.com\/#website","url":"https:\/\/portalnpm.com\/","name":"Portal NPM","description":"Not\u00edcias em Primeira M\u00e3o","potentialAction":[{"@type":"SearchAction","target":{"@type":"EntryPoint","urlTemplate":"https:\/\/portalnpm.com\/?s={search_term_string}"},"query-input":"required name=search_term_string"}],"inLanguage":"pt-BR"},{"@type":"Person","@id":"https:\/\/portalnpm.com\/#\/schema\/person\/49313e563cfdefcc167f1ee4c017c294","name":"Genival Barbosa","image":{"@type":"ImageObject","inLanguage":"pt-BR","@id":"https:\/\/portalnpm.com\/#\/schema\/person\/image\/","url":"https:\/\/portalnpm.com\/wp-content\/uploads\/2024\/02\/avatar_user_2_1707743258-96x96.jpeg","contentUrl":"https:\/\/portalnpm.com\/wp-content\/uploads\/2024\/02\/avatar_user_2_1707743258-96x96.jpeg","caption":"Genival Barbosa"},"url":"https:\/\/portalnpm.com\/index.php\/author\/genival\/"}]}},"jetpack_sharing_enabled":true,"jetpack_featured_media_url":"https:\/\/portalnpm.com\/wp-content\/uploads\/2024\/01\/BB1eIZyn.jpeg","_links":{"self":[{"href":"https:\/\/portalnpm.com\/index.php\/wp-json\/wp\/v2\/posts\/63368"}],"collection":[{"href":"https:\/\/portalnpm.com\/index.php\/wp-json\/wp\/v2\/posts"}],"about":[{"href":"https:\/\/portalnpm.com\/index.php\/wp-json\/wp\/v2\/types\/post"}],"author":[{"embeddable":true,"href":"https:\/\/portalnpm.com\/index.php\/wp-json\/wp\/v2\/users\/2"}],"replies":[{"embeddable":true,"href":"https:\/\/portalnpm.com\/index.php\/wp-json\/wp\/v2\/comments?post=63368"}],"version-history":[{"count":0,"href":"https:\/\/portalnpm.com\/index.php\/wp-json\/wp\/v2\/posts\/63368\/revisions"}],"wp:featuredmedia":[{"embeddable":true,"href":"https:\/\/portalnpm.com\/index.php\/wp-json\/wp\/v2\/media\/63369"}],"wp:attachment":[{"href":"https:\/\/portalnpm.com\/index.php\/wp-json\/wp\/v2\/media?parent=63368"}],"wp:term":[{"taxonomy":"category","embeddable":true,"href":"https:\/\/portalnpm.com\/index.php\/wp-json\/wp\/v2\/categories?post=63368"},{"taxonomy":"post_tag","embeddable":true,"href":"https:\/\/portalnpm.com\/index.php\/wp-json\/wp\/v2\/tags?post=63368"}],"curies":[{"name":"wp","href":"https:\/\/api.w.org\/{rel}","templated":true}]}}