{"id":63396,"date":"2021-03-20T09:05:23","date_gmt":"2021-03-20T12:05:23","guid":{"rendered":"https:\/\/portalnpm.com\/index.php\/2021\/03\/20\/adriana-araujo-deixa-a-record-tv-e-roberto-cabrini-substitui-a-jornalista\/"},"modified":"2021-03-20T09:05:23","modified_gmt":"2021-03-20T12:05:23","slug":"adriana-araujo-deixa-a-record-tv-e-roberto-cabrini-substitui-a-jornalista","status":"publish","type":"post","link":"https:\/\/portalnpm.com\/index.php\/2021\/03\/20\/adriana-araujo-deixa-a-record-tv-e-roberto-cabrini-substitui-a-jornalista\/","title":{"rendered":"Adriana Ara\u00fajo deixa a Record TV e Roberto Cabrini substitui a jornalista"},"content":{"rendered":"<p style=\"text-align: justify;\">Nesta sexta-feira, dia 19, a jornalista\u00a0<a href=\"https:\/\/www.estrelando.com.br\/tag\/adriana-araujo\/\" target=\"_blank\" rel=\"noopener noreferrer\" data-id=\"51\">Adriana Ara\u00fajo<\/a>\u00a0anunciou sua sa\u00edda da\u00a0<i>Record TV<\/i>, ap\u00f3s 15 anos de contrato. Em comunicado oficial, a\u00a0<i>Record<\/i>\u00a0afirmou que ambas as partes acordaram em n\u00e3o renovar o contrato atual.<\/p>\n<p style=\"text-align: justify;\">\n<p style=\"text-align: justify;\">A apresentadora compartilhou em seus\u00a0<i>Stories<\/i>\u00a0uma longa carta, se despedindo dos colegas e relembrando seus momentos mais importantes como jornalista e rep\u00f3rter.<\/p>\n<p style=\"text-align: justify;\"><i>N\u00e3o sou capaz de resumir 15 anos em poucas frases. Por isso deixei uma longa carta de despedida nos Stories. Destaco dois trechos aqui pra dizer quem sou e o tamanho da gratid\u00e3o que carrego em meu peito. Muito obrigada a cada um que assistiu, torceu, rezou, vibrou por mim. Voc\u00eas fizeram a jornada muito especial. E como escrevi na \u00faltima frase da carta&#8230; levarei comigo o carinho e o respeito de voc\u00eas pra sempre. At\u00e9 breve!<\/i>, escreveu.<\/p>\n<article class=\"articlecontent allowvig loaded\" data-id=\"34\" data-m=\"{\"i\":34,\"p\":33,\"n\":\"article\",\"y\":6,\"o\":1}\">\n<section class=\"flexarticle\" data-id=\"36\" data-m=\"{\"i\":36,\"p\":34,\"n\":\"flexarticle\",\"y\":6,\"o\":2}\">\n<section class=\"articlebody  flexarticlebody \" data-id=\"37\" data-m=\"{\"i\":37,\"p\":36,\"n\":\"articlebody\",\"y\":6,\"o\":1}\">Adriana apresentou o\u00a0<i>Jornal da Record<\/i>\u00a0por quase uma d\u00e9cada e antes de seu desligamento assumia a apresenta\u00e7\u00e3o do programa\u00a0<i>Rep\u00f3rter Record Investiga\u00e7\u00e3o<\/i>. A partir da pr\u00f3xima semana,\u00a0Roberto Cabrini assumir\u00e1 a programa\u00e7\u00e3o.<\/p>\n<p>Confira a publica\u00e7\u00e3o:<\/p>\n<div><iframe id=\"instagram-embed-0\" class=\"instagram-media ig-em-bq instagram-media-rendered\" src=\"https:\/\/www.instagram.com\/p\/CMnESHTnUuJ\/embed\/captioned\/?cr=1&#038;v=13&#038;wp=647&#038;rd=https%3A%2F%2Fwww.msn.com&#038;rp=%2Fpt-br%2Ftv%2Fnoticias%2Fadriana-ara%25c3%25bajo-deixa-a-record-tv-e-roberto-cabrini-substitui-a-jornalista%2Far-BB1eLzdb%3Fli%3DAAggXC1#%7B%22ci%22%3A0%2C%22os%22%3A4532.300000006217%2C%22ls%22%3A4138.800000000629%2C%22le%22%3A4152.700000006007%7D\" height=\"898\" frameborder=\"0\" scrolling=\"no\" allowfullscreen=\"allowfullscreen\" data-instgrm-payload-id=\"instagram-media-payload-0\" data-mce-fragment=\"1\"><\/iframe><\/div>\n<\/section>\n<\/section>\n<\/article>\n<div class=\"sameoab_ad_container loaded\" data-nativead-2call-placements=\"post-article:3\" data-nativead-postarticle-count=\"3\" data-id=\"56\" data-m=\"{\"i\":56,\"p\":33,\"n\":\"sameoab_ad\",\"y\":8,\"o\":2}\">\n<div class=\"section_header\">\n<div class=\"topics_heading\" style=\"text-align: justify;\">Estrelando<\/div>\n<\/div>\n<\/div>\n","protected":false},"excerpt":{"rendered":"<p>Nesta sexta-feira, dia 19, a jornalista\u00a0Adriana Ara\u00fajo\u00a0anunciou sua sa\u00edda da\u00a0Record TV, ap\u00f3s 15 anos de contrato. Em comunicado oficial, a\u00a0Record\u00a0afirmou que ambas as partes acordaram em n\u00e3o renovar o contrato atual. A apresentadora compartilhou em seus\u00a0Stories\u00a0uma longa carta, se despedindo dos colegas e relembrando seus momentos mais importantes como jornalista e rep\u00f3rter. N\u00e3o sou capaz &hellip;<\/p>\n","protected":false},"author":2,"featured_media":63397,"comment_status":"open","ping_status":"open","sticky":false,"template":"","format":"standard","meta":{"content-type":"","rop_custom_images_group":[],"rop_custom_messages_group":[],"rop_publish_now":"initial","rop_publish_now_accounts":{"facebook_2648258775420054_1618374048415101":""},"rop_publish_now_history":[],"rop_publish_now_status":"pending","footnotes":"","_jetpack_memberships_contains_paid_content":false},"categories":[147],"tags":[10412,894,6971],"yoast_head":"<!-- This site is optimized with the Yoast SEO plugin v22.3 - https:\/\/yoast.com\/wordpress\/plugins\/seo\/ -->\n<title>Adriana Ara\u00fajo deixa a Record TV e Roberto Cabrini substitui a jornalista<\/title>\n<meta name=\"robots\" content=\"index, follow, max-snippet:-1, max-image-preview:large, max-video-preview:-1\" \/>\n<link rel=\"canonical\" href=\"https:\/\/portalnpm.com\/index.php\/2021\/03\/20\/adriana-araujo-deixa-a-record-tv-e-roberto-cabrini-substitui-a-jornalista\/\" \/>\n<meta property=\"og:locale\" content=\"pt_BR\" \/>\n<meta property=\"og:type\" content=\"article\" \/>\n<meta property=\"og:title\" content=\"Adriana Ara\u00fajo deixa a Record TV e Roberto Cabrini substitui a jornalista\" \/>\n<meta property=\"og:description\" content=\"Nesta sexta-feira, dia 19, a jornalista\u00a0Adriana Ara\u00fajo\u00a0anunciou sua sa\u00edda da\u00a0Record TV, ap\u00f3s 15 anos de contrato. Em comunicado oficial, a\u00a0Record\u00a0afirmou que ambas as partes acordaram em n\u00e3o renovar o contrato atual. A apresentadora compartilhou em seus\u00a0Stories\u00a0uma longa carta, se despedindo dos colegas e relembrando seus momentos mais importantes como jornalista e rep\u00f3rter. N\u00e3o sou capaz &hellip;\" \/>\n<meta property=\"og:url\" content=\"https:\/\/portalnpm.com\/index.php\/2021\/03\/20\/adriana-araujo-deixa-a-record-tv-e-roberto-cabrini-substitui-a-jornalista\/\" \/>\n<meta property=\"og:site_name\" content=\"Portal NPM\" \/>\n<meta property=\"article:published_time\" content=\"2021-03-20T12:05:23+00:00\" \/>\n<meta property=\"og:image\" content=\"https:\/\/portalnpm.com\/wp-content\/uploads\/2024\/01\/BB1eLG8B.jpeg\" \/>\n\t<meta property=\"og:image:width\" content=\"600\" \/>\n\t<meta property=\"og:image:height\" content=\"573\" \/>\n\t<meta property=\"og:image:type\" content=\"image\/jpeg\" \/>\n<meta name=\"author\" content=\"Genival Barbosa\" \/>\n<meta name=\"twitter:card\" content=\"summary_large_image\" \/>\n<meta name=\"twitter:label1\" content=\"Escrito por\" \/>\n\t<meta name=\"twitter:data1\" content=\"Genival Barbosa\" \/>\n\t<meta name=\"twitter:label2\" content=\"Est. tempo de leitura\" \/>\n\t<meta name=\"twitter:data2\" content=\"1 minuto\" \/>\n<script type=\"application\/ld+json\" class=\"yoast-schema-graph\">{\"@context\":\"https:\/\/schema.org\",\"@graph\":[{\"@type\":\"WebPage\",\"@id\":\"https:\/\/portalnpm.com\/index.php\/2021\/03\/20\/adriana-araujo-deixa-a-record-tv-e-roberto-cabrini-substitui-a-jornalista\/\",\"url\":\"https:\/\/portalnpm.com\/index.php\/2021\/03\/20\/adriana-araujo-deixa-a-record-tv-e-roberto-cabrini-substitui-a-jornalista\/\",\"name\":\"Adriana Ara\u00fajo deixa a Record TV e Roberto Cabrini substitui a jornalista\",\"isPartOf\":{\"@id\":\"https:\/\/portalnpm.com\/#website\"},\"primaryImageOfPage\":{\"@id\":\"https:\/\/portalnpm.com\/index.php\/2021\/03\/20\/adriana-araujo-deixa-a-record-tv-e-roberto-cabrini-substitui-a-jornalista\/#primaryimage\"},\"image\":{\"@id\":\"https:\/\/portalnpm.com\/index.php\/2021\/03\/20\/adriana-araujo-deixa-a-record-tv-e-roberto-cabrini-substitui-a-jornalista\/#primaryimage\"},\"thumbnailUrl\":\"https:\/\/portalnpm.com\/wp-content\/uploads\/2024\/01\/BB1eLG8B.jpeg\",\"datePublished\":\"2021-03-20T12:05:23+00:00\",\"dateModified\":\"2021-03-20T12:05:23+00:00\",\"author\":{\"@id\":\"https:\/\/portalnpm.com\/#\/schema\/person\/49313e563cfdefcc167f1ee4c017c294\"},\"breadcrumb\":{\"@id\":\"https:\/\/portalnpm.com\/index.php\/2021\/03\/20\/adriana-araujo-deixa-a-record-tv-e-roberto-cabrini-substitui-a-jornalista\/#breadcrumb\"},\"inLanguage\":\"pt-BR\",\"potentialAction\":[{\"@type\":\"ReadAction\",\"target\":[\"https:\/\/portalnpm.com\/index.php\/2021\/03\/20\/adriana-araujo-deixa-a-record-tv-e-roberto-cabrini-substitui-a-jornalista\/\"]}]},{\"@type\":\"ImageObject\",\"inLanguage\":\"pt-BR\",\"@id\":\"https:\/\/portalnpm.com\/index.php\/2021\/03\/20\/adriana-araujo-deixa-a-record-tv-e-roberto-cabrini-substitui-a-jornalista\/#primaryimage\",\"url\":\"https:\/\/portalnpm.com\/wp-content\/uploads\/2024\/01\/BB1eLG8B.jpeg\",\"contentUrl\":\"https:\/\/portalnpm.com\/wp-content\/uploads\/2024\/01\/BB1eLG8B.jpeg\",\"width\":600,\"height\":573},{\"@type\":\"BreadcrumbList\",\"@id\":\"https:\/\/portalnpm.com\/index.php\/2021\/03\/20\/adriana-araujo-deixa-a-record-tv-e-roberto-cabrini-substitui-a-jornalista\/#breadcrumb\",\"itemListElement\":[{\"@type\":\"ListItem\",\"position\":1,\"name\":\"In\u00edcio\",\"item\":\"https:\/\/portalnpm.com\/\"},{\"@type\":\"ListItem\",\"position\":2,\"name\":\"Adriana Ara\u00fajo deixa a Record TV e Roberto Cabrini substitui a jornalista\"}]},{\"@type\":\"WebSite\",\"@id\":\"https:\/\/portalnpm.com\/#website\",\"url\":\"https:\/\/portalnpm.com\/\",\"name\":\"Portal NPM\",\"description\":\"Not\u00edcias em Primeira M\u00e3o\",\"potentialAction\":[{\"@type\":\"SearchAction\",\"target\":{\"@type\":\"EntryPoint\",\"urlTemplate\":\"https:\/\/portalnpm.com\/?s={search_term_string}\"},\"query-input\":\"required name=search_term_string\"}],\"inLanguage\":\"pt-BR\"},{\"@type\":\"Person\",\"@id\":\"https:\/\/portalnpm.com\/#\/schema\/person\/49313e563cfdefcc167f1ee4c017c294\",\"name\":\"Genival Barbosa\",\"image\":{\"@type\":\"ImageObject\",\"inLanguage\":\"pt-BR\",\"@id\":\"https:\/\/portalnpm.com\/#\/schema\/person\/image\/\",\"url\":\"https:\/\/portalnpm.com\/wp-content\/uploads\/2024\/02\/avatar_user_2_1707743258-96x96.jpeg\",\"contentUrl\":\"https:\/\/portalnpm.com\/wp-content\/uploads\/2024\/02\/avatar_user_2_1707743258-96x96.jpeg\",\"caption\":\"Genival Barbosa\"},\"url\":\"https:\/\/portalnpm.com\/index.php\/author\/genival\/\"}]}<\/script>\n<!-- \/ Yoast SEO plugin. -->","yoast_head_json":{"title":"Adriana Ara\u00fajo deixa a Record TV e Roberto Cabrini substitui a jornalista","robots":{"index":"index","follow":"follow","max-snippet":"max-snippet:-1","max-image-preview":"max-image-preview:large","max-video-preview":"max-video-preview:-1"},"canonical":"https:\/\/portalnpm.com\/index.php\/2021\/03\/20\/adriana-araujo-deixa-a-record-tv-e-roberto-cabrini-substitui-a-jornalista\/","og_locale":"pt_BR","og_type":"article","og_title":"Adriana Ara\u00fajo deixa a Record TV e Roberto Cabrini substitui a jornalista","og_description":"Nesta sexta-feira, dia 19, a jornalista\u00a0Adriana Ara\u00fajo\u00a0anunciou sua sa\u00edda da\u00a0Record TV, ap\u00f3s 15 anos de contrato. Em comunicado oficial, a\u00a0Record\u00a0afirmou que ambas as partes acordaram em n\u00e3o renovar o contrato atual. A apresentadora compartilhou em seus\u00a0Stories\u00a0uma longa carta, se despedindo dos colegas e relembrando seus momentos mais importantes como jornalista e rep\u00f3rter. N\u00e3o sou capaz &hellip;","og_url":"https:\/\/portalnpm.com\/index.php\/2021\/03\/20\/adriana-araujo-deixa-a-record-tv-e-roberto-cabrini-substitui-a-jornalista\/","og_site_name":"Portal NPM","article_published_time":"2021-03-20T12:05:23+00:00","og_image":[{"width":600,"height":573,"url":"https:\/\/portalnpm.com\/wp-content\/uploads\/2024\/01\/BB1eLG8B.jpeg","type":"image\/jpeg"}],"author":"Genival Barbosa","twitter_card":"summary_large_image","twitter_misc":{"Escrito por":"Genival Barbosa","Est. tempo de leitura":"1 minuto"},"schema":{"@context":"https:\/\/schema.org","@graph":[{"@type":"WebPage","@id":"https:\/\/portalnpm.com\/index.php\/2021\/03\/20\/adriana-araujo-deixa-a-record-tv-e-roberto-cabrini-substitui-a-jornalista\/","url":"https:\/\/portalnpm.com\/index.php\/2021\/03\/20\/adriana-araujo-deixa-a-record-tv-e-roberto-cabrini-substitui-a-jornalista\/","name":"Adriana Ara\u00fajo deixa a Record TV e Roberto Cabrini substitui a jornalista","isPartOf":{"@id":"https:\/\/portalnpm.com\/#website"},"primaryImageOfPage":{"@id":"https:\/\/portalnpm.com\/index.php\/2021\/03\/20\/adriana-araujo-deixa-a-record-tv-e-roberto-cabrini-substitui-a-jornalista\/#primaryimage"},"image":{"@id":"https:\/\/portalnpm.com\/index.php\/2021\/03\/20\/adriana-araujo-deixa-a-record-tv-e-roberto-cabrini-substitui-a-jornalista\/#primaryimage"},"thumbnailUrl":"https:\/\/portalnpm.com\/wp-content\/uploads\/2024\/01\/BB1eLG8B.jpeg","datePublished":"2021-03-20T12:05:23+00:00","dateModified":"2021-03-20T12:05:23+00:00","author":{"@id":"https:\/\/portalnpm.com\/#\/schema\/person\/49313e563cfdefcc167f1ee4c017c294"},"breadcrumb":{"@id":"https:\/\/portalnpm.com\/index.php\/2021\/03\/20\/adriana-araujo-deixa-a-record-tv-e-roberto-cabrini-substitui-a-jornalista\/#breadcrumb"},"inLanguage":"pt-BR","potentialAction":[{"@type":"ReadAction","target":["https:\/\/portalnpm.com\/index.php\/2021\/03\/20\/adriana-araujo-deixa-a-record-tv-e-roberto-cabrini-substitui-a-jornalista\/"]}]},{"@type":"ImageObject","inLanguage":"pt-BR","@id":"https:\/\/portalnpm.com\/index.php\/2021\/03\/20\/adriana-araujo-deixa-a-record-tv-e-roberto-cabrini-substitui-a-jornalista\/#primaryimage","url":"https:\/\/portalnpm.com\/wp-content\/uploads\/2024\/01\/BB1eLG8B.jpeg","contentUrl":"https:\/\/portalnpm.com\/wp-content\/uploads\/2024\/01\/BB1eLG8B.jpeg","width":600,"height":573},{"@type":"BreadcrumbList","@id":"https:\/\/portalnpm.com\/index.php\/2021\/03\/20\/adriana-araujo-deixa-a-record-tv-e-roberto-cabrini-substitui-a-jornalista\/#breadcrumb","itemListElement":[{"@type":"ListItem","position":1,"name":"In\u00edcio","item":"https:\/\/portalnpm.com\/"},{"@type":"ListItem","position":2,"name":"Adriana Ara\u00fajo deixa a Record TV e Roberto Cabrini substitui a jornalista"}]},{"@type":"WebSite","@id":"https:\/\/portalnpm.com\/#website","url":"https:\/\/portalnpm.com\/","name":"Portal NPM","description":"Not\u00edcias em Primeira M\u00e3o","potentialAction":[{"@type":"SearchAction","target":{"@type":"EntryPoint","urlTemplate":"https:\/\/portalnpm.com\/?s={search_term_string}"},"query-input":"required name=search_term_string"}],"inLanguage":"pt-BR"},{"@type":"Person","@id":"https:\/\/portalnpm.com\/#\/schema\/person\/49313e563cfdefcc167f1ee4c017c294","name":"Genival Barbosa","image":{"@type":"ImageObject","inLanguage":"pt-BR","@id":"https:\/\/portalnpm.com\/#\/schema\/person\/image\/","url":"https:\/\/portalnpm.com\/wp-content\/uploads\/2024\/02\/avatar_user_2_1707743258-96x96.jpeg","contentUrl":"https:\/\/portalnpm.com\/wp-content\/uploads\/2024\/02\/avatar_user_2_1707743258-96x96.jpeg","caption":"Genival Barbosa"},"url":"https:\/\/portalnpm.com\/index.php\/author\/genival\/"}]}},"jetpack_sharing_enabled":true,"jetpack_featured_media_url":"https:\/\/portalnpm.com\/wp-content\/uploads\/2024\/01\/BB1eLG8B.jpeg","_links":{"self":[{"href":"https:\/\/portalnpm.com\/index.php\/wp-json\/wp\/v2\/posts\/63396"}],"collection":[{"href":"https:\/\/portalnpm.com\/index.php\/wp-json\/wp\/v2\/posts"}],"about":[{"href":"https:\/\/portalnpm.com\/index.php\/wp-json\/wp\/v2\/types\/post"}],"author":[{"embeddable":true,"href":"https:\/\/portalnpm.com\/index.php\/wp-json\/wp\/v2\/users\/2"}],"replies":[{"embeddable":true,"href":"https:\/\/portalnpm.com\/index.php\/wp-json\/wp\/v2\/comments?post=63396"}],"version-history":[{"count":0,"href":"https:\/\/portalnpm.com\/index.php\/wp-json\/wp\/v2\/posts\/63396\/revisions"}],"wp:featuredmedia":[{"embeddable":true,"href":"https:\/\/portalnpm.com\/index.php\/wp-json\/wp\/v2\/media\/63397"}],"wp:attachment":[{"href":"https:\/\/portalnpm.com\/index.php\/wp-json\/wp\/v2\/media?parent=63396"}],"wp:term":[{"taxonomy":"category","embeddable":true,"href":"https:\/\/portalnpm.com\/index.php\/wp-json\/wp\/v2\/categories?post=63396"},{"taxonomy":"post_tag","embeddable":true,"href":"https:\/\/portalnpm.com\/index.php\/wp-json\/wp\/v2\/tags?post=63396"}],"curies":[{"name":"wp","href":"https:\/\/api.w.org\/{rel}","templated":true}]}}