{"id":63403,"date":"2021-03-20T09:21:04","date_gmt":"2021-03-20T12:21:04","guid":{"rendered":"https:\/\/portalnpm.com\/index.php\/2021\/03\/20\/apos-internacao-por-covid-19-ex-lateral-branco-campeao-mundial-em-1994-tem-piora-e-e-intubado\/"},"modified":"2024-01-15T23:00:00","modified_gmt":"2024-01-16T02:00:00","slug":"apos-internacao-por-covid-19-ex-lateral-branco-campeao-mundial-em-1994-tem-piora-e-e-intubado","status":"publish","type":"post","link":"https:\/\/portalnpm.com\/index.php\/2021\/03\/20\/apos-internacao-por-covid-19-ex-lateral-branco-campeao-mundial-em-1994-tem-piora-e-e-intubado\/","title":{"rendered":"Ap\u00f3s interna\u00e7\u00e3o por covid-19, ex-lateral Branco, campe\u00e3o mundial em 1994, tem piora e \u00e9 intubado"},"content":{"rendered":"<p><p style=\"text-align: justify;\">Campe&atilde;o mundial pela sele&ccedil;&atilde;o brasileira de futebol em 1994, o ex-lateral Branco precisou ser intubado na unidade de terapia intensiva (UTI) do Hospital Copa Star, na zona sul do Rio de Janeiro, ap&oacute;s piora da covid-19. Segundo o &uacute;ltimo boletim m&eacute;dico, divulgado nesta sexta-feira (19), o ex-jogador, atualmente com 56 anos, teve &ldquo;piora cl&iacute;nica&rdquo; na noite de ontem (18) e necessitou &ldquo;de ventila&ccedil;&atilde;o mec&acirc;nica por aparelhos&rdquo;. Branco deu entrada no hospital na noite da &uacute;ltima quarta (17).<\/p>\n<p style=\"text-align: justify;\">\n<p style=\"text-align: justify;\">Ainda conforme o boletim, o ex-atleta e atual coordenador das sele&ccedil;&otilde;es masculinas de base na Confedera&ccedil;&atilde;o Brasileira de Futebol (CBF) est&aacute; &ldquo;sob monitora&ccedil;&atilde;o cont&iacute;nua, sedado&rdquo; e o quadro &ldquo;est&aacute; evoluindo de maneira est&aacute;vel nas &uacute;ltimas 24h&rdquo;, sem previs&atilde;o &ldquo;de quando vai poder respirar por meios pr&oacute;prios&rdquo;.<\/p>\n<p style=\"text-align: justify;\">No in&iacute;cio de mar&ccedil;o, Branco integrou o grupo da sele&ccedil;&atilde;o sub-18 que realizou uma etapa de prepara&ccedil;&atilde;o no centro de treinamento do clube pernambucano Retr&ocirc;, em Recife, finalizada h&aacute; duas semanas. No retorno, alguns membros da delega&ccedil;&atilde;o testaram positivo para a covid-19, entre eles, o ex-lateral.<\/p>\n<p style=\"text-align: justify;\"><span class=\"storyimage fullwidth  image\" data-aop=\"image\"><span class=\"image\" data-attrib=\"Fornecido por Instafamosos\" data-caption=\"Ap&oacute;s interna&ccedil;&atilde;o por covid-19, ex-lateral Branco, campe&atilde;o mundial em 1994, tem piora e &eacute; intubado. Foto: Reprodu&ccedil;&atilde;o Instagram\" data-id=\"37\" data-m='{\"i\":37,\"p\":36,\"n\":\"openModal\",\"t\":\"articleImages\",\"o\":1}'><img decoding=\"async\" class=\"loaded\" src=\"\" alt=\"Ap&oacute;s interna&ccedil;&atilde;o por covid-19, ex-lateral Branco, campe&atilde;o mundial em 1994, tem piora e &eacute; intubado. Foto: Reprodu&ccedil;&atilde;o Instagram\" data-src='{\"default\":\"\/\/img-s-msn-com.akamaized.net\/tenant\/amp\/entityid\/BB1eMqvu.img?h=533&amp;w=624&amp;m=6&amp;q=60&amp;o=f&amp;l=f&amp;x=608&amp;y=286\",\"size1column\":\"\/\/img-s-msn-com.akamaized.net\/tenant\/amp\/entityid\/BB1eMqvu.img?h=256&amp;w=300&amp;m=6&amp;q=60&amp;o=f&amp;l=f&amp;x=608&amp;y=286\"}'><\/span><span class=\"caption truncate\"><span class=\"attribution\">&copy; Fornecido por Instafamosos<\/span>&nbsp;Ap&oacute;s interna&ccedil;&atilde;o por covid-19, ex-lateral Branco, campe&atilde;o mundial em 1994, tem piora e &eacute; intubado. Foto: Reprodu&ccedil;&atilde;o Instagram<\/span><\/span><\/p>\n<p style=\"text-align: justify;\">Na Copa de 1994, o ex-jogador entrou para a hist&oacute;ria do futebol nacional ao selar a vit&oacute;ria do pa&iacute;s sobre a Holanda, por 3 a 2, com um gol de falta, colocando a sele&ccedil;&atilde;o canarinho nas semifinais. Anteriormente, Branco j&aacute; havia defendido o Brasil nas edi&ccedil;&otilde;es de 1986 e 1990. No pa&iacute;s, destacou-se atuando por Internacional e Fluminense, passando tamb&eacute;m em Gr&ecirc;mio, Corinthians e Flamengo. Na Europa, foi jogador de Brescia, Genoa (ambos It&aacute;lia) e Porto (Portugal) O ex-lateral se despediu dos gramados em 1998, pelo Tricolor carioca.<\/p>\n<p style=\"text-align: justify;\">Confira o boletim m&eacute;dico:<\/p>\n<p style=\"text-align: justify;\">&ldquo;O paciente Claudio Ibraim Vaz Leal, 56 anos, tamb&eacute;m conhecido como Branco, foi internado no Hospital Copa Star em 16 de mar&ccedil;o com quadro grave de acometimento pulmonar por covid-19. Recebeu toda assist&ecirc;ncia intensiva de suporte respirat&oacute;rio-fisioter&aacute;pico e medicamentosa, evoluindo ontem com piora cl&iacute;nica, necessitando de ventila&ccedil;&atilde;o mec&acirc;nica por aparelhos. No momento, encontra-se em leito de terapia intensiva, sob monitoriza&ccedil;&atilde;o cont&iacute;nua, sedado e respirando por aparelhos. O quadro est&aacute; evoluindo de maneira est&aacute;vel nas &uacute;ltimas 24h e ainda n&atilde;o h&aacute; previs&atilde;o de quando vai poder respirar por meios pr&oacute;prios.<\/p>\n<p style=\"text-align: justify;\">Dr. Jo&atilde;o Pantoja &ndash; M&eacute;dico Assistente e Diretor Geral do Copa Star<\/p>\n<p style=\"text-align: justify;\">Dr. Bruno Celoria &ndash; Diretor T&eacute;cnico do Copa Star&rdquo;<\/p>\n<div style=\"text-align: justify;\"><iframe id=\"instagram-embed-0\" class=\"instagram-media ig-em-bq instagram-media-rendered\" src=\"https:\/\/www.instagram.com\/p\/CMnoeqYhart\/embed\/captioned\/?cr=1&amp;v=13&amp;wp=647&amp;rd=https%3A%2F%2Fwww.msn.com&amp;rp=%2Fpt-br%2Fesportes%2Fother%2Fap%25c3%25b3s-interna%25c3%25a7%25c3%25a3o-por-covid-19-ex-lateral-branco-campe%25c3%25a3o-mundial-em-1994-tem-piora-e-%25c3%25a9-intubado%2Far-BB1eMomi%3Fli%3DAAggXC1#%7B%22ci%22%3A0%2C%22os%22%3A6048.699999999371%2C%22ls%22%3A5610.100000005332%2C%22le%22%3A5627.000000000407%7D\" height=\"699\" frameborder=\"0\" scrolling=\"no\" allowfullscreen=\"allowfullscreen\" data-instgrm-payload-id=\"instagram-media-payload-0\" data-mce-fragment=\"1\"><\/iframe><\/div>\n<p style=\"text-align: justify;\">Com informa&ccedil;&otilde;es da Ag&ecirc;ncia Brasil e Insta dos Famosos<\/p><\/p>\n","protected":false},"excerpt":{"rendered":"<p>Campe&atilde;o mundial pela sele&ccedil;&atilde;o brasileira de futebol em 1994, o ex-lateral Branco precisou ser intubado na unidade de terapia intensiva (UTI) do Hospital Copa Star, na zona sul do Rio de Janeiro, ap&oacute;s piora da covid-19. Segundo o &uacute;ltimo boletim m&eacute;dico, divulgado nesta sexta-feira (19), o ex-jogador, atualmente com 56 anos, teve &ldquo;piora cl&iacute;nica&rdquo; na &hellip;<\/p>\n","protected":false},"author":2,"featured_media":63404,"comment_status":"open","ping_status":"open","sticky":false,"template":"","format":"standard","meta":{"content-type":"","rop_custom_images_group":[],"rop_custom_messages_group":[],"rop_publish_now":"initial","rop_publish_now_accounts":{"facebook_2648258775420054_1618374048415101":""},"rop_publish_now_history":[],"rop_publish_now_status":"pending","footnotes":"","_jetpack_memberships_contains_paid_content":false},"categories":[108],"tags":[10420,9820,10421,10422,10423,9971],"yoast_head":"<!-- This site is optimized with the Yoast SEO plugin v22.3 - https:\/\/yoast.com\/wordpress\/plugins\/seo\/ -->\n<title>Ap\u00f3s interna\u00e7\u00e3o por covid-19, ex-lateral Branco, campe\u00e3o mundial em 1994, tem piora e \u00e9 intubado<\/title>\n<meta name=\"robots\" content=\"index, follow, max-snippet:-1, max-image-preview:large, max-video-preview:-1\" \/>\n<link rel=\"canonical\" href=\"https:\/\/portalnpm.com\/index.php\/2021\/03\/20\/apos-internacao-por-covid-19-ex-lateral-branco-campeao-mundial-em-1994-tem-piora-e-e-intubado\/\" \/>\n<meta property=\"og:locale\" content=\"pt_BR\" \/>\n<meta property=\"og:type\" content=\"article\" \/>\n<meta property=\"og:title\" content=\"Ap\u00f3s interna\u00e7\u00e3o por covid-19, ex-lateral Branco, campe\u00e3o mundial em 1994, tem piora e \u00e9 intubado\" \/>\n<meta property=\"og:description\" content=\"Campe&atilde;o mundial pela sele&ccedil;&atilde;o brasileira de futebol em 1994, o ex-lateral Branco precisou ser intubado na unidade de terapia intensiva (UTI) do Hospital Copa Star, na zona sul do Rio de Janeiro, ap&oacute;s piora da covid-19. Segundo o &uacute;ltimo boletim m&eacute;dico, divulgado nesta sexta-feira (19), o ex-jogador, atualmente com 56 anos, teve &ldquo;piora cl&iacute;nica&rdquo; na &hellip;\" \/>\n<meta property=\"og:url\" content=\"https:\/\/portalnpm.com\/index.php\/2021\/03\/20\/apos-internacao-por-covid-19-ex-lateral-branco-campeao-mundial-em-1994-tem-piora-e-e-intubado\/\" \/>\n<meta property=\"og:site_name\" content=\"Portal NPM\" \/>\n<meta property=\"article:published_time\" content=\"2021-03-20T12:21:04+00:00\" \/>\n<meta property=\"article:modified_time\" content=\"2024-01-16T02:00:00+00:00\" \/>\n<meta property=\"og:image\" content=\"https:\/\/portalnpm.com\/wp-content\/uploads\/2024\/01\/BB1eMqvu-1.jpeg\" \/>\n\t<meta property=\"og:image:width\" content=\"624\" \/>\n\t<meta property=\"og:image:height\" content=\"532\" \/>\n\t<meta property=\"og:image:type\" content=\"image\/jpeg\" \/>\n<meta name=\"author\" content=\"Genival Barbosa\" \/>\n<meta name=\"twitter:card\" content=\"summary_large_image\" \/>\n<meta name=\"twitter:label1\" content=\"Escrito por\" \/>\n\t<meta name=\"twitter:data1\" content=\"Genival Barbosa\" \/>\n\t<meta name=\"twitter:label2\" content=\"Est. tempo de leitura\" \/>\n\t<meta name=\"twitter:data2\" content=\"3 minutos\" \/>\n<script type=\"application\/ld+json\" class=\"yoast-schema-graph\">{\"@context\":\"https:\/\/schema.org\",\"@graph\":[{\"@type\":\"WebPage\",\"@id\":\"https:\/\/portalnpm.com\/index.php\/2021\/03\/20\/apos-internacao-por-covid-19-ex-lateral-branco-campeao-mundial-em-1994-tem-piora-e-e-intubado\/\",\"url\":\"https:\/\/portalnpm.com\/index.php\/2021\/03\/20\/apos-internacao-por-covid-19-ex-lateral-branco-campeao-mundial-em-1994-tem-piora-e-e-intubado\/\",\"name\":\"Ap\u00f3s interna\u00e7\u00e3o por covid-19, ex-lateral Branco, campe\u00e3o mundial em 1994, tem piora e \u00e9 intubado\",\"isPartOf\":{\"@id\":\"https:\/\/portalnpm.com\/#website\"},\"primaryImageOfPage\":{\"@id\":\"https:\/\/portalnpm.com\/index.php\/2021\/03\/20\/apos-internacao-por-covid-19-ex-lateral-branco-campeao-mundial-em-1994-tem-piora-e-e-intubado\/#primaryimage\"},\"image\":{\"@id\":\"https:\/\/portalnpm.com\/index.php\/2021\/03\/20\/apos-internacao-por-covid-19-ex-lateral-branco-campeao-mundial-em-1994-tem-piora-e-e-intubado\/#primaryimage\"},\"thumbnailUrl\":\"https:\/\/portalnpm.com\/wp-content\/uploads\/2024\/01\/BB1eMqvu-1.jpeg\",\"datePublished\":\"2021-03-20T12:21:04+00:00\",\"dateModified\":\"2024-01-16T02:00:00+00:00\",\"author\":{\"@id\":\"https:\/\/portalnpm.com\/#\/schema\/person\/49313e563cfdefcc167f1ee4c017c294\"},\"breadcrumb\":{\"@id\":\"https:\/\/portalnpm.com\/index.php\/2021\/03\/20\/apos-internacao-por-covid-19-ex-lateral-branco-campeao-mundial-em-1994-tem-piora-e-e-intubado\/#breadcrumb\"},\"inLanguage\":\"pt-BR\",\"potentialAction\":[{\"@type\":\"ReadAction\",\"target\":[\"https:\/\/portalnpm.com\/index.php\/2021\/03\/20\/apos-internacao-por-covid-19-ex-lateral-branco-campeao-mundial-em-1994-tem-piora-e-e-intubado\/\"]}]},{\"@type\":\"ImageObject\",\"inLanguage\":\"pt-BR\",\"@id\":\"https:\/\/portalnpm.com\/index.php\/2021\/03\/20\/apos-internacao-por-covid-19-ex-lateral-branco-campeao-mundial-em-1994-tem-piora-e-e-intubado\/#primaryimage\",\"url\":\"https:\/\/portalnpm.com\/wp-content\/uploads\/2024\/01\/BB1eMqvu-1.jpeg\",\"contentUrl\":\"https:\/\/portalnpm.com\/wp-content\/uploads\/2024\/01\/BB1eMqvu-1.jpeg\",\"width\":624,\"height\":532},{\"@type\":\"BreadcrumbList\",\"@id\":\"https:\/\/portalnpm.com\/index.php\/2021\/03\/20\/apos-internacao-por-covid-19-ex-lateral-branco-campeao-mundial-em-1994-tem-piora-e-e-intubado\/#breadcrumb\",\"itemListElement\":[{\"@type\":\"ListItem\",\"position\":1,\"name\":\"In\u00edcio\",\"item\":\"https:\/\/portalnpm.com\/\"},{\"@type\":\"ListItem\",\"position\":2,\"name\":\"Ap\u00f3s interna\u00e7\u00e3o por covid-19, ex-lateral Branco, campe\u00e3o mundial em 1994, tem piora e \u00e9 intubado\"}]},{\"@type\":\"WebSite\",\"@id\":\"https:\/\/portalnpm.com\/#website\",\"url\":\"https:\/\/portalnpm.com\/\",\"name\":\"Portal NPM\",\"description\":\"Not\u00edcias em Primeira M\u00e3o\",\"potentialAction\":[{\"@type\":\"SearchAction\",\"target\":{\"@type\":\"EntryPoint\",\"urlTemplate\":\"https:\/\/portalnpm.com\/?s={search_term_string}\"},\"query-input\":\"required name=search_term_string\"}],\"inLanguage\":\"pt-BR\"},{\"@type\":\"Person\",\"@id\":\"https:\/\/portalnpm.com\/#\/schema\/person\/49313e563cfdefcc167f1ee4c017c294\",\"name\":\"Genival Barbosa\",\"image\":{\"@type\":\"ImageObject\",\"inLanguage\":\"pt-BR\",\"@id\":\"https:\/\/portalnpm.com\/#\/schema\/person\/image\/\",\"url\":\"https:\/\/portalnpm.com\/wp-content\/uploads\/2024\/02\/avatar_user_2_1707743258-96x96.jpeg\",\"contentUrl\":\"https:\/\/portalnpm.com\/wp-content\/uploads\/2024\/02\/avatar_user_2_1707743258-96x96.jpeg\",\"caption\":\"Genival Barbosa\"},\"url\":\"https:\/\/portalnpm.com\/index.php\/author\/genival\/\"}]}<\/script>\n<!-- \/ Yoast SEO plugin. -->","yoast_head_json":{"title":"Ap\u00f3s interna\u00e7\u00e3o por covid-19, ex-lateral Branco, campe\u00e3o mundial em 1994, tem piora e \u00e9 intubado","robots":{"index":"index","follow":"follow","max-snippet":"max-snippet:-1","max-image-preview":"max-image-preview:large","max-video-preview":"max-video-preview:-1"},"canonical":"https:\/\/portalnpm.com\/index.php\/2021\/03\/20\/apos-internacao-por-covid-19-ex-lateral-branco-campeao-mundial-em-1994-tem-piora-e-e-intubado\/","og_locale":"pt_BR","og_type":"article","og_title":"Ap\u00f3s interna\u00e7\u00e3o por covid-19, ex-lateral Branco, campe\u00e3o mundial em 1994, tem piora e \u00e9 intubado","og_description":"Campe&atilde;o mundial pela sele&ccedil;&atilde;o brasileira de futebol em 1994, o ex-lateral Branco precisou ser intubado na unidade de terapia intensiva (UTI) do Hospital Copa Star, na zona sul do Rio de Janeiro, ap&oacute;s piora da covid-19. Segundo o &uacute;ltimo boletim m&eacute;dico, divulgado nesta sexta-feira (19), o ex-jogador, atualmente com 56 anos, teve &ldquo;piora cl&iacute;nica&rdquo; na &hellip;","og_url":"https:\/\/portalnpm.com\/index.php\/2021\/03\/20\/apos-internacao-por-covid-19-ex-lateral-branco-campeao-mundial-em-1994-tem-piora-e-e-intubado\/","og_site_name":"Portal NPM","article_published_time":"2021-03-20T12:21:04+00:00","article_modified_time":"2024-01-16T02:00:00+00:00","og_image":[{"width":624,"height":532,"url":"https:\/\/portalnpm.com\/wp-content\/uploads\/2024\/01\/BB1eMqvu-1.jpeg","type":"image\/jpeg"}],"author":"Genival Barbosa","twitter_card":"summary_large_image","twitter_misc":{"Escrito por":"Genival Barbosa","Est. tempo de leitura":"3 minutos"},"schema":{"@context":"https:\/\/schema.org","@graph":[{"@type":"WebPage","@id":"https:\/\/portalnpm.com\/index.php\/2021\/03\/20\/apos-internacao-por-covid-19-ex-lateral-branco-campeao-mundial-em-1994-tem-piora-e-e-intubado\/","url":"https:\/\/portalnpm.com\/index.php\/2021\/03\/20\/apos-internacao-por-covid-19-ex-lateral-branco-campeao-mundial-em-1994-tem-piora-e-e-intubado\/","name":"Ap\u00f3s interna\u00e7\u00e3o por covid-19, ex-lateral Branco, campe\u00e3o mundial em 1994, tem piora e \u00e9 intubado","isPartOf":{"@id":"https:\/\/portalnpm.com\/#website"},"primaryImageOfPage":{"@id":"https:\/\/portalnpm.com\/index.php\/2021\/03\/20\/apos-internacao-por-covid-19-ex-lateral-branco-campeao-mundial-em-1994-tem-piora-e-e-intubado\/#primaryimage"},"image":{"@id":"https:\/\/portalnpm.com\/index.php\/2021\/03\/20\/apos-internacao-por-covid-19-ex-lateral-branco-campeao-mundial-em-1994-tem-piora-e-e-intubado\/#primaryimage"},"thumbnailUrl":"https:\/\/portalnpm.com\/wp-content\/uploads\/2024\/01\/BB1eMqvu-1.jpeg","datePublished":"2021-03-20T12:21:04+00:00","dateModified":"2024-01-16T02:00:00+00:00","author":{"@id":"https:\/\/portalnpm.com\/#\/schema\/person\/49313e563cfdefcc167f1ee4c017c294"},"breadcrumb":{"@id":"https:\/\/portalnpm.com\/index.php\/2021\/03\/20\/apos-internacao-por-covid-19-ex-lateral-branco-campeao-mundial-em-1994-tem-piora-e-e-intubado\/#breadcrumb"},"inLanguage":"pt-BR","potentialAction":[{"@type":"ReadAction","target":["https:\/\/portalnpm.com\/index.php\/2021\/03\/20\/apos-internacao-por-covid-19-ex-lateral-branco-campeao-mundial-em-1994-tem-piora-e-e-intubado\/"]}]},{"@type":"ImageObject","inLanguage":"pt-BR","@id":"https:\/\/portalnpm.com\/index.php\/2021\/03\/20\/apos-internacao-por-covid-19-ex-lateral-branco-campeao-mundial-em-1994-tem-piora-e-e-intubado\/#primaryimage","url":"https:\/\/portalnpm.com\/wp-content\/uploads\/2024\/01\/BB1eMqvu-1.jpeg","contentUrl":"https:\/\/portalnpm.com\/wp-content\/uploads\/2024\/01\/BB1eMqvu-1.jpeg","width":624,"height":532},{"@type":"BreadcrumbList","@id":"https:\/\/portalnpm.com\/index.php\/2021\/03\/20\/apos-internacao-por-covid-19-ex-lateral-branco-campeao-mundial-em-1994-tem-piora-e-e-intubado\/#breadcrumb","itemListElement":[{"@type":"ListItem","position":1,"name":"In\u00edcio","item":"https:\/\/portalnpm.com\/"},{"@type":"ListItem","position":2,"name":"Ap\u00f3s interna\u00e7\u00e3o por covid-19, ex-lateral Branco, campe\u00e3o mundial em 1994, tem piora e \u00e9 intubado"}]},{"@type":"WebSite","@id":"https:\/\/portalnpm.com\/#website","url":"https:\/\/portalnpm.com\/","name":"Portal NPM","description":"Not\u00edcias em Primeira M\u00e3o","potentialAction":[{"@type":"SearchAction","target":{"@type":"EntryPoint","urlTemplate":"https:\/\/portalnpm.com\/?s={search_term_string}"},"query-input":"required name=search_term_string"}],"inLanguage":"pt-BR"},{"@type":"Person","@id":"https:\/\/portalnpm.com\/#\/schema\/person\/49313e563cfdefcc167f1ee4c017c294","name":"Genival Barbosa","image":{"@type":"ImageObject","inLanguage":"pt-BR","@id":"https:\/\/portalnpm.com\/#\/schema\/person\/image\/","url":"https:\/\/portalnpm.com\/wp-content\/uploads\/2024\/02\/avatar_user_2_1707743258-96x96.jpeg","contentUrl":"https:\/\/portalnpm.com\/wp-content\/uploads\/2024\/02\/avatar_user_2_1707743258-96x96.jpeg","caption":"Genival Barbosa"},"url":"https:\/\/portalnpm.com\/index.php\/author\/genival\/"}]}},"jetpack_sharing_enabled":true,"jetpack_featured_media_url":"https:\/\/portalnpm.com\/wp-content\/uploads\/2024\/01\/BB1eMqvu-1.jpeg","_links":{"self":[{"href":"https:\/\/portalnpm.com\/index.php\/wp-json\/wp\/v2\/posts\/63403"}],"collection":[{"href":"https:\/\/portalnpm.com\/index.php\/wp-json\/wp\/v2\/posts"}],"about":[{"href":"https:\/\/portalnpm.com\/index.php\/wp-json\/wp\/v2\/types\/post"}],"author":[{"embeddable":true,"href":"https:\/\/portalnpm.com\/index.php\/wp-json\/wp\/v2\/users\/2"}],"replies":[{"embeddable":true,"href":"https:\/\/portalnpm.com\/index.php\/wp-json\/wp\/v2\/comments?post=63403"}],"version-history":[{"count":1,"href":"https:\/\/portalnpm.com\/index.php\/wp-json\/wp\/v2\/posts\/63403\/revisions"}],"predecessor-version":[{"id":63409,"href":"https:\/\/portalnpm.com\/index.php\/wp-json\/wp\/v2\/posts\/63403\/revisions\/63409"}],"wp:featuredmedia":[{"embeddable":true,"href":"https:\/\/portalnpm.com\/index.php\/wp-json\/wp\/v2\/media\/63404"}],"wp:attachment":[{"href":"https:\/\/portalnpm.com\/index.php\/wp-json\/wp\/v2\/media?parent=63403"}],"wp:term":[{"taxonomy":"category","embeddable":true,"href":"https:\/\/portalnpm.com\/index.php\/wp-json\/wp\/v2\/categories?post=63403"},{"taxonomy":"post_tag","embeddable":true,"href":"https:\/\/portalnpm.com\/index.php\/wp-json\/wp\/v2\/tags?post=63403"}],"curies":[{"name":"wp","href":"https:\/\/api.w.org\/{rel}","templated":true}]}}