{"id":6350,"date":"2019-03-21T15:41:27","date_gmt":"2019-03-21T18:41:27","guid":{"rendered":"http:\/\/srv.portalnpm.com.br\/?p=6350"},"modified":"2019-03-21T15:41:27","modified_gmt":"2019-03-21T18:41:27","slug":"morte-do-jovem-helvidio-pedro-17-anos-comove-a-populacao-de-caldeirao-grande-do-piaui","status":"publish","type":"post","link":"https:\/\/portalnpm.com\/index.php\/2019\/03\/21\/morte-do-jovem-helvidio-pedro-17-anos-comove-a-populacao-de-caldeirao-grande-do-piaui\/","title":{"rendered":"Morte do jovem Helv\u00eddio Pedro  17 anos comove a popula\u00e7\u00e3o de Caldeir\u00e3o Grande do Piau\u00ed"},"content":{"rendered":"<p style=\"text-align: justify;\">A not\u00edcia da morte precoce de Helv\u00eddio Pedro de Castro, de apenas 17 anos, abalou a cidade de Caldeir\u00e3o Grande do Piau\u00ed. O jovem faleceu nesta quinta-feira, 21, no Hospital de Urg\u00eancias de Teresina (HUT) onde estava internado.<\/p>\n<p style=\"text-align: justify;\">Segundo informa\u00e7\u00f5es, Helv\u00eddio apresentou um problema de sa\u00fade h\u00e1 dez dias. Foi levado para o hospital de Fronteiras, transferido para Picos e, em virtude da gravidade do seu estado cl\u00ednico, foi encaminhado para Teresina. Ele havia sofrido um aneurisma, caracterizado pela dilata\u00e7\u00e3o anormal de um vaso sangu\u00edneo.<\/p>\n<p style=\"text-align: justify;\">Poucos dias antes de sua morte, j\u00e1 acometido pelo aneurisma, enquanto era transferido de ambul\u00e2ncia, Helv\u00eddio fez um v\u00eddeo ouvindo a m\u00fasica \u201cTente Outra Vez\u201d, de Raul Seixas.<\/p>\n<p><iframe title=\"Helv\u00eddio ouve &quot;Tente outra vez&quot;.\" width=\"500\" height=\"281\" src=\"https:\/\/www.youtube.com\/embed\/-_Sj1_ZKq5I?feature=oembed\" frameborder=\"0\" allow=\"accelerometer; autoplay; clipboard-write; encrypted-media; gyroscope; picture-in-picture; web-share\" allowfullscreen><\/iframe><\/p>\n<p style=\"text-align: justify;\">Helv\u00eddio cursava o ensino m\u00e9dio na Unidade Escola Waldemar de Moura Santos e era um jovem muito querido em sua cidade. Ele era integrante do NUCA \u2013 N\u00facleo de Cidadania dos Adolescentes de Caldeir\u00e3o Grande do Piau\u00ed e participava como volunt\u00e1rio nas a\u00e7\u00f5es do projeto social \u201cVoz, vez e lugar\u201d.<\/p>\n<p style=\"text-align: justify;\">O portal Cidades na Net registrou um dos trabalhos volunt\u00e1rios realizados por Helv\u00eddio durante o evento realizado pela Prefeitura Municipal no dia 26 de outubro de 2018, de encerramento da 5\u00aa edi\u00e7\u00e3o da Semana do Beb\u00ea. Ele aparece na companhia de outros tr\u00eas amigos, vestido de palha\u00e7o, fazendo a alegria da crian\u00e7ada.<\/p>\n<figure id=\"attachment_6351\" aria-describedby=\"caption-attachment-6351\" style=\"width: 300px\" class=\"wp-caption aligncenter\"><img fetchpriority=\"high\" decoding=\"async\" class=\"size-medium wp-image-6351\" src=\"http:\/\/portalnpm.com\/wp-content\/uploads\/2019\/03\/DSC_6443-300x200.jpg\" alt=\"\" width=\"300\" height=\"200\" \/><figcaption id=\"caption-attachment-6351\" class=\"wp-caption-text\">Helv\u00eddio (\u00e0 direita) vestido de palha\u00e7o em evento infantil<\/figcaption><\/figure>\n<p style=\"text-align: justify;\">Nas redes sociais, muitos amigos lamentam a morte precoce do jovem. O prefeito do munic\u00edpio, Jo\u00e3o Vianney, divulgou uma Nota de Pesar onde manifesta solidariedade aos familiares e amigos e reconhece os servi\u00e7os prestados por Helv\u00eddio \u00e0 popula\u00e7\u00e3o do munic\u00edpio.<\/p>\n<figure id=\"attachment_6352\" aria-describedby=\"caption-attachment-6352\" style=\"width: 300px\" class=\"wp-caption aligncenter\"><img decoding=\"async\" class=\"size-medium wp-image-6352\" src=\"http:\/\/portalnpm.com\/wp-content\/uploads\/2019\/03\/Nota-de-Pesar-ok-768x471-300x184.jpg\" alt=\"\" width=\"300\" height=\"184\" \/><figcaption id=\"caption-attachment-6352\" class=\"wp-caption-text\">Nota de Pesar divulgada pela Prefeitura Municipal<\/figcaption><\/figure>\n<p><strong>_Mais imagens<\/strong><\/p>\n<p><img decoding=\"async\" class=\"aligncenter size-medium wp-image-6353\" src=\"http:\/\/portalnpm.com\/wp-content\/uploads\/2019\/03\/2f7be91c-1a97-4895-a00f-2d5e5cfacdce-768x576-300x225.jpg\" alt=\"\" width=\"300\" height=\"225\" \/> <img loading=\"lazy\" decoding=\"async\" class=\"aligncenter size-medium wp-image-6354\" src=\"http:\/\/portalnpm.com\/wp-content\/uploads\/2019\/03\/DSC_6452-300x200.jpg\" alt=\"\" width=\"300\" height=\"200\" \/> <img loading=\"lazy\" decoding=\"async\" class=\"aligncenter size-medium wp-image-6355\" src=\"http:\/\/portalnpm.com\/wp-content\/uploads\/2019\/03\/DSC_6484-300x200.jpg\" alt=\"\" width=\"300\" height=\"200\" \/> <img loading=\"lazy\" decoding=\"async\" class=\"aligncenter size-medium wp-image-6356\" src=\"http:\/\/portalnpm.com\/wp-content\/uploads\/2019\/03\/eba402fa-3c47-48f6-a08a-a6f981ec0e3c-768x576-300x225.jpg\" alt=\"\" width=\"300\" height=\"225\" \/> <img loading=\"lazy\" decoding=\"async\" class=\"aligncenter size-medium wp-image-6357\" src=\"http:\/\/portalnpm.com\/wp-content\/uploads\/2019\/03\/DSC_6446-300x200.jpg\" alt=\"\" width=\"300\" height=\"200\" \/><\/p>\n<p><img loading=\"lazy\" decoding=\"async\" class=\"aligncenter size-medium wp-image-6358\" src=\"http:\/\/portalnpm.com\/wp-content\/uploads\/2019\/03\/8ba10045-c016-4940-94b9-5786ab307a38-169x300.jpg\" alt=\"\" width=\"169\" height=\"300\" \/> <img loading=\"lazy\" decoding=\"async\" class=\"aligncenter size-medium wp-image-6359\" src=\"http:\/\/portalnpm.com\/wp-content\/uploads\/2019\/03\/bf35d210-568c-4968-a700-ada292dfd45d-169x300.jpg\" alt=\"\" width=\"169\" height=\"300\" \/> <img loading=\"lazy\" decoding=\"async\" class=\"aligncenter size-medium wp-image-6360\" src=\"http:\/\/portalnpm.com\/wp-content\/uploads\/2019\/03\/b0b2626d-7e6b-45f1-b82d-4752821dd898-169x300.jpg\" alt=\"\" width=\"169\" height=\"300\" \/> <img loading=\"lazy\" decoding=\"async\" class=\"aligncenter size-medium wp-image-6361\" src=\"http:\/\/portalnpm.com\/wp-content\/uploads\/2019\/03\/d802bc15-8528-4008-8e47-51216b281248-169x300.jpg\" alt=\"\" width=\"169\" height=\"300\" \/> <img loading=\"lazy\" decoding=\"async\" class=\"aligncenter size-medium wp-image-6362\" src=\"http:\/\/portalnpm.com\/wp-content\/uploads\/2019\/03\/7c8d898e-dca9-4872-9b72-c73096fcbc77-169x300.jpg\" alt=\"\" width=\"169\" height=\"300\" \/> <img loading=\"lazy\" decoding=\"async\" class=\"aligncenter size-medium wp-image-6363\" src=\"http:\/\/portalnpm.com\/wp-content\/uploads\/2019\/03\/d7e87b9b-136f-4998-8d9c-6cef5399e34c-169x300.jpg\" alt=\"\" width=\"169\" height=\"300\" \/> <img loading=\"lazy\" decoding=\"async\" class=\"aligncenter size-medium wp-image-6364\" src=\"http:\/\/portalnpm.com\/wp-content\/uploads\/2019\/03\/dec7e683-1af1-4b59-83da-f8846e581cad-169x300.jpg\" alt=\"\" width=\"169\" height=\"300\" \/><\/p>\n<p><strong>FONTE<\/strong>: Cidades na Net<\/p>\n","protected":false},"excerpt":{"rendered":"<p>A not\u00edcia da morte precoce de Helv\u00eddio Pedro de Castro, de apenas 17 anos, abalou a cidade de Caldeir\u00e3o Grande do Piau\u00ed. O jovem faleceu nesta quinta-feira, 21, no Hospital de Urg\u00eancias de Teresina (HUT) onde estava internado. Segundo informa\u00e7\u00f5es, Helv\u00eddio apresentou um problema de sa\u00fade h\u00e1 dez dias. Foi levado para o hospital de &hellip;<\/p>\n","protected":false},"author":8,"featured_media":6365,"comment_status":"open","ping_status":"open","sticky":false,"template":"","format":"standard","meta":{"content-type":"","rop_custom_images_group":[],"rop_custom_messages_group":[],"rop_publish_now":"initial","rop_publish_now_accounts":{"facebook_2648258775420054_1618374048415101":""},"rop_publish_now_history":[],"rop_publish_now_status":"pending","footnotes":"","_jetpack_memberships_contains_paid_content":false},"categories":[723,109,118],"tags":[2437,172,662],"yoast_head":"<!-- This site is optimized with the Yoast SEO plugin v22.3 - https:\/\/yoast.com\/wordpress\/plugins\/seo\/ -->\n<title>Morte do jovem Helv\u00eddio Pedro 17 anos comove a popula\u00e7\u00e3o de Caldeir\u00e3o Grande do Piau\u00ed - Portal NPM<\/title>\n<meta name=\"robots\" content=\"index, follow, max-snippet:-1, max-image-preview:large, max-video-preview:-1\" \/>\n<link rel=\"canonical\" href=\"https:\/\/portalnpm.com\/index.php\/2019\/03\/21\/morte-do-jovem-helvidio-pedro-17-anos-comove-a-populacao-de-caldeirao-grande-do-piaui\/\" \/>\n<meta property=\"og:locale\" content=\"pt_BR\" \/>\n<meta property=\"og:type\" content=\"article\" \/>\n<meta property=\"og:title\" content=\"Morte do jovem Helv\u00eddio Pedro 17 anos comove a popula\u00e7\u00e3o de Caldeir\u00e3o Grande do Piau\u00ed - Portal NPM\" \/>\n<meta property=\"og:description\" content=\"A not\u00edcia da morte precoce de Helv\u00eddio Pedro de Castro, de apenas 17 anos, abalou a cidade de Caldeir\u00e3o Grande do Piau\u00ed. O jovem faleceu nesta quinta-feira, 21, no Hospital de Urg\u00eancias de Teresina (HUT) onde estava internado. Segundo informa\u00e7\u00f5es, Helv\u00eddio apresentou um problema de sa\u00fade h\u00e1 dez dias. Foi levado para o hospital de &hellip;\" \/>\n<meta property=\"og:url\" content=\"https:\/\/portalnpm.com\/index.php\/2019\/03\/21\/morte-do-jovem-helvidio-pedro-17-anos-comove-a-populacao-de-caldeirao-grande-do-piaui\/\" \/>\n<meta property=\"og:site_name\" content=\"Portal NPM\" \/>\n<meta property=\"article:published_time\" content=\"2019-03-21T18:41:27+00:00\" \/>\n<meta name=\"author\" content=\"Zenilton Lima\" \/>\n<meta name=\"twitter:card\" content=\"summary_large_image\" \/>\n<meta name=\"twitter:label1\" content=\"Escrito por\" \/>\n\t<meta name=\"twitter:data1\" content=\"Zenilton Lima\" \/>\n\t<meta name=\"twitter:label2\" content=\"Est. tempo de leitura\" \/>\n\t<meta name=\"twitter:data2\" content=\"2 minutos\" \/>\n<script type=\"application\/ld+json\" class=\"yoast-schema-graph\">{\"@context\":\"https:\/\/schema.org\",\"@graph\":[{\"@type\":\"WebPage\",\"@id\":\"https:\/\/portalnpm.com\/index.php\/2019\/03\/21\/morte-do-jovem-helvidio-pedro-17-anos-comove-a-populacao-de-caldeirao-grande-do-piaui\/\",\"url\":\"https:\/\/portalnpm.com\/index.php\/2019\/03\/21\/morte-do-jovem-helvidio-pedro-17-anos-comove-a-populacao-de-caldeirao-grande-do-piaui\/\",\"name\":\"Morte do jovem Helv\u00eddio Pedro 17 anos comove a popula\u00e7\u00e3o de Caldeir\u00e3o Grande do Piau\u00ed - Portal NPM\",\"isPartOf\":{\"@id\":\"https:\/\/portalnpm.com\/#website\"},\"primaryImageOfPage\":{\"@id\":\"https:\/\/portalnpm.com\/index.php\/2019\/03\/21\/morte-do-jovem-helvidio-pedro-17-anos-comove-a-populacao-de-caldeirao-grande-do-piaui\/#primaryimage\"},\"image\":{\"@id\":\"https:\/\/portalnpm.com\/index.php\/2019\/03\/21\/morte-do-jovem-helvidio-pedro-17-anos-comove-a-populacao-de-caldeirao-grande-do-piaui\/#primaryimage\"},\"thumbnailUrl\":\"\",\"datePublished\":\"2019-03-21T18:41:27+00:00\",\"dateModified\":\"2019-03-21T18:41:27+00:00\",\"author\":{\"@id\":\"https:\/\/portalnpm.com\/#\/schema\/person\/35cb55186eae3f074b6783da6d35591e\"},\"breadcrumb\":{\"@id\":\"https:\/\/portalnpm.com\/index.php\/2019\/03\/21\/morte-do-jovem-helvidio-pedro-17-anos-comove-a-populacao-de-caldeirao-grande-do-piaui\/#breadcrumb\"},\"inLanguage\":\"pt-BR\",\"potentialAction\":[{\"@type\":\"ReadAction\",\"target\":[\"https:\/\/portalnpm.com\/index.php\/2019\/03\/21\/morte-do-jovem-helvidio-pedro-17-anos-comove-a-populacao-de-caldeirao-grande-do-piaui\/\"]}]},{\"@type\":\"ImageObject\",\"inLanguage\":\"pt-BR\",\"@id\":\"https:\/\/portalnpm.com\/index.php\/2019\/03\/21\/morte-do-jovem-helvidio-pedro-17-anos-comove-a-populacao-de-caldeirao-grande-do-piaui\/#primaryimage\",\"url\":\"\",\"contentUrl\":\"\"},{\"@type\":\"BreadcrumbList\",\"@id\":\"https:\/\/portalnpm.com\/index.php\/2019\/03\/21\/morte-do-jovem-helvidio-pedro-17-anos-comove-a-populacao-de-caldeirao-grande-do-piaui\/#breadcrumb\",\"itemListElement\":[{\"@type\":\"ListItem\",\"position\":1,\"name\":\"In\u00edcio\",\"item\":\"https:\/\/portalnpm.com\/\"},{\"@type\":\"ListItem\",\"position\":2,\"name\":\"Morte do jovem Helv\u00eddio Pedro 17 anos comove a popula\u00e7\u00e3o de Caldeir\u00e3o Grande do Piau\u00ed\"}]},{\"@type\":\"WebSite\",\"@id\":\"https:\/\/portalnpm.com\/#website\",\"url\":\"https:\/\/portalnpm.com\/\",\"name\":\"Portal NPM\",\"description\":\"Not\u00edcias em Primeira M\u00e3o\",\"potentialAction\":[{\"@type\":\"SearchAction\",\"target\":{\"@type\":\"EntryPoint\",\"urlTemplate\":\"https:\/\/portalnpm.com\/?s={search_term_string}\"},\"query-input\":\"required name=search_term_string\"}],\"inLanguage\":\"pt-BR\"},{\"@type\":\"Person\",\"@id\":\"https:\/\/portalnpm.com\/#\/schema\/person\/35cb55186eae3f074b6783da6d35591e\",\"name\":\"Zenilton Lima\",\"image\":{\"@type\":\"ImageObject\",\"inLanguage\":\"pt-BR\",\"@id\":\"https:\/\/portalnpm.com\/#\/schema\/person\/image\/\",\"url\":\"https:\/\/portalnpm.com\/wp-content\/uploads\/2024\/12\/avatar_user_8_1733658137-96x96.jpeg\",\"contentUrl\":\"https:\/\/portalnpm.com\/wp-content\/uploads\/2024\/12\/avatar_user_8_1733658137-96x96.jpeg\",\"caption\":\"Zenilton Lima\"},\"url\":\"https:\/\/portalnpm.com\/index.php\/author\/zenilton\/\"}]}<\/script>\n<!-- \/ Yoast SEO plugin. -->","yoast_head_json":{"title":"Morte do jovem Helv\u00eddio Pedro 17 anos comove a popula\u00e7\u00e3o de Caldeir\u00e3o Grande do Piau\u00ed - Portal NPM","robots":{"index":"index","follow":"follow","max-snippet":"max-snippet:-1","max-image-preview":"max-image-preview:large","max-video-preview":"max-video-preview:-1"},"canonical":"https:\/\/portalnpm.com\/index.php\/2019\/03\/21\/morte-do-jovem-helvidio-pedro-17-anos-comove-a-populacao-de-caldeirao-grande-do-piaui\/","og_locale":"pt_BR","og_type":"article","og_title":"Morte do jovem Helv\u00eddio Pedro 17 anos comove a popula\u00e7\u00e3o de Caldeir\u00e3o Grande do Piau\u00ed - Portal NPM","og_description":"A not\u00edcia da morte precoce de Helv\u00eddio Pedro de Castro, de apenas 17 anos, abalou a cidade de Caldeir\u00e3o Grande do Piau\u00ed. O jovem faleceu nesta quinta-feira, 21, no Hospital de Urg\u00eancias de Teresina (HUT) onde estava internado. Segundo informa\u00e7\u00f5es, Helv\u00eddio apresentou um problema de sa\u00fade h\u00e1 dez dias. Foi levado para o hospital de &hellip;","og_url":"https:\/\/portalnpm.com\/index.php\/2019\/03\/21\/morte-do-jovem-helvidio-pedro-17-anos-comove-a-populacao-de-caldeirao-grande-do-piaui\/","og_site_name":"Portal NPM","article_published_time":"2019-03-21T18:41:27+00:00","author":"Zenilton Lima","twitter_card":"summary_large_image","twitter_misc":{"Escrito por":"Zenilton Lima","Est. tempo de leitura":"2 minutos"},"schema":{"@context":"https:\/\/schema.org","@graph":[{"@type":"WebPage","@id":"https:\/\/portalnpm.com\/index.php\/2019\/03\/21\/morte-do-jovem-helvidio-pedro-17-anos-comove-a-populacao-de-caldeirao-grande-do-piaui\/","url":"https:\/\/portalnpm.com\/index.php\/2019\/03\/21\/morte-do-jovem-helvidio-pedro-17-anos-comove-a-populacao-de-caldeirao-grande-do-piaui\/","name":"Morte do jovem Helv\u00eddio Pedro 17 anos comove a popula\u00e7\u00e3o de Caldeir\u00e3o Grande do Piau\u00ed - Portal NPM","isPartOf":{"@id":"https:\/\/portalnpm.com\/#website"},"primaryImageOfPage":{"@id":"https:\/\/portalnpm.com\/index.php\/2019\/03\/21\/morte-do-jovem-helvidio-pedro-17-anos-comove-a-populacao-de-caldeirao-grande-do-piaui\/#primaryimage"},"image":{"@id":"https:\/\/portalnpm.com\/index.php\/2019\/03\/21\/morte-do-jovem-helvidio-pedro-17-anos-comove-a-populacao-de-caldeirao-grande-do-piaui\/#primaryimage"},"thumbnailUrl":"","datePublished":"2019-03-21T18:41:27+00:00","dateModified":"2019-03-21T18:41:27+00:00","author":{"@id":"https:\/\/portalnpm.com\/#\/schema\/person\/35cb55186eae3f074b6783da6d35591e"},"breadcrumb":{"@id":"https:\/\/portalnpm.com\/index.php\/2019\/03\/21\/morte-do-jovem-helvidio-pedro-17-anos-comove-a-populacao-de-caldeirao-grande-do-piaui\/#breadcrumb"},"inLanguage":"pt-BR","potentialAction":[{"@type":"ReadAction","target":["https:\/\/portalnpm.com\/index.php\/2019\/03\/21\/morte-do-jovem-helvidio-pedro-17-anos-comove-a-populacao-de-caldeirao-grande-do-piaui\/"]}]},{"@type":"ImageObject","inLanguage":"pt-BR","@id":"https:\/\/portalnpm.com\/index.php\/2019\/03\/21\/morte-do-jovem-helvidio-pedro-17-anos-comove-a-populacao-de-caldeirao-grande-do-piaui\/#primaryimage","url":"","contentUrl":""},{"@type":"BreadcrumbList","@id":"https:\/\/portalnpm.com\/index.php\/2019\/03\/21\/morte-do-jovem-helvidio-pedro-17-anos-comove-a-populacao-de-caldeirao-grande-do-piaui\/#breadcrumb","itemListElement":[{"@type":"ListItem","position":1,"name":"In\u00edcio","item":"https:\/\/portalnpm.com\/"},{"@type":"ListItem","position":2,"name":"Morte do jovem Helv\u00eddio Pedro 17 anos comove a popula\u00e7\u00e3o de Caldeir\u00e3o Grande do Piau\u00ed"}]},{"@type":"WebSite","@id":"https:\/\/portalnpm.com\/#website","url":"https:\/\/portalnpm.com\/","name":"Portal NPM","description":"Not\u00edcias em Primeira M\u00e3o","potentialAction":[{"@type":"SearchAction","target":{"@type":"EntryPoint","urlTemplate":"https:\/\/portalnpm.com\/?s={search_term_string}"},"query-input":"required name=search_term_string"}],"inLanguage":"pt-BR"},{"@type":"Person","@id":"https:\/\/portalnpm.com\/#\/schema\/person\/35cb55186eae3f074b6783da6d35591e","name":"Zenilton Lima","image":{"@type":"ImageObject","inLanguage":"pt-BR","@id":"https:\/\/portalnpm.com\/#\/schema\/person\/image\/","url":"https:\/\/portalnpm.com\/wp-content\/uploads\/2024\/12\/avatar_user_8_1733658137-96x96.jpeg","contentUrl":"https:\/\/portalnpm.com\/wp-content\/uploads\/2024\/12\/avatar_user_8_1733658137-96x96.jpeg","caption":"Zenilton Lima"},"url":"https:\/\/portalnpm.com\/index.php\/author\/zenilton\/"}]}},"jetpack_sharing_enabled":true,"jetpack_featured_media_url":"","_links":{"self":[{"href":"https:\/\/portalnpm.com\/index.php\/wp-json\/wp\/v2\/posts\/6350"}],"collection":[{"href":"https:\/\/portalnpm.com\/index.php\/wp-json\/wp\/v2\/posts"}],"about":[{"href":"https:\/\/portalnpm.com\/index.php\/wp-json\/wp\/v2\/types\/post"}],"author":[{"embeddable":true,"href":"https:\/\/portalnpm.com\/index.php\/wp-json\/wp\/v2\/users\/8"}],"replies":[{"embeddable":true,"href":"https:\/\/portalnpm.com\/index.php\/wp-json\/wp\/v2\/comments?post=6350"}],"version-history":[{"count":0,"href":"https:\/\/portalnpm.com\/index.php\/wp-json\/wp\/v2\/posts\/6350\/revisions"}],"wp:featuredmedia":[{"embeddable":true,"href":"https:\/\/portalnpm.com\/index.php\/wp-json\/"}],"wp:attachment":[{"href":"https:\/\/portalnpm.com\/index.php\/wp-json\/wp\/v2\/media?parent=6350"}],"wp:term":[{"taxonomy":"category","embeddable":true,"href":"https:\/\/portalnpm.com\/index.php\/wp-json\/wp\/v2\/categories?post=6350"},{"taxonomy":"post_tag","embeddable":true,"href":"https:\/\/portalnpm.com\/index.php\/wp-json\/wp\/v2\/tags?post=6350"}],"curies":[{"name":"wp","href":"https:\/\/api.w.org\/{rel}","templated":true}]}}