{"id":63557,"date":"2021-03-21T16:05:21","date_gmt":"2021-03-21T19:05:21","guid":{"rendered":"https:\/\/portalnpm.com\/index.php\/2021\/03\/21\/piaui-e-o-primeiro-a-vacinar-pessoas-com-deficiencia-contra-covid-19\/"},"modified":"2024-01-15T23:01:31","modified_gmt":"2024-01-16T02:01:31","slug":"piaui-e-o-primeiro-a-vacinar-pessoas-com-deficiencia-contra-covid-19","status":"publish","type":"post","link":"https:\/\/portalnpm.com\/index.php\/2021\/03\/21\/piaui-e-o-primeiro-a-vacinar-pessoas-com-deficiencia-contra-covid-19\/","title":{"rendered":"Piau\u00ed \u00e9 o primeiro a vacinar pessoas com defici\u00eancia contra Covid-19"},"content":{"rendered":"<p><p style=\"text-align: justify;\">Neste domingo (21), Dia Internacional da S&iacute;ndrome de Down, o Piau&iacute; se torna o primeiro estado brasileiro a vacinar pessoas com defici&ecirc;ncia contra a Covid-19.<\/p>\n<p style=\"text-align: justify;\">\n<p style=\"text-align: justify;\">Em ato simb&oacute;lico realizado no Centro Integrado de Reabilita&ccedil;&atilde;o -CEIR, cinco piauienses receberam a primeira dose do imunizante. Foram vacinados Pedro de Almeida Neto[s&iacute;ndrome de down], Walter dos Santos Falc&atilde;o [autista],Francisco Pereira Torres[cadeirante], Iraci Matos [defici&ecirc;ncia visual] e Bernardo Farias Couto [surdo].<\/p>\n<p style=\"text-align: justify;\">A prioridade de vacina&ccedil;&atilde;o das pessoas com defici&ecirc;ncia contra Covid-19 no Piau&iacute; &eacute; determinada pela Lei n&ordm; l7.486, proposta pelo deputado Franz&eacute; Silva, aprovada pela Assembleia Legislativa e sancionada pelo governador Wellington Dias.<\/p>\n<p style=\"text-align: justify;\">O Secretaria de Estado para Inclus&atilde;o da Pessoa com Defici&ecirc;ncia , Mauro Eduardo, ressaltou a import&acirc;ncia da vacina&ccedil;&atilde;o de pessoas com defici&ecirc;ncia.&nbsp; O gestor explica que este p&uacute;blico &eacute; muito vulner&aacute;vel ao coronav&iacute;rus porque a maioria possui comorbidades.<\/p>\n<p style=\"text-align: justify;\">&ldquo;&Eacute; um momento &iacute;mpar. As pessoas com defici&ecirc;ncia s&atilde;o muito vulner&aacute;veis a esse v&iacute;rus. Esse v&iacute;rus &eacute; muito letal para essas pessoas. Posso citar aqui uma pessoa com s&iacute;ndrome de down.&nbsp; Existe pesquisa na Universidade de Oxford que mostra que o v&iacute;rus nelas &eacute; 10 vezes mais letal, por exemplo&rdquo;, explica.<\/p>\n<p style=\"text-align: justify;\">Neste primeiro momento mil pessoas com defici&ecirc;ncia em todo Piau&iacute; receber&atilde;o as duas doses da vacina. O imunizante ser&aacute; distribu&iacute;do de acordo com a proporcionalidade do quantitativo de defici&ecirc;ncia de cada munic&iacute;pio.&nbsp;Inicialmente, de acordo com a Secretaria de Estado da Sa&uacute;de, ser&atilde;o vacinadas as pessoas com defici&ecirc;ncia com mais&nbsp; de 60 anos e com alguma comorbidade ou institucionalizadas. A comorbidade dever&aacute; ser comprovada atrav&eacute;s de atestado ou laudo m&eacute;dico.<\/p>\n<p style=\"text-align: justify;\"><em>Foto:Herlon Moraes<\/em><\/p>\n<p style=\"text-align: justify;\"><img decoding=\"async\" src=\"https:\/\/portalnpm.com\/wp-content\/uploads\/2024\/01\/f0ee782d4c78aa916a52b0ab7a3228e8.jpg\"><\/p>\n<p style=\"text-align: justify;\">&ldquo;O quantitativo de vacina ainda &eacute; muito pequeno, n&atilde;o s&oacute; para a pessoas com defici&ecirc;ncia, mas para todo p&uacute;blico. Mas,&nbsp; gra&ccedil;as a Deus, estamos dando o pontap&eacute; inicial. O Piau&iacute; &eacute; o primeiro estado da federa&ccedil;&atilde;o a iniciar imuniza&ccedil;&atilde;o de pessoa com defici&ecirc;ncia contra a covid 19&rdquo;, ressalta Mauro Eduardo.<\/p>\n<p style=\"text-align: justify;\">Al&eacute;m de Mauro Eduardo, participaram do ato simb&oacute;lico os secret&aacute;rios Florentino Neto e Rafael Fonteles e o presidente da Funda&ccedil;&atilde;o Municipal de Sa&uacute;de, Gilberto Alburqueque. A deputada federal Rejane Dias e deputado estadual Franz&eacute; Silva tamb&eacute;m estiveram no evento.<\/p>\n<p style=\"text-align: justify;\">\n<p style=\"text-align: justify;\"><em>Por Cidade Verde <\/em><\/p><\/p>\n","protected":false},"excerpt":{"rendered":"<p>Neste domingo (21), Dia Internacional da S&iacute;ndrome de Down, o Piau&iacute; se torna o primeiro estado brasileiro a vacinar pessoas com defici&ecirc;ncia contra a Covid-19. Em ato simb&oacute;lico realizado no Centro Integrado de Reabilita&ccedil;&atilde;o -CEIR, cinco piauienses receberam a primeira dose do imunizante. Foram vacinados Pedro de Almeida Neto[s&iacute;ndrome de down], Walter dos Santos Falc&atilde;o &hellip;<\/p>\n","protected":false},"author":2,"featured_media":63558,"comment_status":"open","ping_status":"open","sticky":false,"template":"","format":"standard","meta":{"content-type":"","rop_custom_images_group":[],"rop_custom_messages_group":[],"rop_publish_now":"initial","rop_publish_now_accounts":{"facebook_2648258775420054_1618374048415101":""},"rop_publish_now_history":[],"rop_publish_now_status":"pending","footnotes":"","_jetpack_memberships_contains_paid_content":false},"categories":[188,384],"tags":[5689,10520,187,10521],"yoast_head":"<!-- This site is optimized with the Yoast SEO plugin v22.3 - https:\/\/yoast.com\/wordpress\/plugins\/seo\/ -->\n<title>Piau\u00ed \u00e9 o primeiro a vacinar pessoas com defici\u00eancia contra Covid-19<\/title>\n<meta name=\"robots\" content=\"index, follow, max-snippet:-1, max-image-preview:large, max-video-preview:-1\" \/>\n<link rel=\"canonical\" href=\"https:\/\/portalnpm.com\/index.php\/2021\/03\/21\/piaui-e-o-primeiro-a-vacinar-pessoas-com-deficiencia-contra-covid-19\/\" \/>\n<meta property=\"og:locale\" content=\"pt_BR\" \/>\n<meta property=\"og:type\" content=\"article\" \/>\n<meta property=\"og:title\" content=\"Piau\u00ed \u00e9 o primeiro a vacinar pessoas com defici\u00eancia contra Covid-19\" \/>\n<meta property=\"og:description\" content=\"Neste domingo (21), Dia Internacional da S&iacute;ndrome de Down, o Piau&iacute; se torna o primeiro estado brasileiro a vacinar pessoas com defici&ecirc;ncia contra a Covid-19. Em ato simb&oacute;lico realizado no Centro Integrado de Reabilita&ccedil;&atilde;o -CEIR, cinco piauienses receberam a primeira dose do imunizante. Foram vacinados Pedro de Almeida Neto[s&iacute;ndrome de down], Walter dos Santos Falc&atilde;o &hellip;\" \/>\n<meta property=\"og:url\" content=\"https:\/\/portalnpm.com\/index.php\/2021\/03\/21\/piaui-e-o-primeiro-a-vacinar-pessoas-com-deficiencia-contra-covid-19\/\" \/>\n<meta property=\"og:site_name\" content=\"Portal NPM\" \/>\n<meta property=\"article:published_time\" content=\"2021-03-21T19:05:21+00:00\" \/>\n<meta property=\"article:modified_time\" content=\"2024-01-16T02:01:31+00:00\" \/>\n<meta property=\"og:image\" content=\"https:\/\/portalnpm.com\/wp-content\/uploads\/2024\/01\/f0ee782d4c78aa916a52b0ab7a3228e8.jpg\" \/>\n\t<meta property=\"og:image:width\" content=\"790\" \/>\n\t<meta property=\"og:image:height\" content=\"550\" \/>\n\t<meta property=\"og:image:type\" content=\"image\/jpeg\" \/>\n<meta name=\"author\" content=\"Genival Barbosa\" \/>\n<meta name=\"twitter:card\" content=\"summary_large_image\" \/>\n<meta name=\"twitter:label1\" content=\"Escrito por\" \/>\n\t<meta name=\"twitter:data1\" content=\"Genival Barbosa\" \/>\n\t<meta name=\"twitter:label2\" content=\"Est. tempo de leitura\" \/>\n\t<meta name=\"twitter:data2\" content=\"2 minutos\" \/>\n<script type=\"application\/ld+json\" class=\"yoast-schema-graph\">{\"@context\":\"https:\/\/schema.org\",\"@graph\":[{\"@type\":\"WebPage\",\"@id\":\"https:\/\/portalnpm.com\/index.php\/2021\/03\/21\/piaui-e-o-primeiro-a-vacinar-pessoas-com-deficiencia-contra-covid-19\/\",\"url\":\"https:\/\/portalnpm.com\/index.php\/2021\/03\/21\/piaui-e-o-primeiro-a-vacinar-pessoas-com-deficiencia-contra-covid-19\/\",\"name\":\"Piau\u00ed \u00e9 o primeiro a vacinar pessoas com defici\u00eancia contra Covid-19\",\"isPartOf\":{\"@id\":\"https:\/\/portalnpm.com\/#website\"},\"primaryImageOfPage\":{\"@id\":\"https:\/\/portalnpm.com\/index.php\/2021\/03\/21\/piaui-e-o-primeiro-a-vacinar-pessoas-com-deficiencia-contra-covid-19\/#primaryimage\"},\"image\":{\"@id\":\"https:\/\/portalnpm.com\/index.php\/2021\/03\/21\/piaui-e-o-primeiro-a-vacinar-pessoas-com-deficiencia-contra-covid-19\/#primaryimage\"},\"thumbnailUrl\":\"https:\/\/portalnpm.com\/wp-content\/uploads\/2024\/01\/f0ee782d4c78aa916a52b0ab7a3228e8.jpg\",\"datePublished\":\"2021-03-21T19:05:21+00:00\",\"dateModified\":\"2024-01-16T02:01:31+00:00\",\"author\":{\"@id\":\"https:\/\/portalnpm.com\/#\/schema\/person\/49313e563cfdefcc167f1ee4c017c294\"},\"breadcrumb\":{\"@id\":\"https:\/\/portalnpm.com\/index.php\/2021\/03\/21\/piaui-e-o-primeiro-a-vacinar-pessoas-com-deficiencia-contra-covid-19\/#breadcrumb\"},\"inLanguage\":\"pt-BR\",\"potentialAction\":[{\"@type\":\"ReadAction\",\"target\":[\"https:\/\/portalnpm.com\/index.php\/2021\/03\/21\/piaui-e-o-primeiro-a-vacinar-pessoas-com-deficiencia-contra-covid-19\/\"]}]},{\"@type\":\"ImageObject\",\"inLanguage\":\"pt-BR\",\"@id\":\"https:\/\/portalnpm.com\/index.php\/2021\/03\/21\/piaui-e-o-primeiro-a-vacinar-pessoas-com-deficiencia-contra-covid-19\/#primaryimage\",\"url\":\"https:\/\/portalnpm.com\/wp-content\/uploads\/2024\/01\/f0ee782d4c78aa916a52b0ab7a3228e8.jpg\",\"contentUrl\":\"https:\/\/portalnpm.com\/wp-content\/uploads\/2024\/01\/f0ee782d4c78aa916a52b0ab7a3228e8.jpg\",\"width\":790,\"height\":550},{\"@type\":\"BreadcrumbList\",\"@id\":\"https:\/\/portalnpm.com\/index.php\/2021\/03\/21\/piaui-e-o-primeiro-a-vacinar-pessoas-com-deficiencia-contra-covid-19\/#breadcrumb\",\"itemListElement\":[{\"@type\":\"ListItem\",\"position\":1,\"name\":\"In\u00edcio\",\"item\":\"https:\/\/portalnpm.com\/\"},{\"@type\":\"ListItem\",\"position\":2,\"name\":\"Piau\u00ed \u00e9 o primeiro a vacinar pessoas com defici\u00eancia contra Covid-19\"}]},{\"@type\":\"WebSite\",\"@id\":\"https:\/\/portalnpm.com\/#website\",\"url\":\"https:\/\/portalnpm.com\/\",\"name\":\"Portal NPM\",\"description\":\"Not\u00edcias em Primeira M\u00e3o\",\"potentialAction\":[{\"@type\":\"SearchAction\",\"target\":{\"@type\":\"EntryPoint\",\"urlTemplate\":\"https:\/\/portalnpm.com\/?s={search_term_string}\"},\"query-input\":\"required name=search_term_string\"}],\"inLanguage\":\"pt-BR\"},{\"@type\":\"Person\",\"@id\":\"https:\/\/portalnpm.com\/#\/schema\/person\/49313e563cfdefcc167f1ee4c017c294\",\"name\":\"Genival Barbosa\",\"image\":{\"@type\":\"ImageObject\",\"inLanguage\":\"pt-BR\",\"@id\":\"https:\/\/portalnpm.com\/#\/schema\/person\/image\/\",\"url\":\"https:\/\/portalnpm.com\/wp-content\/uploads\/2024\/02\/avatar_user_2_1707743258-96x96.jpeg\",\"contentUrl\":\"https:\/\/portalnpm.com\/wp-content\/uploads\/2024\/02\/avatar_user_2_1707743258-96x96.jpeg\",\"caption\":\"Genival Barbosa\"},\"url\":\"https:\/\/portalnpm.com\/index.php\/author\/genival\/\"}]}<\/script>\n<!-- \/ Yoast SEO plugin. -->","yoast_head_json":{"title":"Piau\u00ed \u00e9 o primeiro a vacinar pessoas com defici\u00eancia contra Covid-19","robots":{"index":"index","follow":"follow","max-snippet":"max-snippet:-1","max-image-preview":"max-image-preview:large","max-video-preview":"max-video-preview:-1"},"canonical":"https:\/\/portalnpm.com\/index.php\/2021\/03\/21\/piaui-e-o-primeiro-a-vacinar-pessoas-com-deficiencia-contra-covid-19\/","og_locale":"pt_BR","og_type":"article","og_title":"Piau\u00ed \u00e9 o primeiro a vacinar pessoas com defici\u00eancia contra Covid-19","og_description":"Neste domingo (21), Dia Internacional da S&iacute;ndrome de Down, o Piau&iacute; se torna o primeiro estado brasileiro a vacinar pessoas com defici&ecirc;ncia contra a Covid-19. Em ato simb&oacute;lico realizado no Centro Integrado de Reabilita&ccedil;&atilde;o -CEIR, cinco piauienses receberam a primeira dose do imunizante. Foram vacinados Pedro de Almeida Neto[s&iacute;ndrome de down], Walter dos Santos Falc&atilde;o &hellip;","og_url":"https:\/\/portalnpm.com\/index.php\/2021\/03\/21\/piaui-e-o-primeiro-a-vacinar-pessoas-com-deficiencia-contra-covid-19\/","og_site_name":"Portal NPM","article_published_time":"2021-03-21T19:05:21+00:00","article_modified_time":"2024-01-16T02:01:31+00:00","og_image":[{"width":790,"height":550,"url":"https:\/\/portalnpm.com\/wp-content\/uploads\/2024\/01\/f0ee782d4c78aa916a52b0ab7a3228e8.jpg","type":"image\/jpeg"}],"author":"Genival Barbosa","twitter_card":"summary_large_image","twitter_misc":{"Escrito por":"Genival Barbosa","Est. tempo de leitura":"2 minutos"},"schema":{"@context":"https:\/\/schema.org","@graph":[{"@type":"WebPage","@id":"https:\/\/portalnpm.com\/index.php\/2021\/03\/21\/piaui-e-o-primeiro-a-vacinar-pessoas-com-deficiencia-contra-covid-19\/","url":"https:\/\/portalnpm.com\/index.php\/2021\/03\/21\/piaui-e-o-primeiro-a-vacinar-pessoas-com-deficiencia-contra-covid-19\/","name":"Piau\u00ed \u00e9 o primeiro a vacinar pessoas com defici\u00eancia contra Covid-19","isPartOf":{"@id":"https:\/\/portalnpm.com\/#website"},"primaryImageOfPage":{"@id":"https:\/\/portalnpm.com\/index.php\/2021\/03\/21\/piaui-e-o-primeiro-a-vacinar-pessoas-com-deficiencia-contra-covid-19\/#primaryimage"},"image":{"@id":"https:\/\/portalnpm.com\/index.php\/2021\/03\/21\/piaui-e-o-primeiro-a-vacinar-pessoas-com-deficiencia-contra-covid-19\/#primaryimage"},"thumbnailUrl":"https:\/\/portalnpm.com\/wp-content\/uploads\/2024\/01\/f0ee782d4c78aa916a52b0ab7a3228e8.jpg","datePublished":"2021-03-21T19:05:21+00:00","dateModified":"2024-01-16T02:01:31+00:00","author":{"@id":"https:\/\/portalnpm.com\/#\/schema\/person\/49313e563cfdefcc167f1ee4c017c294"},"breadcrumb":{"@id":"https:\/\/portalnpm.com\/index.php\/2021\/03\/21\/piaui-e-o-primeiro-a-vacinar-pessoas-com-deficiencia-contra-covid-19\/#breadcrumb"},"inLanguage":"pt-BR","potentialAction":[{"@type":"ReadAction","target":["https:\/\/portalnpm.com\/index.php\/2021\/03\/21\/piaui-e-o-primeiro-a-vacinar-pessoas-com-deficiencia-contra-covid-19\/"]}]},{"@type":"ImageObject","inLanguage":"pt-BR","@id":"https:\/\/portalnpm.com\/index.php\/2021\/03\/21\/piaui-e-o-primeiro-a-vacinar-pessoas-com-deficiencia-contra-covid-19\/#primaryimage","url":"https:\/\/portalnpm.com\/wp-content\/uploads\/2024\/01\/f0ee782d4c78aa916a52b0ab7a3228e8.jpg","contentUrl":"https:\/\/portalnpm.com\/wp-content\/uploads\/2024\/01\/f0ee782d4c78aa916a52b0ab7a3228e8.jpg","width":790,"height":550},{"@type":"BreadcrumbList","@id":"https:\/\/portalnpm.com\/index.php\/2021\/03\/21\/piaui-e-o-primeiro-a-vacinar-pessoas-com-deficiencia-contra-covid-19\/#breadcrumb","itemListElement":[{"@type":"ListItem","position":1,"name":"In\u00edcio","item":"https:\/\/portalnpm.com\/"},{"@type":"ListItem","position":2,"name":"Piau\u00ed \u00e9 o primeiro a vacinar pessoas com defici\u00eancia contra Covid-19"}]},{"@type":"WebSite","@id":"https:\/\/portalnpm.com\/#website","url":"https:\/\/portalnpm.com\/","name":"Portal NPM","description":"Not\u00edcias em Primeira M\u00e3o","potentialAction":[{"@type":"SearchAction","target":{"@type":"EntryPoint","urlTemplate":"https:\/\/portalnpm.com\/?s={search_term_string}"},"query-input":"required name=search_term_string"}],"inLanguage":"pt-BR"},{"@type":"Person","@id":"https:\/\/portalnpm.com\/#\/schema\/person\/49313e563cfdefcc167f1ee4c017c294","name":"Genival Barbosa","image":{"@type":"ImageObject","inLanguage":"pt-BR","@id":"https:\/\/portalnpm.com\/#\/schema\/person\/image\/","url":"https:\/\/portalnpm.com\/wp-content\/uploads\/2024\/02\/avatar_user_2_1707743258-96x96.jpeg","contentUrl":"https:\/\/portalnpm.com\/wp-content\/uploads\/2024\/02\/avatar_user_2_1707743258-96x96.jpeg","caption":"Genival Barbosa"},"url":"https:\/\/portalnpm.com\/index.php\/author\/genival\/"}]}},"jetpack_sharing_enabled":true,"jetpack_featured_media_url":"https:\/\/portalnpm.com\/wp-content\/uploads\/2024\/01\/f0ee782d4c78aa916a52b0ab7a3228e8.jpg","_links":{"self":[{"href":"https:\/\/portalnpm.com\/index.php\/wp-json\/wp\/v2\/posts\/63557"}],"collection":[{"href":"https:\/\/portalnpm.com\/index.php\/wp-json\/wp\/v2\/posts"}],"about":[{"href":"https:\/\/portalnpm.com\/index.php\/wp-json\/wp\/v2\/types\/post"}],"author":[{"embeddable":true,"href":"https:\/\/portalnpm.com\/index.php\/wp-json\/wp\/v2\/users\/2"}],"replies":[{"embeddable":true,"href":"https:\/\/portalnpm.com\/index.php\/wp-json\/wp\/v2\/comments?post=63557"}],"version-history":[{"count":1,"href":"https:\/\/portalnpm.com\/index.php\/wp-json\/wp\/v2\/posts\/63557\/revisions"}],"predecessor-version":[{"id":63564,"href":"https:\/\/portalnpm.com\/index.php\/wp-json\/wp\/v2\/posts\/63557\/revisions\/63564"}],"wp:featuredmedia":[{"embeddable":true,"href":"https:\/\/portalnpm.com\/index.php\/wp-json\/wp\/v2\/media\/63558"}],"wp:attachment":[{"href":"https:\/\/portalnpm.com\/index.php\/wp-json\/wp\/v2\/media?parent=63557"}],"wp:term":[{"taxonomy":"category","embeddable":true,"href":"https:\/\/portalnpm.com\/index.php\/wp-json\/wp\/v2\/categories?post=63557"},{"taxonomy":"post_tag","embeddable":true,"href":"https:\/\/portalnpm.com\/index.php\/wp-json\/wp\/v2\/tags?post=63557"}],"curies":[{"name":"wp","href":"https:\/\/api.w.org\/{rel}","templated":true}]}}