{"id":63573,"date":"2021-03-22T20:16:53","date_gmt":"2021-03-22T23:16:53","guid":{"rendered":"https:\/\/portalnpm.com\/index.php\/2021\/03\/22\/governo-do-ceara-vai-distribuir-250-mil-unidades-de-botijoes-de-gas-para-familias-de-baixa-renda\/"},"modified":"2021-03-22T20:16:53","modified_gmt":"2021-03-22T23:16:53","slug":"governo-do-ceara-vai-distribuir-250-mil-unidades-de-botijoes-de-gas-para-familias-de-baixa-renda","status":"publish","type":"post","link":"https:\/\/portalnpm.com\/index.php\/2021\/03\/22\/governo-do-ceara-vai-distribuir-250-mil-unidades-de-botijoes-de-gas-para-familias-de-baixa-renda\/","title":{"rendered":"Governo do Cear\u00e1 vai distribuir 250 mil unidades de botij\u00f5es de g\u00e1s para fam\u00edlias de baixa renda"},"content":{"rendered":"<div class=\"m-l-article__header m-u-pt-4 m-u-pb-4 m-u-container-lg\">\n<p style=\"text-align: justify;\"><span style=\"color: #222222; font-family: Verdana, Geneva, sans-serif; font-size: 15px;\">O Governo do Cear\u00e1 vai distribuir 250 mil unidades de <\/span><strong style=\"color: #222222; font-family: Verdana, Geneva, sans-serif; font-size: 15px;\">botij\u00f5es de g\u00e1s\u00a0<\/strong><span style=\"color: #222222; font-family: Verdana, Geneva, sans-serif; font-size: 15px;\">para fam\u00edlias de\u00a0<\/span><strong style=\"color: #222222; font-family: Verdana, Geneva, sans-serif; font-size: 15px;\">baixa renda\u00a0<\/strong><span style=\"color: #222222; font-family: Verdana, Geneva, sans-serif; font-size: 15px;\">do Estado para amenizar o impacto econ\u00f4mico causado pela Covid-19.<\/span><\/p>\n<\/div>\n<div class=\"m-l-article__inner m-u-display-flex-lg m-l-article__inner--sidebar m-u-pt-4 m-u-pb-4 m-u-container-lg m-u-container-hg-lg\">\n<div class=\"m-l-article__content \">\n<p style=\"text-align: justify;\">\n<p style=\"text-align: justify;\">A medida, voltada para a popula\u00e7\u00e3o em situa\u00e7\u00e3o de vulnerabilidade, foi anunciada pelo governador\u00a0<strong>Camilo Santana<\/strong>\u00a0em uma transmiss\u00e3o ao vivo na noite desta segunda-feira (22). \u00c9 mais uma medida de apoio social criada pelo Estado nesta segunda onda da pandemia.<\/p>\n<p style=\"text-align: justify;\">\n<div class=\"m-b-media m-b-media--video m-u-ratio-16by9\" style=\"text-align: justify;\"><iframe src=\"https:\/\/www.facebook.com\/plugins\/video.php?height=314&#038;href=https%3A%2F%2Fwww.facebook.com%2Fcamilosantana%2Fvideos%2F296306845440576%2F&#038;show_text=false&#038;width=560\" width=\"560\" height=\"314\" frameborder=\"0\" scrolling=\"no\" allowfullscreen=\"allowfullscreen\" data-mce-fragment=\"1\"><\/iframe><\/div>\n<p style=\"text-align: justify;\">\n<p style=\"text-align: justify;\">O vale-g\u00e1s de cozinha come\u00e7ar\u00e1 a ser entregue aos munic\u00edpios entre os dias\u00a0<strong>7 e 9 de abril<\/strong>, informou o gestor estadual.<\/p>\n<p style=\"text-align: justify;\">O programa, que tamb\u00e9m foi\u00a0<a href=\"https:\/\/diariodonordeste.verdesmares.com.br\/negocios\/vale-gas-de-cozinha-governo-do-ceara-divulga-datas-de-entrega-e-nomes-de-beneficiados-1.2242934\" target=\"_blank\" rel=\"noopener noreferrer\">instaurado em 2020<\/a>, \u00e9 uma parceria do Governo do Estado com a empresa\u00a0<strong>Nacional G\u00e1s<\/strong>.<\/p>\n<p style=\"text-align: justify;\">A entrega dos vales ser\u00e1 responsabilidade municipal, detalhou Camilo.<\/p>\n<h2 style=\"text-align: justify;\"><strong>Pagamento das contas de \u00e1gua e de luz\u00a0\u00a0<\/strong><\/h2>\n<p style=\"text-align: justify;\">Esta n\u00e3o \u00e9 a primeira medida de aux\u00edlio anunciada pelo Estado nesta segunda onda da pandemia. O Governo vai\u00a0<a href=\"https:\/\/diariodonordeste.verdesmares.com.br\/negocios\/estado-vai-pagar-a-conta-de-luz-de-cerca-de-500-mil-familias-do-ceara-por-dois-meses-1.3062204\" target=\"_blank\" rel=\"noopener noreferrer\">custear a conta de energia<\/a>\u00a0de cerca de 500 mil fam\u00edlias cearenses nas contas de\u00a0<strong>abril e maio<\/strong>\u00a0de n\u00facleos familiares que consomem at\u00e9 100 kw\/h.<\/p>\n<p style=\"text-align: justify;\">De acordo com a Enel, em torno de 753 mil clientes da companhia no Cear\u00e1 est\u00e3o inscritos no programa de Tarifa Social de Energia El\u00e9trica (<strong>TSEE<\/strong>). Desse total, cerca de 55% ser\u00e3o beneficiados com a isen\u00e7\u00e3o total nos dois meses.<\/p>\n<p style=\"text-align: justify;\">As\u00a0<a href=\"https:\/\/diariodonordeste.verdesmares.com.br\/negocios\/camilo-sanciona-isencao-de-contas-de-agua-e-auxilio-para-desempregados-de-bares-e-restaurantes-1.3059508\" target=\"_top\" rel=\"noopener noreferrer\">contas de \u00e1gua<\/a>\u00a0de 379.114 fam\u00edlias de baixa renda tamb\u00e9m ser\u00e3o custeadas pelo Estado por dois meses. Outros 236.090 n\u00facleos familiares tamb\u00e9m ter\u00e3o a\u00a0<strong>cobran\u00e7a da tarifa de conting\u00eancia suspensa<\/strong>.<\/p>\n<p style=\"text-align: justify;\">Ter\u00e3o a conta paga fam\u00edlias que consumem at\u00e9 10 mil metros c\u00fabicos de \u00e1gua pela\u00a0Cagece\u00a0nos vencimentos de abril e maio.<\/p>\n<h2 style=\"text-align: justify;\"><strong>Amplia\u00e7\u00e3o do Cart\u00e3o Mais Inf\u00e2ncia\u00a0\u00a0<\/strong><\/h2>\n<p style=\"text-align: justify;\">O benef\u00edcio do Cart\u00e3o Mais Inf\u00e2ncia, que paga R$ 100 mensais a fam\u00edlias vulner\u00e1veis,\u00a0<a href=\"https:\/\/diariodonordeste.verdesmares.com.br\/metro\/governo-amplia-beneficio-do-cartao-mais-infancia-e-150-mil-familias-receberao-auxilio-no-ceara-1.3061093\" target=\"_blank\" rel=\"noopener noreferrer\">foi ampliado<\/a>. O n\u00famero de n\u00facleos familiares assistidos passar\u00e1 de 70 mil para 150 mil.<\/p>\n<h2 style=\"text-align: justify;\"><strong>Apoio financeiro<\/strong><\/h2>\n<p style=\"text-align: justify;\"><strong>Desempregados do setor de alimenta\u00e7\u00e3o\u00a0<\/strong>fora do lar no Cear\u00e1 receber\u00e3o\u00a0<a href=\"https:\/\/diariodonordeste.verdesmares.com.br\/negocios\/camilo-sanciona-isencao-de-contas-de-agua-e-auxilio-para-desempregados-de-bares-e-restaurantes-1.3059508\" target=\"_blank\" rel=\"noopener noreferrer\">aux\u00edlio de R$ 1 mil<\/a>, que ser\u00e1 pago em duas parcelas de R$ 500. O aux\u00edlio \u00e9 destinado a\u00a0gar\u00e7ons, cozinheiros e outros funcion\u00e1rios da \u00e1rea que perderam seus empregos neste per\u00edodo pand\u00eamico.<\/p>\n<p style=\"text-align: justify;\">O cadastro desses profissionais para o recebimento do benef\u00edcio deve ser aberto no dia 29 de mar\u00e7o.<\/p>\n<p style=\"text-align: justify;\">Outra categoria que tamb\u00e9m receber\u00e1 benef\u00edcio no valor de R$ 1 mil, divido em duas parcelas iguais, \u00e9 o de\u00a0<a href=\"https:\/\/diariodonordeste.verdesmares.com.br\/negocios\/camilo-anuncia-auxilio-de-r-1-mil-para-profissionais-do-setor-de-eventos-do-ceara-1.3048011\" target=\"_blank\" rel=\"noopener noreferrer\">profissionais do ramo de eventos<\/a>, como m\u00fasicos, humoristas e trabalhadores de \u00e1reas t\u00e9cnicas.<\/p>\n<h2 style=\"text-align: justify;\"><strong>Prorroga\u00e7\u00e3o do ICMS<\/strong><\/h2>\n<p style=\"text-align: justify;\">O governador anunciou, no \u00faltimo dia 18, que assinou e encaminhou ao Conselho Nacional de Pol\u00edtica Fazend\u00e1ria (<strong>Confaz<\/strong>) pedido de\u00a0<a href=\"https:\/\/diariodonordeste.verdesmares.com.br\/negocios\/estado-vai-pagar-a-conta-de-luz-de-cerca-de-500-mil-familias-do-ceara-por-dois-meses-1.3062204\" target=\"_blank\" rel=\"noopener noreferrer\">prorroga\u00e7\u00e3o do pagamento do\u00a0<\/a><strong><a href=\"https:\/\/diariodonordeste.verdesmares.com.br\/negocios\/estado-vai-pagar-a-conta-de-luz-de-cerca-de-500-mil-familias-do-ceara-por-dois-meses-1.3062204\" target=\"_blank\" rel=\"noopener noreferrer\">ICMS<\/a>\u00a0do Simples Nacional<\/strong>.<\/p>\n<p style=\"text-align: justify;\">Se o colegiado decidir favoravelmente \u00e0 medida, que foi aplicada durante a quarentena de 2020, as empresas devedoras do Simples de mar\u00e7o a maio deste ano ter\u00e3o o prazo prorrogado por 90 dias. Segundo o governador, 95% das empresas cearenses usam o Simples Nacional.<\/p>\n<p style=\"text-align: justify;\">Fonte: Di\u00e1rio Do Nordeste<\/p>\n<\/div>\n<\/div>\n","protected":false},"excerpt":{"rendered":"<p>O Governo do Cear\u00e1 vai distribuir 250 mil unidades de botij\u00f5es de g\u00e1s\u00a0para fam\u00edlias de\u00a0baixa renda\u00a0do Estado para amenizar o impacto econ\u00f4mico causado pela Covid-19. A medida, voltada para a popula\u00e7\u00e3o em situa\u00e7\u00e3o de vulnerabilidade, foi anunciada pelo governador\u00a0Camilo Santana\u00a0em uma transmiss\u00e3o ao vivo na noite desta segunda-feira (22). \u00c9 mais uma medida de apoio &hellip;<\/p>\n","protected":false},"author":2,"featured_media":63574,"comment_status":"open","ping_status":"open","sticky":false,"template":"","format":"standard","meta":{"content-type":"","rop_custom_images_group":[],"rop_custom_messages_group":[],"rop_publish_now":"initial","rop_publish_now_accounts":{"facebook_2648258775420054_1618374048415101":""},"rop_publish_now_history":[],"rop_publish_now_status":"pending","footnotes":"","_jetpack_memberships_contains_paid_content":false},"categories":[113,414],"tags":[10541,3270,10542,10543,10544,10545,10546],"yoast_head":"<!-- This site is optimized with the Yoast SEO plugin v22.3 - https:\/\/yoast.com\/wordpress\/plugins\/seo\/ -->\n<title>Governo do Cear\u00e1 vai distribuir 250 mil unidades de botij\u00f5es de g\u00e1s para fam\u00edlias de baixa renda<\/title>\n<meta name=\"robots\" content=\"index, follow, max-snippet:-1, max-image-preview:large, max-video-preview:-1\" \/>\n<link rel=\"canonical\" href=\"https:\/\/portalnpm.com\/index.php\/2021\/03\/22\/governo-do-ceara-vai-distribuir-250-mil-unidades-de-botijoes-de-gas-para-familias-de-baixa-renda\/\" \/>\n<meta property=\"og:locale\" content=\"pt_BR\" \/>\n<meta property=\"og:type\" content=\"article\" \/>\n<meta property=\"og:title\" content=\"Governo do Cear\u00e1 vai distribuir 250 mil unidades de botij\u00f5es de g\u00e1s para fam\u00edlias de baixa renda\" \/>\n<meta property=\"og:description\" content=\"O Governo do Cear\u00e1 vai distribuir 250 mil unidades de botij\u00f5es de g\u00e1s\u00a0para fam\u00edlias de\u00a0baixa renda\u00a0do Estado para amenizar o impacto econ\u00f4mico causado pela Covid-19. A medida, voltada para a popula\u00e7\u00e3o em situa\u00e7\u00e3o de vulnerabilidade, foi anunciada pelo governador\u00a0Camilo Santana\u00a0em uma transmiss\u00e3o ao vivo na noite desta segunda-feira (22). \u00c9 mais uma medida de apoio &hellip;\" \/>\n<meta property=\"og:url\" content=\"https:\/\/portalnpm.com\/index.php\/2021\/03\/22\/governo-do-ceara-vai-distribuir-250-mil-unidades-de-botijoes-de-gas-para-familias-de-baixa-renda\/\" \/>\n<meta property=\"og:site_name\" content=\"Portal NPM\" \/>\n<meta property=\"article:published_time\" content=\"2021-03-22T23:16:53+00:00\" \/>\n<meta property=\"og:image\" content=\"https:\/\/portalnpm.com\/wp-content\/uploads\/2024\/01\/botij-o-de-gas.jpg\" \/>\n\t<meta property=\"og:image:width\" content=\"1280\" \/>\n\t<meta property=\"og:image:height\" content=\"720\" \/>\n\t<meta property=\"og:image:type\" content=\"image\/jpeg\" \/>\n<meta name=\"author\" content=\"Genival Barbosa\" \/>\n<meta name=\"twitter:card\" content=\"summary_large_image\" \/>\n<meta name=\"twitter:label1\" content=\"Escrito por\" \/>\n\t<meta name=\"twitter:data1\" content=\"Genival Barbosa\" \/>\n\t<meta name=\"twitter:label2\" content=\"Est. tempo de leitura\" \/>\n\t<meta name=\"twitter:data2\" content=\"3 minutos\" \/>\n<script type=\"application\/ld+json\" class=\"yoast-schema-graph\">{\"@context\":\"https:\/\/schema.org\",\"@graph\":[{\"@type\":\"WebPage\",\"@id\":\"https:\/\/portalnpm.com\/index.php\/2021\/03\/22\/governo-do-ceara-vai-distribuir-250-mil-unidades-de-botijoes-de-gas-para-familias-de-baixa-renda\/\",\"url\":\"https:\/\/portalnpm.com\/index.php\/2021\/03\/22\/governo-do-ceara-vai-distribuir-250-mil-unidades-de-botijoes-de-gas-para-familias-de-baixa-renda\/\",\"name\":\"Governo do Cear\u00e1 vai distribuir 250 mil unidades de botij\u00f5es de g\u00e1s para fam\u00edlias de baixa renda\",\"isPartOf\":{\"@id\":\"https:\/\/portalnpm.com\/#website\"},\"primaryImageOfPage\":{\"@id\":\"https:\/\/portalnpm.com\/index.php\/2021\/03\/22\/governo-do-ceara-vai-distribuir-250-mil-unidades-de-botijoes-de-gas-para-familias-de-baixa-renda\/#primaryimage\"},\"image\":{\"@id\":\"https:\/\/portalnpm.com\/index.php\/2021\/03\/22\/governo-do-ceara-vai-distribuir-250-mil-unidades-de-botijoes-de-gas-para-familias-de-baixa-renda\/#primaryimage\"},\"thumbnailUrl\":\"https:\/\/portalnpm.com\/wp-content\/uploads\/2024\/01\/botij-o-de-gas.jpg\",\"datePublished\":\"2021-03-22T23:16:53+00:00\",\"dateModified\":\"2021-03-22T23:16:53+00:00\",\"author\":{\"@id\":\"https:\/\/portalnpm.com\/#\/schema\/person\/49313e563cfdefcc167f1ee4c017c294\"},\"breadcrumb\":{\"@id\":\"https:\/\/portalnpm.com\/index.php\/2021\/03\/22\/governo-do-ceara-vai-distribuir-250-mil-unidades-de-botijoes-de-gas-para-familias-de-baixa-renda\/#breadcrumb\"},\"inLanguage\":\"pt-BR\",\"potentialAction\":[{\"@type\":\"ReadAction\",\"target\":[\"https:\/\/portalnpm.com\/index.php\/2021\/03\/22\/governo-do-ceara-vai-distribuir-250-mil-unidades-de-botijoes-de-gas-para-familias-de-baixa-renda\/\"]}]},{\"@type\":\"ImageObject\",\"inLanguage\":\"pt-BR\",\"@id\":\"https:\/\/portalnpm.com\/index.php\/2021\/03\/22\/governo-do-ceara-vai-distribuir-250-mil-unidades-de-botijoes-de-gas-para-familias-de-baixa-renda\/#primaryimage\",\"url\":\"https:\/\/portalnpm.com\/wp-content\/uploads\/2024\/01\/botij-o-de-gas.jpg\",\"contentUrl\":\"https:\/\/portalnpm.com\/wp-content\/uploads\/2024\/01\/botij-o-de-gas.jpg\",\"width\":1280,\"height\":720},{\"@type\":\"BreadcrumbList\",\"@id\":\"https:\/\/portalnpm.com\/index.php\/2021\/03\/22\/governo-do-ceara-vai-distribuir-250-mil-unidades-de-botijoes-de-gas-para-familias-de-baixa-renda\/#breadcrumb\",\"itemListElement\":[{\"@type\":\"ListItem\",\"position\":1,\"name\":\"In\u00edcio\",\"item\":\"https:\/\/portalnpm.com\/\"},{\"@type\":\"ListItem\",\"position\":2,\"name\":\"Governo do Cear\u00e1 vai distribuir 250 mil unidades de botij\u00f5es de g\u00e1s para fam\u00edlias de baixa renda\"}]},{\"@type\":\"WebSite\",\"@id\":\"https:\/\/portalnpm.com\/#website\",\"url\":\"https:\/\/portalnpm.com\/\",\"name\":\"Portal NPM\",\"description\":\"Not\u00edcias em Primeira M\u00e3o\",\"potentialAction\":[{\"@type\":\"SearchAction\",\"target\":{\"@type\":\"EntryPoint\",\"urlTemplate\":\"https:\/\/portalnpm.com\/?s={search_term_string}\"},\"query-input\":\"required name=search_term_string\"}],\"inLanguage\":\"pt-BR\"},{\"@type\":\"Person\",\"@id\":\"https:\/\/portalnpm.com\/#\/schema\/person\/49313e563cfdefcc167f1ee4c017c294\",\"name\":\"Genival Barbosa\",\"image\":{\"@type\":\"ImageObject\",\"inLanguage\":\"pt-BR\",\"@id\":\"https:\/\/portalnpm.com\/#\/schema\/person\/image\/\",\"url\":\"https:\/\/portalnpm.com\/wp-content\/uploads\/2024\/02\/avatar_user_2_1707743258-96x96.jpeg\",\"contentUrl\":\"https:\/\/portalnpm.com\/wp-content\/uploads\/2024\/02\/avatar_user_2_1707743258-96x96.jpeg\",\"caption\":\"Genival Barbosa\"},\"url\":\"https:\/\/portalnpm.com\/index.php\/author\/genival\/\"}]}<\/script>\n<!-- \/ Yoast SEO plugin. -->","yoast_head_json":{"title":"Governo do Cear\u00e1 vai distribuir 250 mil unidades de botij\u00f5es de g\u00e1s para fam\u00edlias de baixa renda","robots":{"index":"index","follow":"follow","max-snippet":"max-snippet:-1","max-image-preview":"max-image-preview:large","max-video-preview":"max-video-preview:-1"},"canonical":"https:\/\/portalnpm.com\/index.php\/2021\/03\/22\/governo-do-ceara-vai-distribuir-250-mil-unidades-de-botijoes-de-gas-para-familias-de-baixa-renda\/","og_locale":"pt_BR","og_type":"article","og_title":"Governo do Cear\u00e1 vai distribuir 250 mil unidades de botij\u00f5es de g\u00e1s para fam\u00edlias de baixa renda","og_description":"O Governo do Cear\u00e1 vai distribuir 250 mil unidades de botij\u00f5es de g\u00e1s\u00a0para fam\u00edlias de\u00a0baixa renda\u00a0do Estado para amenizar o impacto econ\u00f4mico causado pela Covid-19. A medida, voltada para a popula\u00e7\u00e3o em situa\u00e7\u00e3o de vulnerabilidade, foi anunciada pelo governador\u00a0Camilo Santana\u00a0em uma transmiss\u00e3o ao vivo na noite desta segunda-feira (22). \u00c9 mais uma medida de apoio &hellip;","og_url":"https:\/\/portalnpm.com\/index.php\/2021\/03\/22\/governo-do-ceara-vai-distribuir-250-mil-unidades-de-botijoes-de-gas-para-familias-de-baixa-renda\/","og_site_name":"Portal NPM","article_published_time":"2021-03-22T23:16:53+00:00","og_image":[{"width":1280,"height":720,"url":"https:\/\/portalnpm.com\/wp-content\/uploads\/2024\/01\/botij-o-de-gas.jpg","type":"image\/jpeg"}],"author":"Genival Barbosa","twitter_card":"summary_large_image","twitter_misc":{"Escrito por":"Genival Barbosa","Est. tempo de leitura":"3 minutos"},"schema":{"@context":"https:\/\/schema.org","@graph":[{"@type":"WebPage","@id":"https:\/\/portalnpm.com\/index.php\/2021\/03\/22\/governo-do-ceara-vai-distribuir-250-mil-unidades-de-botijoes-de-gas-para-familias-de-baixa-renda\/","url":"https:\/\/portalnpm.com\/index.php\/2021\/03\/22\/governo-do-ceara-vai-distribuir-250-mil-unidades-de-botijoes-de-gas-para-familias-de-baixa-renda\/","name":"Governo do Cear\u00e1 vai distribuir 250 mil unidades de botij\u00f5es de g\u00e1s para fam\u00edlias de baixa renda","isPartOf":{"@id":"https:\/\/portalnpm.com\/#website"},"primaryImageOfPage":{"@id":"https:\/\/portalnpm.com\/index.php\/2021\/03\/22\/governo-do-ceara-vai-distribuir-250-mil-unidades-de-botijoes-de-gas-para-familias-de-baixa-renda\/#primaryimage"},"image":{"@id":"https:\/\/portalnpm.com\/index.php\/2021\/03\/22\/governo-do-ceara-vai-distribuir-250-mil-unidades-de-botijoes-de-gas-para-familias-de-baixa-renda\/#primaryimage"},"thumbnailUrl":"https:\/\/portalnpm.com\/wp-content\/uploads\/2024\/01\/botij-o-de-gas.jpg","datePublished":"2021-03-22T23:16:53+00:00","dateModified":"2021-03-22T23:16:53+00:00","author":{"@id":"https:\/\/portalnpm.com\/#\/schema\/person\/49313e563cfdefcc167f1ee4c017c294"},"breadcrumb":{"@id":"https:\/\/portalnpm.com\/index.php\/2021\/03\/22\/governo-do-ceara-vai-distribuir-250-mil-unidades-de-botijoes-de-gas-para-familias-de-baixa-renda\/#breadcrumb"},"inLanguage":"pt-BR","potentialAction":[{"@type":"ReadAction","target":["https:\/\/portalnpm.com\/index.php\/2021\/03\/22\/governo-do-ceara-vai-distribuir-250-mil-unidades-de-botijoes-de-gas-para-familias-de-baixa-renda\/"]}]},{"@type":"ImageObject","inLanguage":"pt-BR","@id":"https:\/\/portalnpm.com\/index.php\/2021\/03\/22\/governo-do-ceara-vai-distribuir-250-mil-unidades-de-botijoes-de-gas-para-familias-de-baixa-renda\/#primaryimage","url":"https:\/\/portalnpm.com\/wp-content\/uploads\/2024\/01\/botij-o-de-gas.jpg","contentUrl":"https:\/\/portalnpm.com\/wp-content\/uploads\/2024\/01\/botij-o-de-gas.jpg","width":1280,"height":720},{"@type":"BreadcrumbList","@id":"https:\/\/portalnpm.com\/index.php\/2021\/03\/22\/governo-do-ceara-vai-distribuir-250-mil-unidades-de-botijoes-de-gas-para-familias-de-baixa-renda\/#breadcrumb","itemListElement":[{"@type":"ListItem","position":1,"name":"In\u00edcio","item":"https:\/\/portalnpm.com\/"},{"@type":"ListItem","position":2,"name":"Governo do Cear\u00e1 vai distribuir 250 mil unidades de botij\u00f5es de g\u00e1s para fam\u00edlias de baixa renda"}]},{"@type":"WebSite","@id":"https:\/\/portalnpm.com\/#website","url":"https:\/\/portalnpm.com\/","name":"Portal NPM","description":"Not\u00edcias em Primeira M\u00e3o","potentialAction":[{"@type":"SearchAction","target":{"@type":"EntryPoint","urlTemplate":"https:\/\/portalnpm.com\/?s={search_term_string}"},"query-input":"required name=search_term_string"}],"inLanguage":"pt-BR"},{"@type":"Person","@id":"https:\/\/portalnpm.com\/#\/schema\/person\/49313e563cfdefcc167f1ee4c017c294","name":"Genival Barbosa","image":{"@type":"ImageObject","inLanguage":"pt-BR","@id":"https:\/\/portalnpm.com\/#\/schema\/person\/image\/","url":"https:\/\/portalnpm.com\/wp-content\/uploads\/2024\/02\/avatar_user_2_1707743258-96x96.jpeg","contentUrl":"https:\/\/portalnpm.com\/wp-content\/uploads\/2024\/02\/avatar_user_2_1707743258-96x96.jpeg","caption":"Genival Barbosa"},"url":"https:\/\/portalnpm.com\/index.php\/author\/genival\/"}]}},"jetpack_sharing_enabled":true,"jetpack_featured_media_url":"https:\/\/portalnpm.com\/wp-content\/uploads\/2024\/01\/botij-o-de-gas.jpg","_links":{"self":[{"href":"https:\/\/portalnpm.com\/index.php\/wp-json\/wp\/v2\/posts\/63573"}],"collection":[{"href":"https:\/\/portalnpm.com\/index.php\/wp-json\/wp\/v2\/posts"}],"about":[{"href":"https:\/\/portalnpm.com\/index.php\/wp-json\/wp\/v2\/types\/post"}],"author":[{"embeddable":true,"href":"https:\/\/portalnpm.com\/index.php\/wp-json\/wp\/v2\/users\/2"}],"replies":[{"embeddable":true,"href":"https:\/\/portalnpm.com\/index.php\/wp-json\/wp\/v2\/comments?post=63573"}],"version-history":[{"count":0,"href":"https:\/\/portalnpm.com\/index.php\/wp-json\/wp\/v2\/posts\/63573\/revisions"}],"wp:featuredmedia":[{"embeddable":true,"href":"https:\/\/portalnpm.com\/index.php\/wp-json\/wp\/v2\/media\/63574"}],"wp:attachment":[{"href":"https:\/\/portalnpm.com\/index.php\/wp-json\/wp\/v2\/media?parent=63573"}],"wp:term":[{"taxonomy":"category","embeddable":true,"href":"https:\/\/portalnpm.com\/index.php\/wp-json\/wp\/v2\/categories?post=63573"},{"taxonomy":"post_tag","embeddable":true,"href":"https:\/\/portalnpm.com\/index.php\/wp-json\/wp\/v2\/tags?post=63573"}],"curies":[{"name":"wp","href":"https:\/\/api.w.org\/{rel}","templated":true}]}}