{"id":63579,"date":"2021-03-23T19:01:32","date_gmt":"2021-03-23T22:01:32","guid":{"rendered":"https:\/\/portalnpm.com\/index.php\/2021\/03\/23\/aneel-propoe-aumento-de-ate-21-nas-bandeiras-tarifarias-da-conta-de-luz\/"},"modified":"2021-03-23T19:01:32","modified_gmt":"2021-03-23T22:01:32","slug":"aneel-propoe-aumento-de-ate-21-nas-bandeiras-tarifarias-da-conta-de-luz","status":"publish","type":"post","link":"https:\/\/portalnpm.com\/index.php\/2021\/03\/23\/aneel-propoe-aumento-de-ate-21-nas-bandeiras-tarifarias-da-conta-de-luz\/","title":{"rendered":"Aneel prop\u00f5e aumento de at\u00e9 21% nas bandeiras tarif\u00e1rias da conta de luz"},"content":{"rendered":"<p style=\"text-align: justify;\">A Ag\u00eancia Nacional de Energia El\u00e9trica (Aneel) apresentou nesta ter\u00e7a-feira a proposta de atualiza\u00e7\u00e3o dos valores das bandeiras tarif\u00e1rias na conta de luz. No caso da bandeira vermellha, o aumento proposto \u00e9 de alta de at\u00e9 21,3%.<\/p>\n<p style=\"text-align: justify;\">\n<p style=\"text-align: justify;\">Os percentuais ainda ser\u00e3o discutidos em consulta p\u00fablica, mas, uma vez aplicados, tornar\u00e3o as contas de luz ainda mais caras e pressionar\u00e3o a infla\u00e7\u00e3o, que j\u00e1 est\u00e1 alta com os efeitos da crise da pandemia<\/p>\n<p style=\"text-align: justify;\">Na bandeira vermelha Patamar 1, a Aneel prev\u00ea o aumento do adicional de R$ 4,169 para R$ 4,599 a cada 100 kWh.<\/p>\n<p style=\"text-align: justify;\">J\u00e1 o Patamar 2 poder\u00e1 ter o valor elevado de R$ 6,243 para R$ 7,571 a cada 100 kWh.<\/p>\n<p style=\"text-align: justify;\">A bandeira verde permanece sem altera\u00e7\u00e3o.<\/p>\n<p style=\"text-align: justify;\">J\u00e1 no caso da da bandeira amarela, pode haver redu\u00e7\u00e3o de R$ 1,343 para R$ 0,996 a cada 100 kilowatt-hora (kWh) consumidos.<\/p>\n<p style=\"text-align: justify;\">Conforme h\u00e1 aumento do custo de gera\u00e7\u00e3o de energia, a Aneel aciona as bandeiras amarela e vermelha (Patamar 1 e 2). Durante a reuni\u00e3o p\u00fablica de diretoria, o diretor-geral da ag\u00eancia, Andr\u00e9 Pepitone, destacou que o sistema de bandeiras tarif\u00e1rias foi estruturado para cobrir 95% do custo das termel\u00e9tricas despachadas pelo Operador Nacional do Sistema (ONS).<\/p>\n<p style=\"text-align: justify;\">Os novos valores ser\u00e3o discutidos com o setor, entre 24 mar\u00e7o e 7 de maio, em consulta p\u00fablica aprovada hoje.<\/p>\n<p style=\"text-align: justify;\">Fonte: O Globo<\/p>\n","protected":false},"excerpt":{"rendered":"<p>A Ag\u00eancia Nacional de Energia El\u00e9trica (Aneel) apresentou nesta ter\u00e7a-feira a proposta de atualiza\u00e7\u00e3o dos valores das bandeiras tarif\u00e1rias na conta de luz. No caso da bandeira vermellha, o aumento proposto \u00e9 de alta de at\u00e9 21,3%. Os percentuais ainda ser\u00e3o discutidos em consulta p\u00fablica, mas, uma vez aplicados, tornar\u00e3o as contas de luz ainda &hellip;<\/p>\n","protected":false},"author":2,"featured_media":63580,"comment_status":"open","ping_status":"open","sticky":false,"template":"","format":"standard","meta":{"content-type":"","rop_custom_images_group":[],"rop_custom_messages_group":[],"rop_publish_now":"initial","rop_publish_now_accounts":{"facebook_2648258775420054_1618374048415101":""},"rop_publish_now_history":[],"rop_publish_now_status":"pending","footnotes":"","_jetpack_memberships_contains_paid_content":false},"categories":[125],"tags":[10550,10551,650,1648,10552],"yoast_head":"<!-- This site is optimized with the Yoast SEO plugin v22.3 - https:\/\/yoast.com\/wordpress\/plugins\/seo\/ -->\n<title>Aneel prop\u00f5e aumento de at\u00e9 21% nas bandeiras tarif\u00e1rias da conta de luz<\/title>\n<meta name=\"robots\" content=\"index, follow, max-snippet:-1, max-image-preview:large, max-video-preview:-1\" \/>\n<link rel=\"canonical\" href=\"https:\/\/portalnpm.com\/index.php\/2021\/03\/23\/aneel-propoe-aumento-de-ate-21-nas-bandeiras-tarifarias-da-conta-de-luz\/\" \/>\n<meta property=\"og:locale\" content=\"pt_BR\" \/>\n<meta property=\"og:type\" content=\"article\" \/>\n<meta property=\"og:title\" content=\"Aneel prop\u00f5e aumento de at\u00e9 21% nas bandeiras tarif\u00e1rias da conta de luz\" \/>\n<meta property=\"og:description\" content=\"A Ag\u00eancia Nacional de Energia El\u00e9trica (Aneel) apresentou nesta ter\u00e7a-feira a proposta de atualiza\u00e7\u00e3o dos valores das bandeiras tarif\u00e1rias na conta de luz. No caso da bandeira vermellha, o aumento proposto \u00e9 de alta de at\u00e9 21,3%. Os percentuais ainda ser\u00e3o discutidos em consulta p\u00fablica, mas, uma vez aplicados, tornar\u00e3o as contas de luz ainda &hellip;\" \/>\n<meta property=\"og:url\" content=\"https:\/\/portalnpm.com\/index.php\/2021\/03\/23\/aneel-propoe-aumento-de-ate-21-nas-bandeiras-tarifarias-da-conta-de-luz\/\" \/>\n<meta property=\"og:site_name\" content=\"Portal NPM\" \/>\n<meta property=\"article:published_time\" content=\"2021-03-23T22:01:32+00:00\" \/>\n<meta property=\"og:image\" content=\"https:\/\/portalnpm.com\/wp-content\/uploads\/2024\/01\/Conta-de-luz-energia-03-660x330-1.jpg\" \/>\n\t<meta property=\"og:image:width\" content=\"660\" \/>\n\t<meta property=\"og:image:height\" content=\"330\" \/>\n\t<meta property=\"og:image:type\" content=\"image\/jpeg\" \/>\n<meta name=\"author\" content=\"Genival Barbosa\" \/>\n<meta name=\"twitter:card\" content=\"summary_large_image\" \/>\n<meta name=\"twitter:label1\" content=\"Escrito por\" \/>\n\t<meta name=\"twitter:data1\" content=\"Genival Barbosa\" \/>\n\t<meta name=\"twitter:label2\" content=\"Est. tempo de leitura\" \/>\n\t<meta name=\"twitter:data2\" content=\"1 minuto\" \/>\n<script type=\"application\/ld+json\" class=\"yoast-schema-graph\">{\"@context\":\"https:\/\/schema.org\",\"@graph\":[{\"@type\":\"WebPage\",\"@id\":\"https:\/\/portalnpm.com\/index.php\/2021\/03\/23\/aneel-propoe-aumento-de-ate-21-nas-bandeiras-tarifarias-da-conta-de-luz\/\",\"url\":\"https:\/\/portalnpm.com\/index.php\/2021\/03\/23\/aneel-propoe-aumento-de-ate-21-nas-bandeiras-tarifarias-da-conta-de-luz\/\",\"name\":\"Aneel prop\u00f5e aumento de at\u00e9 21% nas bandeiras tarif\u00e1rias da conta de luz\",\"isPartOf\":{\"@id\":\"https:\/\/portalnpm.com\/#website\"},\"primaryImageOfPage\":{\"@id\":\"https:\/\/portalnpm.com\/index.php\/2021\/03\/23\/aneel-propoe-aumento-de-ate-21-nas-bandeiras-tarifarias-da-conta-de-luz\/#primaryimage\"},\"image\":{\"@id\":\"https:\/\/portalnpm.com\/index.php\/2021\/03\/23\/aneel-propoe-aumento-de-ate-21-nas-bandeiras-tarifarias-da-conta-de-luz\/#primaryimage\"},\"thumbnailUrl\":\"https:\/\/portalnpm.com\/wp-content\/uploads\/2024\/01\/Conta-de-luz-energia-03-660x330-1.jpg\",\"datePublished\":\"2021-03-23T22:01:32+00:00\",\"dateModified\":\"2021-03-23T22:01:32+00:00\",\"author\":{\"@id\":\"https:\/\/portalnpm.com\/#\/schema\/person\/49313e563cfdefcc167f1ee4c017c294\"},\"breadcrumb\":{\"@id\":\"https:\/\/portalnpm.com\/index.php\/2021\/03\/23\/aneel-propoe-aumento-de-ate-21-nas-bandeiras-tarifarias-da-conta-de-luz\/#breadcrumb\"},\"inLanguage\":\"pt-BR\",\"potentialAction\":[{\"@type\":\"ReadAction\",\"target\":[\"https:\/\/portalnpm.com\/index.php\/2021\/03\/23\/aneel-propoe-aumento-de-ate-21-nas-bandeiras-tarifarias-da-conta-de-luz\/\"]}]},{\"@type\":\"ImageObject\",\"inLanguage\":\"pt-BR\",\"@id\":\"https:\/\/portalnpm.com\/index.php\/2021\/03\/23\/aneel-propoe-aumento-de-ate-21-nas-bandeiras-tarifarias-da-conta-de-luz\/#primaryimage\",\"url\":\"https:\/\/portalnpm.com\/wp-content\/uploads\/2024\/01\/Conta-de-luz-energia-03-660x330-1.jpg\",\"contentUrl\":\"https:\/\/portalnpm.com\/wp-content\/uploads\/2024\/01\/Conta-de-luz-energia-03-660x330-1.jpg\",\"width\":660,\"height\":330},{\"@type\":\"BreadcrumbList\",\"@id\":\"https:\/\/portalnpm.com\/index.php\/2021\/03\/23\/aneel-propoe-aumento-de-ate-21-nas-bandeiras-tarifarias-da-conta-de-luz\/#breadcrumb\",\"itemListElement\":[{\"@type\":\"ListItem\",\"position\":1,\"name\":\"In\u00edcio\",\"item\":\"https:\/\/portalnpm.com\/\"},{\"@type\":\"ListItem\",\"position\":2,\"name\":\"Aneel prop\u00f5e aumento de at\u00e9 21% nas bandeiras tarif\u00e1rias da conta de luz\"}]},{\"@type\":\"WebSite\",\"@id\":\"https:\/\/portalnpm.com\/#website\",\"url\":\"https:\/\/portalnpm.com\/\",\"name\":\"Portal NPM\",\"description\":\"Not\u00edcias em Primeira M\u00e3o\",\"potentialAction\":[{\"@type\":\"SearchAction\",\"target\":{\"@type\":\"EntryPoint\",\"urlTemplate\":\"https:\/\/portalnpm.com\/?s={search_term_string}\"},\"query-input\":\"required name=search_term_string\"}],\"inLanguage\":\"pt-BR\"},{\"@type\":\"Person\",\"@id\":\"https:\/\/portalnpm.com\/#\/schema\/person\/49313e563cfdefcc167f1ee4c017c294\",\"name\":\"Genival Barbosa\",\"image\":{\"@type\":\"ImageObject\",\"inLanguage\":\"pt-BR\",\"@id\":\"https:\/\/portalnpm.com\/#\/schema\/person\/image\/\",\"url\":\"https:\/\/portalnpm.com\/wp-content\/uploads\/2024\/02\/avatar_user_2_1707743258-96x96.jpeg\",\"contentUrl\":\"https:\/\/portalnpm.com\/wp-content\/uploads\/2024\/02\/avatar_user_2_1707743258-96x96.jpeg\",\"caption\":\"Genival Barbosa\"},\"url\":\"https:\/\/portalnpm.com\/index.php\/author\/genival\/\"}]}<\/script>\n<!-- \/ Yoast SEO plugin. -->","yoast_head_json":{"title":"Aneel prop\u00f5e aumento de at\u00e9 21% nas bandeiras tarif\u00e1rias da conta de luz","robots":{"index":"index","follow":"follow","max-snippet":"max-snippet:-1","max-image-preview":"max-image-preview:large","max-video-preview":"max-video-preview:-1"},"canonical":"https:\/\/portalnpm.com\/index.php\/2021\/03\/23\/aneel-propoe-aumento-de-ate-21-nas-bandeiras-tarifarias-da-conta-de-luz\/","og_locale":"pt_BR","og_type":"article","og_title":"Aneel prop\u00f5e aumento de at\u00e9 21% nas bandeiras tarif\u00e1rias da conta de luz","og_description":"A Ag\u00eancia Nacional de Energia El\u00e9trica (Aneel) apresentou nesta ter\u00e7a-feira a proposta de atualiza\u00e7\u00e3o dos valores das bandeiras tarif\u00e1rias na conta de luz. No caso da bandeira vermellha, o aumento proposto \u00e9 de alta de at\u00e9 21,3%. Os percentuais ainda ser\u00e3o discutidos em consulta p\u00fablica, mas, uma vez aplicados, tornar\u00e3o as contas de luz ainda &hellip;","og_url":"https:\/\/portalnpm.com\/index.php\/2021\/03\/23\/aneel-propoe-aumento-de-ate-21-nas-bandeiras-tarifarias-da-conta-de-luz\/","og_site_name":"Portal NPM","article_published_time":"2021-03-23T22:01:32+00:00","og_image":[{"width":660,"height":330,"url":"https:\/\/portalnpm.com\/wp-content\/uploads\/2024\/01\/Conta-de-luz-energia-03-660x330-1.jpg","type":"image\/jpeg"}],"author":"Genival Barbosa","twitter_card":"summary_large_image","twitter_misc":{"Escrito por":"Genival Barbosa","Est. tempo de leitura":"1 minuto"},"schema":{"@context":"https:\/\/schema.org","@graph":[{"@type":"WebPage","@id":"https:\/\/portalnpm.com\/index.php\/2021\/03\/23\/aneel-propoe-aumento-de-ate-21-nas-bandeiras-tarifarias-da-conta-de-luz\/","url":"https:\/\/portalnpm.com\/index.php\/2021\/03\/23\/aneel-propoe-aumento-de-ate-21-nas-bandeiras-tarifarias-da-conta-de-luz\/","name":"Aneel prop\u00f5e aumento de at\u00e9 21% nas bandeiras tarif\u00e1rias da conta de luz","isPartOf":{"@id":"https:\/\/portalnpm.com\/#website"},"primaryImageOfPage":{"@id":"https:\/\/portalnpm.com\/index.php\/2021\/03\/23\/aneel-propoe-aumento-de-ate-21-nas-bandeiras-tarifarias-da-conta-de-luz\/#primaryimage"},"image":{"@id":"https:\/\/portalnpm.com\/index.php\/2021\/03\/23\/aneel-propoe-aumento-de-ate-21-nas-bandeiras-tarifarias-da-conta-de-luz\/#primaryimage"},"thumbnailUrl":"https:\/\/portalnpm.com\/wp-content\/uploads\/2024\/01\/Conta-de-luz-energia-03-660x330-1.jpg","datePublished":"2021-03-23T22:01:32+00:00","dateModified":"2021-03-23T22:01:32+00:00","author":{"@id":"https:\/\/portalnpm.com\/#\/schema\/person\/49313e563cfdefcc167f1ee4c017c294"},"breadcrumb":{"@id":"https:\/\/portalnpm.com\/index.php\/2021\/03\/23\/aneel-propoe-aumento-de-ate-21-nas-bandeiras-tarifarias-da-conta-de-luz\/#breadcrumb"},"inLanguage":"pt-BR","potentialAction":[{"@type":"ReadAction","target":["https:\/\/portalnpm.com\/index.php\/2021\/03\/23\/aneel-propoe-aumento-de-ate-21-nas-bandeiras-tarifarias-da-conta-de-luz\/"]}]},{"@type":"ImageObject","inLanguage":"pt-BR","@id":"https:\/\/portalnpm.com\/index.php\/2021\/03\/23\/aneel-propoe-aumento-de-ate-21-nas-bandeiras-tarifarias-da-conta-de-luz\/#primaryimage","url":"https:\/\/portalnpm.com\/wp-content\/uploads\/2024\/01\/Conta-de-luz-energia-03-660x330-1.jpg","contentUrl":"https:\/\/portalnpm.com\/wp-content\/uploads\/2024\/01\/Conta-de-luz-energia-03-660x330-1.jpg","width":660,"height":330},{"@type":"BreadcrumbList","@id":"https:\/\/portalnpm.com\/index.php\/2021\/03\/23\/aneel-propoe-aumento-de-ate-21-nas-bandeiras-tarifarias-da-conta-de-luz\/#breadcrumb","itemListElement":[{"@type":"ListItem","position":1,"name":"In\u00edcio","item":"https:\/\/portalnpm.com\/"},{"@type":"ListItem","position":2,"name":"Aneel prop\u00f5e aumento de at\u00e9 21% nas bandeiras tarif\u00e1rias da conta de luz"}]},{"@type":"WebSite","@id":"https:\/\/portalnpm.com\/#website","url":"https:\/\/portalnpm.com\/","name":"Portal NPM","description":"Not\u00edcias em Primeira M\u00e3o","potentialAction":[{"@type":"SearchAction","target":{"@type":"EntryPoint","urlTemplate":"https:\/\/portalnpm.com\/?s={search_term_string}"},"query-input":"required name=search_term_string"}],"inLanguage":"pt-BR"},{"@type":"Person","@id":"https:\/\/portalnpm.com\/#\/schema\/person\/49313e563cfdefcc167f1ee4c017c294","name":"Genival Barbosa","image":{"@type":"ImageObject","inLanguage":"pt-BR","@id":"https:\/\/portalnpm.com\/#\/schema\/person\/image\/","url":"https:\/\/portalnpm.com\/wp-content\/uploads\/2024\/02\/avatar_user_2_1707743258-96x96.jpeg","contentUrl":"https:\/\/portalnpm.com\/wp-content\/uploads\/2024\/02\/avatar_user_2_1707743258-96x96.jpeg","caption":"Genival Barbosa"},"url":"https:\/\/portalnpm.com\/index.php\/author\/genival\/"}]}},"jetpack_sharing_enabled":true,"jetpack_featured_media_url":"https:\/\/portalnpm.com\/wp-content\/uploads\/2024\/01\/Conta-de-luz-energia-03-660x330-1.jpg","_links":{"self":[{"href":"https:\/\/portalnpm.com\/index.php\/wp-json\/wp\/v2\/posts\/63579"}],"collection":[{"href":"https:\/\/portalnpm.com\/index.php\/wp-json\/wp\/v2\/posts"}],"about":[{"href":"https:\/\/portalnpm.com\/index.php\/wp-json\/wp\/v2\/types\/post"}],"author":[{"embeddable":true,"href":"https:\/\/portalnpm.com\/index.php\/wp-json\/wp\/v2\/users\/2"}],"replies":[{"embeddable":true,"href":"https:\/\/portalnpm.com\/index.php\/wp-json\/wp\/v2\/comments?post=63579"}],"version-history":[{"count":0,"href":"https:\/\/portalnpm.com\/index.php\/wp-json\/wp\/v2\/posts\/63579\/revisions"}],"wp:featuredmedia":[{"embeddable":true,"href":"https:\/\/portalnpm.com\/index.php\/wp-json\/wp\/v2\/media\/63580"}],"wp:attachment":[{"href":"https:\/\/portalnpm.com\/index.php\/wp-json\/wp\/v2\/media?parent=63579"}],"wp:term":[{"taxonomy":"category","embeddable":true,"href":"https:\/\/portalnpm.com\/index.php\/wp-json\/wp\/v2\/categories?post=63579"},{"taxonomy":"post_tag","embeddable":true,"href":"https:\/\/portalnpm.com\/index.php\/wp-json\/wp\/v2\/tags?post=63579"}],"curies":[{"name":"wp","href":"https:\/\/api.w.org\/{rel}","templated":true}]}}