{"id":63581,"date":"2021-03-23T19:05:41","date_gmt":"2021-03-23T22:05:41","guid":{"rendered":"https:\/\/portalnpm.com\/index.php\/2021\/03\/23\/auxilio-emergencial-pagamento-deve-comecar-ate-o-dia-6-de-abril-diz-ministro\/"},"modified":"2021-03-23T19:05:41","modified_gmt":"2021-03-23T22:05:41","slug":"auxilio-emergencial-pagamento-deve-comecar-ate-o-dia-6-de-abril-diz-ministro","status":"publish","type":"post","link":"https:\/\/portalnpm.com\/index.php\/2021\/03\/23\/auxilio-emergencial-pagamento-deve-comecar-ate-o-dia-6-de-abril-diz-ministro\/","title":{"rendered":"Aux\u00edlio emergencial: pagamento deve come\u00e7ar at\u00e9 o dia 6 de abril, diz ministro"},"content":{"rendered":"<div id=\"mvp-fly-wrap\">\n<div id=\"mvp-fly-menu-top\" class=\"left relative\">\n<div class=\"mvp-fly-top-out left relative\">\n<div class=\"mvp-fly-but-wrap mvp-fly-but-menu mvp-fly-but-click\" style=\"text-align: justify;\">Mesmo com o avan\u00e7o da <strong>pandemia de Covid-19<\/strong>, o novo<strong>\u00a0aux\u00edlio emergencial<\/strong>\u00a0s\u00f3 deve come\u00e7ar a ser pago em 13 dias, entre 5 e 6 de abril. O ministro da Cidadania, Jo\u00e3o Roma Neto, disse, em entrevista a uma r\u00e1dio baiana, que o calend\u00e1rio vai ser divulgado at\u00e9 o in\u00edcio da semana que vem. Segundo ele, dever\u00e3o ser beneficiados 45,6 milh\u00f5es de pessoas. Ele admitiu que o\u00a0<strong>valor do benef\u00edcio \u00e9 insuficiente<\/strong>\u00a0para a subsist\u00eancia das fam\u00edlias, mas disse que este foi o valor \u201cvi\u00e1vel\u201d.<\/div>\n<\/div>\n<\/div>\n<\/div>\n<div id=\"mvp-site\" class=\"left relative\">\n<div id=\"mvp-site-wall\" class=\"left relative\">\n<div id=\"mvp-site-main\" class=\"left relative\">\n<div id=\"mvp-main-body-wrap\" class=\"left relative\">\n<article id=\"mvp-article-wrap\">\n<div id=\"mvp-article-cont\" class=\"left relative\">\n<div class=\"mvp-main-box\">\n<div id=\"mvp-post-main\" class=\"left relative\">\n<div class=\"mvp-post-main-out left relative\">\n<div class=\"mvp-post-main-in\">\n<div id=\"mvp-post-content\" class=\"left relative\">\n<div id=\"mvp-content-wrap\" class=\"left relative\">\n<div class=\"mvp-post-soc-out right relative\">\n<div class=\"mvp-post-soc-in\">\n<div id=\"mvp-content-body\" class=\"left relative\">\n<div id=\"mvp-content-body-top\" class=\"left relative\">\n<div id=\"mvp-content-main\" class=\"left relative\">\n<p style=\"text-align: justify;\">\u201cO calend\u00e1rio do pagamento n\u00f3s vamos divulgar at\u00e9 o in\u00edcio da pr\u00f3xima semana, mas j\u00e1 posso antecipar que o pagamento ocorrer\u00e1 a partir do in\u00edcio do m\u00eas de abril. Aproximadamente entre 5 e 6 de abril, n\u00f3s j\u00e1 buscamos viabilizar o in\u00edcio do pagamento do aux\u00edlio emergencial\u201d, disse Jo\u00e3o Roma Neto, em entrevista a uma r\u00e1dio baiana nesta segunda-feira. Os primeiros contemplados dever\u00e3o ser os trabalhadores informais e desempregados inscritos pelo site e no Cadastro \u00danico (Cad. \u00danico), e em seguida os benefici\u00e1rios do Bolsa Fam\u00edlia.<\/p>\n<p style=\"text-align: justify;\">\n<p style=\"text-align: justify;\">Ainda de acordo com o ministro, as 45,6 milh\u00f5es de fam\u00edlias que devem ser beneficiadas pelo novo aux\u00edlio emergencial receber\u00e3o a ajuda ainda no m\u00eas de abril. O n\u00famero representaria um corte de pelo menos 13 milh\u00f5es de benefici\u00e1rios em rela\u00e7\u00e3o ao total de pessoas alcan\u00e7adas pelo programa em dezembro do ano passado, \u00faltimo m\u00eas de pagamento do benef\u00edcio. Na ocasi\u00e3o, o n\u00famero de contemplados ultrapassou 58 milh\u00f5es de pessoas, este ser\u00e1 o grupo analisado para receber o valor nesta nova rodada de pagamentos.<\/p>\n<p style=\"text-align: justify;\">O novo aux\u00edlio emergencial ser\u00e1 pago ao longo de quatro meses, de abril a julho. Roma Neto admitiu, ainda, que os valores do novo aux\u00edlio emergencial, que v\u00e3o de R$ 150 a R$ 375, \u201cn\u00e3o s\u00e3o suficientes\u201d para garantir a subsist\u00eancia dos brasileiros. Por\u00e9m, pontuou que esses foram os valores \u201cvi\u00e1veis\u201d neste ano.<\/p>\n<h2 style=\"text-align: justify;\">Popula\u00e7\u00e3o vulner\u00e1vel<\/h2>\n<p style=\"text-align: justify;\">Em nota, o Minist\u00e9rio da Cidadania esclareceu que a Emenda Constitucional n\u00ba. 109\/2021 fixou o teto de R$ 44 bilh\u00f5es para o pagamento do benef\u00edcio neste ano. E que, desta forma,\u201d o Governo Federal tem adotado as medidas necess\u00e1rias para que o novo aux\u00edlio alcance a popula\u00e7\u00e3o de maior vulnerabilidade\u201d. O minist\u00e9rio acrescentou que o cruzamento de dados dos cadastrados, \u201cas a\u00e7\u00f5es de controle e fiscaliza\u00e7\u00e3o ser\u00e3o para evitar recebimentos indevidos permitem que o novo benef\u00edcio chegue a quem mais precisa\u201d.<\/p>\n<p style=\"text-align: justify;\">A estimativa \u00e9 de que, a partir do dia 1\u00ba de abril, o trabalhador possa verificar se ser\u00e1 contemplado mesmo no\u00a0<a href=\"https:\/\/consultaauxilio.dataprev.gov.br\/consulta\/#\/\" target=\"_blank\" rel=\"noreferrer noopener\">Portal de Consultas da Dataprev<\/a>.<\/p>\n<p style=\"text-align: justify;\">Ser\u00e3o pagas aos trabalhadores quatro parcelas mensais no valor m\u00e9dio de R$ 250. Pessoas que moram sozinhas t\u00eam direito a quatro parcelas mensais no valor de R$ 150. A mulher chefe de fam\u00edlia monoparental (m\u00e3e solteira) tem direito a quatro parcelas mensais no valor de R$ 375.<\/p>\n<p style=\"text-align: justify;\">Os benefici\u00e1rios do Bolsa Fam\u00edlia que t\u00eam direito ao aux\u00edlio, por exemplo, v\u00e3o receber nas datas j\u00e1 estabelecidas pelo calend\u00e1rio de pagamento do programa.<\/p>\n<p style=\"text-align: justify;\">\n<p style=\"text-align: justify;\"><em>Fonte: Extra<\/em><\/p>\n<\/div>\n<\/div>\n<\/div>\n<\/div>\n<\/div>\n<\/div>\n<\/div>\n<\/div>\n<\/div>\n<\/div>\n<\/div>\n<\/div>\n<\/article>\n<\/div>\n<\/div>\n<\/div>\n<\/div>\n","protected":false},"excerpt":{"rendered":"<p>Mesmo com o avan\u00e7o da pandemia de Covid-19, o novo\u00a0aux\u00edlio emergencial\u00a0s\u00f3 deve come\u00e7ar a ser pago em 13 dias, entre 5 e 6 de abril. O ministro da Cidadania, Jo\u00e3o Roma Neto, disse, em entrevista a uma r\u00e1dio baiana, que o calend\u00e1rio vai ser divulgado at\u00e9 o in\u00edcio da semana que vem. Segundo ele, dever\u00e3o &hellip;<\/p>\n","protected":false},"author":2,"featured_media":63582,"comment_status":"open","ping_status":"open","sticky":false,"template":"","format":"standard","meta":{"content-type":"","rop_custom_images_group":[],"rop_custom_messages_group":[],"rop_publish_now":"initial","rop_publish_now_accounts":{"facebook_2648258775420054_1618374048415101":""},"rop_publish_now_history":[],"rop_publish_now_status":"pending","footnotes":"","_jetpack_memberships_contains_paid_content":false},"categories":[414],"tags":[2966,3933],"yoast_head":"<!-- This site is optimized with the Yoast SEO plugin v22.3 - https:\/\/yoast.com\/wordpress\/plugins\/seo\/ -->\n<title>Aux\u00edlio emergencial: pagamento deve come\u00e7ar at\u00e9 o dia 6 de abril, diz ministro<\/title>\n<meta name=\"robots\" content=\"index, follow, max-snippet:-1, max-image-preview:large, max-video-preview:-1\" \/>\n<link rel=\"canonical\" href=\"https:\/\/portalnpm.com\/index.php\/2021\/03\/23\/auxilio-emergencial-pagamento-deve-comecar-ate-o-dia-6-de-abril-diz-ministro\/\" \/>\n<meta property=\"og:locale\" content=\"pt_BR\" \/>\n<meta property=\"og:type\" content=\"article\" \/>\n<meta property=\"og:title\" content=\"Aux\u00edlio emergencial: pagamento deve come\u00e7ar at\u00e9 o dia 6 de abril, diz ministro\" \/>\n<meta property=\"og:description\" content=\"Mesmo com o avan\u00e7o da pandemia de Covid-19, o novo\u00a0aux\u00edlio emergencial\u00a0s\u00f3 deve come\u00e7ar a ser pago em 13 dias, entre 5 e 6 de abril. O ministro da Cidadania, Jo\u00e3o Roma Neto, disse, em entrevista a uma r\u00e1dio baiana, que o calend\u00e1rio vai ser divulgado at\u00e9 o in\u00edcio da semana que vem. Segundo ele, dever\u00e3o &hellip;\" \/>\n<meta property=\"og:url\" content=\"https:\/\/portalnpm.com\/index.php\/2021\/03\/23\/auxilio-emergencial-pagamento-deve-comecar-ate-o-dia-6-de-abril-diz-ministro\/\" \/>\n<meta property=\"og:site_name\" content=\"Portal NPM\" \/>\n<meta property=\"article:published_time\" content=\"2021-03-23T22:05:41+00:00\" \/>\n<meta property=\"og:image\" content=\"https:\/\/portalnpm.com\/wp-content\/uploads\/2024\/01\/660B4F71-B9BE-49EA-BEE8-A0CEE0863140.jpeg\" \/>\n\t<meta property=\"og:image:width\" content=\"488\" \/>\n\t<meta property=\"og:image:height\" content=\"275\" \/>\n\t<meta property=\"og:image:type\" content=\"image\/jpeg\" \/>\n<meta name=\"author\" content=\"Genival Barbosa\" \/>\n<meta name=\"twitter:card\" content=\"summary_large_image\" \/>\n<meta name=\"twitter:label1\" content=\"Escrito por\" \/>\n\t<meta name=\"twitter:data1\" content=\"Genival Barbosa\" \/>\n\t<meta name=\"twitter:label2\" content=\"Est. tempo de leitura\" \/>\n\t<meta name=\"twitter:data2\" content=\"3 minutos\" \/>\n<script type=\"application\/ld+json\" class=\"yoast-schema-graph\">{\"@context\":\"https:\/\/schema.org\",\"@graph\":[{\"@type\":\"WebPage\",\"@id\":\"https:\/\/portalnpm.com\/index.php\/2021\/03\/23\/auxilio-emergencial-pagamento-deve-comecar-ate-o-dia-6-de-abril-diz-ministro\/\",\"url\":\"https:\/\/portalnpm.com\/index.php\/2021\/03\/23\/auxilio-emergencial-pagamento-deve-comecar-ate-o-dia-6-de-abril-diz-ministro\/\",\"name\":\"Aux\u00edlio emergencial: pagamento deve come\u00e7ar at\u00e9 o dia 6 de abril, diz ministro\",\"isPartOf\":{\"@id\":\"https:\/\/portalnpm.com\/#website\"},\"primaryImageOfPage\":{\"@id\":\"https:\/\/portalnpm.com\/index.php\/2021\/03\/23\/auxilio-emergencial-pagamento-deve-comecar-ate-o-dia-6-de-abril-diz-ministro\/#primaryimage\"},\"image\":{\"@id\":\"https:\/\/portalnpm.com\/index.php\/2021\/03\/23\/auxilio-emergencial-pagamento-deve-comecar-ate-o-dia-6-de-abril-diz-ministro\/#primaryimage\"},\"thumbnailUrl\":\"https:\/\/portalnpm.com\/wp-content\/uploads\/2024\/01\/660B4F71-B9BE-49EA-BEE8-A0CEE0863140.jpeg\",\"datePublished\":\"2021-03-23T22:05:41+00:00\",\"dateModified\":\"2021-03-23T22:05:41+00:00\",\"author\":{\"@id\":\"https:\/\/portalnpm.com\/#\/schema\/person\/49313e563cfdefcc167f1ee4c017c294\"},\"breadcrumb\":{\"@id\":\"https:\/\/portalnpm.com\/index.php\/2021\/03\/23\/auxilio-emergencial-pagamento-deve-comecar-ate-o-dia-6-de-abril-diz-ministro\/#breadcrumb\"},\"inLanguage\":\"pt-BR\",\"potentialAction\":[{\"@type\":\"ReadAction\",\"target\":[\"https:\/\/portalnpm.com\/index.php\/2021\/03\/23\/auxilio-emergencial-pagamento-deve-comecar-ate-o-dia-6-de-abril-diz-ministro\/\"]}]},{\"@type\":\"ImageObject\",\"inLanguage\":\"pt-BR\",\"@id\":\"https:\/\/portalnpm.com\/index.php\/2021\/03\/23\/auxilio-emergencial-pagamento-deve-comecar-ate-o-dia-6-de-abril-diz-ministro\/#primaryimage\",\"url\":\"https:\/\/portalnpm.com\/wp-content\/uploads\/2024\/01\/660B4F71-B9BE-49EA-BEE8-A0CEE0863140.jpeg\",\"contentUrl\":\"https:\/\/portalnpm.com\/wp-content\/uploads\/2024\/01\/660B4F71-B9BE-49EA-BEE8-A0CEE0863140.jpeg\",\"width\":488,\"height\":275},{\"@type\":\"BreadcrumbList\",\"@id\":\"https:\/\/portalnpm.com\/index.php\/2021\/03\/23\/auxilio-emergencial-pagamento-deve-comecar-ate-o-dia-6-de-abril-diz-ministro\/#breadcrumb\",\"itemListElement\":[{\"@type\":\"ListItem\",\"position\":1,\"name\":\"In\u00edcio\",\"item\":\"https:\/\/portalnpm.com\/\"},{\"@type\":\"ListItem\",\"position\":2,\"name\":\"Aux\u00edlio emergencial: pagamento deve come\u00e7ar at\u00e9 o dia 6 de abril, diz ministro\"}]},{\"@type\":\"WebSite\",\"@id\":\"https:\/\/portalnpm.com\/#website\",\"url\":\"https:\/\/portalnpm.com\/\",\"name\":\"Portal NPM\",\"description\":\"Not\u00edcias em Primeira M\u00e3o\",\"potentialAction\":[{\"@type\":\"SearchAction\",\"target\":{\"@type\":\"EntryPoint\",\"urlTemplate\":\"https:\/\/portalnpm.com\/?s={search_term_string}\"},\"query-input\":\"required name=search_term_string\"}],\"inLanguage\":\"pt-BR\"},{\"@type\":\"Person\",\"@id\":\"https:\/\/portalnpm.com\/#\/schema\/person\/49313e563cfdefcc167f1ee4c017c294\",\"name\":\"Genival Barbosa\",\"image\":{\"@type\":\"ImageObject\",\"inLanguage\":\"pt-BR\",\"@id\":\"https:\/\/portalnpm.com\/#\/schema\/person\/image\/\",\"url\":\"https:\/\/portalnpm.com\/wp-content\/uploads\/2024\/02\/avatar_user_2_1707743258-96x96.jpeg\",\"contentUrl\":\"https:\/\/portalnpm.com\/wp-content\/uploads\/2024\/02\/avatar_user_2_1707743258-96x96.jpeg\",\"caption\":\"Genival Barbosa\"},\"url\":\"https:\/\/portalnpm.com\/index.php\/author\/genival\/\"}]}<\/script>\n<!-- \/ Yoast SEO plugin. -->","yoast_head_json":{"title":"Aux\u00edlio emergencial: pagamento deve come\u00e7ar at\u00e9 o dia 6 de abril, diz ministro","robots":{"index":"index","follow":"follow","max-snippet":"max-snippet:-1","max-image-preview":"max-image-preview:large","max-video-preview":"max-video-preview:-1"},"canonical":"https:\/\/portalnpm.com\/index.php\/2021\/03\/23\/auxilio-emergencial-pagamento-deve-comecar-ate-o-dia-6-de-abril-diz-ministro\/","og_locale":"pt_BR","og_type":"article","og_title":"Aux\u00edlio emergencial: pagamento deve come\u00e7ar at\u00e9 o dia 6 de abril, diz ministro","og_description":"Mesmo com o avan\u00e7o da pandemia de Covid-19, o novo\u00a0aux\u00edlio emergencial\u00a0s\u00f3 deve come\u00e7ar a ser pago em 13 dias, entre 5 e 6 de abril. O ministro da Cidadania, Jo\u00e3o Roma Neto, disse, em entrevista a uma r\u00e1dio baiana, que o calend\u00e1rio vai ser divulgado at\u00e9 o in\u00edcio da semana que vem. Segundo ele, dever\u00e3o &hellip;","og_url":"https:\/\/portalnpm.com\/index.php\/2021\/03\/23\/auxilio-emergencial-pagamento-deve-comecar-ate-o-dia-6-de-abril-diz-ministro\/","og_site_name":"Portal NPM","article_published_time":"2021-03-23T22:05:41+00:00","og_image":[{"width":488,"height":275,"url":"https:\/\/portalnpm.com\/wp-content\/uploads\/2024\/01\/660B4F71-B9BE-49EA-BEE8-A0CEE0863140.jpeg","type":"image\/jpeg"}],"author":"Genival Barbosa","twitter_card":"summary_large_image","twitter_misc":{"Escrito por":"Genival Barbosa","Est. tempo de leitura":"3 minutos"},"schema":{"@context":"https:\/\/schema.org","@graph":[{"@type":"WebPage","@id":"https:\/\/portalnpm.com\/index.php\/2021\/03\/23\/auxilio-emergencial-pagamento-deve-comecar-ate-o-dia-6-de-abril-diz-ministro\/","url":"https:\/\/portalnpm.com\/index.php\/2021\/03\/23\/auxilio-emergencial-pagamento-deve-comecar-ate-o-dia-6-de-abril-diz-ministro\/","name":"Aux\u00edlio emergencial: pagamento deve come\u00e7ar at\u00e9 o dia 6 de abril, diz ministro","isPartOf":{"@id":"https:\/\/portalnpm.com\/#website"},"primaryImageOfPage":{"@id":"https:\/\/portalnpm.com\/index.php\/2021\/03\/23\/auxilio-emergencial-pagamento-deve-comecar-ate-o-dia-6-de-abril-diz-ministro\/#primaryimage"},"image":{"@id":"https:\/\/portalnpm.com\/index.php\/2021\/03\/23\/auxilio-emergencial-pagamento-deve-comecar-ate-o-dia-6-de-abril-diz-ministro\/#primaryimage"},"thumbnailUrl":"https:\/\/portalnpm.com\/wp-content\/uploads\/2024\/01\/660B4F71-B9BE-49EA-BEE8-A0CEE0863140.jpeg","datePublished":"2021-03-23T22:05:41+00:00","dateModified":"2021-03-23T22:05:41+00:00","author":{"@id":"https:\/\/portalnpm.com\/#\/schema\/person\/49313e563cfdefcc167f1ee4c017c294"},"breadcrumb":{"@id":"https:\/\/portalnpm.com\/index.php\/2021\/03\/23\/auxilio-emergencial-pagamento-deve-comecar-ate-o-dia-6-de-abril-diz-ministro\/#breadcrumb"},"inLanguage":"pt-BR","potentialAction":[{"@type":"ReadAction","target":["https:\/\/portalnpm.com\/index.php\/2021\/03\/23\/auxilio-emergencial-pagamento-deve-comecar-ate-o-dia-6-de-abril-diz-ministro\/"]}]},{"@type":"ImageObject","inLanguage":"pt-BR","@id":"https:\/\/portalnpm.com\/index.php\/2021\/03\/23\/auxilio-emergencial-pagamento-deve-comecar-ate-o-dia-6-de-abril-diz-ministro\/#primaryimage","url":"https:\/\/portalnpm.com\/wp-content\/uploads\/2024\/01\/660B4F71-B9BE-49EA-BEE8-A0CEE0863140.jpeg","contentUrl":"https:\/\/portalnpm.com\/wp-content\/uploads\/2024\/01\/660B4F71-B9BE-49EA-BEE8-A0CEE0863140.jpeg","width":488,"height":275},{"@type":"BreadcrumbList","@id":"https:\/\/portalnpm.com\/index.php\/2021\/03\/23\/auxilio-emergencial-pagamento-deve-comecar-ate-o-dia-6-de-abril-diz-ministro\/#breadcrumb","itemListElement":[{"@type":"ListItem","position":1,"name":"In\u00edcio","item":"https:\/\/portalnpm.com\/"},{"@type":"ListItem","position":2,"name":"Aux\u00edlio emergencial: pagamento deve come\u00e7ar at\u00e9 o dia 6 de abril, diz ministro"}]},{"@type":"WebSite","@id":"https:\/\/portalnpm.com\/#website","url":"https:\/\/portalnpm.com\/","name":"Portal NPM","description":"Not\u00edcias em Primeira M\u00e3o","potentialAction":[{"@type":"SearchAction","target":{"@type":"EntryPoint","urlTemplate":"https:\/\/portalnpm.com\/?s={search_term_string}"},"query-input":"required name=search_term_string"}],"inLanguage":"pt-BR"},{"@type":"Person","@id":"https:\/\/portalnpm.com\/#\/schema\/person\/49313e563cfdefcc167f1ee4c017c294","name":"Genival Barbosa","image":{"@type":"ImageObject","inLanguage":"pt-BR","@id":"https:\/\/portalnpm.com\/#\/schema\/person\/image\/","url":"https:\/\/portalnpm.com\/wp-content\/uploads\/2024\/02\/avatar_user_2_1707743258-96x96.jpeg","contentUrl":"https:\/\/portalnpm.com\/wp-content\/uploads\/2024\/02\/avatar_user_2_1707743258-96x96.jpeg","caption":"Genival Barbosa"},"url":"https:\/\/portalnpm.com\/index.php\/author\/genival\/"}]}},"jetpack_sharing_enabled":true,"jetpack_featured_media_url":"https:\/\/portalnpm.com\/wp-content\/uploads\/2024\/01\/660B4F71-B9BE-49EA-BEE8-A0CEE0863140.jpeg","_links":{"self":[{"href":"https:\/\/portalnpm.com\/index.php\/wp-json\/wp\/v2\/posts\/63581"}],"collection":[{"href":"https:\/\/portalnpm.com\/index.php\/wp-json\/wp\/v2\/posts"}],"about":[{"href":"https:\/\/portalnpm.com\/index.php\/wp-json\/wp\/v2\/types\/post"}],"author":[{"embeddable":true,"href":"https:\/\/portalnpm.com\/index.php\/wp-json\/wp\/v2\/users\/2"}],"replies":[{"embeddable":true,"href":"https:\/\/portalnpm.com\/index.php\/wp-json\/wp\/v2\/comments?post=63581"}],"version-history":[{"count":0,"href":"https:\/\/portalnpm.com\/index.php\/wp-json\/wp\/v2\/posts\/63581\/revisions"}],"wp:featuredmedia":[{"embeddable":true,"href":"https:\/\/portalnpm.com\/index.php\/wp-json\/wp\/v2\/media\/63582"}],"wp:attachment":[{"href":"https:\/\/portalnpm.com\/index.php\/wp-json\/wp\/v2\/media?parent=63581"}],"wp:term":[{"taxonomy":"category","embeddable":true,"href":"https:\/\/portalnpm.com\/index.php\/wp-json\/wp\/v2\/categories?post=63581"},{"taxonomy":"post_tag","embeddable":true,"href":"https:\/\/portalnpm.com\/index.php\/wp-json\/wp\/v2\/tags?post=63581"}],"curies":[{"name":"wp","href":"https:\/\/api.w.org\/{rel}","templated":true}]}}