{"id":63602,"date":"2021-03-24T18:57:17","date_gmt":"2021-03-24T21:57:17","guid":{"rendered":"https:\/\/portalnpm.com\/index.php\/2021\/03\/24\/cristiano-da-dupla-com-ze-neto-e-internado-com-covid-19\/"},"modified":"2021-03-24T18:57:17","modified_gmt":"2021-03-24T21:57:17","slug":"cristiano-da-dupla-com-ze-neto-e-internado-com-covid-19","status":"publish","type":"post","link":"https:\/\/portalnpm.com\/index.php\/2021\/03\/24\/cristiano-da-dupla-com-ze-neto-e-internado-com-covid-19\/","title":{"rendered":"Cristiano, da dupla com Z\u00e9 Neto, \u00e9 internado com Covid-19"},"content":{"rendered":"<p style=\"text-align: justify;\">Cristiano, da dupla sertaneja com Z\u00e9 Neto, foi internado em raz\u00e3o das complica\u00e7\u00f5es do novo coronav\u00edrus nesta quarta-feira (24). A informa\u00e7\u00e3o foi confirmada pela assessoria de imprensa da dupla.<\/p>\n<p style=\"text-align: justify;\">\n<p style=\"text-align: justify;\">Cristiano revelou no dia 17 de mar\u00e7o que ele, a esposa Paula, e os filhos Cristiano e Pietra, haviam testado positivo para a Covid-19. Al\u00e9m deles, o caso mais grave era de sua sogra, Cidinha Silva, que j\u00e1 estava internada em um hospital.<\/p>\n<p style=\"text-align: justify;\">Paula Vaccari tamb\u00e9m ficou internada por alguns dias, pois precisou de oxig\u00eanio, mas recebeu alta e est\u00e1 em casa com os filhos.<\/p>\n<p style=\"text-align: justify;\">\u201cA Covid chegou na minha fam\u00edlia, infelizmente. A gente temeu muito por esse momento, achamos que n\u00e3o iria chegar. Mas come\u00e7a a se tornar um pouco inevit\u00e1vel e a gente esquece de levar esse v\u00edrus t\u00e3o a s\u00e9rio como deveria ser levado\u201d, desabafou no Instagram.<\/p>\n<p style=\"text-align: justify;\">Por Famosidades<\/p>\n","protected":false},"excerpt":{"rendered":"<p>Cristiano, da dupla sertaneja com Z\u00e9 Neto, foi internado em raz\u00e3o das complica\u00e7\u00f5es do novo coronav\u00edrus nesta quarta-feira (24). A informa\u00e7\u00e3o foi confirmada pela assessoria de imprensa da dupla. Cristiano revelou no dia 17 de mar\u00e7o que ele, a esposa Paula, e os filhos Cristiano e Pietra, haviam testado positivo para a Covid-19. Al\u00e9m deles, &hellip;<\/p>\n","protected":false},"author":2,"featured_media":63603,"comment_status":"open","ping_status":"open","sticky":false,"template":"","format":"standard","meta":{"content-type":"","rop_custom_images_group":[],"rop_custom_messages_group":[],"rop_publish_now":"initial","rop_publish_now_accounts":{"facebook_2648258775420054_1618374048415101":""},"rop_publish_now_history":[],"rop_publish_now_status":"pending","footnotes":"","_jetpack_memberships_contains_paid_content":false},"categories":[113,147],"tags":[7134,4548,2323],"yoast_head":"<!-- This site is optimized with the Yoast SEO plugin v22.3 - https:\/\/yoast.com\/wordpress\/plugins\/seo\/ -->\n<title>Cristiano, da dupla com Z\u00e9 Neto, \u00e9 internado com Covid-19<\/title>\n<meta name=\"robots\" content=\"index, follow, max-snippet:-1, max-image-preview:large, max-video-preview:-1\" \/>\n<link rel=\"canonical\" href=\"https:\/\/portalnpm.com\/index.php\/2021\/03\/24\/cristiano-da-dupla-com-ze-neto-e-internado-com-covid-19\/\" \/>\n<meta property=\"og:locale\" content=\"pt_BR\" \/>\n<meta property=\"og:type\" content=\"article\" \/>\n<meta property=\"og:title\" content=\"Cristiano, da dupla com Z\u00e9 Neto, \u00e9 internado com Covid-19\" \/>\n<meta property=\"og:description\" content=\"Cristiano, da dupla sertaneja com Z\u00e9 Neto, foi internado em raz\u00e3o das complica\u00e7\u00f5es do novo coronav\u00edrus nesta quarta-feira (24). A informa\u00e7\u00e3o foi confirmada pela assessoria de imprensa da dupla. Cristiano revelou no dia 17 de mar\u00e7o que ele, a esposa Paula, e os filhos Cristiano e Pietra, haviam testado positivo para a Covid-19. Al\u00e9m deles, &hellip;\" \/>\n<meta property=\"og:url\" content=\"https:\/\/portalnpm.com\/index.php\/2021\/03\/24\/cristiano-da-dupla-com-ze-neto-e-internado-com-covid-19\/\" \/>\n<meta property=\"og:site_name\" content=\"Portal NPM\" \/>\n<meta property=\"article:published_time\" content=\"2021-03-24T21:57:17+00:00\" \/>\n<meta property=\"og:image\" content=\"https:\/\/portalnpm.com\/wp-content\/uploads\/2024\/01\/BB1eVmt4-1.png\" \/>\n\t<meta property=\"og:image:width\" content=\"599\" \/>\n\t<meta property=\"og:image:height\" content=\"359\" \/>\n\t<meta property=\"og:image:type\" content=\"image\/png\" \/>\n<meta name=\"author\" content=\"Genival Barbosa\" \/>\n<meta name=\"twitter:card\" content=\"summary_large_image\" \/>\n<meta name=\"twitter:label1\" content=\"Escrito por\" \/>\n\t<meta name=\"twitter:data1\" content=\"Genival Barbosa\" \/>\n\t<meta name=\"twitter:label2\" content=\"Est. tempo de leitura\" \/>\n\t<meta name=\"twitter:data2\" content=\"1 minuto\" \/>\n<script type=\"application\/ld+json\" class=\"yoast-schema-graph\">{\"@context\":\"https:\/\/schema.org\",\"@graph\":[{\"@type\":\"WebPage\",\"@id\":\"https:\/\/portalnpm.com\/index.php\/2021\/03\/24\/cristiano-da-dupla-com-ze-neto-e-internado-com-covid-19\/\",\"url\":\"https:\/\/portalnpm.com\/index.php\/2021\/03\/24\/cristiano-da-dupla-com-ze-neto-e-internado-com-covid-19\/\",\"name\":\"Cristiano, da dupla com Z\u00e9 Neto, \u00e9 internado com Covid-19\",\"isPartOf\":{\"@id\":\"https:\/\/portalnpm.com\/#website\"},\"primaryImageOfPage\":{\"@id\":\"https:\/\/portalnpm.com\/index.php\/2021\/03\/24\/cristiano-da-dupla-com-ze-neto-e-internado-com-covid-19\/#primaryimage\"},\"image\":{\"@id\":\"https:\/\/portalnpm.com\/index.php\/2021\/03\/24\/cristiano-da-dupla-com-ze-neto-e-internado-com-covid-19\/#primaryimage\"},\"thumbnailUrl\":\"https:\/\/portalnpm.com\/wp-content\/uploads\/2024\/01\/BB1eVmt4-1.png\",\"datePublished\":\"2021-03-24T21:57:17+00:00\",\"dateModified\":\"2021-03-24T21:57:17+00:00\",\"author\":{\"@id\":\"https:\/\/portalnpm.com\/#\/schema\/person\/49313e563cfdefcc167f1ee4c017c294\"},\"breadcrumb\":{\"@id\":\"https:\/\/portalnpm.com\/index.php\/2021\/03\/24\/cristiano-da-dupla-com-ze-neto-e-internado-com-covid-19\/#breadcrumb\"},\"inLanguage\":\"pt-BR\",\"potentialAction\":[{\"@type\":\"ReadAction\",\"target\":[\"https:\/\/portalnpm.com\/index.php\/2021\/03\/24\/cristiano-da-dupla-com-ze-neto-e-internado-com-covid-19\/\"]}]},{\"@type\":\"ImageObject\",\"inLanguage\":\"pt-BR\",\"@id\":\"https:\/\/portalnpm.com\/index.php\/2021\/03\/24\/cristiano-da-dupla-com-ze-neto-e-internado-com-covid-19\/#primaryimage\",\"url\":\"https:\/\/portalnpm.com\/wp-content\/uploads\/2024\/01\/BB1eVmt4-1.png\",\"contentUrl\":\"https:\/\/portalnpm.com\/wp-content\/uploads\/2024\/01\/BB1eVmt4-1.png\",\"width\":599,\"height\":359},{\"@type\":\"BreadcrumbList\",\"@id\":\"https:\/\/portalnpm.com\/index.php\/2021\/03\/24\/cristiano-da-dupla-com-ze-neto-e-internado-com-covid-19\/#breadcrumb\",\"itemListElement\":[{\"@type\":\"ListItem\",\"position\":1,\"name\":\"In\u00edcio\",\"item\":\"https:\/\/portalnpm.com\/\"},{\"@type\":\"ListItem\",\"position\":2,\"name\":\"Cristiano, da dupla com Z\u00e9 Neto, \u00e9 internado com Covid-19\"}]},{\"@type\":\"WebSite\",\"@id\":\"https:\/\/portalnpm.com\/#website\",\"url\":\"https:\/\/portalnpm.com\/\",\"name\":\"Portal NPM\",\"description\":\"Not\u00edcias em Primeira M\u00e3o\",\"potentialAction\":[{\"@type\":\"SearchAction\",\"target\":{\"@type\":\"EntryPoint\",\"urlTemplate\":\"https:\/\/portalnpm.com\/?s={search_term_string}\"},\"query-input\":\"required name=search_term_string\"}],\"inLanguage\":\"pt-BR\"},{\"@type\":\"Person\",\"@id\":\"https:\/\/portalnpm.com\/#\/schema\/person\/49313e563cfdefcc167f1ee4c017c294\",\"name\":\"Genival Barbosa\",\"image\":{\"@type\":\"ImageObject\",\"inLanguage\":\"pt-BR\",\"@id\":\"https:\/\/portalnpm.com\/#\/schema\/person\/image\/\",\"url\":\"https:\/\/portalnpm.com\/wp-content\/uploads\/2024\/02\/avatar_user_2_1707743258-96x96.jpeg\",\"contentUrl\":\"https:\/\/portalnpm.com\/wp-content\/uploads\/2024\/02\/avatar_user_2_1707743258-96x96.jpeg\",\"caption\":\"Genival Barbosa\"},\"url\":\"https:\/\/portalnpm.com\/index.php\/author\/genival\/\"}]}<\/script>\n<!-- \/ Yoast SEO plugin. -->","yoast_head_json":{"title":"Cristiano, da dupla com Z\u00e9 Neto, \u00e9 internado com Covid-19","robots":{"index":"index","follow":"follow","max-snippet":"max-snippet:-1","max-image-preview":"max-image-preview:large","max-video-preview":"max-video-preview:-1"},"canonical":"https:\/\/portalnpm.com\/index.php\/2021\/03\/24\/cristiano-da-dupla-com-ze-neto-e-internado-com-covid-19\/","og_locale":"pt_BR","og_type":"article","og_title":"Cristiano, da dupla com Z\u00e9 Neto, \u00e9 internado com Covid-19","og_description":"Cristiano, da dupla sertaneja com Z\u00e9 Neto, foi internado em raz\u00e3o das complica\u00e7\u00f5es do novo coronav\u00edrus nesta quarta-feira (24). A informa\u00e7\u00e3o foi confirmada pela assessoria de imprensa da dupla. Cristiano revelou no dia 17 de mar\u00e7o que ele, a esposa Paula, e os filhos Cristiano e Pietra, haviam testado positivo para a Covid-19. Al\u00e9m deles, &hellip;","og_url":"https:\/\/portalnpm.com\/index.php\/2021\/03\/24\/cristiano-da-dupla-com-ze-neto-e-internado-com-covid-19\/","og_site_name":"Portal NPM","article_published_time":"2021-03-24T21:57:17+00:00","og_image":[{"width":599,"height":359,"url":"https:\/\/portalnpm.com\/wp-content\/uploads\/2024\/01\/BB1eVmt4-1.png","type":"image\/png"}],"author":"Genival Barbosa","twitter_card":"summary_large_image","twitter_misc":{"Escrito por":"Genival Barbosa","Est. tempo de leitura":"1 minuto"},"schema":{"@context":"https:\/\/schema.org","@graph":[{"@type":"WebPage","@id":"https:\/\/portalnpm.com\/index.php\/2021\/03\/24\/cristiano-da-dupla-com-ze-neto-e-internado-com-covid-19\/","url":"https:\/\/portalnpm.com\/index.php\/2021\/03\/24\/cristiano-da-dupla-com-ze-neto-e-internado-com-covid-19\/","name":"Cristiano, da dupla com Z\u00e9 Neto, \u00e9 internado com Covid-19","isPartOf":{"@id":"https:\/\/portalnpm.com\/#website"},"primaryImageOfPage":{"@id":"https:\/\/portalnpm.com\/index.php\/2021\/03\/24\/cristiano-da-dupla-com-ze-neto-e-internado-com-covid-19\/#primaryimage"},"image":{"@id":"https:\/\/portalnpm.com\/index.php\/2021\/03\/24\/cristiano-da-dupla-com-ze-neto-e-internado-com-covid-19\/#primaryimage"},"thumbnailUrl":"https:\/\/portalnpm.com\/wp-content\/uploads\/2024\/01\/BB1eVmt4-1.png","datePublished":"2021-03-24T21:57:17+00:00","dateModified":"2021-03-24T21:57:17+00:00","author":{"@id":"https:\/\/portalnpm.com\/#\/schema\/person\/49313e563cfdefcc167f1ee4c017c294"},"breadcrumb":{"@id":"https:\/\/portalnpm.com\/index.php\/2021\/03\/24\/cristiano-da-dupla-com-ze-neto-e-internado-com-covid-19\/#breadcrumb"},"inLanguage":"pt-BR","potentialAction":[{"@type":"ReadAction","target":["https:\/\/portalnpm.com\/index.php\/2021\/03\/24\/cristiano-da-dupla-com-ze-neto-e-internado-com-covid-19\/"]}]},{"@type":"ImageObject","inLanguage":"pt-BR","@id":"https:\/\/portalnpm.com\/index.php\/2021\/03\/24\/cristiano-da-dupla-com-ze-neto-e-internado-com-covid-19\/#primaryimage","url":"https:\/\/portalnpm.com\/wp-content\/uploads\/2024\/01\/BB1eVmt4-1.png","contentUrl":"https:\/\/portalnpm.com\/wp-content\/uploads\/2024\/01\/BB1eVmt4-1.png","width":599,"height":359},{"@type":"BreadcrumbList","@id":"https:\/\/portalnpm.com\/index.php\/2021\/03\/24\/cristiano-da-dupla-com-ze-neto-e-internado-com-covid-19\/#breadcrumb","itemListElement":[{"@type":"ListItem","position":1,"name":"In\u00edcio","item":"https:\/\/portalnpm.com\/"},{"@type":"ListItem","position":2,"name":"Cristiano, da dupla com Z\u00e9 Neto, \u00e9 internado com Covid-19"}]},{"@type":"WebSite","@id":"https:\/\/portalnpm.com\/#website","url":"https:\/\/portalnpm.com\/","name":"Portal NPM","description":"Not\u00edcias em Primeira M\u00e3o","potentialAction":[{"@type":"SearchAction","target":{"@type":"EntryPoint","urlTemplate":"https:\/\/portalnpm.com\/?s={search_term_string}"},"query-input":"required name=search_term_string"}],"inLanguage":"pt-BR"},{"@type":"Person","@id":"https:\/\/portalnpm.com\/#\/schema\/person\/49313e563cfdefcc167f1ee4c017c294","name":"Genival Barbosa","image":{"@type":"ImageObject","inLanguage":"pt-BR","@id":"https:\/\/portalnpm.com\/#\/schema\/person\/image\/","url":"https:\/\/portalnpm.com\/wp-content\/uploads\/2024\/02\/avatar_user_2_1707743258-96x96.jpeg","contentUrl":"https:\/\/portalnpm.com\/wp-content\/uploads\/2024\/02\/avatar_user_2_1707743258-96x96.jpeg","caption":"Genival Barbosa"},"url":"https:\/\/portalnpm.com\/index.php\/author\/genival\/"}]}},"jetpack_sharing_enabled":true,"jetpack_featured_media_url":"https:\/\/portalnpm.com\/wp-content\/uploads\/2024\/01\/BB1eVmt4-1.png","_links":{"self":[{"href":"https:\/\/portalnpm.com\/index.php\/wp-json\/wp\/v2\/posts\/63602"}],"collection":[{"href":"https:\/\/portalnpm.com\/index.php\/wp-json\/wp\/v2\/posts"}],"about":[{"href":"https:\/\/portalnpm.com\/index.php\/wp-json\/wp\/v2\/types\/post"}],"author":[{"embeddable":true,"href":"https:\/\/portalnpm.com\/index.php\/wp-json\/wp\/v2\/users\/2"}],"replies":[{"embeddable":true,"href":"https:\/\/portalnpm.com\/index.php\/wp-json\/wp\/v2\/comments?post=63602"}],"version-history":[{"count":0,"href":"https:\/\/portalnpm.com\/index.php\/wp-json\/wp\/v2\/posts\/63602\/revisions"}],"wp:featuredmedia":[{"embeddable":true,"href":"https:\/\/portalnpm.com\/index.php\/wp-json\/wp\/v2\/media\/63603"}],"wp:attachment":[{"href":"https:\/\/portalnpm.com\/index.php\/wp-json\/wp\/v2\/media?parent=63602"}],"wp:term":[{"taxonomy":"category","embeddable":true,"href":"https:\/\/portalnpm.com\/index.php\/wp-json\/wp\/v2\/categories?post=63602"},{"taxonomy":"post_tag","embeddable":true,"href":"https:\/\/portalnpm.com\/index.php\/wp-json\/wp\/v2\/tags?post=63602"}],"curies":[{"name":"wp","href":"https:\/\/api.w.org\/{rel}","templated":true}]}}