{"id":63628,"date":"2021-03-27T09:06:07","date_gmt":"2021-03-27T12:06:07","guid":{"rendered":"https:\/\/portalnpm.com\/index.php\/2021\/03\/27\/grupo-de-politicos-e-empresarios-compram-vacinas-e-imunizam-familiares\/"},"modified":"2021-03-27T09:06:07","modified_gmt":"2021-03-27T12:06:07","slug":"grupo-de-politicos-e-empresarios-compram-vacinas-e-imunizam-familiares","status":"publish","type":"post","link":"https:\/\/portalnpm.com\/index.php\/2021\/03\/27\/grupo-de-politicos-e-empresarios-compram-vacinas-e-imunizam-familiares\/","title":{"rendered":"Grupo de pol\u00edticos e empres\u00e1rios compram vacinas e imunizam familiares"},"content":{"rendered":"<div id=\"mvp-search-wrap\">\n<div id=\"mvp-search-box\">\n<form id=\"searchform\" action=\"http:\/\/encarando.com\/\" method=\"get\">\n<div style=\"text-align: justify;\">O deputado federal e ex-ministro da Sa\u00fade Alexandre Padilha (PT-SP) pediu ao Minist\u00e9rio P\u00fablico de Minas Gerais que confisque as vacinas contra a Covid-19 adquiridas por pol\u00edticos e empres\u00e1rios mineiros sem que fossem repassadas doses ao SUS (Sistema \u00danico de Sa\u00fade).<\/div>\n<\/form>\n<\/div>\n<\/div>\n<div id=\"mvp-site-wall\" class=\"left relative\">\n<div id=\"mvp-site-main\" class=\"left relative\">\n<div id=\"mvp-main-body-wrap\" class=\"left relative\">\n<article id=\"mvp-article-wrap\">\n<div id=\"mvp-article-cont\" class=\"left relative\">\n<div class=\"mvp-main-box\">\n<div id=\"mvp-post-main\" class=\"left relative\">\n<div class=\"mvp-post-main-out left relative\">\n<div class=\"mvp-post-main-in\">\n<div id=\"mvp-post-content\" class=\"left relative\">\n<div id=\"mvp-content-wrap\" class=\"left relative\">\n<div class=\"mvp-post-soc-out right relative\">\n<div class=\"mvp-post-soc-in\">\n<div id=\"mvp-content-body\" class=\"left relative\">\n<div id=\"mvp-content-body-top\" class=\"left relative\">\n<div id=\"mvp-content-main\" class=\"left relative\">\n<p style=\"text-align: justify;\">\n<p style=\"text-align: justify;\">\n<p style=\"text-align: justify;\">\u201cInadmiss\u00edvel tamanha irresponsabilidade sanit\u00e1ria, ainda mais no momento em que o Brasil completa 300 mil mortes\u201d, afirma Padilha na a\u00e7\u00e3o.<\/p>\n<p style=\"text-align: justify;\">\u201cAdvirta-se que a recente Lei 14.125\/2021 admite que pessoas jur\u00eddicas privadas adquiram vacinas, mas imp\u00f5e limites e regras para a sua utiliza\u00e7\u00e3o\u201d, segue o deputado.<\/p>\n<p style=\"text-align: justify;\">A a\u00e7\u00e3o tamb\u00e9m pede que o \u00f3rg\u00e3o apure o poss\u00edvel cometimento de il\u00edcito penal pelos acusados.<\/p>\n<p style=\"text-align: justify;\">Nesta quarta (24), a revista piau\u00ed revelou que um grupo de pol\u00edticos e empres\u00e1rios, a maioria ligada ao setor de transporte de Minas Gerais, e seus familiares, tomou na ter\u00e7a-feira (23) a primeira das duas doses da vacina da Pfizer contra a Covid-19, em Belo Horizonte.<\/p>\n<p style=\"text-align: justify;\">Segundo a publica\u00e7\u00e3o, eles compraram o imunizante por iniciativa pr\u00f3pria e n\u00e3o repassaram ao SUS (Sistema \u00danico de Sa\u00fade). A segunda dose est\u00e1 prevista para ser aplicada nas cerca de cinquenta pessoas daqui a trinta dias. As duas doses custaram a cada pessoa R$ 600.<\/p>\n<p style=\"text-align: justify;\">Segundo pessoas que se vacinaram na ocasi\u00e3o, os organizadores foram os irm\u00e3os R\u00f4mulo e Robson Lessa, donos da via\u00e7\u00e3o Saritur. Uma garagem de uma empresa do grupo foi improvisada como posto de vacina\u00e7\u00e3o. A piau\u00ed telefonou e mandou mensagem para R\u00f4mulo Lessa, que n\u00e3o respondeu. A revista atualizar\u00e1 a reportagem se obtiver resposta.<\/p>\n<p style=\"text-align: justify;\">\n<p style=\"text-align: justify;\"><em>Fonte: Folhapress<\/em><\/p>\n<\/div>\n<\/div>\n<\/div>\n<\/div>\n<\/div>\n<\/div>\n<\/div>\n<\/div>\n<\/div>\n<\/div>\n<\/div>\n<\/div>\n<\/article>\n<\/div>\n<\/div>\n<\/div>\n","protected":false},"excerpt":{"rendered":"<p>O deputado federal e ex-ministro da Sa\u00fade Alexandre Padilha (PT-SP) pediu ao Minist\u00e9rio P\u00fablico de Minas Gerais que confisque as vacinas contra a Covid-19 adquiridas por pol\u00edticos e empres\u00e1rios mineiros sem que fossem repassadas doses ao SUS (Sistema \u00danico de Sa\u00fade). \u201cInadmiss\u00edvel tamanha irresponsabilidade sanit\u00e1ria, ainda mais no momento em que o Brasil completa 300 &hellip;<\/p>\n","protected":false},"author":2,"featured_media":63629,"comment_status":"open","ping_status":"open","sticky":false,"template":"","format":"standard","meta":{"content-type":"","rop_custom_images_group":[],"rop_custom_messages_group":[],"rop_publish_now":"initial","rop_publish_now_accounts":{"facebook_2648258775420054_1618374048415101":""},"rop_publish_now_history":[],"rop_publish_now_status":"pending","footnotes":"","_jetpack_memberships_contains_paid_content":false},"categories":[125],"tags":[10622,3500,10623,10624],"yoast_head":"<!-- This site is optimized with the Yoast SEO plugin v22.3 - https:\/\/yoast.com\/wordpress\/plugins\/seo\/ -->\n<title>Grupo de pol\u00edticos e empres\u00e1rios compram vacinas e imunizam familiares<\/title>\n<meta name=\"robots\" content=\"index, follow, max-snippet:-1, max-image-preview:large, max-video-preview:-1\" \/>\n<link rel=\"canonical\" href=\"https:\/\/portalnpm.com\/index.php\/2021\/03\/27\/grupo-de-politicos-e-empresarios-compram-vacinas-e-imunizam-familiares\/\" \/>\n<meta property=\"og:locale\" content=\"pt_BR\" \/>\n<meta property=\"og:type\" content=\"article\" \/>\n<meta property=\"og:title\" content=\"Grupo de pol\u00edticos e empres\u00e1rios compram vacinas e imunizam familiares\" \/>\n<meta property=\"og:description\" content=\"O deputado federal e ex-ministro da Sa\u00fade Alexandre Padilha (PT-SP) pediu ao Minist\u00e9rio P\u00fablico de Minas Gerais que confisque as vacinas contra a Covid-19 adquiridas por pol\u00edticos e empres\u00e1rios mineiros sem que fossem repassadas doses ao SUS (Sistema \u00danico de Sa\u00fade). \u201cInadmiss\u00edvel tamanha irresponsabilidade sanit\u00e1ria, ainda mais no momento em que o Brasil completa 300 &hellip;\" \/>\n<meta property=\"og:url\" content=\"https:\/\/portalnpm.com\/index.php\/2021\/03\/27\/grupo-de-politicos-e-empresarios-compram-vacinas-e-imunizam-familiares\/\" \/>\n<meta property=\"og:site_name\" content=\"Portal NPM\" \/>\n<meta property=\"article:published_time\" content=\"2021-03-27T12:06:07+00:00\" \/>\n<meta property=\"og:image\" content=\"https:\/\/portalnpm.com\/wp-content\/uploads\/2024\/01\/78FC64C7-B935-4208-83B8-1648F00327B5.jpeg\" \/>\n\t<meta property=\"og:image:width\" content=\"640\" \/>\n\t<meta property=\"og:image:height\" content=\"360\" \/>\n\t<meta property=\"og:image:type\" content=\"image\/jpeg\" \/>\n<meta name=\"author\" content=\"Genival Barbosa\" \/>\n<meta name=\"twitter:card\" content=\"summary_large_image\" \/>\n<meta name=\"twitter:label1\" content=\"Escrito por\" \/>\n\t<meta name=\"twitter:data1\" content=\"Genival Barbosa\" \/>\n\t<meta name=\"twitter:label2\" content=\"Est. tempo de leitura\" \/>\n\t<meta name=\"twitter:data2\" content=\"1 minuto\" \/>\n<script type=\"application\/ld+json\" class=\"yoast-schema-graph\">{\"@context\":\"https:\/\/schema.org\",\"@graph\":[{\"@type\":\"WebPage\",\"@id\":\"https:\/\/portalnpm.com\/index.php\/2021\/03\/27\/grupo-de-politicos-e-empresarios-compram-vacinas-e-imunizam-familiares\/\",\"url\":\"https:\/\/portalnpm.com\/index.php\/2021\/03\/27\/grupo-de-politicos-e-empresarios-compram-vacinas-e-imunizam-familiares\/\",\"name\":\"Grupo de pol\u00edticos e empres\u00e1rios compram vacinas e imunizam familiares\",\"isPartOf\":{\"@id\":\"https:\/\/portalnpm.com\/#website\"},\"primaryImageOfPage\":{\"@id\":\"https:\/\/portalnpm.com\/index.php\/2021\/03\/27\/grupo-de-politicos-e-empresarios-compram-vacinas-e-imunizam-familiares\/#primaryimage\"},\"image\":{\"@id\":\"https:\/\/portalnpm.com\/index.php\/2021\/03\/27\/grupo-de-politicos-e-empresarios-compram-vacinas-e-imunizam-familiares\/#primaryimage\"},\"thumbnailUrl\":\"https:\/\/portalnpm.com\/wp-content\/uploads\/2024\/01\/78FC64C7-B935-4208-83B8-1648F00327B5.jpeg\",\"datePublished\":\"2021-03-27T12:06:07+00:00\",\"dateModified\":\"2021-03-27T12:06:07+00:00\",\"author\":{\"@id\":\"https:\/\/portalnpm.com\/#\/schema\/person\/49313e563cfdefcc167f1ee4c017c294\"},\"breadcrumb\":{\"@id\":\"https:\/\/portalnpm.com\/index.php\/2021\/03\/27\/grupo-de-politicos-e-empresarios-compram-vacinas-e-imunizam-familiares\/#breadcrumb\"},\"inLanguage\":\"pt-BR\",\"potentialAction\":[{\"@type\":\"ReadAction\",\"target\":[\"https:\/\/portalnpm.com\/index.php\/2021\/03\/27\/grupo-de-politicos-e-empresarios-compram-vacinas-e-imunizam-familiares\/\"]}]},{\"@type\":\"ImageObject\",\"inLanguage\":\"pt-BR\",\"@id\":\"https:\/\/portalnpm.com\/index.php\/2021\/03\/27\/grupo-de-politicos-e-empresarios-compram-vacinas-e-imunizam-familiares\/#primaryimage\",\"url\":\"https:\/\/portalnpm.com\/wp-content\/uploads\/2024\/01\/78FC64C7-B935-4208-83B8-1648F00327B5.jpeg\",\"contentUrl\":\"https:\/\/portalnpm.com\/wp-content\/uploads\/2024\/01\/78FC64C7-B935-4208-83B8-1648F00327B5.jpeg\",\"width\":640,\"height\":360},{\"@type\":\"BreadcrumbList\",\"@id\":\"https:\/\/portalnpm.com\/index.php\/2021\/03\/27\/grupo-de-politicos-e-empresarios-compram-vacinas-e-imunizam-familiares\/#breadcrumb\",\"itemListElement\":[{\"@type\":\"ListItem\",\"position\":1,\"name\":\"In\u00edcio\",\"item\":\"https:\/\/portalnpm.com\/\"},{\"@type\":\"ListItem\",\"position\":2,\"name\":\"Grupo de pol\u00edticos e empres\u00e1rios compram vacinas e imunizam familiares\"}]},{\"@type\":\"WebSite\",\"@id\":\"https:\/\/portalnpm.com\/#website\",\"url\":\"https:\/\/portalnpm.com\/\",\"name\":\"Portal NPM\",\"description\":\"Not\u00edcias em Primeira M\u00e3o\",\"potentialAction\":[{\"@type\":\"SearchAction\",\"target\":{\"@type\":\"EntryPoint\",\"urlTemplate\":\"https:\/\/portalnpm.com\/?s={search_term_string}\"},\"query-input\":\"required name=search_term_string\"}],\"inLanguage\":\"pt-BR\"},{\"@type\":\"Person\",\"@id\":\"https:\/\/portalnpm.com\/#\/schema\/person\/49313e563cfdefcc167f1ee4c017c294\",\"name\":\"Genival Barbosa\",\"image\":{\"@type\":\"ImageObject\",\"inLanguage\":\"pt-BR\",\"@id\":\"https:\/\/portalnpm.com\/#\/schema\/person\/image\/\",\"url\":\"https:\/\/portalnpm.com\/wp-content\/uploads\/2024\/02\/avatar_user_2_1707743258-96x96.jpeg\",\"contentUrl\":\"https:\/\/portalnpm.com\/wp-content\/uploads\/2024\/02\/avatar_user_2_1707743258-96x96.jpeg\",\"caption\":\"Genival Barbosa\"},\"url\":\"https:\/\/portalnpm.com\/index.php\/author\/genival\/\"}]}<\/script>\n<!-- \/ Yoast SEO plugin. -->","yoast_head_json":{"title":"Grupo de pol\u00edticos e empres\u00e1rios compram vacinas e imunizam familiares","robots":{"index":"index","follow":"follow","max-snippet":"max-snippet:-1","max-image-preview":"max-image-preview:large","max-video-preview":"max-video-preview:-1"},"canonical":"https:\/\/portalnpm.com\/index.php\/2021\/03\/27\/grupo-de-politicos-e-empresarios-compram-vacinas-e-imunizam-familiares\/","og_locale":"pt_BR","og_type":"article","og_title":"Grupo de pol\u00edticos e empres\u00e1rios compram vacinas e imunizam familiares","og_description":"O deputado federal e ex-ministro da Sa\u00fade Alexandre Padilha (PT-SP) pediu ao Minist\u00e9rio P\u00fablico de Minas Gerais que confisque as vacinas contra a Covid-19 adquiridas por pol\u00edticos e empres\u00e1rios mineiros sem que fossem repassadas doses ao SUS (Sistema \u00danico de Sa\u00fade). \u201cInadmiss\u00edvel tamanha irresponsabilidade sanit\u00e1ria, ainda mais no momento em que o Brasil completa 300 &hellip;","og_url":"https:\/\/portalnpm.com\/index.php\/2021\/03\/27\/grupo-de-politicos-e-empresarios-compram-vacinas-e-imunizam-familiares\/","og_site_name":"Portal NPM","article_published_time":"2021-03-27T12:06:07+00:00","og_image":[{"width":640,"height":360,"url":"https:\/\/portalnpm.com\/wp-content\/uploads\/2024\/01\/78FC64C7-B935-4208-83B8-1648F00327B5.jpeg","type":"image\/jpeg"}],"author":"Genival Barbosa","twitter_card":"summary_large_image","twitter_misc":{"Escrito por":"Genival Barbosa","Est. tempo de leitura":"1 minuto"},"schema":{"@context":"https:\/\/schema.org","@graph":[{"@type":"WebPage","@id":"https:\/\/portalnpm.com\/index.php\/2021\/03\/27\/grupo-de-politicos-e-empresarios-compram-vacinas-e-imunizam-familiares\/","url":"https:\/\/portalnpm.com\/index.php\/2021\/03\/27\/grupo-de-politicos-e-empresarios-compram-vacinas-e-imunizam-familiares\/","name":"Grupo de pol\u00edticos e empres\u00e1rios compram vacinas e imunizam familiares","isPartOf":{"@id":"https:\/\/portalnpm.com\/#website"},"primaryImageOfPage":{"@id":"https:\/\/portalnpm.com\/index.php\/2021\/03\/27\/grupo-de-politicos-e-empresarios-compram-vacinas-e-imunizam-familiares\/#primaryimage"},"image":{"@id":"https:\/\/portalnpm.com\/index.php\/2021\/03\/27\/grupo-de-politicos-e-empresarios-compram-vacinas-e-imunizam-familiares\/#primaryimage"},"thumbnailUrl":"https:\/\/portalnpm.com\/wp-content\/uploads\/2024\/01\/78FC64C7-B935-4208-83B8-1648F00327B5.jpeg","datePublished":"2021-03-27T12:06:07+00:00","dateModified":"2021-03-27T12:06:07+00:00","author":{"@id":"https:\/\/portalnpm.com\/#\/schema\/person\/49313e563cfdefcc167f1ee4c017c294"},"breadcrumb":{"@id":"https:\/\/portalnpm.com\/index.php\/2021\/03\/27\/grupo-de-politicos-e-empresarios-compram-vacinas-e-imunizam-familiares\/#breadcrumb"},"inLanguage":"pt-BR","potentialAction":[{"@type":"ReadAction","target":["https:\/\/portalnpm.com\/index.php\/2021\/03\/27\/grupo-de-politicos-e-empresarios-compram-vacinas-e-imunizam-familiares\/"]}]},{"@type":"ImageObject","inLanguage":"pt-BR","@id":"https:\/\/portalnpm.com\/index.php\/2021\/03\/27\/grupo-de-politicos-e-empresarios-compram-vacinas-e-imunizam-familiares\/#primaryimage","url":"https:\/\/portalnpm.com\/wp-content\/uploads\/2024\/01\/78FC64C7-B935-4208-83B8-1648F00327B5.jpeg","contentUrl":"https:\/\/portalnpm.com\/wp-content\/uploads\/2024\/01\/78FC64C7-B935-4208-83B8-1648F00327B5.jpeg","width":640,"height":360},{"@type":"BreadcrumbList","@id":"https:\/\/portalnpm.com\/index.php\/2021\/03\/27\/grupo-de-politicos-e-empresarios-compram-vacinas-e-imunizam-familiares\/#breadcrumb","itemListElement":[{"@type":"ListItem","position":1,"name":"In\u00edcio","item":"https:\/\/portalnpm.com\/"},{"@type":"ListItem","position":2,"name":"Grupo de pol\u00edticos e empres\u00e1rios compram vacinas e imunizam familiares"}]},{"@type":"WebSite","@id":"https:\/\/portalnpm.com\/#website","url":"https:\/\/portalnpm.com\/","name":"Portal NPM","description":"Not\u00edcias em Primeira M\u00e3o","potentialAction":[{"@type":"SearchAction","target":{"@type":"EntryPoint","urlTemplate":"https:\/\/portalnpm.com\/?s={search_term_string}"},"query-input":"required name=search_term_string"}],"inLanguage":"pt-BR"},{"@type":"Person","@id":"https:\/\/portalnpm.com\/#\/schema\/person\/49313e563cfdefcc167f1ee4c017c294","name":"Genival Barbosa","image":{"@type":"ImageObject","inLanguage":"pt-BR","@id":"https:\/\/portalnpm.com\/#\/schema\/person\/image\/","url":"https:\/\/portalnpm.com\/wp-content\/uploads\/2024\/02\/avatar_user_2_1707743258-96x96.jpeg","contentUrl":"https:\/\/portalnpm.com\/wp-content\/uploads\/2024\/02\/avatar_user_2_1707743258-96x96.jpeg","caption":"Genival Barbosa"},"url":"https:\/\/portalnpm.com\/index.php\/author\/genival\/"}]}},"jetpack_sharing_enabled":true,"jetpack_featured_media_url":"https:\/\/portalnpm.com\/wp-content\/uploads\/2024\/01\/78FC64C7-B935-4208-83B8-1648F00327B5.jpeg","_links":{"self":[{"href":"https:\/\/portalnpm.com\/index.php\/wp-json\/wp\/v2\/posts\/63628"}],"collection":[{"href":"https:\/\/portalnpm.com\/index.php\/wp-json\/wp\/v2\/posts"}],"about":[{"href":"https:\/\/portalnpm.com\/index.php\/wp-json\/wp\/v2\/types\/post"}],"author":[{"embeddable":true,"href":"https:\/\/portalnpm.com\/index.php\/wp-json\/wp\/v2\/users\/2"}],"replies":[{"embeddable":true,"href":"https:\/\/portalnpm.com\/index.php\/wp-json\/wp\/v2\/comments?post=63628"}],"version-history":[{"count":0,"href":"https:\/\/portalnpm.com\/index.php\/wp-json\/wp\/v2\/posts\/63628\/revisions"}],"wp:featuredmedia":[{"embeddable":true,"href":"https:\/\/portalnpm.com\/index.php\/wp-json\/wp\/v2\/media\/63629"}],"wp:attachment":[{"href":"https:\/\/portalnpm.com\/index.php\/wp-json\/wp\/v2\/media?parent=63628"}],"wp:term":[{"taxonomy":"category","embeddable":true,"href":"https:\/\/portalnpm.com\/index.php\/wp-json\/wp\/v2\/categories?post=63628"},{"taxonomy":"post_tag","embeddable":true,"href":"https:\/\/portalnpm.com\/index.php\/wp-json\/wp\/v2\/tags?post=63628"}],"curies":[{"name":"wp","href":"https:\/\/api.w.org\/{rel}","templated":true}]}}