{"id":63770,"date":"2021-03-27T09:27:06","date_gmt":"2021-03-27T12:27:06","guid":{"rendered":"https:\/\/portalnpm.com\/index.php\/2021\/03\/27\/governo-federal-pede-autorizacao-a-anvisa-para-testar-vacina-nacional-contra-covid-19\/"},"modified":"2021-03-27T09:27:06","modified_gmt":"2021-03-27T12:27:06","slug":"governo-federal-pede-autorizacao-a-anvisa-para-testar-vacina-nacional-contra-covid-19","status":"publish","type":"post","link":"https:\/\/portalnpm.com\/index.php\/2021\/03\/27\/governo-federal-pede-autorizacao-a-anvisa-para-testar-vacina-nacional-contra-covid-19\/","title":{"rendered":"Governo federal pede autoriza\u00e7\u00e3o \u00e0 Anvisa para testar vacina nacional contra covid-19"},"content":{"rendered":"<p style=\"text-align: justify;\">O governo federal pediu na noite de quinta-feira (26\/3) \u00e0 Ag\u00eancia Nacional de Vigil\u00e2ncia Sanit\u00e1ria (Anvisa) para fazer testes cl\u00ednicos de fase 1 e 2 de uma nova vacina contra o coronav\u00edrus.<\/p>\n<p style=\"text-align: justify;\">\n<p style=\"text-align: justify;\">O ministro de Ci\u00eancia, Tecnologia e Inova\u00e7\u00f5es, Marcos Pontes, fez o anuncio nesta sexta-feira.<\/p>\n<p style=\"text-align: justify;\">Segundo o minist\u00e9rio, os resultados dos testes em laborat\u00f3rio sobre a toxicidade da vacina e sua capacidade de gerar uma resposta do sistema imune foram promissoras.<\/p>\n<p style=\"text-align: justify;\">&#8220;A vacina demonstrou capacidade de ativar todo o sistema imunol\u00f3gico &#8211; imunidade humoral, celular e inata, induzir mem\u00f3ria imunol\u00f3gica e prote\u00e7\u00e3o de longo prazo&#8221;, disse a pasta em nota.<\/p>\n<h3 style=\"text-align: justify;\">&#8216;Ter v\u00e1rias vacinas nacionais \u00e9 importante&#8217;<\/h3>\n<p style=\"text-align: justify;\">A divulga\u00e7\u00e3o ocorreu algumas horas depois do<a href=\"https:\/\/www.bbc.com\/portuguese\/brasil-56525590?xtor=AL-73-%5Bpartner%5D-%5Bmicrosoft%5D-%5Blink%5D-%5Bbrazil%5D-%5Bbizdev%5D-%5Bisapi%5D\" target=\"_blank\" rel=\"noopener noreferrer\" data-id=\"40\">\u00a0Instituto Butantan dizer que pedir\u00e1 \u00e0 ag\u00eancia autoriza\u00e7\u00e3o<\/a>\u00a0para come\u00e7ar os estudos cl\u00ednicos de um imunizante totalmente nacional, a Butanvac.<\/p>\n<p style=\"text-align: justify;\">Pontes disse que &#8220;uma coisa n\u00e3o tinha nada a ver com a outra&#8221;. &#8220;Deve ter sido uma coincid\u00eancia&#8221;, afirmou o ministro, emendando que isso \u00e9 &#8220;bom para o pa\u00eds&#8221;. &#8220;A gente precisa ter v\u00e1rias vacinas nacionais. \u00c9 importante.&#8221;<\/p>\n<p style=\"text-align: justify;\">Ele explicou que o governo investiu em 15 pesquisas de vacinas contra covid-19 e tr\u00eas avan\u00e7aram para testes em humanos \u2014 a nova vacina \u00e9 uma delas.<\/p>\n<p style=\"text-align: justify;\">O imunizante, chamado Versamune\u00ae\ufe0f-CoV-2FC, est\u00e1 sendo desenvolvido pela Faculdade de Medicina da Universidade de S\u00e3o Paulo (USP) de Ribeir\u00e3o Preto, em parceria com a empresa brasileira Farmacore Biotecnologia e a PDS Biotechnology Corporation, dos Estados Unidos.<\/p>\n<p style=\"text-align: justify;\">Os testes est\u00e3o a cargo de C\u00e9lio Lopes Silva, professor do Departamento de Bioqu\u00edmica e Imunologia da USP e p\u00f3s-doutor pelo National Institute for Medical Research, em Londres.<\/p>\n<p style=\"text-align: justify;\">Segundo os procedimentos da Anvisa, a an\u00e1lise considerar\u00e1 a proposta do estudo, o n\u00famero de participantes e os dados de seguran\u00e7a obtidos at\u00e9 o momento nos estudos pr\u00e9-cl\u00ednicos que s\u00e3o realizados em laborat\u00f3rio e animais.<\/p>\n<p style=\"text-align: justify;\">Fonte: BBC NEWS<\/p>\n","protected":false},"excerpt":{"rendered":"<p>O governo federal pediu na noite de quinta-feira (26\/3) \u00e0 Ag\u00eancia Nacional de Vigil\u00e2ncia Sanit\u00e1ria (Anvisa) para fazer testes cl\u00ednicos de fase 1 e 2 de uma nova vacina contra o coronav\u00edrus. O ministro de Ci\u00eancia, Tecnologia e Inova\u00e7\u00f5es, Marcos Pontes, fez o anuncio nesta sexta-feira. Segundo o minist\u00e9rio, os resultados dos testes em laborat\u00f3rio &hellip;<\/p>\n","protected":false},"author":2,"featured_media":63772,"comment_status":"open","ping_status":"open","sticky":false,"template":"","format":"standard","meta":{"content-type":"","rop_custom_images_group":[],"rop_custom_messages_group":[],"rop_publish_now":"initial","rop_publish_now_accounts":{"facebook_2648258775420054_1618374048415101":""},"rop_publish_now_history":[],"rop_publish_now_status":"pending","footnotes":"","_jetpack_memberships_contains_paid_content":false},"categories":[384],"tags":[524,4914,2723],"yoast_head":"<!-- This site is optimized with the Yoast SEO plugin v22.3 - https:\/\/yoast.com\/wordpress\/plugins\/seo\/ -->\n<title>Governo federal pede autoriza\u00e7\u00e3o \u00e0 Anvisa para testar vacina nacional contra covid-19<\/title>\n<meta name=\"robots\" content=\"index, follow, max-snippet:-1, max-image-preview:large, max-video-preview:-1\" \/>\n<link rel=\"canonical\" href=\"https:\/\/portalnpm.com\/index.php\/2021\/03\/27\/governo-federal-pede-autorizacao-a-anvisa-para-testar-vacina-nacional-contra-covid-19\/\" \/>\n<meta property=\"og:locale\" content=\"pt_BR\" \/>\n<meta property=\"og:type\" content=\"article\" \/>\n<meta property=\"og:title\" content=\"Governo federal pede autoriza\u00e7\u00e3o \u00e0 Anvisa para testar vacina nacional contra covid-19\" \/>\n<meta property=\"og:description\" content=\"O governo federal pediu na noite de quinta-feira (26\/3) \u00e0 Ag\u00eancia Nacional de Vigil\u00e2ncia Sanit\u00e1ria (Anvisa) para fazer testes cl\u00ednicos de fase 1 e 2 de uma nova vacina contra o coronav\u00edrus. O ministro de Ci\u00eancia, Tecnologia e Inova\u00e7\u00f5es, Marcos Pontes, fez o anuncio nesta sexta-feira. Segundo o minist\u00e9rio, os resultados dos testes em laborat\u00f3rio &hellip;\" \/>\n<meta property=\"og:url\" content=\"https:\/\/portalnpm.com\/index.php\/2021\/03\/27\/governo-federal-pede-autorizacao-a-anvisa-para-testar-vacina-nacional-contra-covid-19\/\" \/>\n<meta property=\"og:site_name\" content=\"Portal NPM\" \/>\n<meta property=\"article:published_time\" content=\"2021-03-27T12:27:06+00:00\" \/>\n<meta property=\"og:image\" content=\"https:\/\/portalnpm.com\/wp-content\/uploads\/2024\/01\/BB1f0ipx.jpeg\" \/>\n\t<meta property=\"og:image:width\" content=\"600\" \/>\n\t<meta property=\"og:image:height\" content=\"338\" \/>\n\t<meta property=\"og:image:type\" content=\"image\/jpeg\" \/>\n<meta name=\"author\" content=\"Genival Barbosa\" \/>\n<meta name=\"twitter:card\" content=\"summary_large_image\" \/>\n<meta name=\"twitter:label1\" content=\"Escrito por\" \/>\n\t<meta name=\"twitter:data1\" content=\"Genival Barbosa\" \/>\n\t<meta name=\"twitter:label2\" content=\"Est. tempo de leitura\" \/>\n\t<meta name=\"twitter:data2\" content=\"2 minutos\" \/>\n<script type=\"application\/ld+json\" class=\"yoast-schema-graph\">{\"@context\":\"https:\/\/schema.org\",\"@graph\":[{\"@type\":\"WebPage\",\"@id\":\"https:\/\/portalnpm.com\/index.php\/2021\/03\/27\/governo-federal-pede-autorizacao-a-anvisa-para-testar-vacina-nacional-contra-covid-19\/\",\"url\":\"https:\/\/portalnpm.com\/index.php\/2021\/03\/27\/governo-federal-pede-autorizacao-a-anvisa-para-testar-vacina-nacional-contra-covid-19\/\",\"name\":\"Governo federal pede autoriza\u00e7\u00e3o \u00e0 Anvisa para testar vacina nacional contra covid-19\",\"isPartOf\":{\"@id\":\"https:\/\/portalnpm.com\/#website\"},\"primaryImageOfPage\":{\"@id\":\"https:\/\/portalnpm.com\/index.php\/2021\/03\/27\/governo-federal-pede-autorizacao-a-anvisa-para-testar-vacina-nacional-contra-covid-19\/#primaryimage\"},\"image\":{\"@id\":\"https:\/\/portalnpm.com\/index.php\/2021\/03\/27\/governo-federal-pede-autorizacao-a-anvisa-para-testar-vacina-nacional-contra-covid-19\/#primaryimage\"},\"thumbnailUrl\":\"https:\/\/portalnpm.com\/wp-content\/uploads\/2024\/01\/BB1f0ipx.jpeg\",\"datePublished\":\"2021-03-27T12:27:06+00:00\",\"dateModified\":\"2021-03-27T12:27:06+00:00\",\"author\":{\"@id\":\"https:\/\/portalnpm.com\/#\/schema\/person\/49313e563cfdefcc167f1ee4c017c294\"},\"breadcrumb\":{\"@id\":\"https:\/\/portalnpm.com\/index.php\/2021\/03\/27\/governo-federal-pede-autorizacao-a-anvisa-para-testar-vacina-nacional-contra-covid-19\/#breadcrumb\"},\"inLanguage\":\"pt-BR\",\"potentialAction\":[{\"@type\":\"ReadAction\",\"target\":[\"https:\/\/portalnpm.com\/index.php\/2021\/03\/27\/governo-federal-pede-autorizacao-a-anvisa-para-testar-vacina-nacional-contra-covid-19\/\"]}]},{\"@type\":\"ImageObject\",\"inLanguage\":\"pt-BR\",\"@id\":\"https:\/\/portalnpm.com\/index.php\/2021\/03\/27\/governo-federal-pede-autorizacao-a-anvisa-para-testar-vacina-nacional-contra-covid-19\/#primaryimage\",\"url\":\"https:\/\/portalnpm.com\/wp-content\/uploads\/2024\/01\/BB1f0ipx.jpeg\",\"contentUrl\":\"https:\/\/portalnpm.com\/wp-content\/uploads\/2024\/01\/BB1f0ipx.jpeg\",\"width\":600,\"height\":338},{\"@type\":\"BreadcrumbList\",\"@id\":\"https:\/\/portalnpm.com\/index.php\/2021\/03\/27\/governo-federal-pede-autorizacao-a-anvisa-para-testar-vacina-nacional-contra-covid-19\/#breadcrumb\",\"itemListElement\":[{\"@type\":\"ListItem\",\"position\":1,\"name\":\"In\u00edcio\",\"item\":\"https:\/\/portalnpm.com\/\"},{\"@type\":\"ListItem\",\"position\":2,\"name\":\"Governo federal pede autoriza\u00e7\u00e3o \u00e0 Anvisa para testar vacina nacional contra covid-19\"}]},{\"@type\":\"WebSite\",\"@id\":\"https:\/\/portalnpm.com\/#website\",\"url\":\"https:\/\/portalnpm.com\/\",\"name\":\"Portal NPM\",\"description\":\"Not\u00edcias em Primeira M\u00e3o\",\"potentialAction\":[{\"@type\":\"SearchAction\",\"target\":{\"@type\":\"EntryPoint\",\"urlTemplate\":\"https:\/\/portalnpm.com\/?s={search_term_string}\"},\"query-input\":\"required name=search_term_string\"}],\"inLanguage\":\"pt-BR\"},{\"@type\":\"Person\",\"@id\":\"https:\/\/portalnpm.com\/#\/schema\/person\/49313e563cfdefcc167f1ee4c017c294\",\"name\":\"Genival Barbosa\",\"image\":{\"@type\":\"ImageObject\",\"inLanguage\":\"pt-BR\",\"@id\":\"https:\/\/portalnpm.com\/#\/schema\/person\/image\/\",\"url\":\"https:\/\/portalnpm.com\/wp-content\/uploads\/2024\/02\/avatar_user_2_1707743258-96x96.jpeg\",\"contentUrl\":\"https:\/\/portalnpm.com\/wp-content\/uploads\/2024\/02\/avatar_user_2_1707743258-96x96.jpeg\",\"caption\":\"Genival Barbosa\"},\"url\":\"https:\/\/portalnpm.com\/index.php\/author\/genival\/\"}]}<\/script>\n<!-- \/ Yoast SEO plugin. -->","yoast_head_json":{"title":"Governo federal pede autoriza\u00e7\u00e3o \u00e0 Anvisa para testar vacina nacional contra covid-19","robots":{"index":"index","follow":"follow","max-snippet":"max-snippet:-1","max-image-preview":"max-image-preview:large","max-video-preview":"max-video-preview:-1"},"canonical":"https:\/\/portalnpm.com\/index.php\/2021\/03\/27\/governo-federal-pede-autorizacao-a-anvisa-para-testar-vacina-nacional-contra-covid-19\/","og_locale":"pt_BR","og_type":"article","og_title":"Governo federal pede autoriza\u00e7\u00e3o \u00e0 Anvisa para testar vacina nacional contra covid-19","og_description":"O governo federal pediu na noite de quinta-feira (26\/3) \u00e0 Ag\u00eancia Nacional de Vigil\u00e2ncia Sanit\u00e1ria (Anvisa) para fazer testes cl\u00ednicos de fase 1 e 2 de uma nova vacina contra o coronav\u00edrus. O ministro de Ci\u00eancia, Tecnologia e Inova\u00e7\u00f5es, Marcos Pontes, fez o anuncio nesta sexta-feira. Segundo o minist\u00e9rio, os resultados dos testes em laborat\u00f3rio &hellip;","og_url":"https:\/\/portalnpm.com\/index.php\/2021\/03\/27\/governo-federal-pede-autorizacao-a-anvisa-para-testar-vacina-nacional-contra-covid-19\/","og_site_name":"Portal NPM","article_published_time":"2021-03-27T12:27:06+00:00","og_image":[{"width":600,"height":338,"url":"https:\/\/portalnpm.com\/wp-content\/uploads\/2024\/01\/BB1f0ipx.jpeg","type":"image\/jpeg"}],"author":"Genival Barbosa","twitter_card":"summary_large_image","twitter_misc":{"Escrito por":"Genival Barbosa","Est. tempo de leitura":"2 minutos"},"schema":{"@context":"https:\/\/schema.org","@graph":[{"@type":"WebPage","@id":"https:\/\/portalnpm.com\/index.php\/2021\/03\/27\/governo-federal-pede-autorizacao-a-anvisa-para-testar-vacina-nacional-contra-covid-19\/","url":"https:\/\/portalnpm.com\/index.php\/2021\/03\/27\/governo-federal-pede-autorizacao-a-anvisa-para-testar-vacina-nacional-contra-covid-19\/","name":"Governo federal pede autoriza\u00e7\u00e3o \u00e0 Anvisa para testar vacina nacional contra covid-19","isPartOf":{"@id":"https:\/\/portalnpm.com\/#website"},"primaryImageOfPage":{"@id":"https:\/\/portalnpm.com\/index.php\/2021\/03\/27\/governo-federal-pede-autorizacao-a-anvisa-para-testar-vacina-nacional-contra-covid-19\/#primaryimage"},"image":{"@id":"https:\/\/portalnpm.com\/index.php\/2021\/03\/27\/governo-federal-pede-autorizacao-a-anvisa-para-testar-vacina-nacional-contra-covid-19\/#primaryimage"},"thumbnailUrl":"https:\/\/portalnpm.com\/wp-content\/uploads\/2024\/01\/BB1f0ipx.jpeg","datePublished":"2021-03-27T12:27:06+00:00","dateModified":"2021-03-27T12:27:06+00:00","author":{"@id":"https:\/\/portalnpm.com\/#\/schema\/person\/49313e563cfdefcc167f1ee4c017c294"},"breadcrumb":{"@id":"https:\/\/portalnpm.com\/index.php\/2021\/03\/27\/governo-federal-pede-autorizacao-a-anvisa-para-testar-vacina-nacional-contra-covid-19\/#breadcrumb"},"inLanguage":"pt-BR","potentialAction":[{"@type":"ReadAction","target":["https:\/\/portalnpm.com\/index.php\/2021\/03\/27\/governo-federal-pede-autorizacao-a-anvisa-para-testar-vacina-nacional-contra-covid-19\/"]}]},{"@type":"ImageObject","inLanguage":"pt-BR","@id":"https:\/\/portalnpm.com\/index.php\/2021\/03\/27\/governo-federal-pede-autorizacao-a-anvisa-para-testar-vacina-nacional-contra-covid-19\/#primaryimage","url":"https:\/\/portalnpm.com\/wp-content\/uploads\/2024\/01\/BB1f0ipx.jpeg","contentUrl":"https:\/\/portalnpm.com\/wp-content\/uploads\/2024\/01\/BB1f0ipx.jpeg","width":600,"height":338},{"@type":"BreadcrumbList","@id":"https:\/\/portalnpm.com\/index.php\/2021\/03\/27\/governo-federal-pede-autorizacao-a-anvisa-para-testar-vacina-nacional-contra-covid-19\/#breadcrumb","itemListElement":[{"@type":"ListItem","position":1,"name":"In\u00edcio","item":"https:\/\/portalnpm.com\/"},{"@type":"ListItem","position":2,"name":"Governo federal pede autoriza\u00e7\u00e3o \u00e0 Anvisa para testar vacina nacional contra covid-19"}]},{"@type":"WebSite","@id":"https:\/\/portalnpm.com\/#website","url":"https:\/\/portalnpm.com\/","name":"Portal NPM","description":"Not\u00edcias em Primeira M\u00e3o","potentialAction":[{"@type":"SearchAction","target":{"@type":"EntryPoint","urlTemplate":"https:\/\/portalnpm.com\/?s={search_term_string}"},"query-input":"required name=search_term_string"}],"inLanguage":"pt-BR"},{"@type":"Person","@id":"https:\/\/portalnpm.com\/#\/schema\/person\/49313e563cfdefcc167f1ee4c017c294","name":"Genival Barbosa","image":{"@type":"ImageObject","inLanguage":"pt-BR","@id":"https:\/\/portalnpm.com\/#\/schema\/person\/image\/","url":"https:\/\/portalnpm.com\/wp-content\/uploads\/2024\/02\/avatar_user_2_1707743258-96x96.jpeg","contentUrl":"https:\/\/portalnpm.com\/wp-content\/uploads\/2024\/02\/avatar_user_2_1707743258-96x96.jpeg","caption":"Genival Barbosa"},"url":"https:\/\/portalnpm.com\/index.php\/author\/genival\/"}]}},"jetpack_sharing_enabled":true,"jetpack_featured_media_url":"https:\/\/portalnpm.com\/wp-content\/uploads\/2024\/01\/BB1f0ipx.jpeg","_links":{"self":[{"href":"https:\/\/portalnpm.com\/index.php\/wp-json\/wp\/v2\/posts\/63770"}],"collection":[{"href":"https:\/\/portalnpm.com\/index.php\/wp-json\/wp\/v2\/posts"}],"about":[{"href":"https:\/\/portalnpm.com\/index.php\/wp-json\/wp\/v2\/types\/post"}],"author":[{"embeddable":true,"href":"https:\/\/portalnpm.com\/index.php\/wp-json\/wp\/v2\/users\/2"}],"replies":[{"embeddable":true,"href":"https:\/\/portalnpm.com\/index.php\/wp-json\/wp\/v2\/comments?post=63770"}],"version-history":[{"count":0,"href":"https:\/\/portalnpm.com\/index.php\/wp-json\/wp\/v2\/posts\/63770\/revisions"}],"wp:featuredmedia":[{"embeddable":true,"href":"https:\/\/portalnpm.com\/index.php\/wp-json\/wp\/v2\/media\/63772"}],"wp:attachment":[{"href":"https:\/\/portalnpm.com\/index.php\/wp-json\/wp\/v2\/media?parent=63770"}],"wp:term":[{"taxonomy":"category","embeddable":true,"href":"https:\/\/portalnpm.com\/index.php\/wp-json\/wp\/v2\/categories?post=63770"},{"taxonomy":"post_tag","embeddable":true,"href":"https:\/\/portalnpm.com\/index.php\/wp-json\/wp\/v2\/tags?post=63770"}],"curies":[{"name":"wp","href":"https:\/\/api.w.org\/{rel}","templated":true}]}}