{"id":63821,"date":"2021-03-27T19:06:53","date_gmt":"2021-03-27T22:06:53","guid":{"rendered":"https:\/\/portalnpm.com\/index.php\/2021\/03\/27\/pastor-silas-malafaia-e-mulher-contraem-covid-19\/"},"modified":"2021-03-27T19:06:53","modified_gmt":"2021-03-27T22:06:53","slug":"pastor-silas-malafaia-e-mulher-contraem-covid-19","status":"publish","type":"post","link":"https:\/\/portalnpm.com\/index.php\/2021\/03\/27\/pastor-silas-malafaia-e-mulher-contraem-covid-19\/","title":{"rendered":"Pastor Silas Malafaia e mulher contraem covid-19"},"content":{"rendered":"<p style=\"text-align: justify;\">O pastor Silas Malafaia, presidente da Assembleia de Deus Vit\u00f3ria em Cristo, e sua mulher, Elizete Malafaia contra\u00edram covid-19. A pastora j\u00e1 est\u00e1 recuperada. As informa\u00e7\u00f5es s\u00e3o do jornal\u00a0<em>Folha de S.Paulo<\/em>.<\/p>\n<p style=\"text-align: justify;\">\n<p style=\"text-align: justify;\"><em>\u201cMinha esposa j\u00e1 saiu da covid-19. Eu que ainda estou, devo estar nos \u00faltimos dias com esta tralha\u201d<\/em>, declarou ao jornal.<\/p>\n<p style=\"text-align: justify;\">O religioso tinha um encontro marcado com o presidente Jair Bolsonaro, de quem \u00e9 aliado, na 2\u00aa feira (29.mar.2021) no Pal\u00e1cio do Planalto, em Bras\u00edlia (DF). Devido ao diagn\u00f3stico, a reuni\u00e3o ser\u00e1 cancelada.<\/p>\n<p style=\"text-align: justify;\">Malafaia afirmou ao jornal que passa bem. Disse ainda que toma desde setembro ivermectina, medicamento sem efic\u00e1cia comprovada contra a doen\u00e7a, vitamina D e K12. Ele disse nunca ter negado rem\u00e9dio nem o\u00a0<em>\u201cpoder da medicina\u201d<\/em>.\u00a0<em>\u201cA minha grande quest\u00e3o \u00e9 o que estamos vendo a\u00ed, o que o lockdown contribui. N\u00e3o existe sa\u00fade com economia destru\u00edda, essa que \u00e9 a minha quest\u00e3o\u201d<\/em>, disse endossando o discurso de Bolsonaro.<\/p>\n<p style=\"text-align: justify;\">Ele afirma n\u00e3o saber onde foi infectado.\u00a0<em>\u201cDevo ter pego das transmiss\u00f5es\u201d<\/em>, declarou em refer\u00eancia \u00e0s grava\u00e7\u00f5es que faz. At\u00e9 a publica\u00e7\u00e3o da reportagem, o pastor ainda n\u00e3o havia informado a contamina\u00e7\u00e3o a seus seguidores. Chamava-os, por\u00e9m, para um jejum nacional de 12 horas apoiado por Bolsonaro:<\/p>\n<div class=\"twitter-tweet twitter-tweet-rendered\" style=\"text-align: justify;\"><iframe id=\"twitter-widget-0\" class=\"\" title=\"Twitter Tweet\" src=\"https:\/\/platform.twitter.com\/embed\/Tweet.html?dnt=false&#038;embedId=twitter-widget-0&#038;frame=false&#038;hideCard=false&#038;hideThread=false&#038;id=1375855399841243140&#038;lang=pt&#038;origin=https%3A%2F%2Fwww.poder360.com.br%2Fcoronavirus%2Fpastor-silas-malafaia-e-mulher-contraem-covid-19%2F&#038;siteScreenName=Poder360&#038;theme=light&#038;widgetsVersion=e1ffbdb%3A1614796141937&#038;width=550px\" frameborder=\"0\" scrolling=\"no\" allowfullscreen=\"allowfullscreen\" data-tweet-id=\"1375855399841243140\" data-mce-fragment=\"1\"><\/iframe><\/div>\n<p style=\"text-align: justify;\">\n<p style=\"text-align: justify;\">O religioso disse ao jornal ter adotado o isolamento social em sua resid\u00eancia no Rio de Janeiro (SJ) desde que soube estar contaminado.\u00a0<em>\u201cSempre falo na igreja: \u2018Meu irm\u00e3o, se voc\u00ea estiver tossindo, com febre, espirrando, espere para fazer o exame. Na minha igreja, na porta, minha filha, tem medidor de temperatura. S\u00f3 entra com m\u00e1scara e \u00e1lcool em gel, n\u00e3o dou moleza para isso, n\u00e3o\u201d.<\/em>\u00a0O pastor \u00e9 um cr\u00edtico do\u00a0<em>lockdown<\/em>\u00a0e defende a abertura de templos em meio \u00e0 pandemia.<\/p>\n<p style=\"text-align: justify;\">Fonte: Poder 360<\/p>\n","protected":false},"excerpt":{"rendered":"<p>O pastor Silas Malafaia, presidente da Assembleia de Deus Vit\u00f3ria em Cristo, e sua mulher, Elizete Malafaia contra\u00edram covid-19. A pastora j\u00e1 est\u00e1 recuperada. As informa\u00e7\u00f5es s\u00e3o do jornal\u00a0Folha de S.Paulo. \u201cMinha esposa j\u00e1 saiu da covid-19. Eu que ainda estou, devo estar nos \u00faltimos dias com esta tralha\u201d, declarou ao jornal. O religioso tinha &hellip;<\/p>\n","protected":false},"author":2,"featured_media":63822,"comment_status":"open","ping_status":"open","sticky":false,"template":"","format":"standard","meta":{"content-type":"","rop_custom_images_group":[],"rop_custom_messages_group":[],"rop_publish_now":"initial","rop_publish_now_accounts":{"facebook_2648258775420054_1618374048415101":""},"rop_publish_now_history":[],"rop_publish_now_status":"pending","footnotes":"","_jetpack_memberships_contains_paid_content":false},"categories":[125],"tags":[10676,485,10677],"yoast_head":"<!-- This site is optimized with the Yoast SEO plugin v22.3 - https:\/\/yoast.com\/wordpress\/plugins\/seo\/ -->\n<title>Pastor Silas Malafaia e mulher contraem covid-19<\/title>\n<meta name=\"robots\" content=\"index, follow, max-snippet:-1, max-image-preview:large, max-video-preview:-1\" \/>\n<link rel=\"canonical\" href=\"https:\/\/portalnpm.com\/index.php\/2021\/03\/27\/pastor-silas-malafaia-e-mulher-contraem-covid-19\/\" \/>\n<meta property=\"og:locale\" content=\"pt_BR\" \/>\n<meta property=\"og:type\" content=\"article\" \/>\n<meta property=\"og:title\" content=\"Pastor Silas Malafaia e mulher contraem covid-19\" \/>\n<meta property=\"og:description\" content=\"O pastor Silas Malafaia, presidente da Assembleia de Deus Vit\u00f3ria em Cristo, e sua mulher, Elizete Malafaia contra\u00edram covid-19. A pastora j\u00e1 est\u00e1 recuperada. As informa\u00e7\u00f5es s\u00e3o do jornal\u00a0Folha de S.Paulo. \u201cMinha esposa j\u00e1 saiu da covid-19. Eu que ainda estou, devo estar nos \u00faltimos dias com esta tralha\u201d, declarou ao jornal. O religioso tinha &hellip;\" \/>\n<meta property=\"og:url\" content=\"https:\/\/portalnpm.com\/index.php\/2021\/03\/27\/pastor-silas-malafaia-e-mulher-contraem-covid-19\/\" \/>\n<meta property=\"og:site_name\" content=\"Portal NPM\" \/>\n<meta property=\"article:published_time\" content=\"2021-03-27T22:06:53+00:00\" \/>\n<meta property=\"og:image\" content=\"https:\/\/portalnpm.com\/wp-content\/uploads\/2024\/01\/silas-malafaia-868x644-1.jpg\" \/>\n\t<meta property=\"og:image:width\" content=\"868\" \/>\n\t<meta property=\"og:image:height\" content=\"644\" \/>\n\t<meta property=\"og:image:type\" content=\"image\/jpeg\" \/>\n<meta name=\"author\" content=\"Genival Barbosa\" \/>\n<meta name=\"twitter:card\" content=\"summary_large_image\" \/>\n<meta name=\"twitter:label1\" content=\"Escrito por\" \/>\n\t<meta name=\"twitter:data1\" content=\"Genival Barbosa\" \/>\n\t<meta name=\"twitter:label2\" content=\"Est. tempo de leitura\" \/>\n\t<meta name=\"twitter:data2\" content=\"2 minutos\" \/>\n<script type=\"application\/ld+json\" class=\"yoast-schema-graph\">{\"@context\":\"https:\/\/schema.org\",\"@graph\":[{\"@type\":\"WebPage\",\"@id\":\"https:\/\/portalnpm.com\/index.php\/2021\/03\/27\/pastor-silas-malafaia-e-mulher-contraem-covid-19\/\",\"url\":\"https:\/\/portalnpm.com\/index.php\/2021\/03\/27\/pastor-silas-malafaia-e-mulher-contraem-covid-19\/\",\"name\":\"Pastor Silas Malafaia e mulher contraem covid-19\",\"isPartOf\":{\"@id\":\"https:\/\/portalnpm.com\/#website\"},\"primaryImageOfPage\":{\"@id\":\"https:\/\/portalnpm.com\/index.php\/2021\/03\/27\/pastor-silas-malafaia-e-mulher-contraem-covid-19\/#primaryimage\"},\"image\":{\"@id\":\"https:\/\/portalnpm.com\/index.php\/2021\/03\/27\/pastor-silas-malafaia-e-mulher-contraem-covid-19\/#primaryimage\"},\"thumbnailUrl\":\"https:\/\/portalnpm.com\/wp-content\/uploads\/2024\/01\/silas-malafaia-868x644-1.jpg\",\"datePublished\":\"2021-03-27T22:06:53+00:00\",\"dateModified\":\"2021-03-27T22:06:53+00:00\",\"author\":{\"@id\":\"https:\/\/portalnpm.com\/#\/schema\/person\/49313e563cfdefcc167f1ee4c017c294\"},\"breadcrumb\":{\"@id\":\"https:\/\/portalnpm.com\/index.php\/2021\/03\/27\/pastor-silas-malafaia-e-mulher-contraem-covid-19\/#breadcrumb\"},\"inLanguage\":\"pt-BR\",\"potentialAction\":[{\"@type\":\"ReadAction\",\"target\":[\"https:\/\/portalnpm.com\/index.php\/2021\/03\/27\/pastor-silas-malafaia-e-mulher-contraem-covid-19\/\"]}]},{\"@type\":\"ImageObject\",\"inLanguage\":\"pt-BR\",\"@id\":\"https:\/\/portalnpm.com\/index.php\/2021\/03\/27\/pastor-silas-malafaia-e-mulher-contraem-covid-19\/#primaryimage\",\"url\":\"https:\/\/portalnpm.com\/wp-content\/uploads\/2024\/01\/silas-malafaia-868x644-1.jpg\",\"contentUrl\":\"https:\/\/portalnpm.com\/wp-content\/uploads\/2024\/01\/silas-malafaia-868x644-1.jpg\",\"width\":868,\"height\":644},{\"@type\":\"BreadcrumbList\",\"@id\":\"https:\/\/portalnpm.com\/index.php\/2021\/03\/27\/pastor-silas-malafaia-e-mulher-contraem-covid-19\/#breadcrumb\",\"itemListElement\":[{\"@type\":\"ListItem\",\"position\":1,\"name\":\"In\u00edcio\",\"item\":\"https:\/\/portalnpm.com\/\"},{\"@type\":\"ListItem\",\"position\":2,\"name\":\"Pastor Silas Malafaia e mulher contraem covid-19\"}]},{\"@type\":\"WebSite\",\"@id\":\"https:\/\/portalnpm.com\/#website\",\"url\":\"https:\/\/portalnpm.com\/\",\"name\":\"Portal NPM\",\"description\":\"Not\u00edcias em Primeira M\u00e3o\",\"potentialAction\":[{\"@type\":\"SearchAction\",\"target\":{\"@type\":\"EntryPoint\",\"urlTemplate\":\"https:\/\/portalnpm.com\/?s={search_term_string}\"},\"query-input\":\"required name=search_term_string\"}],\"inLanguage\":\"pt-BR\"},{\"@type\":\"Person\",\"@id\":\"https:\/\/portalnpm.com\/#\/schema\/person\/49313e563cfdefcc167f1ee4c017c294\",\"name\":\"Genival Barbosa\",\"image\":{\"@type\":\"ImageObject\",\"inLanguage\":\"pt-BR\",\"@id\":\"https:\/\/portalnpm.com\/#\/schema\/person\/image\/\",\"url\":\"https:\/\/portalnpm.com\/wp-content\/uploads\/2024\/02\/avatar_user_2_1707743258-96x96.jpeg\",\"contentUrl\":\"https:\/\/portalnpm.com\/wp-content\/uploads\/2024\/02\/avatar_user_2_1707743258-96x96.jpeg\",\"caption\":\"Genival Barbosa\"},\"url\":\"https:\/\/portalnpm.com\/index.php\/author\/genival\/\"}]}<\/script>\n<!-- \/ Yoast SEO plugin. -->","yoast_head_json":{"title":"Pastor Silas Malafaia e mulher contraem covid-19","robots":{"index":"index","follow":"follow","max-snippet":"max-snippet:-1","max-image-preview":"max-image-preview:large","max-video-preview":"max-video-preview:-1"},"canonical":"https:\/\/portalnpm.com\/index.php\/2021\/03\/27\/pastor-silas-malafaia-e-mulher-contraem-covid-19\/","og_locale":"pt_BR","og_type":"article","og_title":"Pastor Silas Malafaia e mulher contraem covid-19","og_description":"O pastor Silas Malafaia, presidente da Assembleia de Deus Vit\u00f3ria em Cristo, e sua mulher, Elizete Malafaia contra\u00edram covid-19. A pastora j\u00e1 est\u00e1 recuperada. As informa\u00e7\u00f5es s\u00e3o do jornal\u00a0Folha de S.Paulo. \u201cMinha esposa j\u00e1 saiu da covid-19. Eu que ainda estou, devo estar nos \u00faltimos dias com esta tralha\u201d, declarou ao jornal. O religioso tinha &hellip;","og_url":"https:\/\/portalnpm.com\/index.php\/2021\/03\/27\/pastor-silas-malafaia-e-mulher-contraem-covid-19\/","og_site_name":"Portal NPM","article_published_time":"2021-03-27T22:06:53+00:00","og_image":[{"width":868,"height":644,"url":"https:\/\/portalnpm.com\/wp-content\/uploads\/2024\/01\/silas-malafaia-868x644-1.jpg","type":"image\/jpeg"}],"author":"Genival Barbosa","twitter_card":"summary_large_image","twitter_misc":{"Escrito por":"Genival Barbosa","Est. tempo de leitura":"2 minutos"},"schema":{"@context":"https:\/\/schema.org","@graph":[{"@type":"WebPage","@id":"https:\/\/portalnpm.com\/index.php\/2021\/03\/27\/pastor-silas-malafaia-e-mulher-contraem-covid-19\/","url":"https:\/\/portalnpm.com\/index.php\/2021\/03\/27\/pastor-silas-malafaia-e-mulher-contraem-covid-19\/","name":"Pastor Silas Malafaia e mulher contraem covid-19","isPartOf":{"@id":"https:\/\/portalnpm.com\/#website"},"primaryImageOfPage":{"@id":"https:\/\/portalnpm.com\/index.php\/2021\/03\/27\/pastor-silas-malafaia-e-mulher-contraem-covid-19\/#primaryimage"},"image":{"@id":"https:\/\/portalnpm.com\/index.php\/2021\/03\/27\/pastor-silas-malafaia-e-mulher-contraem-covid-19\/#primaryimage"},"thumbnailUrl":"https:\/\/portalnpm.com\/wp-content\/uploads\/2024\/01\/silas-malafaia-868x644-1.jpg","datePublished":"2021-03-27T22:06:53+00:00","dateModified":"2021-03-27T22:06:53+00:00","author":{"@id":"https:\/\/portalnpm.com\/#\/schema\/person\/49313e563cfdefcc167f1ee4c017c294"},"breadcrumb":{"@id":"https:\/\/portalnpm.com\/index.php\/2021\/03\/27\/pastor-silas-malafaia-e-mulher-contraem-covid-19\/#breadcrumb"},"inLanguage":"pt-BR","potentialAction":[{"@type":"ReadAction","target":["https:\/\/portalnpm.com\/index.php\/2021\/03\/27\/pastor-silas-malafaia-e-mulher-contraem-covid-19\/"]}]},{"@type":"ImageObject","inLanguage":"pt-BR","@id":"https:\/\/portalnpm.com\/index.php\/2021\/03\/27\/pastor-silas-malafaia-e-mulher-contraem-covid-19\/#primaryimage","url":"https:\/\/portalnpm.com\/wp-content\/uploads\/2024\/01\/silas-malafaia-868x644-1.jpg","contentUrl":"https:\/\/portalnpm.com\/wp-content\/uploads\/2024\/01\/silas-malafaia-868x644-1.jpg","width":868,"height":644},{"@type":"BreadcrumbList","@id":"https:\/\/portalnpm.com\/index.php\/2021\/03\/27\/pastor-silas-malafaia-e-mulher-contraem-covid-19\/#breadcrumb","itemListElement":[{"@type":"ListItem","position":1,"name":"In\u00edcio","item":"https:\/\/portalnpm.com\/"},{"@type":"ListItem","position":2,"name":"Pastor Silas Malafaia e mulher contraem covid-19"}]},{"@type":"WebSite","@id":"https:\/\/portalnpm.com\/#website","url":"https:\/\/portalnpm.com\/","name":"Portal NPM","description":"Not\u00edcias em Primeira M\u00e3o","potentialAction":[{"@type":"SearchAction","target":{"@type":"EntryPoint","urlTemplate":"https:\/\/portalnpm.com\/?s={search_term_string}"},"query-input":"required name=search_term_string"}],"inLanguage":"pt-BR"},{"@type":"Person","@id":"https:\/\/portalnpm.com\/#\/schema\/person\/49313e563cfdefcc167f1ee4c017c294","name":"Genival Barbosa","image":{"@type":"ImageObject","inLanguage":"pt-BR","@id":"https:\/\/portalnpm.com\/#\/schema\/person\/image\/","url":"https:\/\/portalnpm.com\/wp-content\/uploads\/2024\/02\/avatar_user_2_1707743258-96x96.jpeg","contentUrl":"https:\/\/portalnpm.com\/wp-content\/uploads\/2024\/02\/avatar_user_2_1707743258-96x96.jpeg","caption":"Genival Barbosa"},"url":"https:\/\/portalnpm.com\/index.php\/author\/genival\/"}]}},"jetpack_sharing_enabled":true,"jetpack_featured_media_url":"https:\/\/portalnpm.com\/wp-content\/uploads\/2024\/01\/silas-malafaia-868x644-1.jpg","_links":{"self":[{"href":"https:\/\/portalnpm.com\/index.php\/wp-json\/wp\/v2\/posts\/63821"}],"collection":[{"href":"https:\/\/portalnpm.com\/index.php\/wp-json\/wp\/v2\/posts"}],"about":[{"href":"https:\/\/portalnpm.com\/index.php\/wp-json\/wp\/v2\/types\/post"}],"author":[{"embeddable":true,"href":"https:\/\/portalnpm.com\/index.php\/wp-json\/wp\/v2\/users\/2"}],"replies":[{"embeddable":true,"href":"https:\/\/portalnpm.com\/index.php\/wp-json\/wp\/v2\/comments?post=63821"}],"version-history":[{"count":0,"href":"https:\/\/portalnpm.com\/index.php\/wp-json\/wp\/v2\/posts\/63821\/revisions"}],"wp:featuredmedia":[{"embeddable":true,"href":"https:\/\/portalnpm.com\/index.php\/wp-json\/wp\/v2\/media\/63822"}],"wp:attachment":[{"href":"https:\/\/portalnpm.com\/index.php\/wp-json\/wp\/v2\/media?parent=63821"}],"wp:term":[{"taxonomy":"category","embeddable":true,"href":"https:\/\/portalnpm.com\/index.php\/wp-json\/wp\/v2\/categories?post=63821"},{"taxonomy":"post_tag","embeddable":true,"href":"https:\/\/portalnpm.com\/index.php\/wp-json\/wp\/v2\/tags?post=63821"}],"curies":[{"name":"wp","href":"https:\/\/api.w.org\/{rel}","templated":true}]}}