{"id":63835,"date":"2021-03-28T14:18:02","date_gmt":"2021-03-28T17:18:02","guid":{"rendered":"https:\/\/portalnpm.com\/index.php\/2021\/03\/28\/sep-anuncia-a-contratacao-de-mais-dois-reforcos-para-a-sequencia-da-temporada\/"},"modified":"2021-03-28T14:18:02","modified_gmt":"2021-03-28T17:18:02","slug":"sep-anuncia-a-contratacao-de-mais-dois-reforcos-para-a-sequencia-da-temporada","status":"publish","type":"post","link":"https:\/\/portalnpm.com\/index.php\/2021\/03\/28\/sep-anuncia-a-contratacao-de-mais-dois-reforcos-para-a-sequencia-da-temporada\/","title":{"rendered":"SEP anuncia a contrata\u00e7\u00e3o de mais dois refor\u00e7os para a sequ\u00eancia da temporada"},"content":{"rendered":"<p style=\"text-align: justify;\">A Sociedade Esportiva de Picos (SEP), segue se refor\u00e7ando para \u00e0 sequ\u00eancia da temporada de 2021.<\/p>\n<p style=\"text-align: justify;\">\n<p style=\"text-align: justify;\">Visando \u00e0s competi\u00e7\u00f5es que \u00e0 equipe ir\u00e1 disputar, a diretoria segue de olho no mercado da bola, ap\u00f3s o an\u00fancio do novo treinador Washington Luiz, acompanhado do analista de desempenho Andr\u00e9 Martins, do preparador f\u00edsico Glauter e do treinador de goleiros Cabral.<\/p>\n<p style=\"text-align: justify;\">A SEP acaba de anunciar a chegada de mais dois refor\u00e7os, que s\u00e3o eles;<br \/>\nO jovem lateral esquerdo Elivelton, que tem passagens recentes por; Icasa &#8211; CE, Barbalha &#8211; CE, e Retr\u00f4 &#8211; PE, o lateral chega para refor\u00e7ar o setor defensivo do Zang\u00e3o na temporada. Para refor\u00e7ar o ataque a SEP foi em busca do experiente atacante, J\u00fanior Juazeiro,que ao longo de sua carreira acumula passagens por clubes; como Icasa &#8211; CE, Afogados &#8211; PE, e Portuguesa Santista &#8211; SP.<\/p>\n","protected":false},"excerpt":{"rendered":"<p>A Sociedade Esportiva de Picos (SEP), segue se refor\u00e7ando para \u00e0 sequ\u00eancia da temporada de 2021. Visando \u00e0s competi\u00e7\u00f5es que \u00e0 equipe ir\u00e1 disputar, a diretoria segue de olho no mercado da bola, ap\u00f3s o an\u00fancio do novo treinador Washington Luiz, acompanhado do analista de desempenho Andr\u00e9 Martins, do preparador f\u00edsico Glauter e do treinador &hellip;<\/p>\n","protected":false},"author":2,"featured_media":63836,"comment_status":"open","ping_status":"open","sticky":false,"template":"","format":"standard","meta":{"content-type":"","rop_custom_images_group":[],"rop_custom_messages_group":[],"rop_publish_now":"initial","rop_publish_now_accounts":{"facebook_2648258775420054_1618374048415101":""},"rop_publish_now_history":[],"rop_publish_now_status":"pending","footnotes":"","_jetpack_memberships_contains_paid_content":false},"categories":[109,127],"tags":[4682,10689,10690,10664,8817],"yoast_head":"<!-- This site is optimized with the Yoast SEO plugin v22.3 - https:\/\/yoast.com\/wordpress\/plugins\/seo\/ -->\n<title>SEP anuncia a contrata\u00e7\u00e3o de mais dois refor\u00e7os para a sequ\u00eancia da temporada<\/title>\n<meta name=\"robots\" content=\"index, follow, max-snippet:-1, max-image-preview:large, max-video-preview:-1\" \/>\n<link rel=\"canonical\" href=\"https:\/\/portalnpm.com\/index.php\/2021\/03\/28\/sep-anuncia-a-contratacao-de-mais-dois-reforcos-para-a-sequencia-da-temporada\/\" \/>\n<meta property=\"og:locale\" content=\"pt_BR\" \/>\n<meta property=\"og:type\" content=\"article\" \/>\n<meta property=\"og:title\" content=\"SEP anuncia a contrata\u00e7\u00e3o de mais dois refor\u00e7os para a sequ\u00eancia da temporada\" \/>\n<meta property=\"og:description\" content=\"A Sociedade Esportiva de Picos (SEP), segue se refor\u00e7ando para \u00e0 sequ\u00eancia da temporada de 2021. Visando \u00e0s competi\u00e7\u00f5es que \u00e0 equipe ir\u00e1 disputar, a diretoria segue de olho no mercado da bola, ap\u00f3s o an\u00fancio do novo treinador Washington Luiz, acompanhado do analista de desempenho Andr\u00e9 Martins, do preparador f\u00edsico Glauter e do treinador &hellip;\" \/>\n<meta property=\"og:url\" content=\"https:\/\/portalnpm.com\/index.php\/2021\/03\/28\/sep-anuncia-a-contratacao-de-mais-dois-reforcos-para-a-sequencia-da-temporada\/\" \/>\n<meta property=\"og:site_name\" content=\"Portal NPM\" \/>\n<meta property=\"article:published_time\" content=\"2021-03-28T17:18:02+00:00\" \/>\n<meta property=\"og:image\" content=\"https:\/\/portalnpm.com\/wp-content\/uploads\/2024\/01\/PicsArt_03-28-02.14.46-scaled.jpg\" \/>\n\t<meta property=\"og:image:width\" content=\"2560\" \/>\n\t<meta property=\"og:image:height\" content=\"1280\" \/>\n\t<meta property=\"og:image:type\" content=\"image\/jpeg\" \/>\n<meta name=\"author\" content=\"Genival Barbosa\" \/>\n<meta name=\"twitter:card\" content=\"summary_large_image\" \/>\n<meta name=\"twitter:label1\" content=\"Escrito por\" \/>\n\t<meta name=\"twitter:data1\" content=\"Genival Barbosa\" \/>\n\t<meta name=\"twitter:label2\" content=\"Est. tempo de leitura\" \/>\n\t<meta name=\"twitter:data2\" content=\"1 minuto\" \/>\n<script type=\"application\/ld+json\" class=\"yoast-schema-graph\">{\"@context\":\"https:\/\/schema.org\",\"@graph\":[{\"@type\":\"WebPage\",\"@id\":\"https:\/\/portalnpm.com\/index.php\/2021\/03\/28\/sep-anuncia-a-contratacao-de-mais-dois-reforcos-para-a-sequencia-da-temporada\/\",\"url\":\"https:\/\/portalnpm.com\/index.php\/2021\/03\/28\/sep-anuncia-a-contratacao-de-mais-dois-reforcos-para-a-sequencia-da-temporada\/\",\"name\":\"SEP anuncia a contrata\u00e7\u00e3o de mais dois refor\u00e7os para a sequ\u00eancia da temporada\",\"isPartOf\":{\"@id\":\"https:\/\/portalnpm.com\/#website\"},\"primaryImageOfPage\":{\"@id\":\"https:\/\/portalnpm.com\/index.php\/2021\/03\/28\/sep-anuncia-a-contratacao-de-mais-dois-reforcos-para-a-sequencia-da-temporada\/#primaryimage\"},\"image\":{\"@id\":\"https:\/\/portalnpm.com\/index.php\/2021\/03\/28\/sep-anuncia-a-contratacao-de-mais-dois-reforcos-para-a-sequencia-da-temporada\/#primaryimage\"},\"thumbnailUrl\":\"https:\/\/portalnpm.com\/wp-content\/uploads\/2024\/01\/PicsArt_03-28-02.14.46-scaled.jpg\",\"datePublished\":\"2021-03-28T17:18:02+00:00\",\"dateModified\":\"2021-03-28T17:18:02+00:00\",\"author\":{\"@id\":\"https:\/\/portalnpm.com\/#\/schema\/person\/49313e563cfdefcc167f1ee4c017c294\"},\"breadcrumb\":{\"@id\":\"https:\/\/portalnpm.com\/index.php\/2021\/03\/28\/sep-anuncia-a-contratacao-de-mais-dois-reforcos-para-a-sequencia-da-temporada\/#breadcrumb\"},\"inLanguage\":\"pt-BR\",\"potentialAction\":[{\"@type\":\"ReadAction\",\"target\":[\"https:\/\/portalnpm.com\/index.php\/2021\/03\/28\/sep-anuncia-a-contratacao-de-mais-dois-reforcos-para-a-sequencia-da-temporada\/\"]}]},{\"@type\":\"ImageObject\",\"inLanguage\":\"pt-BR\",\"@id\":\"https:\/\/portalnpm.com\/index.php\/2021\/03\/28\/sep-anuncia-a-contratacao-de-mais-dois-reforcos-para-a-sequencia-da-temporada\/#primaryimage\",\"url\":\"https:\/\/portalnpm.com\/wp-content\/uploads\/2024\/01\/PicsArt_03-28-02.14.46-scaled.jpg\",\"contentUrl\":\"https:\/\/portalnpm.com\/wp-content\/uploads\/2024\/01\/PicsArt_03-28-02.14.46-scaled.jpg\",\"width\":2560,\"height\":1280},{\"@type\":\"BreadcrumbList\",\"@id\":\"https:\/\/portalnpm.com\/index.php\/2021\/03\/28\/sep-anuncia-a-contratacao-de-mais-dois-reforcos-para-a-sequencia-da-temporada\/#breadcrumb\",\"itemListElement\":[{\"@type\":\"ListItem\",\"position\":1,\"name\":\"In\u00edcio\",\"item\":\"https:\/\/portalnpm.com\/\"},{\"@type\":\"ListItem\",\"position\":2,\"name\":\"SEP anuncia a contrata\u00e7\u00e3o de mais dois refor\u00e7os para a sequ\u00eancia da temporada\"}]},{\"@type\":\"WebSite\",\"@id\":\"https:\/\/portalnpm.com\/#website\",\"url\":\"https:\/\/portalnpm.com\/\",\"name\":\"Portal NPM\",\"description\":\"Not\u00edcias em Primeira M\u00e3o\",\"potentialAction\":[{\"@type\":\"SearchAction\",\"target\":{\"@type\":\"EntryPoint\",\"urlTemplate\":\"https:\/\/portalnpm.com\/?s={search_term_string}\"},\"query-input\":\"required name=search_term_string\"}],\"inLanguage\":\"pt-BR\"},{\"@type\":\"Person\",\"@id\":\"https:\/\/portalnpm.com\/#\/schema\/person\/49313e563cfdefcc167f1ee4c017c294\",\"name\":\"Genival Barbosa\",\"image\":{\"@type\":\"ImageObject\",\"inLanguage\":\"pt-BR\",\"@id\":\"https:\/\/portalnpm.com\/#\/schema\/person\/image\/\",\"url\":\"https:\/\/portalnpm.com\/wp-content\/uploads\/2024\/02\/avatar_user_2_1707743258-96x96.jpeg\",\"contentUrl\":\"https:\/\/portalnpm.com\/wp-content\/uploads\/2024\/02\/avatar_user_2_1707743258-96x96.jpeg\",\"caption\":\"Genival Barbosa\"},\"url\":\"https:\/\/portalnpm.com\/index.php\/author\/genival\/\"}]}<\/script>\n<!-- \/ Yoast SEO plugin. -->","yoast_head_json":{"title":"SEP anuncia a contrata\u00e7\u00e3o de mais dois refor\u00e7os para a sequ\u00eancia da temporada","robots":{"index":"index","follow":"follow","max-snippet":"max-snippet:-1","max-image-preview":"max-image-preview:large","max-video-preview":"max-video-preview:-1"},"canonical":"https:\/\/portalnpm.com\/index.php\/2021\/03\/28\/sep-anuncia-a-contratacao-de-mais-dois-reforcos-para-a-sequencia-da-temporada\/","og_locale":"pt_BR","og_type":"article","og_title":"SEP anuncia a contrata\u00e7\u00e3o de mais dois refor\u00e7os para a sequ\u00eancia da temporada","og_description":"A Sociedade Esportiva de Picos (SEP), segue se refor\u00e7ando para \u00e0 sequ\u00eancia da temporada de 2021. Visando \u00e0s competi\u00e7\u00f5es que \u00e0 equipe ir\u00e1 disputar, a diretoria segue de olho no mercado da bola, ap\u00f3s o an\u00fancio do novo treinador Washington Luiz, acompanhado do analista de desempenho Andr\u00e9 Martins, do preparador f\u00edsico Glauter e do treinador &hellip;","og_url":"https:\/\/portalnpm.com\/index.php\/2021\/03\/28\/sep-anuncia-a-contratacao-de-mais-dois-reforcos-para-a-sequencia-da-temporada\/","og_site_name":"Portal NPM","article_published_time":"2021-03-28T17:18:02+00:00","og_image":[{"width":2560,"height":1280,"url":"https:\/\/portalnpm.com\/wp-content\/uploads\/2024\/01\/PicsArt_03-28-02.14.46-scaled.jpg","type":"image\/jpeg"}],"author":"Genival Barbosa","twitter_card":"summary_large_image","twitter_misc":{"Escrito por":"Genival Barbosa","Est. tempo de leitura":"1 minuto"},"schema":{"@context":"https:\/\/schema.org","@graph":[{"@type":"WebPage","@id":"https:\/\/portalnpm.com\/index.php\/2021\/03\/28\/sep-anuncia-a-contratacao-de-mais-dois-reforcos-para-a-sequencia-da-temporada\/","url":"https:\/\/portalnpm.com\/index.php\/2021\/03\/28\/sep-anuncia-a-contratacao-de-mais-dois-reforcos-para-a-sequencia-da-temporada\/","name":"SEP anuncia a contrata\u00e7\u00e3o de mais dois refor\u00e7os para a sequ\u00eancia da temporada","isPartOf":{"@id":"https:\/\/portalnpm.com\/#website"},"primaryImageOfPage":{"@id":"https:\/\/portalnpm.com\/index.php\/2021\/03\/28\/sep-anuncia-a-contratacao-de-mais-dois-reforcos-para-a-sequencia-da-temporada\/#primaryimage"},"image":{"@id":"https:\/\/portalnpm.com\/index.php\/2021\/03\/28\/sep-anuncia-a-contratacao-de-mais-dois-reforcos-para-a-sequencia-da-temporada\/#primaryimage"},"thumbnailUrl":"https:\/\/portalnpm.com\/wp-content\/uploads\/2024\/01\/PicsArt_03-28-02.14.46-scaled.jpg","datePublished":"2021-03-28T17:18:02+00:00","dateModified":"2021-03-28T17:18:02+00:00","author":{"@id":"https:\/\/portalnpm.com\/#\/schema\/person\/49313e563cfdefcc167f1ee4c017c294"},"breadcrumb":{"@id":"https:\/\/portalnpm.com\/index.php\/2021\/03\/28\/sep-anuncia-a-contratacao-de-mais-dois-reforcos-para-a-sequencia-da-temporada\/#breadcrumb"},"inLanguage":"pt-BR","potentialAction":[{"@type":"ReadAction","target":["https:\/\/portalnpm.com\/index.php\/2021\/03\/28\/sep-anuncia-a-contratacao-de-mais-dois-reforcos-para-a-sequencia-da-temporada\/"]}]},{"@type":"ImageObject","inLanguage":"pt-BR","@id":"https:\/\/portalnpm.com\/index.php\/2021\/03\/28\/sep-anuncia-a-contratacao-de-mais-dois-reforcos-para-a-sequencia-da-temporada\/#primaryimage","url":"https:\/\/portalnpm.com\/wp-content\/uploads\/2024\/01\/PicsArt_03-28-02.14.46-scaled.jpg","contentUrl":"https:\/\/portalnpm.com\/wp-content\/uploads\/2024\/01\/PicsArt_03-28-02.14.46-scaled.jpg","width":2560,"height":1280},{"@type":"BreadcrumbList","@id":"https:\/\/portalnpm.com\/index.php\/2021\/03\/28\/sep-anuncia-a-contratacao-de-mais-dois-reforcos-para-a-sequencia-da-temporada\/#breadcrumb","itemListElement":[{"@type":"ListItem","position":1,"name":"In\u00edcio","item":"https:\/\/portalnpm.com\/"},{"@type":"ListItem","position":2,"name":"SEP anuncia a contrata\u00e7\u00e3o de mais dois refor\u00e7os para a sequ\u00eancia da temporada"}]},{"@type":"WebSite","@id":"https:\/\/portalnpm.com\/#website","url":"https:\/\/portalnpm.com\/","name":"Portal NPM","description":"Not\u00edcias em Primeira M\u00e3o","potentialAction":[{"@type":"SearchAction","target":{"@type":"EntryPoint","urlTemplate":"https:\/\/portalnpm.com\/?s={search_term_string}"},"query-input":"required name=search_term_string"}],"inLanguage":"pt-BR"},{"@type":"Person","@id":"https:\/\/portalnpm.com\/#\/schema\/person\/49313e563cfdefcc167f1ee4c017c294","name":"Genival Barbosa","image":{"@type":"ImageObject","inLanguage":"pt-BR","@id":"https:\/\/portalnpm.com\/#\/schema\/person\/image\/","url":"https:\/\/portalnpm.com\/wp-content\/uploads\/2024\/02\/avatar_user_2_1707743258-96x96.jpeg","contentUrl":"https:\/\/portalnpm.com\/wp-content\/uploads\/2024\/02\/avatar_user_2_1707743258-96x96.jpeg","caption":"Genival Barbosa"},"url":"https:\/\/portalnpm.com\/index.php\/author\/genival\/"}]}},"jetpack_sharing_enabled":true,"jetpack_featured_media_url":"https:\/\/portalnpm.com\/wp-content\/uploads\/2024\/01\/PicsArt_03-28-02.14.46-scaled.jpg","_links":{"self":[{"href":"https:\/\/portalnpm.com\/index.php\/wp-json\/wp\/v2\/posts\/63835"}],"collection":[{"href":"https:\/\/portalnpm.com\/index.php\/wp-json\/wp\/v2\/posts"}],"about":[{"href":"https:\/\/portalnpm.com\/index.php\/wp-json\/wp\/v2\/types\/post"}],"author":[{"embeddable":true,"href":"https:\/\/portalnpm.com\/index.php\/wp-json\/wp\/v2\/users\/2"}],"replies":[{"embeddable":true,"href":"https:\/\/portalnpm.com\/index.php\/wp-json\/wp\/v2\/comments?post=63835"}],"version-history":[{"count":0,"href":"https:\/\/portalnpm.com\/index.php\/wp-json\/wp\/v2\/posts\/63835\/revisions"}],"wp:featuredmedia":[{"embeddable":true,"href":"https:\/\/portalnpm.com\/index.php\/wp-json\/wp\/v2\/media\/63836"}],"wp:attachment":[{"href":"https:\/\/portalnpm.com\/index.php\/wp-json\/wp\/v2\/media?parent=63835"}],"wp:term":[{"taxonomy":"category","embeddable":true,"href":"https:\/\/portalnpm.com\/index.php\/wp-json\/wp\/v2\/categories?post=63835"},{"taxonomy":"post_tag","embeddable":true,"href":"https:\/\/portalnpm.com\/index.php\/wp-json\/wp\/v2\/tags?post=63835"}],"curies":[{"name":"wp","href":"https:\/\/api.w.org\/{rel}","templated":true}]}}