{"id":63843,"date":"2021-03-31T18:51:22","date_gmt":"2021-03-31T21:51:22","guid":{"rendered":"https:\/\/portalnpm.com\/index.php\/2021\/03\/31\/vacina-da-pfizer-contra-a-covid-e-100-eficaz-em-adolescentes-de-12-a-15-anos-diz-empresa\/"},"modified":"2021-03-31T18:51:22","modified_gmt":"2021-03-31T21:51:22","slug":"vacina-da-pfizer-contra-a-covid-e-100-eficaz-em-adolescentes-de-12-a-15-anos-diz-empresa","status":"publish","type":"post","link":"https:\/\/portalnpm.com\/index.php\/2021\/03\/31\/vacina-da-pfizer-contra-a-covid-e-100-eficaz-em-adolescentes-de-12-a-15-anos-diz-empresa\/","title":{"rendered":"Vacina da Pfizer contra a covid \u00e9 100% eficaz em adolescentes de 12 a 15 anos, diz empresa"},"content":{"rendered":"<p style=\"text-align: justify;\">CHICAGO &#8211; A\u00a0<a href=\"https:\/\/tudo-sobre.estadao.com.br\/pfizer\" target=\"_blank\" rel=\"noopener noreferrer\" data-id=\"38\"><strong>Pfizer Inc<\/strong><\/a>\u00a0e a\u00a0<a href=\"https:\/\/tudo-sobre.estadao.com.br\/biontech\" target=\"_blank\" rel=\"noopener noreferrer\" data-id=\"39\"><strong>BioNTech SE<\/strong><\/a>\u00a0disseram nesta quarta-feira, 31, que sua vacina contra a\u00a0<a href=\"https:\/\/tudo-sobre.estadao.com.br\/coronavirus\" target=\"_blank\" rel=\"noopener noreferrer\" data-id=\"40\"><strong>covid-19<\/strong><\/a>\u00a0\u00e9 segura, eficaz e produziu respostas robustas de anticorpos em adolescentes de 12 a 15 anos. Isso abre caminho para que as empresas busquem autoriza\u00e7\u00e3o dos Estados Unidos para uso emergencial do imunizante nessas faixas et\u00e1rias daqui algumas semanas.<\/p>\n<p style=\"text-align: justify;\">\n<p style=\"text-align: justify;\">No ensaio envolvendo 2.260 adolescentes de 12 a 15 anos, houve 18 casos de covid-19 no grupo que recebeu a inje\u00e7\u00e3o de placebo e nenhum no grupo que recebeu a vacina, resultando em 100% de efic\u00e1cia na preven\u00e7\u00e3o da doen\u00e7a, informaram as empresas em um comunicado.<\/p>\n<p style=\"text-align: justify;\">A Pfizer espera que a vacina\u00e7\u00e3o do grupo possa come\u00e7ar antes de setembro, momento em que inicia o pr\u00f3ximo ano letivo no hemisf\u00e9rio norte, disse Albert Bourla, presidente e executivo-chefe da empresa.<\/p>\n<p style=\"text-align: justify;\">A vacina j\u00e1 est\u00e1 autorizada para uso em pessoas a partir dos 16 anos. O novo estudo oferece a primeira evid\u00eancia de como a vacina funcionar\u00e1 em adolescentes em idade escolar.<\/p>\n<p style=\"text-align: justify;\">O imunizante foi bem tolerado, com efeitos colaterais semelhantes aos observados entre aqueles com idade entre 16 e 25 anos no teste de adultos. Os efeitos colaterais para o grupo mais jovem n\u00e3o foram listados, mas no ensaio em adultos esses efeitos geralmente foram leves a moderados e inclu\u00edram dor no local da inje\u00e7\u00e3o, dores de cabe\u00e7a, febre e fadiga.<\/p>\n<p style=\"text-align: justify;\">As empresas tamb\u00e9m estudaram um subconjunto de adolescentes para medir o n\u00edvel de anticorpos neutralizantes de v\u00edrus um m\u00eas ap\u00f3s a segunda dose e descobriram que era compar\u00e1vel aos participantes do estudo com idades entre 16 e 25 anos no ensaio principal em adultos.<\/p>\n<p style=\"text-align: justify;\">Bourla disse que a empresa planeja buscar nas pr\u00f3ximas semanas autoriza\u00e7\u00e3o de emerg\u00eancia da FDA (Food and Drug Administration) dos EUA e de outros reguladores ao redor do mundo, com a esperan\u00e7a de come\u00e7ar a vacinar essa faixa et\u00e1ria antes do in\u00edcio do pr\u00f3ximo ano letivo do hemisf\u00e9rio norte, em setembro.<\/p>\n<p style=\"text-align: justify;\">Na semana passada, as empresas come\u00e7aram os testes com\u00a0<strong><a href=\"https:\/\/saude.estadao.com.br\/noticias\/geral,pfizer-inicia-testes-clinicos-de-sua-vacina-contra-covid-19-em-criancas-de-6-meses-a-11-anos,70003660333\" target=\"_blank\" rel=\"noopener noreferrer\" data-id=\"41\">crian\u00e7as entre seis meses e 11 anos de idade<\/a><\/strong>. Esse \u00e9 um passo crucial para obter permiss\u00e3o de ag\u00eancias reguladoras para come\u00e7ar a vacinar menores de idade e controlar a pandemia.<\/p>\n<p style=\"text-align: justify;\">\n<p style=\"text-align: justify;\"><strong>Fonte: Estad\u00e3o Conte\u00fado\u00a0<\/strong><\/p>\n","protected":false},"excerpt":{"rendered":"<p>CHICAGO &#8211; A\u00a0Pfizer Inc\u00a0e a\u00a0BioNTech SE\u00a0disseram nesta quarta-feira, 31, que sua vacina contra a\u00a0covid-19\u00a0\u00e9 segura, eficaz e produziu respostas robustas de anticorpos em adolescentes de 12 a 15 anos. Isso abre caminho para que as empresas busquem autoriza\u00e7\u00e3o dos Estados Unidos para uso emergencial do imunizante nessas faixas et\u00e1rias daqui algumas semanas. No ensaio envolvendo &hellip;<\/p>\n","protected":false},"author":2,"featured_media":63844,"comment_status":"open","ping_status":"open","sticky":false,"template":"","format":"standard","meta":{"content-type":"","rop_custom_images_group":[],"rop_custom_messages_group":[],"rop_publish_now":"initial","rop_publish_now_accounts":{"facebook_2648258775420054_1618374048415101":""},"rop_publish_now_history":[],"rop_publish_now_status":"pending","footnotes":"","_jetpack_memberships_contains_paid_content":false},"categories":[384],"tags":[10701,10702,2328,7697,10703,7818],"yoast_head":"<!-- This site is optimized with the Yoast SEO plugin v22.3 - https:\/\/yoast.com\/wordpress\/plugins\/seo\/ -->\n<title>Vacina da Pfizer contra a covid \u00e9 100% eficaz em adolescentes de 12 a 15 anos, diz empresa<\/title>\n<meta name=\"robots\" content=\"index, follow, max-snippet:-1, max-image-preview:large, max-video-preview:-1\" \/>\n<link rel=\"canonical\" href=\"https:\/\/portalnpm.com\/index.php\/2021\/03\/31\/vacina-da-pfizer-contra-a-covid-e-100-eficaz-em-adolescentes-de-12-a-15-anos-diz-empresa\/\" \/>\n<meta property=\"og:locale\" content=\"pt_BR\" \/>\n<meta property=\"og:type\" content=\"article\" \/>\n<meta property=\"og:title\" content=\"Vacina da Pfizer contra a covid \u00e9 100% eficaz em adolescentes de 12 a 15 anos, diz empresa\" \/>\n<meta property=\"og:description\" content=\"CHICAGO &#8211; A\u00a0Pfizer Inc\u00a0e a\u00a0BioNTech SE\u00a0disseram nesta quarta-feira, 31, que sua vacina contra a\u00a0covid-19\u00a0\u00e9 segura, eficaz e produziu respostas robustas de anticorpos em adolescentes de 12 a 15 anos. Isso abre caminho para que as empresas busquem autoriza\u00e7\u00e3o dos Estados Unidos para uso emergencial do imunizante nessas faixas et\u00e1rias daqui algumas semanas. No ensaio envolvendo &hellip;\" \/>\n<meta property=\"og:url\" content=\"https:\/\/portalnpm.com\/index.php\/2021\/03\/31\/vacina-da-pfizer-contra-a-covid-e-100-eficaz-em-adolescentes-de-12-a-15-anos-diz-empresa\/\" \/>\n<meta property=\"og:site_name\" content=\"Portal NPM\" \/>\n<meta property=\"article:published_time\" content=\"2021-03-31T21:51:22+00:00\" \/>\n<meta property=\"og:image\" content=\"https:\/\/portalnpm.com\/wp-content\/uploads\/2024\/01\/BB1fa0jZ.jpeg\" \/>\n\t<meta property=\"og:image:width\" content=\"600\" \/>\n\t<meta property=\"og:image:height\" content=\"400\" \/>\n\t<meta property=\"og:image:type\" content=\"image\/jpeg\" \/>\n<meta name=\"author\" content=\"Genival Barbosa\" \/>\n<meta name=\"twitter:card\" content=\"summary_large_image\" \/>\n<meta name=\"twitter:label1\" content=\"Escrito por\" \/>\n\t<meta name=\"twitter:data1\" content=\"Genival Barbosa\" \/>\n\t<meta name=\"twitter:label2\" content=\"Est. tempo de leitura\" \/>\n\t<meta name=\"twitter:data2\" content=\"2 minutos\" \/>\n<script type=\"application\/ld+json\" class=\"yoast-schema-graph\">{\"@context\":\"https:\/\/schema.org\",\"@graph\":[{\"@type\":\"WebPage\",\"@id\":\"https:\/\/portalnpm.com\/index.php\/2021\/03\/31\/vacina-da-pfizer-contra-a-covid-e-100-eficaz-em-adolescentes-de-12-a-15-anos-diz-empresa\/\",\"url\":\"https:\/\/portalnpm.com\/index.php\/2021\/03\/31\/vacina-da-pfizer-contra-a-covid-e-100-eficaz-em-adolescentes-de-12-a-15-anos-diz-empresa\/\",\"name\":\"Vacina da Pfizer contra a covid \u00e9 100% eficaz em adolescentes de 12 a 15 anos, diz empresa\",\"isPartOf\":{\"@id\":\"https:\/\/portalnpm.com\/#website\"},\"primaryImageOfPage\":{\"@id\":\"https:\/\/portalnpm.com\/index.php\/2021\/03\/31\/vacina-da-pfizer-contra-a-covid-e-100-eficaz-em-adolescentes-de-12-a-15-anos-diz-empresa\/#primaryimage\"},\"image\":{\"@id\":\"https:\/\/portalnpm.com\/index.php\/2021\/03\/31\/vacina-da-pfizer-contra-a-covid-e-100-eficaz-em-adolescentes-de-12-a-15-anos-diz-empresa\/#primaryimage\"},\"thumbnailUrl\":\"https:\/\/portalnpm.com\/wp-content\/uploads\/2024\/01\/BB1fa0jZ.jpeg\",\"datePublished\":\"2021-03-31T21:51:22+00:00\",\"dateModified\":\"2021-03-31T21:51:22+00:00\",\"author\":{\"@id\":\"https:\/\/portalnpm.com\/#\/schema\/person\/49313e563cfdefcc167f1ee4c017c294\"},\"breadcrumb\":{\"@id\":\"https:\/\/portalnpm.com\/index.php\/2021\/03\/31\/vacina-da-pfizer-contra-a-covid-e-100-eficaz-em-adolescentes-de-12-a-15-anos-diz-empresa\/#breadcrumb\"},\"inLanguage\":\"pt-BR\",\"potentialAction\":[{\"@type\":\"ReadAction\",\"target\":[\"https:\/\/portalnpm.com\/index.php\/2021\/03\/31\/vacina-da-pfizer-contra-a-covid-e-100-eficaz-em-adolescentes-de-12-a-15-anos-diz-empresa\/\"]}]},{\"@type\":\"ImageObject\",\"inLanguage\":\"pt-BR\",\"@id\":\"https:\/\/portalnpm.com\/index.php\/2021\/03\/31\/vacina-da-pfizer-contra-a-covid-e-100-eficaz-em-adolescentes-de-12-a-15-anos-diz-empresa\/#primaryimage\",\"url\":\"https:\/\/portalnpm.com\/wp-content\/uploads\/2024\/01\/BB1fa0jZ.jpeg\",\"contentUrl\":\"https:\/\/portalnpm.com\/wp-content\/uploads\/2024\/01\/BB1fa0jZ.jpeg\",\"width\":600,\"height\":400},{\"@type\":\"BreadcrumbList\",\"@id\":\"https:\/\/portalnpm.com\/index.php\/2021\/03\/31\/vacina-da-pfizer-contra-a-covid-e-100-eficaz-em-adolescentes-de-12-a-15-anos-diz-empresa\/#breadcrumb\",\"itemListElement\":[{\"@type\":\"ListItem\",\"position\":1,\"name\":\"In\u00edcio\",\"item\":\"https:\/\/portalnpm.com\/\"},{\"@type\":\"ListItem\",\"position\":2,\"name\":\"Vacina da Pfizer contra a covid \u00e9 100% eficaz em adolescentes de 12 a 15 anos, diz empresa\"}]},{\"@type\":\"WebSite\",\"@id\":\"https:\/\/portalnpm.com\/#website\",\"url\":\"https:\/\/portalnpm.com\/\",\"name\":\"Portal NPM\",\"description\":\"Not\u00edcias em Primeira M\u00e3o\",\"potentialAction\":[{\"@type\":\"SearchAction\",\"target\":{\"@type\":\"EntryPoint\",\"urlTemplate\":\"https:\/\/portalnpm.com\/?s={search_term_string}\"},\"query-input\":\"required name=search_term_string\"}],\"inLanguage\":\"pt-BR\"},{\"@type\":\"Person\",\"@id\":\"https:\/\/portalnpm.com\/#\/schema\/person\/49313e563cfdefcc167f1ee4c017c294\",\"name\":\"Genival Barbosa\",\"image\":{\"@type\":\"ImageObject\",\"inLanguage\":\"pt-BR\",\"@id\":\"https:\/\/portalnpm.com\/#\/schema\/person\/image\/\",\"url\":\"https:\/\/portalnpm.com\/wp-content\/uploads\/2024\/02\/avatar_user_2_1707743258-96x96.jpeg\",\"contentUrl\":\"https:\/\/portalnpm.com\/wp-content\/uploads\/2024\/02\/avatar_user_2_1707743258-96x96.jpeg\",\"caption\":\"Genival Barbosa\"},\"url\":\"https:\/\/portalnpm.com\/index.php\/author\/genival\/\"}]}<\/script>\n<!-- \/ Yoast SEO plugin. -->","yoast_head_json":{"title":"Vacina da Pfizer contra a covid \u00e9 100% eficaz em adolescentes de 12 a 15 anos, diz empresa","robots":{"index":"index","follow":"follow","max-snippet":"max-snippet:-1","max-image-preview":"max-image-preview:large","max-video-preview":"max-video-preview:-1"},"canonical":"https:\/\/portalnpm.com\/index.php\/2021\/03\/31\/vacina-da-pfizer-contra-a-covid-e-100-eficaz-em-adolescentes-de-12-a-15-anos-diz-empresa\/","og_locale":"pt_BR","og_type":"article","og_title":"Vacina da Pfizer contra a covid \u00e9 100% eficaz em adolescentes de 12 a 15 anos, diz empresa","og_description":"CHICAGO &#8211; A\u00a0Pfizer Inc\u00a0e a\u00a0BioNTech SE\u00a0disseram nesta quarta-feira, 31, que sua vacina contra a\u00a0covid-19\u00a0\u00e9 segura, eficaz e produziu respostas robustas de anticorpos em adolescentes de 12 a 15 anos. Isso abre caminho para que as empresas busquem autoriza\u00e7\u00e3o dos Estados Unidos para uso emergencial do imunizante nessas faixas et\u00e1rias daqui algumas semanas. No ensaio envolvendo &hellip;","og_url":"https:\/\/portalnpm.com\/index.php\/2021\/03\/31\/vacina-da-pfizer-contra-a-covid-e-100-eficaz-em-adolescentes-de-12-a-15-anos-diz-empresa\/","og_site_name":"Portal NPM","article_published_time":"2021-03-31T21:51:22+00:00","og_image":[{"width":600,"height":400,"url":"https:\/\/portalnpm.com\/wp-content\/uploads\/2024\/01\/BB1fa0jZ.jpeg","type":"image\/jpeg"}],"author":"Genival Barbosa","twitter_card":"summary_large_image","twitter_misc":{"Escrito por":"Genival Barbosa","Est. tempo de leitura":"2 minutos"},"schema":{"@context":"https:\/\/schema.org","@graph":[{"@type":"WebPage","@id":"https:\/\/portalnpm.com\/index.php\/2021\/03\/31\/vacina-da-pfizer-contra-a-covid-e-100-eficaz-em-adolescentes-de-12-a-15-anos-diz-empresa\/","url":"https:\/\/portalnpm.com\/index.php\/2021\/03\/31\/vacina-da-pfizer-contra-a-covid-e-100-eficaz-em-adolescentes-de-12-a-15-anos-diz-empresa\/","name":"Vacina da Pfizer contra a covid \u00e9 100% eficaz em adolescentes de 12 a 15 anos, diz empresa","isPartOf":{"@id":"https:\/\/portalnpm.com\/#website"},"primaryImageOfPage":{"@id":"https:\/\/portalnpm.com\/index.php\/2021\/03\/31\/vacina-da-pfizer-contra-a-covid-e-100-eficaz-em-adolescentes-de-12-a-15-anos-diz-empresa\/#primaryimage"},"image":{"@id":"https:\/\/portalnpm.com\/index.php\/2021\/03\/31\/vacina-da-pfizer-contra-a-covid-e-100-eficaz-em-adolescentes-de-12-a-15-anos-diz-empresa\/#primaryimage"},"thumbnailUrl":"https:\/\/portalnpm.com\/wp-content\/uploads\/2024\/01\/BB1fa0jZ.jpeg","datePublished":"2021-03-31T21:51:22+00:00","dateModified":"2021-03-31T21:51:22+00:00","author":{"@id":"https:\/\/portalnpm.com\/#\/schema\/person\/49313e563cfdefcc167f1ee4c017c294"},"breadcrumb":{"@id":"https:\/\/portalnpm.com\/index.php\/2021\/03\/31\/vacina-da-pfizer-contra-a-covid-e-100-eficaz-em-adolescentes-de-12-a-15-anos-diz-empresa\/#breadcrumb"},"inLanguage":"pt-BR","potentialAction":[{"@type":"ReadAction","target":["https:\/\/portalnpm.com\/index.php\/2021\/03\/31\/vacina-da-pfizer-contra-a-covid-e-100-eficaz-em-adolescentes-de-12-a-15-anos-diz-empresa\/"]}]},{"@type":"ImageObject","inLanguage":"pt-BR","@id":"https:\/\/portalnpm.com\/index.php\/2021\/03\/31\/vacina-da-pfizer-contra-a-covid-e-100-eficaz-em-adolescentes-de-12-a-15-anos-diz-empresa\/#primaryimage","url":"https:\/\/portalnpm.com\/wp-content\/uploads\/2024\/01\/BB1fa0jZ.jpeg","contentUrl":"https:\/\/portalnpm.com\/wp-content\/uploads\/2024\/01\/BB1fa0jZ.jpeg","width":600,"height":400},{"@type":"BreadcrumbList","@id":"https:\/\/portalnpm.com\/index.php\/2021\/03\/31\/vacina-da-pfizer-contra-a-covid-e-100-eficaz-em-adolescentes-de-12-a-15-anos-diz-empresa\/#breadcrumb","itemListElement":[{"@type":"ListItem","position":1,"name":"In\u00edcio","item":"https:\/\/portalnpm.com\/"},{"@type":"ListItem","position":2,"name":"Vacina da Pfizer contra a covid \u00e9 100% eficaz em adolescentes de 12 a 15 anos, diz empresa"}]},{"@type":"WebSite","@id":"https:\/\/portalnpm.com\/#website","url":"https:\/\/portalnpm.com\/","name":"Portal NPM","description":"Not\u00edcias em Primeira M\u00e3o","potentialAction":[{"@type":"SearchAction","target":{"@type":"EntryPoint","urlTemplate":"https:\/\/portalnpm.com\/?s={search_term_string}"},"query-input":"required name=search_term_string"}],"inLanguage":"pt-BR"},{"@type":"Person","@id":"https:\/\/portalnpm.com\/#\/schema\/person\/49313e563cfdefcc167f1ee4c017c294","name":"Genival Barbosa","image":{"@type":"ImageObject","inLanguage":"pt-BR","@id":"https:\/\/portalnpm.com\/#\/schema\/person\/image\/","url":"https:\/\/portalnpm.com\/wp-content\/uploads\/2024\/02\/avatar_user_2_1707743258-96x96.jpeg","contentUrl":"https:\/\/portalnpm.com\/wp-content\/uploads\/2024\/02\/avatar_user_2_1707743258-96x96.jpeg","caption":"Genival Barbosa"},"url":"https:\/\/portalnpm.com\/index.php\/author\/genival\/"}]}},"jetpack_sharing_enabled":true,"jetpack_featured_media_url":"https:\/\/portalnpm.com\/wp-content\/uploads\/2024\/01\/BB1fa0jZ.jpeg","_links":{"self":[{"href":"https:\/\/portalnpm.com\/index.php\/wp-json\/wp\/v2\/posts\/63843"}],"collection":[{"href":"https:\/\/portalnpm.com\/index.php\/wp-json\/wp\/v2\/posts"}],"about":[{"href":"https:\/\/portalnpm.com\/index.php\/wp-json\/wp\/v2\/types\/post"}],"author":[{"embeddable":true,"href":"https:\/\/portalnpm.com\/index.php\/wp-json\/wp\/v2\/users\/2"}],"replies":[{"embeddable":true,"href":"https:\/\/portalnpm.com\/index.php\/wp-json\/wp\/v2\/comments?post=63843"}],"version-history":[{"count":0,"href":"https:\/\/portalnpm.com\/index.php\/wp-json\/wp\/v2\/posts\/63843\/revisions"}],"wp:featuredmedia":[{"embeddable":true,"href":"https:\/\/portalnpm.com\/index.php\/wp-json\/wp\/v2\/media\/63844"}],"wp:attachment":[{"href":"https:\/\/portalnpm.com\/index.php\/wp-json\/wp\/v2\/media?parent=63843"}],"wp:term":[{"taxonomy":"category","embeddable":true,"href":"https:\/\/portalnpm.com\/index.php\/wp-json\/wp\/v2\/categories?post=63843"},{"taxonomy":"post_tag","embeddable":true,"href":"https:\/\/portalnpm.com\/index.php\/wp-json\/wp\/v2\/tags?post=63843"}],"curies":[{"name":"wp","href":"https:\/\/api.w.org\/{rel}","templated":true}]}}