{"id":63894,"date":"2021-04-02T16:06:07","date_gmt":"2021-04-02T19:06:07","guid":{"rendered":"https:\/\/portalnpm.com\/index.php\/2021\/04\/02\/a-candidatura-de-ciro-gomes-e-decisao-tomada-diz-o-presidente-do-pdt-veja\/"},"modified":"2021-04-02T16:06:07","modified_gmt":"2021-04-02T19:06:07","slug":"a-candidatura-de-ciro-gomes-e-decisao-tomada-diz-o-presidente-do-pdt-veja","status":"publish","type":"post","link":"https:\/\/portalnpm.com\/index.php\/2021\/04\/02\/a-candidatura-de-ciro-gomes-e-decisao-tomada-diz-o-presidente-do-pdt-veja\/","title":{"rendered":"\u2018A candidatura de Ciro Gomes \u00e9 decis\u00e3o tomada\u2019, diz o presidente do PDT; veja!"},"content":{"rendered":"<h2 class=\"eltdf-post-excerpt\">A CartaCapital, Carlos Lupi nega que o partido possa abrir m\u00e3o da candidatura; o desafio, pondera, \u00e9 &#8216;conquistar aliados&#8217;<\/h2>\n<p style=\"text-align: justify;\">O PDT n\u00e3o considera a possibilidade de abrir m\u00e3o da candidatura de Ciro Gomes \u00e0 Presid\u00eancia da Rep\u00fablica em 2022. A declara\u00e7\u00e3o foi feita a\u00a0<strong>CartaCapital<\/strong>\u00a0pelo presidente nacional da sigla, Carlos Lupi, nesta quinta-feira 1.<\/p>\n<p style=\"text-align: justify;\">\u201cA candidatura do Ciro \u00e9 decis\u00e3o tomada, queremos conquistar aliados para nosso projeto nacional de desenvolvimento que \u00e9 personalizado pelo Ciro\u201d, disse Lupi.<\/p>\n<div id=\"seja-socio-banner\" style=\"text-align: justify;\"><\/div>\n<div class=\"\" style=\"text-align: justify;\"><\/div>\n<p style=\"text-align: justify;\">Na v\u00e9spera, Ciro\u00a0<a href=\"https:\/\/www.cartacapital.com.br\/politica\/seis-presidenciaveis-assinam-manifesto-em-defesa-da-democracia\/\" target=\"_top\" rel=\"noopener noreferrer\">assinou um manifesto com outros cinco presidenci\u00e1veis<\/a>\u00a0em que recha\u00e7ou o \u201cautoritarismo\u201d e defendeu a \u201cliberdade\u201d. O texto foi divulgado na data que marcou o 57\u00ba anivers\u00e1rio do golpe militar de 1964.<\/p>\n<p style=\"text-align: justify;\">Al\u00e9m de Ciro, assinaram o texto\u00a0<a href=\"https:\/\/www.cartacapital.com.br\/tag\/joao-doria\/\" target=\"_top\" rel=\"noopener noreferrer\">Jo\u00e3o Doria<\/a>\u00a0(PSDB),\u00a0<a href=\"https:\/\/www.cartacapital.com.br\/tag\/eduardo-leite\/\" target=\"_top\" rel=\"noopener noreferrer\">Eduardo Leite<\/a>\u00a0(PSDB),\u00a0<a href=\"https:\/\/www.cartacapital.com.br\/tag\/luiz-henrique-mandetta\/\" target=\"_top\" rel=\"noopener noreferrer\">Luiz Henrique Mandetta<\/a>\u00a0(DEM),\u00a0<a href=\"https:\/\/www.cartacapital.com.br\/tag\/joao-amoedo\/\" target=\"_top\" rel=\"noopener noreferrer\">Jo\u00e3o Amo\u00eado<\/a>\u00a0(Novo) e\u00a0<a href=\"https:\/\/www.cartacapital.com.br\/tag\/luciano-huck\/\" target=\"_top\" rel=\"noopener noreferrer\">Luciano Huck<\/a>.<\/p>\n<p style=\"text-align: justify;\">Na esteira do manifesto, o jornal\u00a0<em>Valor Econ\u00f4mico<\/em>\u00a0informou nesta quinta que o PDT admite a possibilidade de n\u00e3o lan\u00e7ar Ciro ao Planalto, caso isso seja necess\u00e1rio para construir uma candidatura de consenso contra o presidente Jair Bolsonaro.<\/p>\n<p style=\"text-align: justify;\"><strong>Fonte: Carta Capital\u00a0<\/strong><\/p>\n","protected":false},"excerpt":{"rendered":"<p>A CartaCapital, Carlos Lupi nega que o partido possa abrir m\u00e3o da candidatura; o desafio, pondera, \u00e9 &#8216;conquistar aliados&#8217; O PDT n\u00e3o considera a possibilidade de abrir m\u00e3o da candidatura de Ciro Gomes \u00e0 Presid\u00eancia da Rep\u00fablica em 2022. A declara\u00e7\u00e3o foi feita a\u00a0CartaCapital\u00a0pelo presidente nacional da sigla, Carlos Lupi, nesta quinta-feira 1. \u201cA candidatura &hellip;<\/p>\n","protected":false},"author":4,"featured_media":32121,"comment_status":"open","ping_status":"open","sticky":false,"template":"","format":"standard","meta":{"content-type":"","rop_custom_images_group":[],"rop_custom_messages_group":[],"rop_publish_now":"initial","rop_publish_now_accounts":{"facebook_2648258775420054_1618374048415101":""},"rop_publish_now_history":[],"rop_publish_now_status":"pending","footnotes":"","_jetpack_memberships_contains_paid_content":false},"categories":[113,130],"tags":[856,473,475],"yoast_head":"<!-- This site is optimized with the Yoast SEO plugin v22.3 - https:\/\/yoast.com\/wordpress\/plugins\/seo\/ -->\n<title>\u2018A candidatura de Ciro Gomes \u00e9 decis\u00e3o tomada\u2019, diz o presidente do PDT; veja!<\/title>\n<meta name=\"robots\" content=\"index, follow, max-snippet:-1, max-image-preview:large, max-video-preview:-1\" \/>\n<link rel=\"canonical\" href=\"https:\/\/portalnpm.com\/index.php\/2021\/04\/02\/a-candidatura-de-ciro-gomes-e-decisao-tomada-diz-o-presidente-do-pdt-veja\/\" \/>\n<meta property=\"og:locale\" content=\"pt_BR\" \/>\n<meta property=\"og:type\" content=\"article\" \/>\n<meta property=\"og:title\" content=\"\u2018A candidatura de Ciro Gomes \u00e9 decis\u00e3o tomada\u2019, diz o presidente do PDT; veja!\" \/>\n<meta property=\"og:description\" content=\"A CartaCapital, Carlos Lupi nega que o partido possa abrir m\u00e3o da candidatura; o desafio, pondera, \u00e9 &#8216;conquistar aliados&#8217; O PDT n\u00e3o considera a possibilidade de abrir m\u00e3o da candidatura de Ciro Gomes \u00e0 Presid\u00eancia da Rep\u00fablica em 2022. A declara\u00e7\u00e3o foi feita a\u00a0CartaCapital\u00a0pelo presidente nacional da sigla, Carlos Lupi, nesta quinta-feira 1. \u201cA candidatura &hellip;\" \/>\n<meta property=\"og:url\" content=\"https:\/\/portalnpm.com\/index.php\/2021\/04\/02\/a-candidatura-de-ciro-gomes-e-decisao-tomada-diz-o-presidente-do-pdt-veja\/\" \/>\n<meta property=\"og:site_name\" content=\"Portal NPM\" \/>\n<meta property=\"article:published_time\" content=\"2021-04-02T19:06:07+00:00\" \/>\n<meta name=\"author\" content=\"Reda\u00e7\u00e3o\" \/>\n<meta name=\"twitter:card\" content=\"summary_large_image\" \/>\n<meta name=\"twitter:label1\" content=\"Escrito por\" \/>\n\t<meta name=\"twitter:data1\" content=\"Reda\u00e7\u00e3o\" \/>\n\t<meta name=\"twitter:label2\" content=\"Est. tempo de leitura\" \/>\n\t<meta name=\"twitter:data2\" content=\"1 minuto\" \/>\n<script type=\"application\/ld+json\" class=\"yoast-schema-graph\">{\"@context\":\"https:\/\/schema.org\",\"@graph\":[{\"@type\":\"WebPage\",\"@id\":\"https:\/\/portalnpm.com\/index.php\/2021\/04\/02\/a-candidatura-de-ciro-gomes-e-decisao-tomada-diz-o-presidente-do-pdt-veja\/\",\"url\":\"https:\/\/portalnpm.com\/index.php\/2021\/04\/02\/a-candidatura-de-ciro-gomes-e-decisao-tomada-diz-o-presidente-do-pdt-veja\/\",\"name\":\"\u2018A candidatura de Ciro Gomes \u00e9 decis\u00e3o tomada\u2019, diz o presidente do PDT; veja!\",\"isPartOf\":{\"@id\":\"https:\/\/portalnpm.com\/#website\"},\"primaryImageOfPage\":{\"@id\":\"https:\/\/portalnpm.com\/index.php\/2021\/04\/02\/a-candidatura-de-ciro-gomes-e-decisao-tomada-diz-o-presidente-do-pdt-veja\/#primaryimage\"},\"image\":{\"@id\":\"https:\/\/portalnpm.com\/index.php\/2021\/04\/02\/a-candidatura-de-ciro-gomes-e-decisao-tomada-diz-o-presidente-do-pdt-veja\/#primaryimage\"},\"thumbnailUrl\":\"\",\"datePublished\":\"2021-04-02T19:06:07+00:00\",\"dateModified\":\"2021-04-02T19:06:07+00:00\",\"author\":{\"@id\":\"https:\/\/portalnpm.com\/#\/schema\/person\/0b5f230ec96cee25504fa328e7f2b733\"},\"breadcrumb\":{\"@id\":\"https:\/\/portalnpm.com\/index.php\/2021\/04\/02\/a-candidatura-de-ciro-gomes-e-decisao-tomada-diz-o-presidente-do-pdt-veja\/#breadcrumb\"},\"inLanguage\":\"pt-BR\",\"potentialAction\":[{\"@type\":\"ReadAction\",\"target\":[\"https:\/\/portalnpm.com\/index.php\/2021\/04\/02\/a-candidatura-de-ciro-gomes-e-decisao-tomada-diz-o-presidente-do-pdt-veja\/\"]}]},{\"@type\":\"ImageObject\",\"inLanguage\":\"pt-BR\",\"@id\":\"https:\/\/portalnpm.com\/index.php\/2021\/04\/02\/a-candidatura-de-ciro-gomes-e-decisao-tomada-diz-o-presidente-do-pdt-veja\/#primaryimage\",\"url\":\"\",\"contentUrl\":\"\"},{\"@type\":\"BreadcrumbList\",\"@id\":\"https:\/\/portalnpm.com\/index.php\/2021\/04\/02\/a-candidatura-de-ciro-gomes-e-decisao-tomada-diz-o-presidente-do-pdt-veja\/#breadcrumb\",\"itemListElement\":[{\"@type\":\"ListItem\",\"position\":1,\"name\":\"In\u00edcio\",\"item\":\"https:\/\/portalnpm.com\/\"},{\"@type\":\"ListItem\",\"position\":2,\"name\":\"\u2018A candidatura de Ciro Gomes \u00e9 decis\u00e3o tomada\u2019, diz o presidente do PDT; veja!\"}]},{\"@type\":\"WebSite\",\"@id\":\"https:\/\/portalnpm.com\/#website\",\"url\":\"https:\/\/portalnpm.com\/\",\"name\":\"Portal NPM\",\"description\":\"Not\u00edcias em Primeira M\u00e3o\",\"potentialAction\":[{\"@type\":\"SearchAction\",\"target\":{\"@type\":\"EntryPoint\",\"urlTemplate\":\"https:\/\/portalnpm.com\/?s={search_term_string}\"},\"query-input\":\"required name=search_term_string\"}],\"inLanguage\":\"pt-BR\"},{\"@type\":\"Person\",\"@id\":\"https:\/\/portalnpm.com\/#\/schema\/person\/0b5f230ec96cee25504fa328e7f2b733\",\"name\":\"Reda\u00e7\u00e3o\",\"image\":{\"@type\":\"ImageObject\",\"inLanguage\":\"pt-BR\",\"@id\":\"https:\/\/portalnpm.com\/#\/schema\/person\/image\/\",\"url\":\"https:\/\/portalnpm.com\/wp-content\/uploads\/2024\/03\/avatar_user_4_1710097212-96x96.png\",\"contentUrl\":\"https:\/\/portalnpm.com\/wp-content\/uploads\/2024\/03\/avatar_user_4_1710097212-96x96.png\",\"caption\":\"Reda\u00e7\u00e3o\"},\"url\":\"https:\/\/portalnpm.com\/index.php\/author\/redacao\/\"}]}<\/script>\n<!-- \/ Yoast SEO plugin. -->","yoast_head_json":{"title":"\u2018A candidatura de Ciro Gomes \u00e9 decis\u00e3o tomada\u2019, diz o presidente do PDT; veja!","robots":{"index":"index","follow":"follow","max-snippet":"max-snippet:-1","max-image-preview":"max-image-preview:large","max-video-preview":"max-video-preview:-1"},"canonical":"https:\/\/portalnpm.com\/index.php\/2021\/04\/02\/a-candidatura-de-ciro-gomes-e-decisao-tomada-diz-o-presidente-do-pdt-veja\/","og_locale":"pt_BR","og_type":"article","og_title":"\u2018A candidatura de Ciro Gomes \u00e9 decis\u00e3o tomada\u2019, diz o presidente do PDT; veja!","og_description":"A CartaCapital, Carlos Lupi nega que o partido possa abrir m\u00e3o da candidatura; o desafio, pondera, \u00e9 &#8216;conquistar aliados&#8217; O PDT n\u00e3o considera a possibilidade de abrir m\u00e3o da candidatura de Ciro Gomes \u00e0 Presid\u00eancia da Rep\u00fablica em 2022. A declara\u00e7\u00e3o foi feita a\u00a0CartaCapital\u00a0pelo presidente nacional da sigla, Carlos Lupi, nesta quinta-feira 1. \u201cA candidatura &hellip;","og_url":"https:\/\/portalnpm.com\/index.php\/2021\/04\/02\/a-candidatura-de-ciro-gomes-e-decisao-tomada-diz-o-presidente-do-pdt-veja\/","og_site_name":"Portal NPM","article_published_time":"2021-04-02T19:06:07+00:00","author":"Reda\u00e7\u00e3o","twitter_card":"summary_large_image","twitter_misc":{"Escrito por":"Reda\u00e7\u00e3o","Est. tempo de leitura":"1 minuto"},"schema":{"@context":"https:\/\/schema.org","@graph":[{"@type":"WebPage","@id":"https:\/\/portalnpm.com\/index.php\/2021\/04\/02\/a-candidatura-de-ciro-gomes-e-decisao-tomada-diz-o-presidente-do-pdt-veja\/","url":"https:\/\/portalnpm.com\/index.php\/2021\/04\/02\/a-candidatura-de-ciro-gomes-e-decisao-tomada-diz-o-presidente-do-pdt-veja\/","name":"\u2018A candidatura de Ciro Gomes \u00e9 decis\u00e3o tomada\u2019, diz o presidente do PDT; veja!","isPartOf":{"@id":"https:\/\/portalnpm.com\/#website"},"primaryImageOfPage":{"@id":"https:\/\/portalnpm.com\/index.php\/2021\/04\/02\/a-candidatura-de-ciro-gomes-e-decisao-tomada-diz-o-presidente-do-pdt-veja\/#primaryimage"},"image":{"@id":"https:\/\/portalnpm.com\/index.php\/2021\/04\/02\/a-candidatura-de-ciro-gomes-e-decisao-tomada-diz-o-presidente-do-pdt-veja\/#primaryimage"},"thumbnailUrl":"","datePublished":"2021-04-02T19:06:07+00:00","dateModified":"2021-04-02T19:06:07+00:00","author":{"@id":"https:\/\/portalnpm.com\/#\/schema\/person\/0b5f230ec96cee25504fa328e7f2b733"},"breadcrumb":{"@id":"https:\/\/portalnpm.com\/index.php\/2021\/04\/02\/a-candidatura-de-ciro-gomes-e-decisao-tomada-diz-o-presidente-do-pdt-veja\/#breadcrumb"},"inLanguage":"pt-BR","potentialAction":[{"@type":"ReadAction","target":["https:\/\/portalnpm.com\/index.php\/2021\/04\/02\/a-candidatura-de-ciro-gomes-e-decisao-tomada-diz-o-presidente-do-pdt-veja\/"]}]},{"@type":"ImageObject","inLanguage":"pt-BR","@id":"https:\/\/portalnpm.com\/index.php\/2021\/04\/02\/a-candidatura-de-ciro-gomes-e-decisao-tomada-diz-o-presidente-do-pdt-veja\/#primaryimage","url":"","contentUrl":""},{"@type":"BreadcrumbList","@id":"https:\/\/portalnpm.com\/index.php\/2021\/04\/02\/a-candidatura-de-ciro-gomes-e-decisao-tomada-diz-o-presidente-do-pdt-veja\/#breadcrumb","itemListElement":[{"@type":"ListItem","position":1,"name":"In\u00edcio","item":"https:\/\/portalnpm.com\/"},{"@type":"ListItem","position":2,"name":"\u2018A candidatura de Ciro Gomes \u00e9 decis\u00e3o tomada\u2019, diz o presidente do PDT; veja!"}]},{"@type":"WebSite","@id":"https:\/\/portalnpm.com\/#website","url":"https:\/\/portalnpm.com\/","name":"Portal NPM","description":"Not\u00edcias em Primeira M\u00e3o","potentialAction":[{"@type":"SearchAction","target":{"@type":"EntryPoint","urlTemplate":"https:\/\/portalnpm.com\/?s={search_term_string}"},"query-input":"required name=search_term_string"}],"inLanguage":"pt-BR"},{"@type":"Person","@id":"https:\/\/portalnpm.com\/#\/schema\/person\/0b5f230ec96cee25504fa328e7f2b733","name":"Reda\u00e7\u00e3o","image":{"@type":"ImageObject","inLanguage":"pt-BR","@id":"https:\/\/portalnpm.com\/#\/schema\/person\/image\/","url":"https:\/\/portalnpm.com\/wp-content\/uploads\/2024\/03\/avatar_user_4_1710097212-96x96.png","contentUrl":"https:\/\/portalnpm.com\/wp-content\/uploads\/2024\/03\/avatar_user_4_1710097212-96x96.png","caption":"Reda\u00e7\u00e3o"},"url":"https:\/\/portalnpm.com\/index.php\/author\/redacao\/"}]}},"jetpack_sharing_enabled":true,"jetpack_featured_media_url":"","_links":{"self":[{"href":"https:\/\/portalnpm.com\/index.php\/wp-json\/wp\/v2\/posts\/63894"}],"collection":[{"href":"https:\/\/portalnpm.com\/index.php\/wp-json\/wp\/v2\/posts"}],"about":[{"href":"https:\/\/portalnpm.com\/index.php\/wp-json\/wp\/v2\/types\/post"}],"author":[{"embeddable":true,"href":"https:\/\/portalnpm.com\/index.php\/wp-json\/wp\/v2\/users\/4"}],"replies":[{"embeddable":true,"href":"https:\/\/portalnpm.com\/index.php\/wp-json\/wp\/v2\/comments?post=63894"}],"version-history":[{"count":0,"href":"https:\/\/portalnpm.com\/index.php\/wp-json\/wp\/v2\/posts\/63894\/revisions"}],"wp:featuredmedia":[{"embeddable":true,"href":"https:\/\/portalnpm.com\/index.php\/wp-json\/"}],"wp:attachment":[{"href":"https:\/\/portalnpm.com\/index.php\/wp-json\/wp\/v2\/media?parent=63894"}],"wp:term":[{"taxonomy":"category","embeddable":true,"href":"https:\/\/portalnpm.com\/index.php\/wp-json\/wp\/v2\/categories?post=63894"},{"taxonomy":"post_tag","embeddable":true,"href":"https:\/\/portalnpm.com\/index.php\/wp-json\/wp\/v2\/tags?post=63894"}],"curies":[{"name":"wp","href":"https:\/\/api.w.org\/{rel}","templated":true}]}}