{"id":63999,"date":"2021-04-03T20:19:09","date_gmt":"2021-04-03T23:19:09","guid":{"rendered":"https:\/\/portalnpm.com\/index.php\/2021\/04\/03\/governador-prorroga-decreto-ate-o-dia-11-e-estuda-antecipar-feriado-para-sexta-feira\/"},"modified":"2021-04-03T20:19:09","modified_gmt":"2021-04-03T23:19:09","slug":"governador-prorroga-decreto-ate-o-dia-11-e-estuda-antecipar-feriado-para-sexta-feira","status":"publish","type":"post","link":"https:\/\/portalnpm.com\/index.php\/2021\/04\/03\/governador-prorroga-decreto-ate-o-dia-11-e-estuda-antecipar-feriado-para-sexta-feira\/","title":{"rendered":"Governador prorroga decreto at\u00e9 o dia 11 e estuda antecipar feriado para sexta-feira"},"content":{"rendered":"<p style=\"text-align: justify;\">O governador Wellington Dias (PT)5 anunciou na noite deste s\u00e1bado (3) que vai prorrogar o decreto com medidas restritivas de segunda-feira, dia 5, at\u00e9 o domingo, dia 11.<\/p>\n<p style=\"text-align: justify;\">\n<p style=\"text-align: justify;\">O an\u00fancio foi feito ap\u00f3s reuni\u00e3o com integrantes do COE (Comit\u00ea de Opera\u00e7\u00f5es Emergenciais), que analisaram os dados da pandemia. Segundo o governador, houve queda na transmissibilidade, mas ainda \u00e9 crescente a ocupa\u00e7\u00e3o de leitos de UTIs em todo o estado. De acordo com ele, o feriado da Semana Santa com 10 dias de medidas restritivas ajudar\u00e1 a reduzir os casos no Piau\u00ed.<\/p>\n<p style=\"text-align: justify;\">Segundo o governador, de segunda a quinta ficam mantidas as restri\u00e7\u00f5es como toque de recolher das 21h \u00e0s 5 h da manh\u00e3.<\/p>\n<p style=\"text-align: justify;\">Com\u00e9rcio funcionar\u00e1 das 8h \u00e0s 17h. Os shoppings centers de 12h \u00e0s 20h.<\/p>\n<p style=\"text-align: justify;\">Bares, restaurantes e supermercados podem funcionar at\u00e9 \u00e0s 20h.<\/p>\n<p style=\"text-align: justify;\">Wellington Dias informou que busca antecipar um feriado para a sexta-feira e na pr\u00f3xima semana anunciar\u00e1.<\/p>\n<p style=\"text-align: justify;\">Na sexta, s\u00e1bado e domingo, o decreto mant\u00e9m apenas o funcionamento de servi\u00e7os essenciais com lockdown parcial como ocorre nas semanas anteriores.<\/p>\n<p style=\"text-align: justify;\">No novo decreto, o governo n\u00e3o pro\u00edbe a circula\u00e7\u00e3o de transportes intermunicipal e o acesso as praias como foi nos 10 dias da Semana Santa.<\/p>\n<p style=\"text-align: justify;\">\n<p style=\"text-align: justify;\"><iframe id=\"instagram-embed-0\" class=\"instagram-media instagram-media-rendered\" src=\"https:\/\/www.instagram.com\/tv\/CNOF_60jt8e\/embed\/captioned\/?cr=1&#038;v=13&#038;wp=665&#038;rd=https%3A%2F%2Fcidadeverde.com&#038;rp=%2Fnoticias%2F344375%2Fgovernador-prorroga-decreto-ate-o-dia-11-e-estuda-antecipar-feriado-para-sexta-feira#%7B%22ci%22%3A0%2C%22os%22%3A3468.4000000124797%2C%22ls%22%3A1351.3999999995576%2C%22le%22%3A1379.800000009709%7D\" height=\"908\" frameborder=\"0\" scrolling=\"no\" allowfullscreen=\"allowfullscreen\" data-instgrm-payload-id=\"instagram-media-payload-0\" data-mce-fragment=\"1\"><\/iframe><\/p>\n<p style=\"text-align: justify;\">\n<p style=\"text-align: justify;\">\n<p style=\"text-align: justify;\">Por Cidade Verde<\/p>\n","protected":false},"excerpt":{"rendered":"<p>O governador Wellington Dias (PT)5 anunciou na noite deste s\u00e1bado (3) que vai prorrogar o decreto com medidas restritivas de segunda-feira, dia 5, at\u00e9 o domingo, dia 11. O an\u00fancio foi feito ap\u00f3s reuni\u00e3o com integrantes do COE (Comit\u00ea de Opera\u00e7\u00f5es Emergenciais), que analisaram os dados da pandemia. Segundo o governador, houve queda na transmissibilidade, &hellip;<\/p>\n","protected":false},"author":2,"featured_media":64000,"comment_status":"open","ping_status":"open","sticky":false,"template":"","format":"standard","meta":{"content-type":"","rop_custom_images_group":[],"rop_custom_messages_group":[],"rop_publish_now":"initial","rop_publish_now_accounts":{"facebook_2648258775420054_1618374048415101":""},"rop_publish_now_history":[],"rop_publish_now_status":"pending","footnotes":"","_jetpack_memberships_contains_paid_content":false},"categories":[118,188],"tags":[1984,10792,10793,10072,10794],"yoast_head":"<!-- This site is optimized with the Yoast SEO plugin v22.3 - https:\/\/yoast.com\/wordpress\/plugins\/seo\/ -->\n<title>Governador prorroga decreto at\u00e9 o dia 11 e estuda antecipar feriado para sexta-feira<\/title>\n<meta name=\"robots\" content=\"index, follow, max-snippet:-1, max-image-preview:large, max-video-preview:-1\" \/>\n<link rel=\"canonical\" href=\"https:\/\/portalnpm.com\/index.php\/2021\/04\/03\/governador-prorroga-decreto-ate-o-dia-11-e-estuda-antecipar-feriado-para-sexta-feira\/\" \/>\n<meta property=\"og:locale\" content=\"pt_BR\" \/>\n<meta property=\"og:type\" content=\"article\" \/>\n<meta property=\"og:title\" content=\"Governador prorroga decreto at\u00e9 o dia 11 e estuda antecipar feriado para sexta-feira\" \/>\n<meta property=\"og:description\" content=\"O governador Wellington Dias (PT)5 anunciou na noite deste s\u00e1bado (3) que vai prorrogar o decreto com medidas restritivas de segunda-feira, dia 5, at\u00e9 o domingo, dia 11. O an\u00fancio foi feito ap\u00f3s reuni\u00e3o com integrantes do COE (Comit\u00ea de Opera\u00e7\u00f5es Emergenciais), que analisaram os dados da pandemia. Segundo o governador, houve queda na transmissibilidade, &hellip;\" \/>\n<meta property=\"og:url\" content=\"https:\/\/portalnpm.com\/index.php\/2021\/04\/03\/governador-prorroga-decreto-ate-o-dia-11-e-estuda-antecipar-feriado-para-sexta-feira\/\" \/>\n<meta property=\"og:site_name\" content=\"Portal NPM\" \/>\n<meta property=\"article:published_time\" content=\"2021-04-03T23:19:09+00:00\" \/>\n<meta property=\"og:image\" content=\"https:\/\/portalnpm.com\/wp-content\/uploads\/2024\/01\/dba47173f63fa9696ac5590544d539e0.jpg\" \/>\n\t<meta property=\"og:image:width\" content=\"790\" \/>\n\t<meta property=\"og:image:height\" content=\"526\" \/>\n\t<meta property=\"og:image:type\" content=\"image\/jpeg\" \/>\n<meta name=\"author\" content=\"Genival Barbosa\" \/>\n<meta name=\"twitter:card\" content=\"summary_large_image\" \/>\n<meta name=\"twitter:label1\" content=\"Escrito por\" \/>\n\t<meta name=\"twitter:data1\" content=\"Genival Barbosa\" \/>\n\t<meta name=\"twitter:label2\" content=\"Est. tempo de leitura\" \/>\n\t<meta name=\"twitter:data2\" content=\"1 minuto\" \/>\n<script type=\"application\/ld+json\" class=\"yoast-schema-graph\">{\"@context\":\"https:\/\/schema.org\",\"@graph\":[{\"@type\":\"WebPage\",\"@id\":\"https:\/\/portalnpm.com\/index.php\/2021\/04\/03\/governador-prorroga-decreto-ate-o-dia-11-e-estuda-antecipar-feriado-para-sexta-feira\/\",\"url\":\"https:\/\/portalnpm.com\/index.php\/2021\/04\/03\/governador-prorroga-decreto-ate-o-dia-11-e-estuda-antecipar-feriado-para-sexta-feira\/\",\"name\":\"Governador prorroga decreto at\u00e9 o dia 11 e estuda antecipar feriado para sexta-feira\",\"isPartOf\":{\"@id\":\"https:\/\/portalnpm.com\/#website\"},\"primaryImageOfPage\":{\"@id\":\"https:\/\/portalnpm.com\/index.php\/2021\/04\/03\/governador-prorroga-decreto-ate-o-dia-11-e-estuda-antecipar-feriado-para-sexta-feira\/#primaryimage\"},\"image\":{\"@id\":\"https:\/\/portalnpm.com\/index.php\/2021\/04\/03\/governador-prorroga-decreto-ate-o-dia-11-e-estuda-antecipar-feriado-para-sexta-feira\/#primaryimage\"},\"thumbnailUrl\":\"https:\/\/portalnpm.com\/wp-content\/uploads\/2024\/01\/dba47173f63fa9696ac5590544d539e0.jpg\",\"datePublished\":\"2021-04-03T23:19:09+00:00\",\"dateModified\":\"2021-04-03T23:19:09+00:00\",\"author\":{\"@id\":\"https:\/\/portalnpm.com\/#\/schema\/person\/49313e563cfdefcc167f1ee4c017c294\"},\"breadcrumb\":{\"@id\":\"https:\/\/portalnpm.com\/index.php\/2021\/04\/03\/governador-prorroga-decreto-ate-o-dia-11-e-estuda-antecipar-feriado-para-sexta-feira\/#breadcrumb\"},\"inLanguage\":\"pt-BR\",\"potentialAction\":[{\"@type\":\"ReadAction\",\"target\":[\"https:\/\/portalnpm.com\/index.php\/2021\/04\/03\/governador-prorroga-decreto-ate-o-dia-11-e-estuda-antecipar-feriado-para-sexta-feira\/\"]}]},{\"@type\":\"ImageObject\",\"inLanguage\":\"pt-BR\",\"@id\":\"https:\/\/portalnpm.com\/index.php\/2021\/04\/03\/governador-prorroga-decreto-ate-o-dia-11-e-estuda-antecipar-feriado-para-sexta-feira\/#primaryimage\",\"url\":\"https:\/\/portalnpm.com\/wp-content\/uploads\/2024\/01\/dba47173f63fa9696ac5590544d539e0.jpg\",\"contentUrl\":\"https:\/\/portalnpm.com\/wp-content\/uploads\/2024\/01\/dba47173f63fa9696ac5590544d539e0.jpg\",\"width\":790,\"height\":526},{\"@type\":\"BreadcrumbList\",\"@id\":\"https:\/\/portalnpm.com\/index.php\/2021\/04\/03\/governador-prorroga-decreto-ate-o-dia-11-e-estuda-antecipar-feriado-para-sexta-feira\/#breadcrumb\",\"itemListElement\":[{\"@type\":\"ListItem\",\"position\":1,\"name\":\"In\u00edcio\",\"item\":\"https:\/\/portalnpm.com\/\"},{\"@type\":\"ListItem\",\"position\":2,\"name\":\"Governador prorroga decreto at\u00e9 o dia 11 e estuda antecipar feriado para sexta-feira\"}]},{\"@type\":\"WebSite\",\"@id\":\"https:\/\/portalnpm.com\/#website\",\"url\":\"https:\/\/portalnpm.com\/\",\"name\":\"Portal NPM\",\"description\":\"Not\u00edcias em Primeira M\u00e3o\",\"potentialAction\":[{\"@type\":\"SearchAction\",\"target\":{\"@type\":\"EntryPoint\",\"urlTemplate\":\"https:\/\/portalnpm.com\/?s={search_term_string}\"},\"query-input\":\"required name=search_term_string\"}],\"inLanguage\":\"pt-BR\"},{\"@type\":\"Person\",\"@id\":\"https:\/\/portalnpm.com\/#\/schema\/person\/49313e563cfdefcc167f1ee4c017c294\",\"name\":\"Genival Barbosa\",\"image\":{\"@type\":\"ImageObject\",\"inLanguage\":\"pt-BR\",\"@id\":\"https:\/\/portalnpm.com\/#\/schema\/person\/image\/\",\"url\":\"https:\/\/portalnpm.com\/wp-content\/uploads\/2024\/02\/avatar_user_2_1707743258-96x96.jpeg\",\"contentUrl\":\"https:\/\/portalnpm.com\/wp-content\/uploads\/2024\/02\/avatar_user_2_1707743258-96x96.jpeg\",\"caption\":\"Genival Barbosa\"},\"url\":\"https:\/\/portalnpm.com\/index.php\/author\/genival\/\"}]}<\/script>\n<!-- \/ Yoast SEO plugin. -->","yoast_head_json":{"title":"Governador prorroga decreto at\u00e9 o dia 11 e estuda antecipar feriado para sexta-feira","robots":{"index":"index","follow":"follow","max-snippet":"max-snippet:-1","max-image-preview":"max-image-preview:large","max-video-preview":"max-video-preview:-1"},"canonical":"https:\/\/portalnpm.com\/index.php\/2021\/04\/03\/governador-prorroga-decreto-ate-o-dia-11-e-estuda-antecipar-feriado-para-sexta-feira\/","og_locale":"pt_BR","og_type":"article","og_title":"Governador prorroga decreto at\u00e9 o dia 11 e estuda antecipar feriado para sexta-feira","og_description":"O governador Wellington Dias (PT)5 anunciou na noite deste s\u00e1bado (3) que vai prorrogar o decreto com medidas restritivas de segunda-feira, dia 5, at\u00e9 o domingo, dia 11. O an\u00fancio foi feito ap\u00f3s reuni\u00e3o com integrantes do COE (Comit\u00ea de Opera\u00e7\u00f5es Emergenciais), que analisaram os dados da pandemia. Segundo o governador, houve queda na transmissibilidade, &hellip;","og_url":"https:\/\/portalnpm.com\/index.php\/2021\/04\/03\/governador-prorroga-decreto-ate-o-dia-11-e-estuda-antecipar-feriado-para-sexta-feira\/","og_site_name":"Portal NPM","article_published_time":"2021-04-03T23:19:09+00:00","og_image":[{"width":790,"height":526,"url":"https:\/\/portalnpm.com\/wp-content\/uploads\/2024\/01\/dba47173f63fa9696ac5590544d539e0.jpg","type":"image\/jpeg"}],"author":"Genival Barbosa","twitter_card":"summary_large_image","twitter_misc":{"Escrito por":"Genival Barbosa","Est. tempo de leitura":"1 minuto"},"schema":{"@context":"https:\/\/schema.org","@graph":[{"@type":"WebPage","@id":"https:\/\/portalnpm.com\/index.php\/2021\/04\/03\/governador-prorroga-decreto-ate-o-dia-11-e-estuda-antecipar-feriado-para-sexta-feira\/","url":"https:\/\/portalnpm.com\/index.php\/2021\/04\/03\/governador-prorroga-decreto-ate-o-dia-11-e-estuda-antecipar-feriado-para-sexta-feira\/","name":"Governador prorroga decreto at\u00e9 o dia 11 e estuda antecipar feriado para sexta-feira","isPartOf":{"@id":"https:\/\/portalnpm.com\/#website"},"primaryImageOfPage":{"@id":"https:\/\/portalnpm.com\/index.php\/2021\/04\/03\/governador-prorroga-decreto-ate-o-dia-11-e-estuda-antecipar-feriado-para-sexta-feira\/#primaryimage"},"image":{"@id":"https:\/\/portalnpm.com\/index.php\/2021\/04\/03\/governador-prorroga-decreto-ate-o-dia-11-e-estuda-antecipar-feriado-para-sexta-feira\/#primaryimage"},"thumbnailUrl":"https:\/\/portalnpm.com\/wp-content\/uploads\/2024\/01\/dba47173f63fa9696ac5590544d539e0.jpg","datePublished":"2021-04-03T23:19:09+00:00","dateModified":"2021-04-03T23:19:09+00:00","author":{"@id":"https:\/\/portalnpm.com\/#\/schema\/person\/49313e563cfdefcc167f1ee4c017c294"},"breadcrumb":{"@id":"https:\/\/portalnpm.com\/index.php\/2021\/04\/03\/governador-prorroga-decreto-ate-o-dia-11-e-estuda-antecipar-feriado-para-sexta-feira\/#breadcrumb"},"inLanguage":"pt-BR","potentialAction":[{"@type":"ReadAction","target":["https:\/\/portalnpm.com\/index.php\/2021\/04\/03\/governador-prorroga-decreto-ate-o-dia-11-e-estuda-antecipar-feriado-para-sexta-feira\/"]}]},{"@type":"ImageObject","inLanguage":"pt-BR","@id":"https:\/\/portalnpm.com\/index.php\/2021\/04\/03\/governador-prorroga-decreto-ate-o-dia-11-e-estuda-antecipar-feriado-para-sexta-feira\/#primaryimage","url":"https:\/\/portalnpm.com\/wp-content\/uploads\/2024\/01\/dba47173f63fa9696ac5590544d539e0.jpg","contentUrl":"https:\/\/portalnpm.com\/wp-content\/uploads\/2024\/01\/dba47173f63fa9696ac5590544d539e0.jpg","width":790,"height":526},{"@type":"BreadcrumbList","@id":"https:\/\/portalnpm.com\/index.php\/2021\/04\/03\/governador-prorroga-decreto-ate-o-dia-11-e-estuda-antecipar-feriado-para-sexta-feira\/#breadcrumb","itemListElement":[{"@type":"ListItem","position":1,"name":"In\u00edcio","item":"https:\/\/portalnpm.com\/"},{"@type":"ListItem","position":2,"name":"Governador prorroga decreto at\u00e9 o dia 11 e estuda antecipar feriado para sexta-feira"}]},{"@type":"WebSite","@id":"https:\/\/portalnpm.com\/#website","url":"https:\/\/portalnpm.com\/","name":"Portal NPM","description":"Not\u00edcias em Primeira M\u00e3o","potentialAction":[{"@type":"SearchAction","target":{"@type":"EntryPoint","urlTemplate":"https:\/\/portalnpm.com\/?s={search_term_string}"},"query-input":"required name=search_term_string"}],"inLanguage":"pt-BR"},{"@type":"Person","@id":"https:\/\/portalnpm.com\/#\/schema\/person\/49313e563cfdefcc167f1ee4c017c294","name":"Genival Barbosa","image":{"@type":"ImageObject","inLanguage":"pt-BR","@id":"https:\/\/portalnpm.com\/#\/schema\/person\/image\/","url":"https:\/\/portalnpm.com\/wp-content\/uploads\/2024\/02\/avatar_user_2_1707743258-96x96.jpeg","contentUrl":"https:\/\/portalnpm.com\/wp-content\/uploads\/2024\/02\/avatar_user_2_1707743258-96x96.jpeg","caption":"Genival Barbosa"},"url":"https:\/\/portalnpm.com\/index.php\/author\/genival\/"}]}},"jetpack_sharing_enabled":true,"jetpack_featured_media_url":"https:\/\/portalnpm.com\/wp-content\/uploads\/2024\/01\/dba47173f63fa9696ac5590544d539e0.jpg","_links":{"self":[{"href":"https:\/\/portalnpm.com\/index.php\/wp-json\/wp\/v2\/posts\/63999"}],"collection":[{"href":"https:\/\/portalnpm.com\/index.php\/wp-json\/wp\/v2\/posts"}],"about":[{"href":"https:\/\/portalnpm.com\/index.php\/wp-json\/wp\/v2\/types\/post"}],"author":[{"embeddable":true,"href":"https:\/\/portalnpm.com\/index.php\/wp-json\/wp\/v2\/users\/2"}],"replies":[{"embeddable":true,"href":"https:\/\/portalnpm.com\/index.php\/wp-json\/wp\/v2\/comments?post=63999"}],"version-history":[{"count":0,"href":"https:\/\/portalnpm.com\/index.php\/wp-json\/wp\/v2\/posts\/63999\/revisions"}],"wp:featuredmedia":[{"embeddable":true,"href":"https:\/\/portalnpm.com\/index.php\/wp-json\/wp\/v2\/media\/64000"}],"wp:attachment":[{"href":"https:\/\/portalnpm.com\/index.php\/wp-json\/wp\/v2\/media?parent=63999"}],"wp:term":[{"taxonomy":"category","embeddable":true,"href":"https:\/\/portalnpm.com\/index.php\/wp-json\/wp\/v2\/categories?post=63999"},{"taxonomy":"post_tag","embeddable":true,"href":"https:\/\/portalnpm.com\/index.php\/wp-json\/wp\/v2\/tags?post=63999"}],"curies":[{"name":"wp","href":"https:\/\/api.w.org\/{rel}","templated":true}]}}