{"id":64072,"date":"2021-04-09T18:27:31","date_gmt":"2021-04-09T21:27:31","guid":{"rendered":"https:\/\/portalnpm.com\/index.php\/2021\/04\/09\/em-novo-formato-sul-americana-tem-fase-de-grupo-definida-confira\/"},"modified":"2021-04-09T18:27:31","modified_gmt":"2021-04-09T21:27:31","slug":"em-novo-formato-sul-americana-tem-fase-de-grupo-definida-confira","status":"publish","type":"post","link":"https:\/\/portalnpm.com\/index.php\/2021\/04\/09\/em-novo-formato-sul-americana-tem-fase-de-grupo-definida-confira\/","title":{"rendered":"Em novo formato, Sul-Americana tem fase de grupo definida; confira"},"content":{"rendered":"<section class=\"xpa-switch-article\">\n<div class=\"news-paragraph text-1\">\n<p style=\"text-align: justify;\">A Copa Sul-Americana est\u00e1 com um novo formato.<\/p>\n<\/div>\n<\/section>\n<section class=\"xpa-switch-article\">\n<div class=\"news-paragraph text-1\">\n<p>Pela primeira vez apostando em uma fase de grupos, a competi\u00e7\u00e3o teve suas chaves definidas em sorteio realizado na sede da Conmebol, em Luque, no Paraguai, nesta sexta-feira (09).<\/p>\n<\/div>\n<\/section>\n<section class=\"xpa-switch-article\">\n<div class=\"news-paragraph text-1\">\n<p>E \u00e9 importante ressaltar: apenas os campe\u00f5es de cada chave avan\u00e7am \u00e0 fase de oitavas de final.<\/p>\n<\/div>\n<\/section>\n<section class=\"xpa-switch-article\">\n<div class=\"news-paragraph text-1\">\n<p>O Corinthians \u00e9 o cabe\u00e7a de chave do E, que cont\u00e9m Sport Huancayo (PER), River Plate (PAR) e Montevideo City Torque (URU) ou F\u00e9nix (URU).<\/p>\n<\/div>\n<\/section>\n<section class=\"xpa-switch-article\">\n<div class=\"jw-player\">\n<div id=\"player-2\" class=\"jwplayer jw-reset jw-state-idle jw-stretch-uniform jw-flag-aspect-mode jw-floating-dismissible jw-flag-touch jw-breakpoint-1 jw-flag-small-player jw-flag-user-inactive\" tabindex=\"0\" role=\"application\" aria-label=\"Reprodutor de V\u00eddeo\">\n<div class=\"jw-aspect jw-reset\"><\/div>\n<div class=\"jw-wrapper jw-reset\">\n<div>\n<div>\n<div><\/div>\n<\/div>\n<div class=\"jw-contract-trigger\"><\/div>\n<\/div>\n<div class=\"jw-top jw-reset\"><\/div>\n<div class=\"jw-aspect jw-reset\"><\/div>\n<div class=\"jw-media jw-reset\"><\/div>\n<div class=\"jw-preview jw-reset\"><\/div>\n<div class=\"jw-controls-backdrop jw-reset\"><\/div>\n<div class=\"jw-title jw-reset-text\" dir=\"auto\">\n<div class=\"jw-title-primary jw-reset-text\">Corinthians intensifica semana de treinos e faz ajustes t\u00e9cnicos<\/div>\n<\/div>\n<div class=\"jw-overlays jw-reset\">\n<div id=\"player-2_jwpsrv\" class=\"jw-plugin jw-reset\"><\/div>\n<\/div>\n<div class=\"jw-hidden-accessibility\"><\/div>\n<div class=\"jw-controls jw-reset\">\n<div class=\"jw-display jw-reset\">\n<div class=\"jw-display-container jw-reset\">\n<div class=\"jw-display-controls jw-reset\">\n<div class=\"jw-display-icon-container jw-display-icon-display jw-reset\">\n<div class=\"jw-icon jw-icon-display jw-button-color jw-reset\" tabindex=\"0\" role=\"button\" aria-label=\"Reproduzir\"><\/div>\n<\/div>\n<\/div>\n<\/div>\n<\/div>\n<\/div>\n<\/div>\n<div class=\"afs_ads\"><\/div>\n<\/div>\n<\/div>\n<\/section>\n<section class=\"xpa-switch-article\">\n<div class=\"news-paragraph text-1\">\n<p>O Athletico-PR, outro clube brasileiro que veio do pote 1, apareceu no D e tem Melgar (PER), Aucas (EQU) e Metropolitanos (VEN) como advers\u00e1rios nesta fase do torneio.<\/p>\n<\/div>\n<\/section>\n<section class=\"xpa-switch-article\">\n<div class=\"twitter-component\">\n<div class=\"twitter-tweet twitter-tweet-rendered\"><iframe id=\"twitter-widget-0\" class=\"\" title=\"Twitter Tweet\" src=\"https:\/\/platform.twitter.com\/embed\/Tweet.html?creatorScreenName=OneFootball&#038;dnt=false&#038;embedId=twitter-widget-0&#038;features=eyJ0ZndfZXhwZXJpbWVudHNfY29va2llX2V4cGlyYXRpb24iOnsiYnVja2V0IjoxMjA5NjAwLCJ2ZXJzaW9uIjpudWxsfSwidGZ3X2hvcml6b25fdHdlZXRfZW1iZWRfOTU1NSI6eyJidWNrZXQiOiJodGUiLCJ2ZXJzaW9uIjpudWxsfX0%3D&#038;frame=false&#038;hideCard=false&#038;hideThread=true&#038;id=1380558640868888579&#038;lang=pt&#038;origin=https%3A%2F%2Fonefootball.com%2Fpt-br%2Fnoticias%2Fem-novo-formato-sul-americana-tem-fase-de-grupo-definida-confira-32749273&#038;sessionId=4b1864b2afde1671094fea96505a564cff837259&#038;siteScreenName=OneFootball&#038;theme=light&#038;widgetsVersion=1ead0c7%3A1617660954974&#038;width=550px\" frameborder=\"0\" scrolling=\"no\" allowfullscreen=\"allowfullscreen\" data-tweet-id=\"1380558640868888579\" data-mce-fragment=\"1\"><\/iframe><\/div>\n<\/div>\n<\/section>\n<section class=\"xpa-switch-article\">\n<div class=\"news-paragraph text-1\">\n<p>J\u00e1 o Bahia caiu no Grupo B, com Independiente (ARG), Guabir\u00e1 (BOL) e Cerro Largo (URU) ou Pe\u00f1arol (URU).<\/p>\n<\/div>\n<\/section>\n<section class=\"xpa-switch-article\">\n<div class=\"news-paragraph text-1\">\n<p>Outro representante nordestino, o Cear\u00e1 est\u00e1 na Chave C e ter\u00e1 Jorge Wilstermann (BOL), Arsenal de Sarandi (ARG) e Bol\u00edvar (BOL) ou Junior Barranquilla (COL) como oponentes na competi\u00e7\u00e3o.<\/p>\n<\/div>\n<\/section>\n<section class=\"xpa-switch-article\">\n<div class=\"twitter-component\">\n<div class=\"twitter-tweet twitter-tweet-rendered\"><iframe id=\"twitter-widget-1\" class=\"\" title=\"Twitter Tweet\" src=\"https:\/\/platform.twitter.com\/embed\/Tweet.html?creatorScreenName=OneFootball&#038;dnt=false&#038;embedId=twitter-widget-1&#038;features=eyJ0ZndfZXhwZXJpbWVudHNfY29va2llX2V4cGlyYXRpb24iOnsiYnVja2V0IjoxMjA5NjAwLCJ2ZXJzaW9uIjpudWxsfSwidGZ3X2hvcml6b25fdHdlZXRfZW1iZWRfOTU1NSI6eyJidWNrZXQiOiJodGUiLCJ2ZXJzaW9uIjpudWxsfX0%3D&#038;frame=false&#038;hideCard=false&#038;hideThread=true&#038;id=1380558844628242433&#038;lang=pt&#038;origin=https%3A%2F%2Fonefootball.com%2Fpt-br%2Fnoticias%2Fem-novo-formato-sul-americana-tem-fase-de-grupo-definida-confira-32749273&#038;sessionId=4b1864b2afde1671094fea96505a564cff837259&#038;siteScreenName=OneFootball&#038;theme=light&#038;widgetsVersion=1ead0c7%3A1617660954974&#038;width=550px\" frameborder=\"0\" scrolling=\"no\" allowfullscreen=\"allowfullscreen\" data-tweet-id=\"1380558844628242433\" data-mce-fragment=\"1\"><\/iframe><\/div>\n<\/div>\n<\/section>\n<section class=\"xpa-switch-article\">\n<div class=\"news-paragraph text-1\">\n<p>Por fim, o Atl\u00e9tico-GO foi sorteado no Grupo F e buscar\u00e1 a classifica\u00e7\u00e3o contra Newell\u00b4s Old Boys (ARG), Palestino (CHI) e Libertad (PAR) ou Atl\u00e9tico Nacional (COL).<\/p>\n<\/div>\n<\/section>\n<section class=\"xpa-switch-article\">\n<div class=\"twitter-component\">\n<div class=\"twitter-tweet twitter-tweet-rendered\"><iframe id=\"twitter-widget-2\" class=\"\" title=\"Twitter Tweet\" src=\"https:\/\/platform.twitter.com\/embed\/Tweet.html?creatorScreenName=OneFootball&#038;dnt=false&#038;embedId=twitter-widget-2&#038;features=eyJ0ZndfZXhwZXJpbWVudHNfY29va2llX2V4cGlyYXRpb24iOnsiYnVja2V0IjoxMjA5NjAwLCJ2ZXJzaW9uIjpudWxsfSwidGZ3X2hvcml6b25fdHdlZXRfZW1iZWRfOTU1NSI6eyJidWNrZXQiOiJodGUiLCJ2ZXJzaW9uIjpudWxsfX0%3D&#038;frame=false&#038;hideCard=false&#038;hideThread=true&#038;id=1380559168621453314&#038;lang=pt&#038;origin=https%3A%2F%2Fonefootball.com%2Fpt-br%2Fnoticias%2Fem-novo-formato-sul-americana-tem-fase-de-grupo-definida-confira-32749273&#038;sessionId=4b1864b2afde1671094fea96505a564cff837259&#038;siteScreenName=OneFootball&#038;theme=light&#038;widgetsVersion=1ead0c7%3A1617660954974&#038;width=550px\" frameborder=\"0\" scrolling=\"no\" allowfullscreen=\"allowfullscreen\" data-tweet-id=\"1380559168621453314\" data-mce-fragment=\"1\"><\/iframe><\/div>\n<\/div>\n<\/section>\n<section class=\"xpa-switch-article\">\n<div class=\"news-paragraph text-1\">\n<p>Assim como Red Bull Bragantino, que est\u00e1 na Chave G e ter\u00e1 Emelec (EQU), Deportes Tolima (COL) e Talleres (ARG) pela frente.<\/p>\n<\/div>\n<\/section>\n<section class=\"xpa-switch-article\">\n<div class=\"twitter-component\">\n<div class=\"twitter-tweet twitter-tweet-rendered\"><iframe id=\"twitter-widget-3\" class=\"\" title=\"Twitter Tweet\" src=\"https:\/\/platform.twitter.com\/embed\/Tweet.html?creatorScreenName=OneFootball&#038;dnt=false&#038;embedId=twitter-widget-3&#038;features=eyJ0ZndfZXhwZXJpbWVudHNfY29va2llX2V4cGlyYXRpb24iOnsiYnVja2V0IjoxMjA5NjAwLCJ2ZXJzaW9uIjpudWxsfSwidGZ3X2hvcml6b25fdHdlZXRfZW1iZWRfOTU1NSI6eyJidWNrZXQiOiJodGUiLCJ2ZXJzaW9uIjpudWxsfX0%3D&#038;frame=false&#038;hideCard=false&#038;hideThread=true&#038;id=1380571106432724992&#038;lang=pt&#038;origin=https%3A%2F%2Fonefootball.com%2Fpt-br%2Fnoticias%2Fem-novo-formato-sul-americana-tem-fase-de-grupo-definida-confira-32749273&#038;sessionId=4b1864b2afde1671094fea96505a564cff837259&#038;siteScreenName=OneFootball&#038;theme=light&#038;widgetsVersion=1ead0c7%3A1617660954974&#038;width=550px\" frameborder=\"0\" scrolling=\"no\" allowfullscreen=\"allowfullscreen\" data-tweet-id=\"1380571106432724992\" data-mce-fragment=\"1\"><\/iframe><\/div>\n<\/div>\n<\/section>\n<section class=\"xpa-switch-article\">\n<hr class=\"separator\" \/>\n<\/section>\n<section class=\"xpa-switch-article\">\n<div class=\"news-paragraph text-1\">\n<p><strong>Confira todos os grupos da Copa Sul-Americana:<\/strong><\/p>\n<\/div>\n<\/section>\n<section class=\"xpa-switch-article\">\n<div class=\"news-paragraph text-1\">\n<h3>Grupo A<\/h3>\n<\/div>\n<\/section>\n<section class=\"xpa-switch-article\">\n<ul class=\"of-list of-list--unordered\">\n<li class=\"text-1 of-list__item\">Rosario Central (ARG)<\/li>\n<li class=\"text-1 of-list__item\">Huachipato (CHI)<\/li>\n<li class=\"text-1 of-list__item\">12 de Octubre (PAR)<\/li>\n<li class=\"text-1 of-list__item\">Perdedor de San Lorenzo (ARG) ou Santos<\/li>\n<\/ul>\n<\/section>\n<section class=\"xpa-switch-article\">\n<div class=\"news-paragraph text-1\">\n<h3>Grupo B<\/h3>\n<\/div>\n<\/section>\n<section class=\"xpa-switch-article\">\n<ul class=\"of-list of-list--unordered\">\n<li class=\"text-1 of-list__item\">Independiente (ARG)<\/li>\n<li class=\"text-1 of-list__item\">Bahia<\/li>\n<li class=\"text-1 of-list__item\">Guabir\u00e1 (BOL)<\/li>\n<li class=\"text-1 of-list__item\">Cerro Largo (URU) ou Pe\u00f1arol (URU)<\/li>\n<\/ul>\n<\/section>\n<section class=\"xpa-switch-article\">\n<div class=\"news-paragraph text-1\">\n<h3>Grupo C<\/h3>\n<\/div>\n<\/section>\n<section class=\"xpa-switch-article\">\n<ul class=\"of-list of-list--unordered\">\n<li class=\"text-1 of-list__item\">Jorge Wilstermann (BOL)<\/li>\n<li class=\"text-1 of-list__item\">Arsenal de Sarandi (ARG)<\/li>\n<li class=\"text-1 of-list__item\">Cear\u00e1<\/li>\n<li class=\"text-1 of-list__item\">Perdedor entre Bol\u00edvar (BOL) ou Junior Barranquilla (COL)<\/li>\n<\/ul>\n<\/section>\n<section class=\"xpa-switch-article\">\n<div class=\"news-paragraph text-1\">\n<h3>Grupo D<\/h3>\n<\/div>\n<\/section>\n<section class=\"xpa-switch-article\">\n<ul class=\"of-list of-list--unordered\">\n<li class=\"text-1 of-list__item\">Athletico-PR<\/li>\n<li class=\"text-1 of-list__item\">Melgar (PER)<\/li>\n<li class=\"text-1 of-list__item\">Aucas (EQU)<\/li>\n<li class=\"text-1 of-list__item\">Metropolitanos (VEN)<\/li>\n<\/ul>\n<\/section>\n<section class=\"xpa-switch-article\">\n<div class=\"news-paragraph text-1\">\n<h3>Grupo E<\/h3>\n<\/div>\n<\/section>\n<section class=\"xpa-switch-article\">\n<ul class=\"of-list of-list--unordered\">\n<li class=\"text-1 of-list__item\">Corinthians<\/li>\n<li class=\"text-1 of-list__item\">Sport Huancayo (PER)<\/li>\n<li class=\"text-1 of-list__item\">River Plate (PAR)<\/li>\n<li class=\"text-1 of-list__item\">Montevideo City Torque (URU) ou F\u00e9nix (URU)<\/li>\n<\/ul>\n<\/section>\n<section class=\"xpa-switch-article\">\n<div class=\"news-paragraph text-1\">\n<h3>Grupo F<\/h3>\n<\/div>\n<\/section>\n<section class=\"xpa-switch-article\">\n<ul class=\"of-list of-list--unordered\">\n<li class=\"text-1 of-list__item\">Newell\u00b4s Old Boys (ARG)<\/li>\n<li class=\"text-1 of-list__item\">Palestino (CHI)<\/li>\n<li class=\"text-1 of-list__item\">Atl\u00e9tico-GO<\/li>\n<li class=\"text-1 of-list__item\">Perdedor de Libertad (PAR) ou Atl\u00e9tico Nacional (COL)<\/li>\n<\/ul>\n<\/section>\n<section class=\"xpa-switch-article\">\n<div class=\"news-paragraph text-1\">\n<h3>Grupo G<\/h3>\n<\/div>\n<\/section>\n<section class=\"xpa-switch-article\">\n<ul class=\"of-list of-list--unordered\">\n<li class=\"text-1 of-list__item\">Emelec (EQU)<\/li>\n<li class=\"text-1 of-list__item\">Deportes Tolima (COL)<\/li>\n<li class=\"text-1 of-list__item\">Talleres (ARG)<\/li>\n<li class=\"text-1 of-list__item\">Bragantino<\/li>\n<\/ul>\n<\/section>\n<section class=\"xpa-switch-article\">\n<div class=\"news-paragraph text-1\">\n<h3>Grupo H<\/h3>\n<\/div>\n<\/section>\n<section class=\"xpa-switch-article\">\n<ul class=\"of-list of-list--unordered\" style=\"text-align: justify;\">\n<li class=\"text-1 of-list__item\">Lan\u00fas (ARG)<\/li>\n<li class=\"text-1 of-list__item\">La Equidad (COL)<\/li>\n<li class=\"text-1 of-list__item\">Aragu\u00e1 (VEN)<\/li>\n<li class=\"text-1 of-list__item\">Perdedor de Independiente Del Valle (EQU) ou Gr\u00eamio<\/li>\n<\/ul>\n<p style=\"text-align: justify;\">Por Onefootball<\/p>\n<\/section>\n","protected":false},"excerpt":{"rendered":"<p>A Copa Sul-Americana est\u00e1 com um novo formato. Pela primeira vez apostando em uma fase de grupos, a competi\u00e7\u00e3o teve suas chaves definidas em sorteio realizado na sede da Conmebol, em Luque, no Paraguai, nesta sexta-feira (09). E \u00e9 importante ressaltar: apenas os campe\u00f5es de cada chave avan\u00e7am \u00e0 fase de oitavas de final. O &hellip;<\/p>\n","protected":false},"author":2,"featured_media":32310,"comment_status":"open","ping_status":"open","sticky":false,"template":"","format":"standard","meta":{"content-type":"","rop_custom_images_group":[],"rop_custom_messages_group":[],"rop_publish_now":"initial","rop_publish_now_accounts":{"facebook_2648258775420054_1618374048415101":""},"rop_publish_now_history":[],"rop_publish_now_status":"pending","footnotes":"","_jetpack_memberships_contains_paid_content":false},"categories":[113,108,118],"tags":[934,10877,10878,10523,8232],"yoast_head":"<!-- This site is optimized with the Yoast SEO plugin v22.3 - https:\/\/yoast.com\/wordpress\/plugins\/seo\/ -->\n<title>Em novo formato, Sul-Americana tem fase de grupo definida; confira<\/title>\n<meta name=\"robots\" content=\"index, follow, max-snippet:-1, max-image-preview:large, max-video-preview:-1\" \/>\n<link rel=\"canonical\" href=\"https:\/\/portalnpm.com\/index.php\/2021\/04\/09\/em-novo-formato-sul-americana-tem-fase-de-grupo-definida-confira\/\" \/>\n<meta property=\"og:locale\" content=\"pt_BR\" \/>\n<meta property=\"og:type\" content=\"article\" \/>\n<meta property=\"og:title\" content=\"Em novo formato, Sul-Americana tem fase de grupo definida; confira\" \/>\n<meta property=\"og:description\" content=\"A Copa Sul-Americana est\u00e1 com um novo formato. Pela primeira vez apostando em uma fase de grupos, a competi\u00e7\u00e3o teve suas chaves definidas em sorteio realizado na sede da Conmebol, em Luque, no Paraguai, nesta sexta-feira (09). E \u00e9 importante ressaltar: apenas os campe\u00f5es de cada chave avan\u00e7am \u00e0 fase de oitavas de final. O &hellip;\" \/>\n<meta property=\"og:url\" content=\"https:\/\/portalnpm.com\/index.php\/2021\/04\/09\/em-novo-formato-sul-americana-tem-fase-de-grupo-definida-confira\/\" \/>\n<meta property=\"og:site_name\" content=\"Portal NPM\" \/>\n<meta property=\"article:published_time\" content=\"2021-04-09T21:27:31+00:00\" \/>\n<meta name=\"author\" content=\"Genival Barbosa\" \/>\n<meta name=\"twitter:card\" content=\"summary_large_image\" \/>\n<meta name=\"twitter:label1\" content=\"Escrito por\" \/>\n\t<meta name=\"twitter:data1\" content=\"Genival Barbosa\" \/>\n\t<meta name=\"twitter:label2\" content=\"Est. tempo de leitura\" \/>\n\t<meta name=\"twitter:data2\" content=\"2 minutos\" \/>\n<script type=\"application\/ld+json\" class=\"yoast-schema-graph\">{\"@context\":\"https:\/\/schema.org\",\"@graph\":[{\"@type\":\"WebPage\",\"@id\":\"https:\/\/portalnpm.com\/index.php\/2021\/04\/09\/em-novo-formato-sul-americana-tem-fase-de-grupo-definida-confira\/\",\"url\":\"https:\/\/portalnpm.com\/index.php\/2021\/04\/09\/em-novo-formato-sul-americana-tem-fase-de-grupo-definida-confira\/\",\"name\":\"Em novo formato, Sul-Americana tem fase de grupo definida; confira\",\"isPartOf\":{\"@id\":\"https:\/\/portalnpm.com\/#website\"},\"primaryImageOfPage\":{\"@id\":\"https:\/\/portalnpm.com\/index.php\/2021\/04\/09\/em-novo-formato-sul-americana-tem-fase-de-grupo-definida-confira\/#primaryimage\"},\"image\":{\"@id\":\"https:\/\/portalnpm.com\/index.php\/2021\/04\/09\/em-novo-formato-sul-americana-tem-fase-de-grupo-definida-confira\/#primaryimage\"},\"thumbnailUrl\":\"\",\"datePublished\":\"2021-04-09T21:27:31+00:00\",\"dateModified\":\"2021-04-09T21:27:31+00:00\",\"author\":{\"@id\":\"https:\/\/portalnpm.com\/#\/schema\/person\/49313e563cfdefcc167f1ee4c017c294\"},\"breadcrumb\":{\"@id\":\"https:\/\/portalnpm.com\/index.php\/2021\/04\/09\/em-novo-formato-sul-americana-tem-fase-de-grupo-definida-confira\/#breadcrumb\"},\"inLanguage\":\"pt-BR\",\"potentialAction\":[{\"@type\":\"ReadAction\",\"target\":[\"https:\/\/portalnpm.com\/index.php\/2021\/04\/09\/em-novo-formato-sul-americana-tem-fase-de-grupo-definida-confira\/\"]}]},{\"@type\":\"ImageObject\",\"inLanguage\":\"pt-BR\",\"@id\":\"https:\/\/portalnpm.com\/index.php\/2021\/04\/09\/em-novo-formato-sul-americana-tem-fase-de-grupo-definida-confira\/#primaryimage\",\"url\":\"\",\"contentUrl\":\"\"},{\"@type\":\"BreadcrumbList\",\"@id\":\"https:\/\/portalnpm.com\/index.php\/2021\/04\/09\/em-novo-formato-sul-americana-tem-fase-de-grupo-definida-confira\/#breadcrumb\",\"itemListElement\":[{\"@type\":\"ListItem\",\"position\":1,\"name\":\"In\u00edcio\",\"item\":\"https:\/\/portalnpm.com\/\"},{\"@type\":\"ListItem\",\"position\":2,\"name\":\"Em novo formato, Sul-Americana tem fase de grupo definida; confira\"}]},{\"@type\":\"WebSite\",\"@id\":\"https:\/\/portalnpm.com\/#website\",\"url\":\"https:\/\/portalnpm.com\/\",\"name\":\"Portal NPM\",\"description\":\"Not\u00edcias em Primeira M\u00e3o\",\"potentialAction\":[{\"@type\":\"SearchAction\",\"target\":{\"@type\":\"EntryPoint\",\"urlTemplate\":\"https:\/\/portalnpm.com\/?s={search_term_string}\"},\"query-input\":\"required name=search_term_string\"}],\"inLanguage\":\"pt-BR\"},{\"@type\":\"Person\",\"@id\":\"https:\/\/portalnpm.com\/#\/schema\/person\/49313e563cfdefcc167f1ee4c017c294\",\"name\":\"Genival Barbosa\",\"image\":{\"@type\":\"ImageObject\",\"inLanguage\":\"pt-BR\",\"@id\":\"https:\/\/portalnpm.com\/#\/schema\/person\/image\/\",\"url\":\"https:\/\/portalnpm.com\/wp-content\/uploads\/2024\/02\/avatar_user_2_1707743258-96x96.jpeg\",\"contentUrl\":\"https:\/\/portalnpm.com\/wp-content\/uploads\/2024\/02\/avatar_user_2_1707743258-96x96.jpeg\",\"caption\":\"Genival Barbosa\"},\"url\":\"https:\/\/portalnpm.com\/index.php\/author\/genival\/\"}]}<\/script>\n<!-- \/ Yoast SEO plugin. -->","yoast_head_json":{"title":"Em novo formato, Sul-Americana tem fase de grupo definida; confira","robots":{"index":"index","follow":"follow","max-snippet":"max-snippet:-1","max-image-preview":"max-image-preview:large","max-video-preview":"max-video-preview:-1"},"canonical":"https:\/\/portalnpm.com\/index.php\/2021\/04\/09\/em-novo-formato-sul-americana-tem-fase-de-grupo-definida-confira\/","og_locale":"pt_BR","og_type":"article","og_title":"Em novo formato, Sul-Americana tem fase de grupo definida; confira","og_description":"A Copa Sul-Americana est\u00e1 com um novo formato. Pela primeira vez apostando em uma fase de grupos, a competi\u00e7\u00e3o teve suas chaves definidas em sorteio realizado na sede da Conmebol, em Luque, no Paraguai, nesta sexta-feira (09). E \u00e9 importante ressaltar: apenas os campe\u00f5es de cada chave avan\u00e7am \u00e0 fase de oitavas de final. O &hellip;","og_url":"https:\/\/portalnpm.com\/index.php\/2021\/04\/09\/em-novo-formato-sul-americana-tem-fase-de-grupo-definida-confira\/","og_site_name":"Portal NPM","article_published_time":"2021-04-09T21:27:31+00:00","author":"Genival Barbosa","twitter_card":"summary_large_image","twitter_misc":{"Escrito por":"Genival Barbosa","Est. tempo de leitura":"2 minutos"},"schema":{"@context":"https:\/\/schema.org","@graph":[{"@type":"WebPage","@id":"https:\/\/portalnpm.com\/index.php\/2021\/04\/09\/em-novo-formato-sul-americana-tem-fase-de-grupo-definida-confira\/","url":"https:\/\/portalnpm.com\/index.php\/2021\/04\/09\/em-novo-formato-sul-americana-tem-fase-de-grupo-definida-confira\/","name":"Em novo formato, Sul-Americana tem fase de grupo definida; confira","isPartOf":{"@id":"https:\/\/portalnpm.com\/#website"},"primaryImageOfPage":{"@id":"https:\/\/portalnpm.com\/index.php\/2021\/04\/09\/em-novo-formato-sul-americana-tem-fase-de-grupo-definida-confira\/#primaryimage"},"image":{"@id":"https:\/\/portalnpm.com\/index.php\/2021\/04\/09\/em-novo-formato-sul-americana-tem-fase-de-grupo-definida-confira\/#primaryimage"},"thumbnailUrl":"","datePublished":"2021-04-09T21:27:31+00:00","dateModified":"2021-04-09T21:27:31+00:00","author":{"@id":"https:\/\/portalnpm.com\/#\/schema\/person\/49313e563cfdefcc167f1ee4c017c294"},"breadcrumb":{"@id":"https:\/\/portalnpm.com\/index.php\/2021\/04\/09\/em-novo-formato-sul-americana-tem-fase-de-grupo-definida-confira\/#breadcrumb"},"inLanguage":"pt-BR","potentialAction":[{"@type":"ReadAction","target":["https:\/\/portalnpm.com\/index.php\/2021\/04\/09\/em-novo-formato-sul-americana-tem-fase-de-grupo-definida-confira\/"]}]},{"@type":"ImageObject","inLanguage":"pt-BR","@id":"https:\/\/portalnpm.com\/index.php\/2021\/04\/09\/em-novo-formato-sul-americana-tem-fase-de-grupo-definida-confira\/#primaryimage","url":"","contentUrl":""},{"@type":"BreadcrumbList","@id":"https:\/\/portalnpm.com\/index.php\/2021\/04\/09\/em-novo-formato-sul-americana-tem-fase-de-grupo-definida-confira\/#breadcrumb","itemListElement":[{"@type":"ListItem","position":1,"name":"In\u00edcio","item":"https:\/\/portalnpm.com\/"},{"@type":"ListItem","position":2,"name":"Em novo formato, Sul-Americana tem fase de grupo definida; confira"}]},{"@type":"WebSite","@id":"https:\/\/portalnpm.com\/#website","url":"https:\/\/portalnpm.com\/","name":"Portal NPM","description":"Not\u00edcias em Primeira M\u00e3o","potentialAction":[{"@type":"SearchAction","target":{"@type":"EntryPoint","urlTemplate":"https:\/\/portalnpm.com\/?s={search_term_string}"},"query-input":"required name=search_term_string"}],"inLanguage":"pt-BR"},{"@type":"Person","@id":"https:\/\/portalnpm.com\/#\/schema\/person\/49313e563cfdefcc167f1ee4c017c294","name":"Genival Barbosa","image":{"@type":"ImageObject","inLanguage":"pt-BR","@id":"https:\/\/portalnpm.com\/#\/schema\/person\/image\/","url":"https:\/\/portalnpm.com\/wp-content\/uploads\/2024\/02\/avatar_user_2_1707743258-96x96.jpeg","contentUrl":"https:\/\/portalnpm.com\/wp-content\/uploads\/2024\/02\/avatar_user_2_1707743258-96x96.jpeg","caption":"Genival Barbosa"},"url":"https:\/\/portalnpm.com\/index.php\/author\/genival\/"}]}},"jetpack_sharing_enabled":true,"jetpack_featured_media_url":"","_links":{"self":[{"href":"https:\/\/portalnpm.com\/index.php\/wp-json\/wp\/v2\/posts\/64072"}],"collection":[{"href":"https:\/\/portalnpm.com\/index.php\/wp-json\/wp\/v2\/posts"}],"about":[{"href":"https:\/\/portalnpm.com\/index.php\/wp-json\/wp\/v2\/types\/post"}],"author":[{"embeddable":true,"href":"https:\/\/portalnpm.com\/index.php\/wp-json\/wp\/v2\/users\/2"}],"replies":[{"embeddable":true,"href":"https:\/\/portalnpm.com\/index.php\/wp-json\/wp\/v2\/comments?post=64072"}],"version-history":[{"count":0,"href":"https:\/\/portalnpm.com\/index.php\/wp-json\/wp\/v2\/posts\/64072\/revisions"}],"wp:featuredmedia":[{"embeddable":true,"href":"https:\/\/portalnpm.com\/index.php\/wp-json\/"}],"wp:attachment":[{"href":"https:\/\/portalnpm.com\/index.php\/wp-json\/wp\/v2\/media?parent=64072"}],"wp:term":[{"taxonomy":"category","embeddable":true,"href":"https:\/\/portalnpm.com\/index.php\/wp-json\/wp\/v2\/categories?post=64072"},{"taxonomy":"post_tag","embeddable":true,"href":"https:\/\/portalnpm.com\/index.php\/wp-json\/wp\/v2\/tags?post=64072"}],"curies":[{"name":"wp","href":"https:\/\/api.w.org\/{rel}","templated":true}]}}