{"id":64076,"date":"2021-04-10T14:01:22","date_gmt":"2021-04-10T17:01:22","guid":{"rendered":"https:\/\/portalnpm.com\/index.php\/2021\/04\/10\/fim-de-inverno-previsao-apontas-chuvas-abaixo-da-media-em-abril-na-regiao-de-picos\/"},"modified":"2021-04-10T14:01:22","modified_gmt":"2021-04-10T17:01:22","slug":"fim-de-inverno-previsao-apontas-chuvas-abaixo-da-media-em-abril-na-regiao-de-picos","status":"publish","type":"post","link":"https:\/\/portalnpm.com\/index.php\/2021\/04\/10\/fim-de-inverno-previsao-apontas-chuvas-abaixo-da-media-em-abril-na-regiao-de-picos\/","title":{"rendered":"Fim de inverno | Previs\u00e3o apontas chuvas abaixo da m\u00e9dia em abril na regi\u00e3o de Picos"},"content":{"rendered":"<p class=\"texto-justificado\" style=\"text-align: justify;\">Com a aproxima\u00e7\u00e3o do fim do per\u00edodo chuvoso, a previs\u00e3o meteorol\u00f3gica vem apontando chuvas abaixo da m\u00e9dia na regi\u00e3o de Picos neste m\u00eas de abril. A meteorologia sinaliza, ap\u00f3s o dia 12, uma mudan\u00e7a nas condi\u00e7\u00f5es do c\u00e9u, tendo uma maior cobertura de nuvens que possivelmente pode gerar alguma chuva.<\/p>\n<p style=\"text-align: justify;\">\n<p class=\"texto-justificado\" style=\"text-align: justify;\">O climatologista Werton Costa informou que na segunda quinzena de abril poder\u00e1 ter chuvas moderadas em alguns lugares da regi\u00e3o de Picos para fechar o ciclo chuvoso dessa quadra, que s\u00e3o os meses de janeiro, fevereiro, mar\u00e7o e abril.<\/p>\n<p class=\"texto-justificado\" style=\"text-align: justify;\">Werton explicou ainda que o per\u00edodo chuvoso deste ano est\u00e1 marcado por uma profunda irregularidade, na qual os volumes de \u00e1gua ficaram abaixo do esperado, como tamb\u00e9m a desigualdade na distribui\u00e7\u00e3o das chuvas. \u201cEssa condi\u00e7\u00e3o de regularidade, que foi mais sentida na pr\u00e9-esta\u00e7\u00e3o, principalmente nos meses de novembro, dezembro e janeiro, ela foi resultante de uma condi\u00e7\u00e3o t\u00e9rmica do Oceano Atl\u00e2ntico, que se comportou de forma diferente com \u00e1guas mais frias\u201d, disse.<\/p>\n<p class=\"texto-justificado\" style=\"text-align: justify;\">O climatologista declarou ainda que as \u00e1guas mais frias do mar prejudicaram a forma\u00e7\u00e3o das nuvens que deveriam entrar no Nordeste, atuando como uma esp\u00e9cie de bloqueio, desviando as chuvas para a faixa amaz\u00f4nica.<\/p>\n<p style=\"text-align: justify;\"><strong>Fonte: Riach\u00e3o Net<\/strong><\/p>\n","protected":false},"excerpt":{"rendered":"<p>Com a aproxima\u00e7\u00e3o do fim do per\u00edodo chuvoso, a previs\u00e3o meteorol\u00f3gica vem apontando chuvas abaixo da m\u00e9dia na regi\u00e3o de Picos neste m\u00eas de abril. A meteorologia sinaliza, ap\u00f3s o dia 12, uma mudan\u00e7a nas condi\u00e7\u00f5es do c\u00e9u, tendo uma maior cobertura de nuvens que possivelmente pode gerar alguma chuva. O climatologista Werton Costa informou &hellip;<\/p>\n","protected":false},"author":2,"featured_media":64077,"comment_status":"open","ping_status":"open","sticky":false,"template":"","format":"standard","meta":{"content-type":"","rop_custom_images_group":[],"rop_custom_messages_group":[],"rop_publish_now":"initial","rop_publish_now_accounts":{"facebook_2648258775420054_1618374048415101":""},"rop_publish_now_history":[],"rop_publish_now_status":"pending","footnotes":"","_jetpack_memberships_contains_paid_content":false},"categories":[125],"tags":[10885,187],"yoast_head":"<!-- This site is optimized with the Yoast SEO plugin v22.3 - https:\/\/yoast.com\/wordpress\/plugins\/seo\/ -->\n<title>Fim de inverno | Previs\u00e3o apontas chuvas abaixo da m\u00e9dia em abril na regi\u00e3o de Picos<\/title>\n<meta name=\"robots\" content=\"index, follow, max-snippet:-1, max-image-preview:large, max-video-preview:-1\" \/>\n<link rel=\"canonical\" href=\"https:\/\/portalnpm.com\/index.php\/2021\/04\/10\/fim-de-inverno-previsao-apontas-chuvas-abaixo-da-media-em-abril-na-regiao-de-picos\/\" \/>\n<meta property=\"og:locale\" content=\"pt_BR\" \/>\n<meta property=\"og:type\" content=\"article\" \/>\n<meta property=\"og:title\" content=\"Fim de inverno | Previs\u00e3o apontas chuvas abaixo da m\u00e9dia em abril na regi\u00e3o de Picos\" \/>\n<meta property=\"og:description\" content=\"Com a aproxima\u00e7\u00e3o do fim do per\u00edodo chuvoso, a previs\u00e3o meteorol\u00f3gica vem apontando chuvas abaixo da m\u00e9dia na regi\u00e3o de Picos neste m\u00eas de abril. A meteorologia sinaliza, ap\u00f3s o dia 12, uma mudan\u00e7a nas condi\u00e7\u00f5es do c\u00e9u, tendo uma maior cobertura de nuvens que possivelmente pode gerar alguma chuva. O climatologista Werton Costa informou &hellip;\" \/>\n<meta property=\"og:url\" content=\"https:\/\/portalnpm.com\/index.php\/2021\/04\/10\/fim-de-inverno-previsao-apontas-chuvas-abaixo-da-media-em-abril-na-regiao-de-picos\/\" \/>\n<meta property=\"og:site_name\" content=\"Portal NPM\" \/>\n<meta property=\"article:published_time\" content=\"2021-04-10T17:01:22+00:00\" \/>\n<meta property=\"og:image\" content=\"https:\/\/portalnpm.com\/wp-content\/uploads\/2024\/01\/chuva_temporal__26042017135332.jpg\" \/>\n\t<meta property=\"og:image:width\" content=\"640\" \/>\n\t<meta property=\"og:image:height\" content=\"423\" \/>\n\t<meta property=\"og:image:type\" content=\"image\/jpeg\" \/>\n<meta name=\"author\" content=\"Genival Barbosa\" \/>\n<meta name=\"twitter:card\" content=\"summary_large_image\" \/>\n<meta name=\"twitter:label1\" content=\"Escrito por\" \/>\n\t<meta name=\"twitter:data1\" content=\"Genival Barbosa\" \/>\n\t<meta name=\"twitter:label2\" content=\"Est. tempo de leitura\" \/>\n\t<meta name=\"twitter:data2\" content=\"1 minuto\" \/>\n<script type=\"application\/ld+json\" class=\"yoast-schema-graph\">{\"@context\":\"https:\/\/schema.org\",\"@graph\":[{\"@type\":\"WebPage\",\"@id\":\"https:\/\/portalnpm.com\/index.php\/2021\/04\/10\/fim-de-inverno-previsao-apontas-chuvas-abaixo-da-media-em-abril-na-regiao-de-picos\/\",\"url\":\"https:\/\/portalnpm.com\/index.php\/2021\/04\/10\/fim-de-inverno-previsao-apontas-chuvas-abaixo-da-media-em-abril-na-regiao-de-picos\/\",\"name\":\"Fim de inverno | Previs\u00e3o apontas chuvas abaixo da m\u00e9dia em abril na regi\u00e3o de Picos\",\"isPartOf\":{\"@id\":\"https:\/\/portalnpm.com\/#website\"},\"primaryImageOfPage\":{\"@id\":\"https:\/\/portalnpm.com\/index.php\/2021\/04\/10\/fim-de-inverno-previsao-apontas-chuvas-abaixo-da-media-em-abril-na-regiao-de-picos\/#primaryimage\"},\"image\":{\"@id\":\"https:\/\/portalnpm.com\/index.php\/2021\/04\/10\/fim-de-inverno-previsao-apontas-chuvas-abaixo-da-media-em-abril-na-regiao-de-picos\/#primaryimage\"},\"thumbnailUrl\":\"https:\/\/portalnpm.com\/wp-content\/uploads\/2024\/01\/chuva_temporal__26042017135332.jpg\",\"datePublished\":\"2021-04-10T17:01:22+00:00\",\"dateModified\":\"2021-04-10T17:01:22+00:00\",\"author\":{\"@id\":\"https:\/\/portalnpm.com\/#\/schema\/person\/49313e563cfdefcc167f1ee4c017c294\"},\"breadcrumb\":{\"@id\":\"https:\/\/portalnpm.com\/index.php\/2021\/04\/10\/fim-de-inverno-previsao-apontas-chuvas-abaixo-da-media-em-abril-na-regiao-de-picos\/#breadcrumb\"},\"inLanguage\":\"pt-BR\",\"potentialAction\":[{\"@type\":\"ReadAction\",\"target\":[\"https:\/\/portalnpm.com\/index.php\/2021\/04\/10\/fim-de-inverno-previsao-apontas-chuvas-abaixo-da-media-em-abril-na-regiao-de-picos\/\"]}]},{\"@type\":\"ImageObject\",\"inLanguage\":\"pt-BR\",\"@id\":\"https:\/\/portalnpm.com\/index.php\/2021\/04\/10\/fim-de-inverno-previsao-apontas-chuvas-abaixo-da-media-em-abril-na-regiao-de-picos\/#primaryimage\",\"url\":\"https:\/\/portalnpm.com\/wp-content\/uploads\/2024\/01\/chuva_temporal__26042017135332.jpg\",\"contentUrl\":\"https:\/\/portalnpm.com\/wp-content\/uploads\/2024\/01\/chuva_temporal__26042017135332.jpg\",\"width\":640,\"height\":423},{\"@type\":\"BreadcrumbList\",\"@id\":\"https:\/\/portalnpm.com\/index.php\/2021\/04\/10\/fim-de-inverno-previsao-apontas-chuvas-abaixo-da-media-em-abril-na-regiao-de-picos\/#breadcrumb\",\"itemListElement\":[{\"@type\":\"ListItem\",\"position\":1,\"name\":\"In\u00edcio\",\"item\":\"https:\/\/portalnpm.com\/\"},{\"@type\":\"ListItem\",\"position\":2,\"name\":\"Fim de inverno | Previs\u00e3o apontas chuvas abaixo da m\u00e9dia em abril na regi\u00e3o de Picos\"}]},{\"@type\":\"WebSite\",\"@id\":\"https:\/\/portalnpm.com\/#website\",\"url\":\"https:\/\/portalnpm.com\/\",\"name\":\"Portal NPM\",\"description\":\"Not\u00edcias em Primeira M\u00e3o\",\"potentialAction\":[{\"@type\":\"SearchAction\",\"target\":{\"@type\":\"EntryPoint\",\"urlTemplate\":\"https:\/\/portalnpm.com\/?s={search_term_string}\"},\"query-input\":\"required name=search_term_string\"}],\"inLanguage\":\"pt-BR\"},{\"@type\":\"Person\",\"@id\":\"https:\/\/portalnpm.com\/#\/schema\/person\/49313e563cfdefcc167f1ee4c017c294\",\"name\":\"Genival Barbosa\",\"image\":{\"@type\":\"ImageObject\",\"inLanguage\":\"pt-BR\",\"@id\":\"https:\/\/portalnpm.com\/#\/schema\/person\/image\/\",\"url\":\"https:\/\/portalnpm.com\/wp-content\/uploads\/2024\/02\/avatar_user_2_1707743258-96x96.jpeg\",\"contentUrl\":\"https:\/\/portalnpm.com\/wp-content\/uploads\/2024\/02\/avatar_user_2_1707743258-96x96.jpeg\",\"caption\":\"Genival Barbosa\"},\"url\":\"https:\/\/portalnpm.com\/index.php\/author\/genival\/\"}]}<\/script>\n<!-- \/ Yoast SEO plugin. -->","yoast_head_json":{"title":"Fim de inverno | Previs\u00e3o apontas chuvas abaixo da m\u00e9dia em abril na regi\u00e3o de Picos","robots":{"index":"index","follow":"follow","max-snippet":"max-snippet:-1","max-image-preview":"max-image-preview:large","max-video-preview":"max-video-preview:-1"},"canonical":"https:\/\/portalnpm.com\/index.php\/2021\/04\/10\/fim-de-inverno-previsao-apontas-chuvas-abaixo-da-media-em-abril-na-regiao-de-picos\/","og_locale":"pt_BR","og_type":"article","og_title":"Fim de inverno | Previs\u00e3o apontas chuvas abaixo da m\u00e9dia em abril na regi\u00e3o de Picos","og_description":"Com a aproxima\u00e7\u00e3o do fim do per\u00edodo chuvoso, a previs\u00e3o meteorol\u00f3gica vem apontando chuvas abaixo da m\u00e9dia na regi\u00e3o de Picos neste m\u00eas de abril. A meteorologia sinaliza, ap\u00f3s o dia 12, uma mudan\u00e7a nas condi\u00e7\u00f5es do c\u00e9u, tendo uma maior cobertura de nuvens que possivelmente pode gerar alguma chuva. O climatologista Werton Costa informou &hellip;","og_url":"https:\/\/portalnpm.com\/index.php\/2021\/04\/10\/fim-de-inverno-previsao-apontas-chuvas-abaixo-da-media-em-abril-na-regiao-de-picos\/","og_site_name":"Portal NPM","article_published_time":"2021-04-10T17:01:22+00:00","og_image":[{"width":640,"height":423,"url":"https:\/\/portalnpm.com\/wp-content\/uploads\/2024\/01\/chuva_temporal__26042017135332.jpg","type":"image\/jpeg"}],"author":"Genival Barbosa","twitter_card":"summary_large_image","twitter_misc":{"Escrito por":"Genival Barbosa","Est. tempo de leitura":"1 minuto"},"schema":{"@context":"https:\/\/schema.org","@graph":[{"@type":"WebPage","@id":"https:\/\/portalnpm.com\/index.php\/2021\/04\/10\/fim-de-inverno-previsao-apontas-chuvas-abaixo-da-media-em-abril-na-regiao-de-picos\/","url":"https:\/\/portalnpm.com\/index.php\/2021\/04\/10\/fim-de-inverno-previsao-apontas-chuvas-abaixo-da-media-em-abril-na-regiao-de-picos\/","name":"Fim de inverno | Previs\u00e3o apontas chuvas abaixo da m\u00e9dia em abril na regi\u00e3o de Picos","isPartOf":{"@id":"https:\/\/portalnpm.com\/#website"},"primaryImageOfPage":{"@id":"https:\/\/portalnpm.com\/index.php\/2021\/04\/10\/fim-de-inverno-previsao-apontas-chuvas-abaixo-da-media-em-abril-na-regiao-de-picos\/#primaryimage"},"image":{"@id":"https:\/\/portalnpm.com\/index.php\/2021\/04\/10\/fim-de-inverno-previsao-apontas-chuvas-abaixo-da-media-em-abril-na-regiao-de-picos\/#primaryimage"},"thumbnailUrl":"https:\/\/portalnpm.com\/wp-content\/uploads\/2024\/01\/chuva_temporal__26042017135332.jpg","datePublished":"2021-04-10T17:01:22+00:00","dateModified":"2021-04-10T17:01:22+00:00","author":{"@id":"https:\/\/portalnpm.com\/#\/schema\/person\/49313e563cfdefcc167f1ee4c017c294"},"breadcrumb":{"@id":"https:\/\/portalnpm.com\/index.php\/2021\/04\/10\/fim-de-inverno-previsao-apontas-chuvas-abaixo-da-media-em-abril-na-regiao-de-picos\/#breadcrumb"},"inLanguage":"pt-BR","potentialAction":[{"@type":"ReadAction","target":["https:\/\/portalnpm.com\/index.php\/2021\/04\/10\/fim-de-inverno-previsao-apontas-chuvas-abaixo-da-media-em-abril-na-regiao-de-picos\/"]}]},{"@type":"ImageObject","inLanguage":"pt-BR","@id":"https:\/\/portalnpm.com\/index.php\/2021\/04\/10\/fim-de-inverno-previsao-apontas-chuvas-abaixo-da-media-em-abril-na-regiao-de-picos\/#primaryimage","url":"https:\/\/portalnpm.com\/wp-content\/uploads\/2024\/01\/chuva_temporal__26042017135332.jpg","contentUrl":"https:\/\/portalnpm.com\/wp-content\/uploads\/2024\/01\/chuva_temporal__26042017135332.jpg","width":640,"height":423},{"@type":"BreadcrumbList","@id":"https:\/\/portalnpm.com\/index.php\/2021\/04\/10\/fim-de-inverno-previsao-apontas-chuvas-abaixo-da-media-em-abril-na-regiao-de-picos\/#breadcrumb","itemListElement":[{"@type":"ListItem","position":1,"name":"In\u00edcio","item":"https:\/\/portalnpm.com\/"},{"@type":"ListItem","position":2,"name":"Fim de inverno | Previs\u00e3o apontas chuvas abaixo da m\u00e9dia em abril na regi\u00e3o de Picos"}]},{"@type":"WebSite","@id":"https:\/\/portalnpm.com\/#website","url":"https:\/\/portalnpm.com\/","name":"Portal NPM","description":"Not\u00edcias em Primeira M\u00e3o","potentialAction":[{"@type":"SearchAction","target":{"@type":"EntryPoint","urlTemplate":"https:\/\/portalnpm.com\/?s={search_term_string}"},"query-input":"required name=search_term_string"}],"inLanguage":"pt-BR"},{"@type":"Person","@id":"https:\/\/portalnpm.com\/#\/schema\/person\/49313e563cfdefcc167f1ee4c017c294","name":"Genival Barbosa","image":{"@type":"ImageObject","inLanguage":"pt-BR","@id":"https:\/\/portalnpm.com\/#\/schema\/person\/image\/","url":"https:\/\/portalnpm.com\/wp-content\/uploads\/2024\/02\/avatar_user_2_1707743258-96x96.jpeg","contentUrl":"https:\/\/portalnpm.com\/wp-content\/uploads\/2024\/02\/avatar_user_2_1707743258-96x96.jpeg","caption":"Genival Barbosa"},"url":"https:\/\/portalnpm.com\/index.php\/author\/genival\/"}]}},"jetpack_sharing_enabled":true,"jetpack_featured_media_url":"https:\/\/portalnpm.com\/wp-content\/uploads\/2024\/01\/chuva_temporal__26042017135332.jpg","_links":{"self":[{"href":"https:\/\/portalnpm.com\/index.php\/wp-json\/wp\/v2\/posts\/64076"}],"collection":[{"href":"https:\/\/portalnpm.com\/index.php\/wp-json\/wp\/v2\/posts"}],"about":[{"href":"https:\/\/portalnpm.com\/index.php\/wp-json\/wp\/v2\/types\/post"}],"author":[{"embeddable":true,"href":"https:\/\/portalnpm.com\/index.php\/wp-json\/wp\/v2\/users\/2"}],"replies":[{"embeddable":true,"href":"https:\/\/portalnpm.com\/index.php\/wp-json\/wp\/v2\/comments?post=64076"}],"version-history":[{"count":0,"href":"https:\/\/portalnpm.com\/index.php\/wp-json\/wp\/v2\/posts\/64076\/revisions"}],"wp:featuredmedia":[{"embeddable":true,"href":"https:\/\/portalnpm.com\/index.php\/wp-json\/wp\/v2\/media\/64077"}],"wp:attachment":[{"href":"https:\/\/portalnpm.com\/index.php\/wp-json\/wp\/v2\/media?parent=64076"}],"wp:term":[{"taxonomy":"category","embeddable":true,"href":"https:\/\/portalnpm.com\/index.php\/wp-json\/wp\/v2\/categories?post=64076"},{"taxonomy":"post_tag","embeddable":true,"href":"https:\/\/portalnpm.com\/index.php\/wp-json\/wp\/v2\/tags?post=64076"}],"curies":[{"name":"wp","href":"https:\/\/api.w.org\/{rel}","templated":true}]}}