{"id":64081,"date":"2021-04-10T14:19:21","date_gmt":"2021-04-10T17:19:21","guid":{"rendered":"https:\/\/portalnpm.com\/index.php\/2021\/04\/10\/francisco-limma-cita-dois-criterios-para-definir-o-candidato-da-base-governista-em-2022\/"},"modified":"2021-04-10T14:19:21","modified_gmt":"2021-04-10T17:19:21","slug":"francisco-limma-cita-dois-criterios-para-definir-o-candidato-da-base-governista-em-2022","status":"publish","type":"post","link":"https:\/\/portalnpm.com\/index.php\/2021\/04\/10\/francisco-limma-cita-dois-criterios-para-definir-o-candidato-da-base-governista-em-2022\/","title":{"rendered":"Francisco Limma cita dois crit\u00e9rios para definir o candidato da base governista em 2022"},"content":{"rendered":"<p style=\"text-align: justify;\">O presidente estadual do PT, deputado Francisco Limma, afirma que a base governista dever\u00e1 utilizar dois crit\u00e9rios para a escolha do candidato \u00e0 sucess\u00e3o do governador Wellington Dias (PT), em 2022. O grupo de partidos analisar\u00e1 o nome capaz de unir as lideran\u00e7as e o desempenho nas pesquisas eleitorais.<\/p>\n<p style=\"text-align: justify;\">\n<p style=\"text-align: justify;\">Segundo ele, o nome do secret\u00e1rio de Fazenda, Rafael Fonteles, n\u00e3o seria o \u00fanico do PT. Limma afirma que a legenda n\u00e3o descarta a vice-governadora, Regina Sousa, que pode assumir o governo, caso Wellington Dias renuncie para ser candidato ao Senado.<\/p>\n<p style=\"text-align: justify;\">\u201cO PT tem nomes que coloca \u00e0 disposi\u00e7\u00e3o para o debate com outros partidos. No atual sistema partid\u00e1rio, nenhum partido consegue \u00eaxito sozinho. Temos essa compreens\u00e3o. O bloco de partidos da base do governo tem nomes e o PT tamb\u00e9m tem.\u00a0 Se a vice-governadora assumir o governo, ela passa a ser um nome, mesmo ela afirmando que n\u00e3o gostaria, ela \u00e9 um nome. Temos o nome do Rafael Fonteles, que \u00e9 jovem, empres\u00e1rio e secret\u00e1rio da Fazenda\u201d, destaca.<\/p>\n<p style=\"text-align: justify;\">Apesar do partido ter nomes, Limma diz ser preciso ouvir as demais siglas da base. \u201cO PT tem nomes para apresentar na discuss\u00e3o com os outros partidos. Quem \u00e9 o grande juiz \u00e9 o povo. \u00c9 preciso que o nome tenha viabilidade. Isso se afere por meio de entendimentos com as lideran\u00e7as e pesquisa com a opini\u00e3o p\u00fablica\u201d, disse.<\/p>\n<p style=\"text-align: justify;\"><strong>Discuss\u00e3o proporcional<\/strong><\/p>\n<p style=\"text-align: justify;\">O PT \u00e9 contra a possibilidade do Congresso Nacional aprovar o chamado Distrit\u00e3o para a elei\u00e7\u00e3o proporcional. Segundo Limma, isso seria uma aberra\u00e7\u00e3o.<\/p>\n<p style=\"text-align: justify;\">\u201cO distrit\u00e3o em si, onde o que passa a valer \u00e9 a vota\u00e7\u00e3o individual, de cada candidato. Isso \u00e9 uma aberra\u00e7\u00e3o para a democracia. Primeiro destr\u00f3i os partidos e fortalece a influ\u00eancia do poder econ\u00f4mico nas elei\u00e7\u00f5es. Isso \u00e9 ruim para a democracia. Somos defensores de um sistema democr\u00e1tico onde os partidos tenham regras claras e d\u00ea\u00a0 o m\u00ednimo de igualdade e de condi\u00e7\u00f5es de disputa para quem quiser ser candidato. E n\u00e3o favorecer apenas quem tem o poder econ\u00f4mico nas m\u00e3os\u201d, destaca.<\/p>\n<p style=\"text-align: justify;\">Por Cidade Verde<\/p>\n","protected":false},"excerpt":{"rendered":"<p>O presidente estadual do PT, deputado Francisco Limma, afirma que a base governista dever\u00e1 utilizar dois crit\u00e9rios para a escolha do candidato \u00e0 sucess\u00e3o do governador Wellington Dias (PT), em 2022. O grupo de partidos analisar\u00e1 o nome capaz de unir as lideran\u00e7as e o desempenho nas pesquisas eleitorais. Segundo ele, o nome do secret\u00e1rio &hellip;<\/p>\n","protected":false},"author":2,"featured_media":64082,"comment_status":"open","ping_status":"open","sticky":false,"template":"","format":"standard","meta":{"content-type":"","rop_custom_images_group":[],"rop_custom_messages_group":[],"rop_publish_now":"initial","rop_publish_now_accounts":{"facebook_2648258775420054_1618374048415101":""},"rop_publish_now_history":[],"rop_publish_now_status":"pending","footnotes":"","_jetpack_memberships_contains_paid_content":false},"categories":[113],"tags":[856,10887,508,10888,5106,10889],"yoast_head":"<!-- This site is optimized with the Yoast SEO plugin v22.3 - https:\/\/yoast.com\/wordpress\/plugins\/seo\/ -->\n<title>Francisco Limma cita dois crit\u00e9rios para definir o candidato da base governista em 2022<\/title>\n<meta name=\"robots\" content=\"index, follow, max-snippet:-1, max-image-preview:large, max-video-preview:-1\" \/>\n<link rel=\"canonical\" href=\"https:\/\/portalnpm.com\/index.php\/2021\/04\/10\/francisco-limma-cita-dois-criterios-para-definir-o-candidato-da-base-governista-em-2022\/\" \/>\n<meta property=\"og:locale\" content=\"pt_BR\" \/>\n<meta property=\"og:type\" content=\"article\" \/>\n<meta property=\"og:title\" content=\"Francisco Limma cita dois crit\u00e9rios para definir o candidato da base governista em 2022\" \/>\n<meta property=\"og:description\" content=\"O presidente estadual do PT, deputado Francisco Limma, afirma que a base governista dever\u00e1 utilizar dois crit\u00e9rios para a escolha do candidato \u00e0 sucess\u00e3o do governador Wellington Dias (PT), em 2022. O grupo de partidos analisar\u00e1 o nome capaz de unir as lideran\u00e7as e o desempenho nas pesquisas eleitorais. Segundo ele, o nome do secret\u00e1rio &hellip;\" \/>\n<meta property=\"og:url\" content=\"https:\/\/portalnpm.com\/index.php\/2021\/04\/10\/francisco-limma-cita-dois-criterios-para-definir-o-candidato-da-base-governista-em-2022\/\" \/>\n<meta property=\"og:site_name\" content=\"Portal NPM\" \/>\n<meta property=\"article:published_time\" content=\"2021-04-10T17:19:21+00:00\" \/>\n<meta property=\"og:image\" content=\"https:\/\/portalnpm.com\/wp-content\/uploads\/2024\/01\/limma_certo2.jpg\" \/>\n\t<meta property=\"og:image:width\" content=\"790\" \/>\n\t<meta property=\"og:image:height\" content=\"450\" \/>\n\t<meta property=\"og:image:type\" content=\"image\/jpeg\" \/>\n<meta name=\"author\" content=\"Genival Barbosa\" \/>\n<meta name=\"twitter:card\" content=\"summary_large_image\" \/>\n<meta name=\"twitter:label1\" content=\"Escrito por\" \/>\n\t<meta name=\"twitter:data1\" content=\"Genival Barbosa\" \/>\n\t<meta name=\"twitter:label2\" content=\"Est. tempo de leitura\" \/>\n\t<meta name=\"twitter:data2\" content=\"2 minutos\" \/>\n<script type=\"application\/ld+json\" class=\"yoast-schema-graph\">{\"@context\":\"https:\/\/schema.org\",\"@graph\":[{\"@type\":\"WebPage\",\"@id\":\"https:\/\/portalnpm.com\/index.php\/2021\/04\/10\/francisco-limma-cita-dois-criterios-para-definir-o-candidato-da-base-governista-em-2022\/\",\"url\":\"https:\/\/portalnpm.com\/index.php\/2021\/04\/10\/francisco-limma-cita-dois-criterios-para-definir-o-candidato-da-base-governista-em-2022\/\",\"name\":\"Francisco Limma cita dois crit\u00e9rios para definir o candidato da base governista em 2022\",\"isPartOf\":{\"@id\":\"https:\/\/portalnpm.com\/#website\"},\"primaryImageOfPage\":{\"@id\":\"https:\/\/portalnpm.com\/index.php\/2021\/04\/10\/francisco-limma-cita-dois-criterios-para-definir-o-candidato-da-base-governista-em-2022\/#primaryimage\"},\"image\":{\"@id\":\"https:\/\/portalnpm.com\/index.php\/2021\/04\/10\/francisco-limma-cita-dois-criterios-para-definir-o-candidato-da-base-governista-em-2022\/#primaryimage\"},\"thumbnailUrl\":\"https:\/\/portalnpm.com\/wp-content\/uploads\/2024\/01\/limma_certo2.jpg\",\"datePublished\":\"2021-04-10T17:19:21+00:00\",\"dateModified\":\"2021-04-10T17:19:21+00:00\",\"author\":{\"@id\":\"https:\/\/portalnpm.com\/#\/schema\/person\/49313e563cfdefcc167f1ee4c017c294\"},\"breadcrumb\":{\"@id\":\"https:\/\/portalnpm.com\/index.php\/2021\/04\/10\/francisco-limma-cita-dois-criterios-para-definir-o-candidato-da-base-governista-em-2022\/#breadcrumb\"},\"inLanguage\":\"pt-BR\",\"potentialAction\":[{\"@type\":\"ReadAction\",\"target\":[\"https:\/\/portalnpm.com\/index.php\/2021\/04\/10\/francisco-limma-cita-dois-criterios-para-definir-o-candidato-da-base-governista-em-2022\/\"]}]},{\"@type\":\"ImageObject\",\"inLanguage\":\"pt-BR\",\"@id\":\"https:\/\/portalnpm.com\/index.php\/2021\/04\/10\/francisco-limma-cita-dois-criterios-para-definir-o-candidato-da-base-governista-em-2022\/#primaryimage\",\"url\":\"https:\/\/portalnpm.com\/wp-content\/uploads\/2024\/01\/limma_certo2.jpg\",\"contentUrl\":\"https:\/\/portalnpm.com\/wp-content\/uploads\/2024\/01\/limma_certo2.jpg\",\"width\":790,\"height\":450},{\"@type\":\"BreadcrumbList\",\"@id\":\"https:\/\/portalnpm.com\/index.php\/2021\/04\/10\/francisco-limma-cita-dois-criterios-para-definir-o-candidato-da-base-governista-em-2022\/#breadcrumb\",\"itemListElement\":[{\"@type\":\"ListItem\",\"position\":1,\"name\":\"In\u00edcio\",\"item\":\"https:\/\/portalnpm.com\/\"},{\"@type\":\"ListItem\",\"position\":2,\"name\":\"Francisco Limma cita dois crit\u00e9rios para definir o candidato da base governista em 2022\"}]},{\"@type\":\"WebSite\",\"@id\":\"https:\/\/portalnpm.com\/#website\",\"url\":\"https:\/\/portalnpm.com\/\",\"name\":\"Portal NPM\",\"description\":\"Not\u00edcias em Primeira M\u00e3o\",\"potentialAction\":[{\"@type\":\"SearchAction\",\"target\":{\"@type\":\"EntryPoint\",\"urlTemplate\":\"https:\/\/portalnpm.com\/?s={search_term_string}\"},\"query-input\":\"required name=search_term_string\"}],\"inLanguage\":\"pt-BR\"},{\"@type\":\"Person\",\"@id\":\"https:\/\/portalnpm.com\/#\/schema\/person\/49313e563cfdefcc167f1ee4c017c294\",\"name\":\"Genival Barbosa\",\"image\":{\"@type\":\"ImageObject\",\"inLanguage\":\"pt-BR\",\"@id\":\"https:\/\/portalnpm.com\/#\/schema\/person\/image\/\",\"url\":\"https:\/\/portalnpm.com\/wp-content\/uploads\/2024\/02\/avatar_user_2_1707743258-96x96.jpeg\",\"contentUrl\":\"https:\/\/portalnpm.com\/wp-content\/uploads\/2024\/02\/avatar_user_2_1707743258-96x96.jpeg\",\"caption\":\"Genival Barbosa\"},\"url\":\"https:\/\/portalnpm.com\/index.php\/author\/genival\/\"}]}<\/script>\n<!-- \/ Yoast SEO plugin. -->","yoast_head_json":{"title":"Francisco Limma cita dois crit\u00e9rios para definir o candidato da base governista em 2022","robots":{"index":"index","follow":"follow","max-snippet":"max-snippet:-1","max-image-preview":"max-image-preview:large","max-video-preview":"max-video-preview:-1"},"canonical":"https:\/\/portalnpm.com\/index.php\/2021\/04\/10\/francisco-limma-cita-dois-criterios-para-definir-o-candidato-da-base-governista-em-2022\/","og_locale":"pt_BR","og_type":"article","og_title":"Francisco Limma cita dois crit\u00e9rios para definir o candidato da base governista em 2022","og_description":"O presidente estadual do PT, deputado Francisco Limma, afirma que a base governista dever\u00e1 utilizar dois crit\u00e9rios para a escolha do candidato \u00e0 sucess\u00e3o do governador Wellington Dias (PT), em 2022. O grupo de partidos analisar\u00e1 o nome capaz de unir as lideran\u00e7as e o desempenho nas pesquisas eleitorais. Segundo ele, o nome do secret\u00e1rio &hellip;","og_url":"https:\/\/portalnpm.com\/index.php\/2021\/04\/10\/francisco-limma-cita-dois-criterios-para-definir-o-candidato-da-base-governista-em-2022\/","og_site_name":"Portal NPM","article_published_time":"2021-04-10T17:19:21+00:00","og_image":[{"width":790,"height":450,"url":"https:\/\/portalnpm.com\/wp-content\/uploads\/2024\/01\/limma_certo2.jpg","type":"image\/jpeg"}],"author":"Genival Barbosa","twitter_card":"summary_large_image","twitter_misc":{"Escrito por":"Genival Barbosa","Est. tempo de leitura":"2 minutos"},"schema":{"@context":"https:\/\/schema.org","@graph":[{"@type":"WebPage","@id":"https:\/\/portalnpm.com\/index.php\/2021\/04\/10\/francisco-limma-cita-dois-criterios-para-definir-o-candidato-da-base-governista-em-2022\/","url":"https:\/\/portalnpm.com\/index.php\/2021\/04\/10\/francisco-limma-cita-dois-criterios-para-definir-o-candidato-da-base-governista-em-2022\/","name":"Francisco Limma cita dois crit\u00e9rios para definir o candidato da base governista em 2022","isPartOf":{"@id":"https:\/\/portalnpm.com\/#website"},"primaryImageOfPage":{"@id":"https:\/\/portalnpm.com\/index.php\/2021\/04\/10\/francisco-limma-cita-dois-criterios-para-definir-o-candidato-da-base-governista-em-2022\/#primaryimage"},"image":{"@id":"https:\/\/portalnpm.com\/index.php\/2021\/04\/10\/francisco-limma-cita-dois-criterios-para-definir-o-candidato-da-base-governista-em-2022\/#primaryimage"},"thumbnailUrl":"https:\/\/portalnpm.com\/wp-content\/uploads\/2024\/01\/limma_certo2.jpg","datePublished":"2021-04-10T17:19:21+00:00","dateModified":"2021-04-10T17:19:21+00:00","author":{"@id":"https:\/\/portalnpm.com\/#\/schema\/person\/49313e563cfdefcc167f1ee4c017c294"},"breadcrumb":{"@id":"https:\/\/portalnpm.com\/index.php\/2021\/04\/10\/francisco-limma-cita-dois-criterios-para-definir-o-candidato-da-base-governista-em-2022\/#breadcrumb"},"inLanguage":"pt-BR","potentialAction":[{"@type":"ReadAction","target":["https:\/\/portalnpm.com\/index.php\/2021\/04\/10\/francisco-limma-cita-dois-criterios-para-definir-o-candidato-da-base-governista-em-2022\/"]}]},{"@type":"ImageObject","inLanguage":"pt-BR","@id":"https:\/\/portalnpm.com\/index.php\/2021\/04\/10\/francisco-limma-cita-dois-criterios-para-definir-o-candidato-da-base-governista-em-2022\/#primaryimage","url":"https:\/\/portalnpm.com\/wp-content\/uploads\/2024\/01\/limma_certo2.jpg","contentUrl":"https:\/\/portalnpm.com\/wp-content\/uploads\/2024\/01\/limma_certo2.jpg","width":790,"height":450},{"@type":"BreadcrumbList","@id":"https:\/\/portalnpm.com\/index.php\/2021\/04\/10\/francisco-limma-cita-dois-criterios-para-definir-o-candidato-da-base-governista-em-2022\/#breadcrumb","itemListElement":[{"@type":"ListItem","position":1,"name":"In\u00edcio","item":"https:\/\/portalnpm.com\/"},{"@type":"ListItem","position":2,"name":"Francisco Limma cita dois crit\u00e9rios para definir o candidato da base governista em 2022"}]},{"@type":"WebSite","@id":"https:\/\/portalnpm.com\/#website","url":"https:\/\/portalnpm.com\/","name":"Portal NPM","description":"Not\u00edcias em Primeira M\u00e3o","potentialAction":[{"@type":"SearchAction","target":{"@type":"EntryPoint","urlTemplate":"https:\/\/portalnpm.com\/?s={search_term_string}"},"query-input":"required name=search_term_string"}],"inLanguage":"pt-BR"},{"@type":"Person","@id":"https:\/\/portalnpm.com\/#\/schema\/person\/49313e563cfdefcc167f1ee4c017c294","name":"Genival Barbosa","image":{"@type":"ImageObject","inLanguage":"pt-BR","@id":"https:\/\/portalnpm.com\/#\/schema\/person\/image\/","url":"https:\/\/portalnpm.com\/wp-content\/uploads\/2024\/02\/avatar_user_2_1707743258-96x96.jpeg","contentUrl":"https:\/\/portalnpm.com\/wp-content\/uploads\/2024\/02\/avatar_user_2_1707743258-96x96.jpeg","caption":"Genival Barbosa"},"url":"https:\/\/portalnpm.com\/index.php\/author\/genival\/"}]}},"jetpack_sharing_enabled":true,"jetpack_featured_media_url":"https:\/\/portalnpm.com\/wp-content\/uploads\/2024\/01\/limma_certo2.jpg","_links":{"self":[{"href":"https:\/\/portalnpm.com\/index.php\/wp-json\/wp\/v2\/posts\/64081"}],"collection":[{"href":"https:\/\/portalnpm.com\/index.php\/wp-json\/wp\/v2\/posts"}],"about":[{"href":"https:\/\/portalnpm.com\/index.php\/wp-json\/wp\/v2\/types\/post"}],"author":[{"embeddable":true,"href":"https:\/\/portalnpm.com\/index.php\/wp-json\/wp\/v2\/users\/2"}],"replies":[{"embeddable":true,"href":"https:\/\/portalnpm.com\/index.php\/wp-json\/wp\/v2\/comments?post=64081"}],"version-history":[{"count":0,"href":"https:\/\/portalnpm.com\/index.php\/wp-json\/wp\/v2\/posts\/64081\/revisions"}],"wp:featuredmedia":[{"embeddable":true,"href":"https:\/\/portalnpm.com\/index.php\/wp-json\/wp\/v2\/media\/64082"}],"wp:attachment":[{"href":"https:\/\/portalnpm.com\/index.php\/wp-json\/wp\/v2\/media?parent=64081"}],"wp:term":[{"taxonomy":"category","embeddable":true,"href":"https:\/\/portalnpm.com\/index.php\/wp-json\/wp\/v2\/categories?post=64081"},{"taxonomy":"post_tag","embeddable":true,"href":"https:\/\/portalnpm.com\/index.php\/wp-json\/wp\/v2\/tags?post=64081"}],"curies":[{"name":"wp","href":"https:\/\/api.w.org\/{rel}","templated":true}]}}