{"id":64148,"date":"2021-04-12T10:27:51","date_gmt":"2021-04-12T13:27:51","guid":{"rendered":"https:\/\/portalnpm.com\/index.php\/2021\/04\/12\/nova-lei-de-transito-comeca-a-valer-nesta-2a-saiba-o-que-muda\/"},"modified":"2021-04-12T10:27:51","modified_gmt":"2021-04-12T13:27:51","slug":"nova-lei-de-transito-comeca-a-valer-nesta-2a-saiba-o-que-muda","status":"publish","type":"post","link":"https:\/\/portalnpm.com\/index.php\/2021\/04\/12\/nova-lei-de-transito-comeca-a-valer-nesta-2a-saiba-o-que-muda\/","title":{"rendered":"Nova lei de tr\u00e2nsito come\u00e7a a valer nesta 2\u00aa; saiba o que muda"},"content":{"rendered":"<p style=\"text-align: justify;\">Entram em vigor nesta 2\u00aa feira (12.abr.2021) as altera\u00e7\u00f5es promovidas no\u00a0<a href=\"https:\/\/www.in.gov.br\/en\/web\/dou\/-\/lei-n-14.071-de-13-de-outubro-de-2020-282461197\" target=\"_blank\" rel=\"noopener noreferrer\" data-id=\"39\">C\u00f3digo Brasileiro de Tr\u00e2nsito<\/a>. A principal novidade \u00e9 amplia\u00e7\u00e3o do prazo de validade da CNH (Carteira Nacional de Habilita\u00e7\u00e3o) para 10 anos no caso de condutores de at\u00e9 50 anos.<\/p>\n<p style=\"text-align: justify;\">\n<p style=\"text-align: justify;\">As mudan\u00e7as foram\u00a0<a href=\"https:\/\/www.google.com\/search?q=bolsonaro+saciona+trnasito+poder360&#038;oq=bolsonaro+saciona+trnasito+poder360&#038;aqs=chrome..69i57j0i22i30l3.6792j0j7&#038;sourceid=chrome&#038;ie=UTF-8\" target=\"_blank\" rel=\"noopener noreferrer\" data-id=\"40\">sancionadas<\/a>\u00a0pelo presidente Jair Bolsonaro em outubro do ano passado, quando ficou definido que a vig\u00eancia passaria a ocorrer 180 dias ap\u00f3s a san\u00e7\u00e3o.\u00a0<a href=\"https:\/\/www.poder360.com.br\/governo\/bolsonaro-sanciona-com-vetos-o-novo-codigo-de-transito\/\" target=\"_blank\" rel=\"noopener noreferrer\" data-id=\"41\">Saiba<\/a>\u00a0quais foram os vetos de Bolsonaro ao novo C\u00f3digo de Tr\u00e2nsito.<\/p>\n<h2 style=\"text-align: justify;\">O que muda<\/h2>\n<p style=\"text-align: justify;\">De acordo com a nova legisla\u00e7\u00e3o, os exames de aptid\u00e3o f\u00edsica e mental para renova\u00e7\u00e3o da CNH n\u00e3o ser\u00e3o mais realizados a cada 5 anos. A partir de agora, a validade ser\u00e1 de 10 anos para motoristas com idade inferior a 50 anos; 5 anos para motoristas com idade igual ou superior a 50 anos e inferior a 70; e 3 anos para motoristas com idade igual ou superior a 70 anos.<\/p>\n<p style=\"text-align: justify;\">Haver\u00e1 mudan\u00e7as tamb\u00e9m na quantidade de pontos que podem levar \u00e0 suspens\u00e3o da carteira. Atualmente, o motorista que atinge 20 pontos durante o per\u00edodo de 12 meses pode ter a carteira suspensa. Agora, a suspens\u00e3o ocorrer\u00e1 de forma escalonada. O condutor ter\u00e1 a habilita\u00e7\u00e3o suspensa com 20 pontos (se tiver duas ou mais infra\u00e7\u00f5es grav\u00edssimas na carteira); 30 pontos (uma infra\u00e7\u00e3o grav\u00edssima na pontua\u00e7\u00e3o); 40 pontos (nenhuma infra\u00e7\u00e3o grav\u00edssima na pontua\u00e7\u00e3o).<\/p>\n<p style=\"text-align: justify;\">As novas regras pro\u00edbem que condutores condenados por homic\u00eddio culposo ou les\u00e3o corporal sob efeito de \u00e1lcool ou outro psicoativo tenham pena de pris\u00e3o convertida em alternativa.<\/p>\n<p style=\"text-align: justify;\">O uso de cadeirinhas no banco traseiro passa a ser obrigat\u00f3rio para\u00a0crian\u00e7as com idade inferior a 10 anos que n\u00e3o tenham atingido 1,45 metro de altura. Pela regra antiga, somente a idade da crian\u00e7a era levada em conta.<\/p>\n<p style=\"text-align: justify;\">Nos casos de chamamentos pelas montadoras para corre\u00e7\u00e3o de defeitos em ve\u00edculos (recall), o autom\u00f3vel somente ser\u00e1 licenciado ap\u00f3s a comprova\u00e7\u00e3o de que houve atendimento da campanhas de reparos.<\/p>\n<p style=\"text-align: justify;\"><em>Com informa\u00e7\u00f5es da\u00a0<\/em><a href=\"https:\/\/agenciabrasil.ebc.com.br\/geral\/noticia\/2021-04\/alteracoes-no-codigo-brasileiro-de-transito-comecam-valer\" target=\"_blank\" rel=\"noopener noreferrer\" data-id=\"42\"><em>Ag\u00eancia Brasil<\/em><\/a><em>.<\/em><\/p>\n","protected":false},"excerpt":{"rendered":"<p>Entram em vigor nesta 2\u00aa feira (12.abr.2021) as altera\u00e7\u00f5es promovidas no\u00a0C\u00f3digo Brasileiro de Tr\u00e2nsito. A principal novidade \u00e9 amplia\u00e7\u00e3o do prazo de validade da CNH (Carteira Nacional de Habilita\u00e7\u00e3o) para 10 anos no caso de condutores de at\u00e9 50 anos. As mudan\u00e7as foram\u00a0sancionadas\u00a0pelo presidente Jair Bolsonaro em outubro do ano passado, quando ficou definido que &hellip;<\/p>\n","protected":false},"author":2,"featured_media":64149,"comment_status":"open","ping_status":"open","sticky":false,"template":"","format":"standard","meta":{"content-type":"","rop_custom_images_group":[],"rop_custom_messages_group":[],"rop_publish_now":"initial","rop_publish_now_accounts":{"facebook_2648258775420054_1618374048415101":""},"rop_publish_now_history":[],"rop_publish_now_status":"pending","footnotes":"","_jetpack_memberships_contains_paid_content":false},"categories":[125],"tags":[5981,568],"yoast_head":"<!-- This site is optimized with the Yoast SEO plugin v22.3 - https:\/\/yoast.com\/wordpress\/plugins\/seo\/ -->\n<title>Nova lei de tr\u00e2nsito come\u00e7a a valer nesta 2\u00aa; saiba o que muda<\/title>\n<meta name=\"robots\" content=\"index, follow, max-snippet:-1, max-image-preview:large, max-video-preview:-1\" \/>\n<link rel=\"canonical\" href=\"https:\/\/portalnpm.com\/index.php\/2021\/04\/12\/nova-lei-de-transito-comeca-a-valer-nesta-2a-saiba-o-que-muda\/\" \/>\n<meta property=\"og:locale\" content=\"pt_BR\" \/>\n<meta property=\"og:type\" content=\"article\" \/>\n<meta property=\"og:title\" content=\"Nova lei de tr\u00e2nsito come\u00e7a a valer nesta 2\u00aa; saiba o que muda\" \/>\n<meta property=\"og:description\" content=\"Entram em vigor nesta 2\u00aa feira (12.abr.2021) as altera\u00e7\u00f5es promovidas no\u00a0C\u00f3digo Brasileiro de Tr\u00e2nsito. A principal novidade \u00e9 amplia\u00e7\u00e3o do prazo de validade da CNH (Carteira Nacional de Habilita\u00e7\u00e3o) para 10 anos no caso de condutores de at\u00e9 50 anos. As mudan\u00e7as foram\u00a0sancionadas\u00a0pelo presidente Jair Bolsonaro em outubro do ano passado, quando ficou definido que &hellip;\" \/>\n<meta property=\"og:url\" content=\"https:\/\/portalnpm.com\/index.php\/2021\/04\/12\/nova-lei-de-transito-comeca-a-valer-nesta-2a-saiba-o-que-muda\/\" \/>\n<meta property=\"og:site_name\" content=\"Portal NPM\" \/>\n<meta property=\"article:published_time\" content=\"2021-04-12T13:27:51+00:00\" \/>\n<meta property=\"og:image\" content=\"https:\/\/portalnpm.com\/wp-content\/uploads\/2024\/01\/BB1fz3qt.jpeg\" \/>\n\t<meta property=\"og:image:width\" content=\"600\" \/>\n\t<meta property=\"og:image:height\" content=\"400\" \/>\n\t<meta property=\"og:image:type\" content=\"image\/jpeg\" \/>\n<meta name=\"author\" content=\"Genival Barbosa\" \/>\n<meta name=\"twitter:card\" content=\"summary_large_image\" \/>\n<meta name=\"twitter:label1\" content=\"Escrito por\" \/>\n\t<meta name=\"twitter:data1\" content=\"Genival Barbosa\" \/>\n\t<meta name=\"twitter:label2\" content=\"Est. tempo de leitura\" \/>\n\t<meta name=\"twitter:data2\" content=\"2 minutos\" \/>\n<script type=\"application\/ld+json\" class=\"yoast-schema-graph\">{\"@context\":\"https:\/\/schema.org\",\"@graph\":[{\"@type\":\"WebPage\",\"@id\":\"https:\/\/portalnpm.com\/index.php\/2021\/04\/12\/nova-lei-de-transito-comeca-a-valer-nesta-2a-saiba-o-que-muda\/\",\"url\":\"https:\/\/portalnpm.com\/index.php\/2021\/04\/12\/nova-lei-de-transito-comeca-a-valer-nesta-2a-saiba-o-que-muda\/\",\"name\":\"Nova lei de tr\u00e2nsito come\u00e7a a valer nesta 2\u00aa; saiba o que muda\",\"isPartOf\":{\"@id\":\"https:\/\/portalnpm.com\/#website\"},\"primaryImageOfPage\":{\"@id\":\"https:\/\/portalnpm.com\/index.php\/2021\/04\/12\/nova-lei-de-transito-comeca-a-valer-nesta-2a-saiba-o-que-muda\/#primaryimage\"},\"image\":{\"@id\":\"https:\/\/portalnpm.com\/index.php\/2021\/04\/12\/nova-lei-de-transito-comeca-a-valer-nesta-2a-saiba-o-que-muda\/#primaryimage\"},\"thumbnailUrl\":\"https:\/\/portalnpm.com\/wp-content\/uploads\/2024\/01\/BB1fz3qt.jpeg\",\"datePublished\":\"2021-04-12T13:27:51+00:00\",\"dateModified\":\"2021-04-12T13:27:51+00:00\",\"author\":{\"@id\":\"https:\/\/portalnpm.com\/#\/schema\/person\/49313e563cfdefcc167f1ee4c017c294\"},\"breadcrumb\":{\"@id\":\"https:\/\/portalnpm.com\/index.php\/2021\/04\/12\/nova-lei-de-transito-comeca-a-valer-nesta-2a-saiba-o-que-muda\/#breadcrumb\"},\"inLanguage\":\"pt-BR\",\"potentialAction\":[{\"@type\":\"ReadAction\",\"target\":[\"https:\/\/portalnpm.com\/index.php\/2021\/04\/12\/nova-lei-de-transito-comeca-a-valer-nesta-2a-saiba-o-que-muda\/\"]}]},{\"@type\":\"ImageObject\",\"inLanguage\":\"pt-BR\",\"@id\":\"https:\/\/portalnpm.com\/index.php\/2021\/04\/12\/nova-lei-de-transito-comeca-a-valer-nesta-2a-saiba-o-que-muda\/#primaryimage\",\"url\":\"https:\/\/portalnpm.com\/wp-content\/uploads\/2024\/01\/BB1fz3qt.jpeg\",\"contentUrl\":\"https:\/\/portalnpm.com\/wp-content\/uploads\/2024\/01\/BB1fz3qt.jpeg\",\"width\":600,\"height\":400},{\"@type\":\"BreadcrumbList\",\"@id\":\"https:\/\/portalnpm.com\/index.php\/2021\/04\/12\/nova-lei-de-transito-comeca-a-valer-nesta-2a-saiba-o-que-muda\/#breadcrumb\",\"itemListElement\":[{\"@type\":\"ListItem\",\"position\":1,\"name\":\"In\u00edcio\",\"item\":\"https:\/\/portalnpm.com\/\"},{\"@type\":\"ListItem\",\"position\":2,\"name\":\"Nova lei de tr\u00e2nsito come\u00e7a a valer nesta 2\u00aa; saiba o que muda\"}]},{\"@type\":\"WebSite\",\"@id\":\"https:\/\/portalnpm.com\/#website\",\"url\":\"https:\/\/portalnpm.com\/\",\"name\":\"Portal NPM\",\"description\":\"Not\u00edcias em Primeira M\u00e3o\",\"potentialAction\":[{\"@type\":\"SearchAction\",\"target\":{\"@type\":\"EntryPoint\",\"urlTemplate\":\"https:\/\/portalnpm.com\/?s={search_term_string}\"},\"query-input\":\"required name=search_term_string\"}],\"inLanguage\":\"pt-BR\"},{\"@type\":\"Person\",\"@id\":\"https:\/\/portalnpm.com\/#\/schema\/person\/49313e563cfdefcc167f1ee4c017c294\",\"name\":\"Genival Barbosa\",\"image\":{\"@type\":\"ImageObject\",\"inLanguage\":\"pt-BR\",\"@id\":\"https:\/\/portalnpm.com\/#\/schema\/person\/image\/\",\"url\":\"https:\/\/portalnpm.com\/wp-content\/uploads\/2024\/02\/avatar_user_2_1707743258-96x96.jpeg\",\"contentUrl\":\"https:\/\/portalnpm.com\/wp-content\/uploads\/2024\/02\/avatar_user_2_1707743258-96x96.jpeg\",\"caption\":\"Genival Barbosa\"},\"url\":\"https:\/\/portalnpm.com\/index.php\/author\/genival\/\"}]}<\/script>\n<!-- \/ Yoast SEO plugin. -->","yoast_head_json":{"title":"Nova lei de tr\u00e2nsito come\u00e7a a valer nesta 2\u00aa; saiba o que muda","robots":{"index":"index","follow":"follow","max-snippet":"max-snippet:-1","max-image-preview":"max-image-preview:large","max-video-preview":"max-video-preview:-1"},"canonical":"https:\/\/portalnpm.com\/index.php\/2021\/04\/12\/nova-lei-de-transito-comeca-a-valer-nesta-2a-saiba-o-que-muda\/","og_locale":"pt_BR","og_type":"article","og_title":"Nova lei de tr\u00e2nsito come\u00e7a a valer nesta 2\u00aa; saiba o que muda","og_description":"Entram em vigor nesta 2\u00aa feira (12.abr.2021) as altera\u00e7\u00f5es promovidas no\u00a0C\u00f3digo Brasileiro de Tr\u00e2nsito. A principal novidade \u00e9 amplia\u00e7\u00e3o do prazo de validade da CNH (Carteira Nacional de Habilita\u00e7\u00e3o) para 10 anos no caso de condutores de at\u00e9 50 anos. As mudan\u00e7as foram\u00a0sancionadas\u00a0pelo presidente Jair Bolsonaro em outubro do ano passado, quando ficou definido que &hellip;","og_url":"https:\/\/portalnpm.com\/index.php\/2021\/04\/12\/nova-lei-de-transito-comeca-a-valer-nesta-2a-saiba-o-que-muda\/","og_site_name":"Portal NPM","article_published_time":"2021-04-12T13:27:51+00:00","og_image":[{"width":600,"height":400,"url":"https:\/\/portalnpm.com\/wp-content\/uploads\/2024\/01\/BB1fz3qt.jpeg","type":"image\/jpeg"}],"author":"Genival Barbosa","twitter_card":"summary_large_image","twitter_misc":{"Escrito por":"Genival Barbosa","Est. tempo de leitura":"2 minutos"},"schema":{"@context":"https:\/\/schema.org","@graph":[{"@type":"WebPage","@id":"https:\/\/portalnpm.com\/index.php\/2021\/04\/12\/nova-lei-de-transito-comeca-a-valer-nesta-2a-saiba-o-que-muda\/","url":"https:\/\/portalnpm.com\/index.php\/2021\/04\/12\/nova-lei-de-transito-comeca-a-valer-nesta-2a-saiba-o-que-muda\/","name":"Nova lei de tr\u00e2nsito come\u00e7a a valer nesta 2\u00aa; saiba o que muda","isPartOf":{"@id":"https:\/\/portalnpm.com\/#website"},"primaryImageOfPage":{"@id":"https:\/\/portalnpm.com\/index.php\/2021\/04\/12\/nova-lei-de-transito-comeca-a-valer-nesta-2a-saiba-o-que-muda\/#primaryimage"},"image":{"@id":"https:\/\/portalnpm.com\/index.php\/2021\/04\/12\/nova-lei-de-transito-comeca-a-valer-nesta-2a-saiba-o-que-muda\/#primaryimage"},"thumbnailUrl":"https:\/\/portalnpm.com\/wp-content\/uploads\/2024\/01\/BB1fz3qt.jpeg","datePublished":"2021-04-12T13:27:51+00:00","dateModified":"2021-04-12T13:27:51+00:00","author":{"@id":"https:\/\/portalnpm.com\/#\/schema\/person\/49313e563cfdefcc167f1ee4c017c294"},"breadcrumb":{"@id":"https:\/\/portalnpm.com\/index.php\/2021\/04\/12\/nova-lei-de-transito-comeca-a-valer-nesta-2a-saiba-o-que-muda\/#breadcrumb"},"inLanguage":"pt-BR","potentialAction":[{"@type":"ReadAction","target":["https:\/\/portalnpm.com\/index.php\/2021\/04\/12\/nova-lei-de-transito-comeca-a-valer-nesta-2a-saiba-o-que-muda\/"]}]},{"@type":"ImageObject","inLanguage":"pt-BR","@id":"https:\/\/portalnpm.com\/index.php\/2021\/04\/12\/nova-lei-de-transito-comeca-a-valer-nesta-2a-saiba-o-que-muda\/#primaryimage","url":"https:\/\/portalnpm.com\/wp-content\/uploads\/2024\/01\/BB1fz3qt.jpeg","contentUrl":"https:\/\/portalnpm.com\/wp-content\/uploads\/2024\/01\/BB1fz3qt.jpeg","width":600,"height":400},{"@type":"BreadcrumbList","@id":"https:\/\/portalnpm.com\/index.php\/2021\/04\/12\/nova-lei-de-transito-comeca-a-valer-nesta-2a-saiba-o-que-muda\/#breadcrumb","itemListElement":[{"@type":"ListItem","position":1,"name":"In\u00edcio","item":"https:\/\/portalnpm.com\/"},{"@type":"ListItem","position":2,"name":"Nova lei de tr\u00e2nsito come\u00e7a a valer nesta 2\u00aa; saiba o que muda"}]},{"@type":"WebSite","@id":"https:\/\/portalnpm.com\/#website","url":"https:\/\/portalnpm.com\/","name":"Portal NPM","description":"Not\u00edcias em Primeira M\u00e3o","potentialAction":[{"@type":"SearchAction","target":{"@type":"EntryPoint","urlTemplate":"https:\/\/portalnpm.com\/?s={search_term_string}"},"query-input":"required name=search_term_string"}],"inLanguage":"pt-BR"},{"@type":"Person","@id":"https:\/\/portalnpm.com\/#\/schema\/person\/49313e563cfdefcc167f1ee4c017c294","name":"Genival Barbosa","image":{"@type":"ImageObject","inLanguage":"pt-BR","@id":"https:\/\/portalnpm.com\/#\/schema\/person\/image\/","url":"https:\/\/portalnpm.com\/wp-content\/uploads\/2024\/02\/avatar_user_2_1707743258-96x96.jpeg","contentUrl":"https:\/\/portalnpm.com\/wp-content\/uploads\/2024\/02\/avatar_user_2_1707743258-96x96.jpeg","caption":"Genival Barbosa"},"url":"https:\/\/portalnpm.com\/index.php\/author\/genival\/"}]}},"jetpack_sharing_enabled":true,"jetpack_featured_media_url":"https:\/\/portalnpm.com\/wp-content\/uploads\/2024\/01\/BB1fz3qt.jpeg","_links":{"self":[{"href":"https:\/\/portalnpm.com\/index.php\/wp-json\/wp\/v2\/posts\/64148"}],"collection":[{"href":"https:\/\/portalnpm.com\/index.php\/wp-json\/wp\/v2\/posts"}],"about":[{"href":"https:\/\/portalnpm.com\/index.php\/wp-json\/wp\/v2\/types\/post"}],"author":[{"embeddable":true,"href":"https:\/\/portalnpm.com\/index.php\/wp-json\/wp\/v2\/users\/2"}],"replies":[{"embeddable":true,"href":"https:\/\/portalnpm.com\/index.php\/wp-json\/wp\/v2\/comments?post=64148"}],"version-history":[{"count":0,"href":"https:\/\/portalnpm.com\/index.php\/wp-json\/wp\/v2\/posts\/64148\/revisions"}],"wp:featuredmedia":[{"embeddable":true,"href":"https:\/\/portalnpm.com\/index.php\/wp-json\/wp\/v2\/media\/64149"}],"wp:attachment":[{"href":"https:\/\/portalnpm.com\/index.php\/wp-json\/wp\/v2\/media?parent=64148"}],"wp:term":[{"taxonomy":"category","embeddable":true,"href":"https:\/\/portalnpm.com\/index.php\/wp-json\/wp\/v2\/categories?post=64148"},{"taxonomy":"post_tag","embeddable":true,"href":"https:\/\/portalnpm.com\/index.php\/wp-json\/wp\/v2\/tags?post=64148"}],"curies":[{"name":"wp","href":"https:\/\/api.w.org\/{rel}","templated":true}]}}