{"id":64197,"date":"2021-04-14T19:57:06","date_gmt":"2021-04-14T22:57:06","guid":{"rendered":"https:\/\/portalnpm.com\/index.php\/2021\/04\/14\/sao-juliao-falece-dona-carmina-de-jesus-vitima-da-covid-19\/"},"modified":"2021-04-14T19:57:06","modified_gmt":"2021-04-14T22:57:06","slug":"sao-juliao-falece-dona-carmina-de-jesus-vitima-da-covid-19","status":"publish","type":"post","link":"https:\/\/portalnpm.com\/index.php\/2021\/04\/14\/sao-juliao-falece-dona-carmina-de-jesus-vitima-da-covid-19\/","title":{"rendered":"S\u00e3o Juli\u00e3o | Falece dona Carmina de Jesus, v\u00edtima da Covid-19"},"content":{"rendered":"<p style=\"text-align: justify;\">Faleceu no in\u00edcio da noite desta quarta-feira, 14, a aposentada Carmina Josefa de Jesus, aos 63 anos, v\u00edtima da Covid-19.<\/p>\n<p style=\"text-align: justify;\">\n<p style=\"text-align: justify;\">Dona Carmina, como era popularmente conhecida, residia no povoado Mandacaru, munic\u00edpio de S\u00e3o Juli\u00e3o. A idosa estava internada e entubada\u00a0em um hospital da capital Teresina. Ela n\u00e3o resistiu as complica\u00e7\u00f5es decorrentes da doen\u00e7a e faleceu hoje deixando dois filhos Albana Brito e Juvenal Silva.<\/p>\n<p style=\"text-align: justify;\">Esta foi a sexta morte causada pelo coronav\u00edrus no munic\u00edpio de S\u00e3o Juli\u00e3o, que conta neste momento com 22 casos ativos da doen\u00e7a, segundo o \u00faltimo boletim epidemiol\u00f3gico divulgado pela Secretaria Municipal de Sa\u00fade.<\/p>\n<p style=\"text-align: justify;\"><em><strong>Fonte:\u00a0 Piau\u00ed Em Foco<\/strong><\/em><\/p>\n","protected":false},"excerpt":{"rendered":"<p>Faleceu no in\u00edcio da noite desta quarta-feira, 14, a aposentada Carmina Josefa de Jesus, aos 63 anos, v\u00edtima da Covid-19. Dona Carmina, como era popularmente conhecida, residia no povoado Mandacaru, munic\u00edpio de S\u00e3o Juli\u00e3o. A idosa estava internada e entubada\u00a0em um hospital da capital Teresina. Ela n\u00e3o resistiu as complica\u00e7\u00f5es decorrentes da doen\u00e7a e faleceu &hellip;<\/p>\n","protected":false},"author":4,"featured_media":64198,"comment_status":"open","ping_status":"open","sticky":false,"template":"","format":"standard","meta":{"content-type":"","rop_custom_images_group":[],"rop_custom_messages_group":[],"rop_publish_now":"initial","rop_publish_now_accounts":{"facebook_2648258775420054_1618374048415101":""},"rop_publish_now_history":[],"rop_publish_now_status":"pending","footnotes":"","_jetpack_memberships_contains_paid_content":false},"categories":[113,109,136],"tags":[10977,1113,662,137],"yoast_head":"<!-- This site is optimized with the Yoast SEO plugin v22.3 - https:\/\/yoast.com\/wordpress\/plugins\/seo\/ -->\n<title>S\u00e3o Juli\u00e3o | Falece dona Carmina de Jesus, v\u00edtima da Covid-19<\/title>\n<meta name=\"robots\" content=\"index, follow, max-snippet:-1, max-image-preview:large, max-video-preview:-1\" \/>\n<link rel=\"canonical\" href=\"https:\/\/portalnpm.com\/index.php\/2021\/04\/14\/sao-juliao-falece-dona-carmina-de-jesus-vitima-da-covid-19\/\" \/>\n<meta property=\"og:locale\" content=\"pt_BR\" \/>\n<meta property=\"og:type\" content=\"article\" \/>\n<meta property=\"og:title\" content=\"S\u00e3o Juli\u00e3o | Falece dona Carmina de Jesus, v\u00edtima da Covid-19\" \/>\n<meta property=\"og:description\" content=\"Faleceu no in\u00edcio da noite desta quarta-feira, 14, a aposentada Carmina Josefa de Jesus, aos 63 anos, v\u00edtima da Covid-19. Dona Carmina, como era popularmente conhecida, residia no povoado Mandacaru, munic\u00edpio de S\u00e3o Juli\u00e3o. A idosa estava internada e entubada\u00a0em um hospital da capital Teresina. Ela n\u00e3o resistiu as complica\u00e7\u00f5es decorrentes da doen\u00e7a e faleceu &hellip;\" \/>\n<meta property=\"og:url\" content=\"https:\/\/portalnpm.com\/index.php\/2021\/04\/14\/sao-juliao-falece-dona-carmina-de-jesus-vitima-da-covid-19\/\" \/>\n<meta property=\"og:site_name\" content=\"Portal NPM\" \/>\n<meta property=\"article:published_time\" content=\"2021-04-14T22:57:06+00:00\" \/>\n<meta property=\"og:image\" content=\"https:\/\/portalnpm.com\/wp-content\/uploads\/2024\/01\/IMG-20210414-WA0085.jpg\" \/>\n\t<meta property=\"og:image:width\" content=\"606\" \/>\n\t<meta property=\"og:image:height\" content=\"489\" \/>\n\t<meta property=\"og:image:type\" content=\"image\/jpeg\" \/>\n<meta name=\"author\" content=\"Reda\u00e7\u00e3o\" \/>\n<meta name=\"twitter:card\" content=\"summary_large_image\" \/>\n<meta name=\"twitter:label1\" content=\"Escrito por\" \/>\n\t<meta name=\"twitter:data1\" content=\"Reda\u00e7\u00e3o\" \/>\n\t<meta name=\"twitter:label2\" content=\"Est. tempo de leitura\" \/>\n\t<meta name=\"twitter:data2\" content=\"1 minuto\" \/>\n<script type=\"application\/ld+json\" class=\"yoast-schema-graph\">{\"@context\":\"https:\/\/schema.org\",\"@graph\":[{\"@type\":\"WebPage\",\"@id\":\"https:\/\/portalnpm.com\/index.php\/2021\/04\/14\/sao-juliao-falece-dona-carmina-de-jesus-vitima-da-covid-19\/\",\"url\":\"https:\/\/portalnpm.com\/index.php\/2021\/04\/14\/sao-juliao-falece-dona-carmina-de-jesus-vitima-da-covid-19\/\",\"name\":\"S\u00e3o Juli\u00e3o | Falece dona Carmina de Jesus, v\u00edtima da Covid-19\",\"isPartOf\":{\"@id\":\"https:\/\/portalnpm.com\/#website\"},\"primaryImageOfPage\":{\"@id\":\"https:\/\/portalnpm.com\/index.php\/2021\/04\/14\/sao-juliao-falece-dona-carmina-de-jesus-vitima-da-covid-19\/#primaryimage\"},\"image\":{\"@id\":\"https:\/\/portalnpm.com\/index.php\/2021\/04\/14\/sao-juliao-falece-dona-carmina-de-jesus-vitima-da-covid-19\/#primaryimage\"},\"thumbnailUrl\":\"https:\/\/portalnpm.com\/wp-content\/uploads\/2024\/01\/IMG-20210414-WA0085.jpg\",\"datePublished\":\"2021-04-14T22:57:06+00:00\",\"dateModified\":\"2021-04-14T22:57:06+00:00\",\"author\":{\"@id\":\"https:\/\/portalnpm.com\/#\/schema\/person\/0b5f230ec96cee25504fa328e7f2b733\"},\"breadcrumb\":{\"@id\":\"https:\/\/portalnpm.com\/index.php\/2021\/04\/14\/sao-juliao-falece-dona-carmina-de-jesus-vitima-da-covid-19\/#breadcrumb\"},\"inLanguage\":\"pt-BR\",\"potentialAction\":[{\"@type\":\"ReadAction\",\"target\":[\"https:\/\/portalnpm.com\/index.php\/2021\/04\/14\/sao-juliao-falece-dona-carmina-de-jesus-vitima-da-covid-19\/\"]}]},{\"@type\":\"ImageObject\",\"inLanguage\":\"pt-BR\",\"@id\":\"https:\/\/portalnpm.com\/index.php\/2021\/04\/14\/sao-juliao-falece-dona-carmina-de-jesus-vitima-da-covid-19\/#primaryimage\",\"url\":\"https:\/\/portalnpm.com\/wp-content\/uploads\/2024\/01\/IMG-20210414-WA0085.jpg\",\"contentUrl\":\"https:\/\/portalnpm.com\/wp-content\/uploads\/2024\/01\/IMG-20210414-WA0085.jpg\",\"width\":606,\"height\":489},{\"@type\":\"BreadcrumbList\",\"@id\":\"https:\/\/portalnpm.com\/index.php\/2021\/04\/14\/sao-juliao-falece-dona-carmina-de-jesus-vitima-da-covid-19\/#breadcrumb\",\"itemListElement\":[{\"@type\":\"ListItem\",\"position\":1,\"name\":\"In\u00edcio\",\"item\":\"https:\/\/portalnpm.com\/\"},{\"@type\":\"ListItem\",\"position\":2,\"name\":\"S\u00e3o Juli\u00e3o | Falece dona Carmina de Jesus, v\u00edtima da Covid-19\"}]},{\"@type\":\"WebSite\",\"@id\":\"https:\/\/portalnpm.com\/#website\",\"url\":\"https:\/\/portalnpm.com\/\",\"name\":\"Portal NPM\",\"description\":\"Not\u00edcias em Primeira M\u00e3o\",\"potentialAction\":[{\"@type\":\"SearchAction\",\"target\":{\"@type\":\"EntryPoint\",\"urlTemplate\":\"https:\/\/portalnpm.com\/?s={search_term_string}\"},\"query-input\":\"required name=search_term_string\"}],\"inLanguage\":\"pt-BR\"},{\"@type\":\"Person\",\"@id\":\"https:\/\/portalnpm.com\/#\/schema\/person\/0b5f230ec96cee25504fa328e7f2b733\",\"name\":\"Reda\u00e7\u00e3o\",\"image\":{\"@type\":\"ImageObject\",\"inLanguage\":\"pt-BR\",\"@id\":\"https:\/\/portalnpm.com\/#\/schema\/person\/image\/\",\"url\":\"https:\/\/portalnpm.com\/wp-content\/uploads\/2024\/03\/avatar_user_4_1710097212-96x96.png\",\"contentUrl\":\"https:\/\/portalnpm.com\/wp-content\/uploads\/2024\/03\/avatar_user_4_1710097212-96x96.png\",\"caption\":\"Reda\u00e7\u00e3o\"},\"url\":\"https:\/\/portalnpm.com\/index.php\/author\/redacao\/\"}]}<\/script>\n<!-- \/ Yoast SEO plugin. -->","yoast_head_json":{"title":"S\u00e3o Juli\u00e3o | Falece dona Carmina de Jesus, v\u00edtima da Covid-19","robots":{"index":"index","follow":"follow","max-snippet":"max-snippet:-1","max-image-preview":"max-image-preview:large","max-video-preview":"max-video-preview:-1"},"canonical":"https:\/\/portalnpm.com\/index.php\/2021\/04\/14\/sao-juliao-falece-dona-carmina-de-jesus-vitima-da-covid-19\/","og_locale":"pt_BR","og_type":"article","og_title":"S\u00e3o Juli\u00e3o | Falece dona Carmina de Jesus, v\u00edtima da Covid-19","og_description":"Faleceu no in\u00edcio da noite desta quarta-feira, 14, a aposentada Carmina Josefa de Jesus, aos 63 anos, v\u00edtima da Covid-19. Dona Carmina, como era popularmente conhecida, residia no povoado Mandacaru, munic\u00edpio de S\u00e3o Juli\u00e3o. A idosa estava internada e entubada\u00a0em um hospital da capital Teresina. Ela n\u00e3o resistiu as complica\u00e7\u00f5es decorrentes da doen\u00e7a e faleceu &hellip;","og_url":"https:\/\/portalnpm.com\/index.php\/2021\/04\/14\/sao-juliao-falece-dona-carmina-de-jesus-vitima-da-covid-19\/","og_site_name":"Portal NPM","article_published_time":"2021-04-14T22:57:06+00:00","og_image":[{"width":606,"height":489,"url":"https:\/\/portalnpm.com\/wp-content\/uploads\/2024\/01\/IMG-20210414-WA0085.jpg","type":"image\/jpeg"}],"author":"Reda\u00e7\u00e3o","twitter_card":"summary_large_image","twitter_misc":{"Escrito por":"Reda\u00e7\u00e3o","Est. tempo de leitura":"1 minuto"},"schema":{"@context":"https:\/\/schema.org","@graph":[{"@type":"WebPage","@id":"https:\/\/portalnpm.com\/index.php\/2021\/04\/14\/sao-juliao-falece-dona-carmina-de-jesus-vitima-da-covid-19\/","url":"https:\/\/portalnpm.com\/index.php\/2021\/04\/14\/sao-juliao-falece-dona-carmina-de-jesus-vitima-da-covid-19\/","name":"S\u00e3o Juli\u00e3o | Falece dona Carmina de Jesus, v\u00edtima da Covid-19","isPartOf":{"@id":"https:\/\/portalnpm.com\/#website"},"primaryImageOfPage":{"@id":"https:\/\/portalnpm.com\/index.php\/2021\/04\/14\/sao-juliao-falece-dona-carmina-de-jesus-vitima-da-covid-19\/#primaryimage"},"image":{"@id":"https:\/\/portalnpm.com\/index.php\/2021\/04\/14\/sao-juliao-falece-dona-carmina-de-jesus-vitima-da-covid-19\/#primaryimage"},"thumbnailUrl":"https:\/\/portalnpm.com\/wp-content\/uploads\/2024\/01\/IMG-20210414-WA0085.jpg","datePublished":"2021-04-14T22:57:06+00:00","dateModified":"2021-04-14T22:57:06+00:00","author":{"@id":"https:\/\/portalnpm.com\/#\/schema\/person\/0b5f230ec96cee25504fa328e7f2b733"},"breadcrumb":{"@id":"https:\/\/portalnpm.com\/index.php\/2021\/04\/14\/sao-juliao-falece-dona-carmina-de-jesus-vitima-da-covid-19\/#breadcrumb"},"inLanguage":"pt-BR","potentialAction":[{"@type":"ReadAction","target":["https:\/\/portalnpm.com\/index.php\/2021\/04\/14\/sao-juliao-falece-dona-carmina-de-jesus-vitima-da-covid-19\/"]}]},{"@type":"ImageObject","inLanguage":"pt-BR","@id":"https:\/\/portalnpm.com\/index.php\/2021\/04\/14\/sao-juliao-falece-dona-carmina-de-jesus-vitima-da-covid-19\/#primaryimage","url":"https:\/\/portalnpm.com\/wp-content\/uploads\/2024\/01\/IMG-20210414-WA0085.jpg","contentUrl":"https:\/\/portalnpm.com\/wp-content\/uploads\/2024\/01\/IMG-20210414-WA0085.jpg","width":606,"height":489},{"@type":"BreadcrumbList","@id":"https:\/\/portalnpm.com\/index.php\/2021\/04\/14\/sao-juliao-falece-dona-carmina-de-jesus-vitima-da-covid-19\/#breadcrumb","itemListElement":[{"@type":"ListItem","position":1,"name":"In\u00edcio","item":"https:\/\/portalnpm.com\/"},{"@type":"ListItem","position":2,"name":"S\u00e3o Juli\u00e3o | Falece dona Carmina de Jesus, v\u00edtima da Covid-19"}]},{"@type":"WebSite","@id":"https:\/\/portalnpm.com\/#website","url":"https:\/\/portalnpm.com\/","name":"Portal NPM","description":"Not\u00edcias em Primeira M\u00e3o","potentialAction":[{"@type":"SearchAction","target":{"@type":"EntryPoint","urlTemplate":"https:\/\/portalnpm.com\/?s={search_term_string}"},"query-input":"required name=search_term_string"}],"inLanguage":"pt-BR"},{"@type":"Person","@id":"https:\/\/portalnpm.com\/#\/schema\/person\/0b5f230ec96cee25504fa328e7f2b733","name":"Reda\u00e7\u00e3o","image":{"@type":"ImageObject","inLanguage":"pt-BR","@id":"https:\/\/portalnpm.com\/#\/schema\/person\/image\/","url":"https:\/\/portalnpm.com\/wp-content\/uploads\/2024\/03\/avatar_user_4_1710097212-96x96.png","contentUrl":"https:\/\/portalnpm.com\/wp-content\/uploads\/2024\/03\/avatar_user_4_1710097212-96x96.png","caption":"Reda\u00e7\u00e3o"},"url":"https:\/\/portalnpm.com\/index.php\/author\/redacao\/"}]}},"jetpack_sharing_enabled":true,"jetpack_featured_media_url":"https:\/\/portalnpm.com\/wp-content\/uploads\/2024\/01\/IMG-20210414-WA0085.jpg","_links":{"self":[{"href":"https:\/\/portalnpm.com\/index.php\/wp-json\/wp\/v2\/posts\/64197"}],"collection":[{"href":"https:\/\/portalnpm.com\/index.php\/wp-json\/wp\/v2\/posts"}],"about":[{"href":"https:\/\/portalnpm.com\/index.php\/wp-json\/wp\/v2\/types\/post"}],"author":[{"embeddable":true,"href":"https:\/\/portalnpm.com\/index.php\/wp-json\/wp\/v2\/users\/4"}],"replies":[{"embeddable":true,"href":"https:\/\/portalnpm.com\/index.php\/wp-json\/wp\/v2\/comments?post=64197"}],"version-history":[{"count":0,"href":"https:\/\/portalnpm.com\/index.php\/wp-json\/wp\/v2\/posts\/64197\/revisions"}],"wp:featuredmedia":[{"embeddable":true,"href":"https:\/\/portalnpm.com\/index.php\/wp-json\/wp\/v2\/media\/64198"}],"wp:attachment":[{"href":"https:\/\/portalnpm.com\/index.php\/wp-json\/wp\/v2\/media?parent=64197"}],"wp:term":[{"taxonomy":"category","embeddable":true,"href":"https:\/\/portalnpm.com\/index.php\/wp-json\/wp\/v2\/categories?post=64197"},{"taxonomy":"post_tag","embeddable":true,"href":"https:\/\/portalnpm.com\/index.php\/wp-json\/wp\/v2\/tags?post=64197"}],"curies":[{"name":"wp","href":"https:\/\/api.w.org\/{rel}","templated":true}]}}