{"id":64322,"date":"2021-04-17T13:09:18","date_gmt":"2021-04-17T16:09:18","guid":{"rendered":"https:\/\/portalnpm.com\/index.php\/2021\/04\/17\/governo-destina-r-26-bi-para-custear-uti-nos-estados-e-aquisicao-de-remedios\/"},"modified":"2021-04-17T13:09:18","modified_gmt":"2021-04-17T16:09:18","slug":"governo-destina-r-26-bi-para-custear-uti-nos-estados-e-aquisicao-de-remedios","status":"publish","type":"post","link":"https:\/\/portalnpm.com\/index.php\/2021\/04\/17\/governo-destina-r-26-bi-para-custear-uti-nos-estados-e-aquisicao-de-remedios\/","title":{"rendered":"Governo destina R$ 2,6 bi para custear UTI nos Estados e aquisi\u00e7\u00e3o de rem\u00e9dios"},"content":{"rendered":"<p style=\"text-align: justify;\">O presidente Jair Bolsonaro editou uma medida provis\u00f3ria nesta 6\u00aa feira (16.abr.2021), que abre cr\u00e9dito extraordin\u00e1rio de R$ 2,6 bilh\u00f5es para o Minist\u00e9rio da Sa\u00fade. O objetivo \u00e9 custear quase 8.000 leitos de terapia intensiva mediante transfer\u00eancias de recursos do Fundo Nacional de Sa\u00fade aos fundos de sa\u00fade dos Estados e Distrito Federal. A meta \u00e9 ampliar o n\u00famero de leitos de UTI custeados no per\u00edodo para 21.300.<\/p>\n<p style=\"text-align: justify;\">\n<p style=\"text-align: justify;\">Eis a \u00edntegra da nota divulgada pelo governo.<\/p>\n<p style=\"text-align: justify;\">O recurso tamb\u00e9m ser\u00e1 aplicado na compra de medicamentos utilizados na intuba\u00e7\u00e3o de pacientes da covid-19 (como agentes hipn\u00f3ticos, opi\u00f3ides e bloqueadores neuromusculares).<\/p>\n<p style=\"text-align: justify;\">Na avalia\u00e7\u00e3o do governo, ficou evidente o agravamento da pandemia no in\u00edcio de 2021 e, por isso, a necessidade de mais gastos p\u00fablicos com a sa\u00fade. O cr\u00e9dito extraordin\u00e1rio ser\u00e1 financiado pela emiss\u00e3o de d\u00edvida da Uni\u00e3o.<\/p>\n<div id=\"outbrain_widget_0\" class=\"OUTBRAIN\" style=\"text-align: justify;\" data-external-id=\"a597e077774b4485b13a18e61e2c296f\" data-src=\"DROP_PERMALINK_HERE\" data-widget-id=\"MB_1\" data-ob-mark=\"true\" data-browser=\"chrome\" data-os=\"linux aarch64\" data-dynload=\"\" data-idx=\"0\">\n<div class=\"ob-widget ob-grid-layout  ob-text-on-image MB_1 ob-cmn-MB_1\" data-dynamic-truncate=\"true\">\n<div class=\"ob-widget-footer\">\n<div class=\"ob-pixels\"><\/div>\n<\/div>\n<\/div>\n<\/div>\n<p style=\"text-align: justify;\"><em>\u201cA taxa de ocupa\u00e7\u00e3o de leitos de terapia intensiva evidencia a gravidade da situa\u00e7\u00e3o. Verificou-se que, em 5 de abril, 24 das 26 unidades federativas registraram taxa de ocupa\u00e7\u00e3o igual ou superior a 80%, \u00edndice que caracteriza situa\u00e7\u00e3o grave. Dessas 24 unidades federativas, 11 registraram ocupa\u00e7\u00e3o igual ou superior a 95%, sendo que o \u00edndice esperado em situa\u00e7\u00f5es de normalidade \u00e9 inferior a 50%\u201d<\/em>, diz o Planalto.<\/p>\n<p style=\"text-align: justify;\"><em>\u201cCom a edi\u00e7\u00e3o da Medida Provis\u00f3ria, o Estado brasileiro reitera seus esfor\u00e7os para garantir a oferta de servi\u00e7os e programas voltados \u00e0 popula\u00e7\u00e3o em geral, principalmente \u00e0quela mais vulner\u00e1vel, franqueando aos \u00f3rg\u00e3os e agentes p\u00fablicos o acesso a instrumentos capazes de mitigar os efeitos danosos da pandemia sobre a sociedade brasileira\u201d,<\/em>\u00a0afirma.<\/p>\n<p style=\"text-align: justify;\">Medidas provis\u00f3rias t\u00eam for\u00e7a de lei desde o momento de sua publica\u00e7\u00e3o por at\u00e9 120 dias. Para continuarem valendo, por\u00e9m, \u00e9 necess\u00e1rio que sejam aprovadas pela C\u00e2mara e pelo Senado dentro desse per\u00edodo. O texto pode ser alterado durante a tramita\u00e7\u00e3o.<\/p>\n<p style=\"text-align: justify;\">Por Poder 360<\/p>\n","protected":false},"excerpt":{"rendered":"<p>O presidente Jair Bolsonaro editou uma medida provis\u00f3ria nesta 6\u00aa feira (16.abr.2021), que abre cr\u00e9dito extraordin\u00e1rio de R$ 2,6 bilh\u00f5es para o Minist\u00e9rio da Sa\u00fade. O objetivo \u00e9 custear quase 8.000 leitos de terapia intensiva mediante transfer\u00eancias de recursos do Fundo Nacional de Sa\u00fade aos fundos de sa\u00fade dos Estados e Distrito Federal. A meta &hellip;<\/p>\n","protected":false},"author":2,"featured_media":64323,"comment_status":"open","ping_status":"open","sticky":false,"template":"","format":"standard","meta":{"content-type":"","rop_custom_images_group":[],"rop_custom_messages_group":[],"rop_publish_now":"initial","rop_publish_now_accounts":{"facebook_2648258775420054_1618374048415101":""},"rop_publish_now_history":[],"rop_publish_now_status":"pending","footnotes":"","_jetpack_memberships_contains_paid_content":false},"categories":[125],"tags":[680,1276],"yoast_head":"<!-- This site is optimized with the Yoast SEO plugin v22.3 - https:\/\/yoast.com\/wordpress\/plugins\/seo\/ -->\n<title>Governo destina R$ 2,6 bi para custear UTI nos Estados e aquisi\u00e7\u00e3o de rem\u00e9dios<\/title>\n<meta name=\"robots\" content=\"index, follow, max-snippet:-1, max-image-preview:large, max-video-preview:-1\" \/>\n<link rel=\"canonical\" href=\"https:\/\/portalnpm.com\/index.php\/2021\/04\/17\/governo-destina-r-26-bi-para-custear-uti-nos-estados-e-aquisicao-de-remedios\/\" \/>\n<meta property=\"og:locale\" content=\"pt_BR\" \/>\n<meta property=\"og:type\" content=\"article\" \/>\n<meta property=\"og:title\" content=\"Governo destina R$ 2,6 bi para custear UTI nos Estados e aquisi\u00e7\u00e3o de rem\u00e9dios\" \/>\n<meta property=\"og:description\" content=\"O presidente Jair Bolsonaro editou uma medida provis\u00f3ria nesta 6\u00aa feira (16.abr.2021), que abre cr\u00e9dito extraordin\u00e1rio de R$ 2,6 bilh\u00f5es para o Minist\u00e9rio da Sa\u00fade. O objetivo \u00e9 custear quase 8.000 leitos de terapia intensiva mediante transfer\u00eancias de recursos do Fundo Nacional de Sa\u00fade aos fundos de sa\u00fade dos Estados e Distrito Federal. A meta &hellip;\" \/>\n<meta property=\"og:url\" content=\"https:\/\/portalnpm.com\/index.php\/2021\/04\/17\/governo-destina-r-26-bi-para-custear-uti-nos-estados-e-aquisicao-de-remedios\/\" \/>\n<meta property=\"og:site_name\" content=\"Portal NPM\" \/>\n<meta property=\"article:published_time\" content=\"2021-04-17T16:09:18+00:00\" \/>\n<meta property=\"og:image\" content=\"https:\/\/portalnpm.com\/wp-content\/uploads\/2024\/01\/BB19wQVi.jpeg\" \/>\n\t<meta property=\"og:image:width\" content=\"600\" \/>\n\t<meta property=\"og:image:height\" content=\"489\" \/>\n\t<meta property=\"og:image:type\" content=\"image\/jpeg\" \/>\n<meta name=\"author\" content=\"Genival Barbosa\" \/>\n<meta name=\"twitter:card\" content=\"summary_large_image\" \/>\n<meta name=\"twitter:label1\" content=\"Escrito por\" \/>\n\t<meta name=\"twitter:data1\" content=\"Genival Barbosa\" \/>\n\t<meta name=\"twitter:label2\" content=\"Est. tempo de leitura\" \/>\n\t<meta name=\"twitter:data2\" content=\"2 minutos\" \/>\n<script type=\"application\/ld+json\" class=\"yoast-schema-graph\">{\"@context\":\"https:\/\/schema.org\",\"@graph\":[{\"@type\":\"WebPage\",\"@id\":\"https:\/\/portalnpm.com\/index.php\/2021\/04\/17\/governo-destina-r-26-bi-para-custear-uti-nos-estados-e-aquisicao-de-remedios\/\",\"url\":\"https:\/\/portalnpm.com\/index.php\/2021\/04\/17\/governo-destina-r-26-bi-para-custear-uti-nos-estados-e-aquisicao-de-remedios\/\",\"name\":\"Governo destina R$ 2,6 bi para custear UTI nos Estados e aquisi\u00e7\u00e3o de rem\u00e9dios\",\"isPartOf\":{\"@id\":\"https:\/\/portalnpm.com\/#website\"},\"primaryImageOfPage\":{\"@id\":\"https:\/\/portalnpm.com\/index.php\/2021\/04\/17\/governo-destina-r-26-bi-para-custear-uti-nos-estados-e-aquisicao-de-remedios\/#primaryimage\"},\"image\":{\"@id\":\"https:\/\/portalnpm.com\/index.php\/2021\/04\/17\/governo-destina-r-26-bi-para-custear-uti-nos-estados-e-aquisicao-de-remedios\/#primaryimage\"},\"thumbnailUrl\":\"https:\/\/portalnpm.com\/wp-content\/uploads\/2024\/01\/BB19wQVi.jpeg\",\"datePublished\":\"2021-04-17T16:09:18+00:00\",\"dateModified\":\"2021-04-17T16:09:18+00:00\",\"author\":{\"@id\":\"https:\/\/portalnpm.com\/#\/schema\/person\/49313e563cfdefcc167f1ee4c017c294\"},\"breadcrumb\":{\"@id\":\"https:\/\/portalnpm.com\/index.php\/2021\/04\/17\/governo-destina-r-26-bi-para-custear-uti-nos-estados-e-aquisicao-de-remedios\/#breadcrumb\"},\"inLanguage\":\"pt-BR\",\"potentialAction\":[{\"@type\":\"ReadAction\",\"target\":[\"https:\/\/portalnpm.com\/index.php\/2021\/04\/17\/governo-destina-r-26-bi-para-custear-uti-nos-estados-e-aquisicao-de-remedios\/\"]}]},{\"@type\":\"ImageObject\",\"inLanguage\":\"pt-BR\",\"@id\":\"https:\/\/portalnpm.com\/index.php\/2021\/04\/17\/governo-destina-r-26-bi-para-custear-uti-nos-estados-e-aquisicao-de-remedios\/#primaryimage\",\"url\":\"https:\/\/portalnpm.com\/wp-content\/uploads\/2024\/01\/BB19wQVi.jpeg\",\"contentUrl\":\"https:\/\/portalnpm.com\/wp-content\/uploads\/2024\/01\/BB19wQVi.jpeg\",\"width\":600,\"height\":489},{\"@type\":\"BreadcrumbList\",\"@id\":\"https:\/\/portalnpm.com\/index.php\/2021\/04\/17\/governo-destina-r-26-bi-para-custear-uti-nos-estados-e-aquisicao-de-remedios\/#breadcrumb\",\"itemListElement\":[{\"@type\":\"ListItem\",\"position\":1,\"name\":\"In\u00edcio\",\"item\":\"https:\/\/portalnpm.com\/\"},{\"@type\":\"ListItem\",\"position\":2,\"name\":\"Governo destina R$ 2,6 bi para custear UTI nos Estados e aquisi\u00e7\u00e3o de rem\u00e9dios\"}]},{\"@type\":\"WebSite\",\"@id\":\"https:\/\/portalnpm.com\/#website\",\"url\":\"https:\/\/portalnpm.com\/\",\"name\":\"Portal NPM\",\"description\":\"Not\u00edcias em Primeira M\u00e3o\",\"potentialAction\":[{\"@type\":\"SearchAction\",\"target\":{\"@type\":\"EntryPoint\",\"urlTemplate\":\"https:\/\/portalnpm.com\/?s={search_term_string}\"},\"query-input\":\"required name=search_term_string\"}],\"inLanguage\":\"pt-BR\"},{\"@type\":\"Person\",\"@id\":\"https:\/\/portalnpm.com\/#\/schema\/person\/49313e563cfdefcc167f1ee4c017c294\",\"name\":\"Genival Barbosa\",\"image\":{\"@type\":\"ImageObject\",\"inLanguage\":\"pt-BR\",\"@id\":\"https:\/\/portalnpm.com\/#\/schema\/person\/image\/\",\"url\":\"https:\/\/portalnpm.com\/wp-content\/uploads\/2024\/02\/avatar_user_2_1707743258-96x96.jpeg\",\"contentUrl\":\"https:\/\/portalnpm.com\/wp-content\/uploads\/2024\/02\/avatar_user_2_1707743258-96x96.jpeg\",\"caption\":\"Genival Barbosa\"},\"url\":\"https:\/\/portalnpm.com\/index.php\/author\/genival\/\"}]}<\/script>\n<!-- \/ Yoast SEO plugin. -->","yoast_head_json":{"title":"Governo destina R$ 2,6 bi para custear UTI nos Estados e aquisi\u00e7\u00e3o de rem\u00e9dios","robots":{"index":"index","follow":"follow","max-snippet":"max-snippet:-1","max-image-preview":"max-image-preview:large","max-video-preview":"max-video-preview:-1"},"canonical":"https:\/\/portalnpm.com\/index.php\/2021\/04\/17\/governo-destina-r-26-bi-para-custear-uti-nos-estados-e-aquisicao-de-remedios\/","og_locale":"pt_BR","og_type":"article","og_title":"Governo destina R$ 2,6 bi para custear UTI nos Estados e aquisi\u00e7\u00e3o de rem\u00e9dios","og_description":"O presidente Jair Bolsonaro editou uma medida provis\u00f3ria nesta 6\u00aa feira (16.abr.2021), que abre cr\u00e9dito extraordin\u00e1rio de R$ 2,6 bilh\u00f5es para o Minist\u00e9rio da Sa\u00fade. O objetivo \u00e9 custear quase 8.000 leitos de terapia intensiva mediante transfer\u00eancias de recursos do Fundo Nacional de Sa\u00fade aos fundos de sa\u00fade dos Estados e Distrito Federal. A meta &hellip;","og_url":"https:\/\/portalnpm.com\/index.php\/2021\/04\/17\/governo-destina-r-26-bi-para-custear-uti-nos-estados-e-aquisicao-de-remedios\/","og_site_name":"Portal NPM","article_published_time":"2021-04-17T16:09:18+00:00","og_image":[{"width":600,"height":489,"url":"https:\/\/portalnpm.com\/wp-content\/uploads\/2024\/01\/BB19wQVi.jpeg","type":"image\/jpeg"}],"author":"Genival Barbosa","twitter_card":"summary_large_image","twitter_misc":{"Escrito por":"Genival Barbosa","Est. tempo de leitura":"2 minutos"},"schema":{"@context":"https:\/\/schema.org","@graph":[{"@type":"WebPage","@id":"https:\/\/portalnpm.com\/index.php\/2021\/04\/17\/governo-destina-r-26-bi-para-custear-uti-nos-estados-e-aquisicao-de-remedios\/","url":"https:\/\/portalnpm.com\/index.php\/2021\/04\/17\/governo-destina-r-26-bi-para-custear-uti-nos-estados-e-aquisicao-de-remedios\/","name":"Governo destina R$ 2,6 bi para custear UTI nos Estados e aquisi\u00e7\u00e3o de rem\u00e9dios","isPartOf":{"@id":"https:\/\/portalnpm.com\/#website"},"primaryImageOfPage":{"@id":"https:\/\/portalnpm.com\/index.php\/2021\/04\/17\/governo-destina-r-26-bi-para-custear-uti-nos-estados-e-aquisicao-de-remedios\/#primaryimage"},"image":{"@id":"https:\/\/portalnpm.com\/index.php\/2021\/04\/17\/governo-destina-r-26-bi-para-custear-uti-nos-estados-e-aquisicao-de-remedios\/#primaryimage"},"thumbnailUrl":"https:\/\/portalnpm.com\/wp-content\/uploads\/2024\/01\/BB19wQVi.jpeg","datePublished":"2021-04-17T16:09:18+00:00","dateModified":"2021-04-17T16:09:18+00:00","author":{"@id":"https:\/\/portalnpm.com\/#\/schema\/person\/49313e563cfdefcc167f1ee4c017c294"},"breadcrumb":{"@id":"https:\/\/portalnpm.com\/index.php\/2021\/04\/17\/governo-destina-r-26-bi-para-custear-uti-nos-estados-e-aquisicao-de-remedios\/#breadcrumb"},"inLanguage":"pt-BR","potentialAction":[{"@type":"ReadAction","target":["https:\/\/portalnpm.com\/index.php\/2021\/04\/17\/governo-destina-r-26-bi-para-custear-uti-nos-estados-e-aquisicao-de-remedios\/"]}]},{"@type":"ImageObject","inLanguage":"pt-BR","@id":"https:\/\/portalnpm.com\/index.php\/2021\/04\/17\/governo-destina-r-26-bi-para-custear-uti-nos-estados-e-aquisicao-de-remedios\/#primaryimage","url":"https:\/\/portalnpm.com\/wp-content\/uploads\/2024\/01\/BB19wQVi.jpeg","contentUrl":"https:\/\/portalnpm.com\/wp-content\/uploads\/2024\/01\/BB19wQVi.jpeg","width":600,"height":489},{"@type":"BreadcrumbList","@id":"https:\/\/portalnpm.com\/index.php\/2021\/04\/17\/governo-destina-r-26-bi-para-custear-uti-nos-estados-e-aquisicao-de-remedios\/#breadcrumb","itemListElement":[{"@type":"ListItem","position":1,"name":"In\u00edcio","item":"https:\/\/portalnpm.com\/"},{"@type":"ListItem","position":2,"name":"Governo destina R$ 2,6 bi para custear UTI nos Estados e aquisi\u00e7\u00e3o de rem\u00e9dios"}]},{"@type":"WebSite","@id":"https:\/\/portalnpm.com\/#website","url":"https:\/\/portalnpm.com\/","name":"Portal NPM","description":"Not\u00edcias em Primeira M\u00e3o","potentialAction":[{"@type":"SearchAction","target":{"@type":"EntryPoint","urlTemplate":"https:\/\/portalnpm.com\/?s={search_term_string}"},"query-input":"required name=search_term_string"}],"inLanguage":"pt-BR"},{"@type":"Person","@id":"https:\/\/portalnpm.com\/#\/schema\/person\/49313e563cfdefcc167f1ee4c017c294","name":"Genival Barbosa","image":{"@type":"ImageObject","inLanguage":"pt-BR","@id":"https:\/\/portalnpm.com\/#\/schema\/person\/image\/","url":"https:\/\/portalnpm.com\/wp-content\/uploads\/2024\/02\/avatar_user_2_1707743258-96x96.jpeg","contentUrl":"https:\/\/portalnpm.com\/wp-content\/uploads\/2024\/02\/avatar_user_2_1707743258-96x96.jpeg","caption":"Genival Barbosa"},"url":"https:\/\/portalnpm.com\/index.php\/author\/genival\/"}]}},"jetpack_sharing_enabled":true,"jetpack_featured_media_url":"https:\/\/portalnpm.com\/wp-content\/uploads\/2024\/01\/BB19wQVi.jpeg","_links":{"self":[{"href":"https:\/\/portalnpm.com\/index.php\/wp-json\/wp\/v2\/posts\/64322"}],"collection":[{"href":"https:\/\/portalnpm.com\/index.php\/wp-json\/wp\/v2\/posts"}],"about":[{"href":"https:\/\/portalnpm.com\/index.php\/wp-json\/wp\/v2\/types\/post"}],"author":[{"embeddable":true,"href":"https:\/\/portalnpm.com\/index.php\/wp-json\/wp\/v2\/users\/2"}],"replies":[{"embeddable":true,"href":"https:\/\/portalnpm.com\/index.php\/wp-json\/wp\/v2\/comments?post=64322"}],"version-history":[{"count":0,"href":"https:\/\/portalnpm.com\/index.php\/wp-json\/wp\/v2\/posts\/64322\/revisions"}],"wp:featuredmedia":[{"embeddable":true,"href":"https:\/\/portalnpm.com\/index.php\/wp-json\/wp\/v2\/media\/64323"}],"wp:attachment":[{"href":"https:\/\/portalnpm.com\/index.php\/wp-json\/wp\/v2\/media?parent=64322"}],"wp:term":[{"taxonomy":"category","embeddable":true,"href":"https:\/\/portalnpm.com\/index.php\/wp-json\/wp\/v2\/categories?post=64322"},{"taxonomy":"post_tag","embeddable":true,"href":"https:\/\/portalnpm.com\/index.php\/wp-json\/wp\/v2\/tags?post=64322"}],"curies":[{"name":"wp","href":"https:\/\/api.w.org\/{rel}","templated":true}]}}