{"id":64357,"date":"2021-04-18T08:15:14","date_gmt":"2021-04-18T11:15:14","guid":{"rendered":"https:\/\/portalnpm.com\/index.php\/2021\/04\/18\/em-viagem-fora-da-agenda-bolsonaro-volta-a-dispensar-mascara-e-causar-aglomeracao\/"},"modified":"2024-01-15T23:11:12","modified_gmt":"2024-01-16T02:11:12","slug":"em-viagem-fora-da-agenda-bolsonaro-volta-a-dispensar-mascara-e-causar-aglomeracao","status":"publish","type":"post","link":"https:\/\/portalnpm.com\/index.php\/2021\/04\/18\/em-viagem-fora-da-agenda-bolsonaro-volta-a-dispensar-mascara-e-causar-aglomeracao\/","title":{"rendered":"Em viagem fora da agenda, Bolsonaro volta a dispensar m\u00e1scara e causar aglomera\u00e7\u00e3o"},"content":{"rendered":"<p><p style=\"text-align: justify;\">BRAS&Iacute;LIA &#8211; Mais uma vez, o presidente&nbsp;<a href=\"https:\/\/tudo-sobre.estadao.com.br\/jair-bolsonaro\" target=\"_blank\" rel=\"noopener noreferrer\" data-id=\"39\" data-m='{\"i\":39,\"p\":36,\"n\":\"partnerLink\",\"y\":24,\"o\":3}'><strong>Jair Bolsonaro<\/strong><\/a>&nbsp;foi o chamariz para a forma&ccedil;&atilde;o de aglomera&ccedil;&atilde;o durante uma viagem em que dispensou o uso da m&aacute;scara. O chefe do Executivo mobilizou dois helic&oacute;pteros oficiais para se deslocar para&nbsp;<strong>Goian&oacute;polis<\/strong>, cidade de&nbsp;<a href=\"https:\/\/tudo-sobre.estadao.com.br\/goias-estado\" target=\"_blank\" rel=\"noopener noreferrer\" data-id=\"40\" data-m='{\"i\":40,\"p\":36,\"n\":\"partnerLink\",\"y\":24,\"o\":4}'><strong>Goi&aacute;s<\/strong><\/a>&nbsp;localizada a cerca de 200 quil&ocirc;metros de Bras&iacute;lia. A viagem n&atilde;o constava da agenda do presidente, que, no caminho, parou em um posto da&nbsp;<a href=\"https:\/\/tudo-sobre.estadao.com.br\/prf-policia-rodoviaria-federal\" target=\"_blank\" rel=\"noopener noreferrer\" data-id=\"41\" data-m='{\"i\":41,\"p\":36,\"n\":\"partnerLink\",\"y\":24,\"o\":5}'><strong>Pol&iacute;cia Rodovi&aacute;ria Federal<\/strong><\/a>, segundo imagens publicadas nas redes sociais.<\/p>\n<p style=\"text-align: justify;\">\n<p style=\"text-align: justify;\">Assim que pousou em um campo de futebol, v&aacute;rias pessoas se aglomeraram para saudar o presidente, conforme revelaram imagens transmitidas pelo l&iacute;der do PSL na C&acirc;mara, deputado&nbsp;<a href=\"https:\/\/tudo-sobre.estadao.com.br\/major-vitor-hugo\" target=\"_blank\" rel=\"noopener noreferrer\" data-id=\"42\" data-m='{\"i\":42,\"p\":36,\"n\":\"partnerLink\",\"y\":24,\"o\":6}'><strong>Major Vitor Hugo<\/strong><\/a>&nbsp;(PSL-GO). O chefe do Executivo cumprimentou v&aacute;rias delas apertando as m&atilde;os. Na transmiss&atilde;o, &eacute; poss&iacute;vel ver que h&aacute; desde pessoas idosas at&eacute; crian&ccedil;as. O presidente chegou a pegar um beb&ecirc; no colo, logo depois de tocar em v&aacute;rios apoiadores.<\/p>\n<p style=\"text-align: justify;\"><span class=\"storyimage fullwidth  image\" data-aop=\"image\"><span class=\"image\" data-attrib=\"Dida Sampaio\/ Estad&atilde;o\" data-caption=\"O presidente Jair Bolsonaro chega ao Pal&aacute;cio da Alvorada ap&oacute;s viagem a Goian&oacute;polis. \" data-id=\"37\" data-m='{\"i\":37,\"p\":36,\"n\":\"openModal\",\"t\":\"articleImages\",\"o\":1}'><img decoding=\"async\" class=\"loaded\" src=\"\" alt=\"O presidente Jair Bolsonaro chega ao Pal&aacute;cio da Alvorada ap&oacute;s viagem a Goian&oacute;polis. \" data-src='{\"default\":\"\/\/img-s-msn-com.akamaized.net\/tenant\/amp\/entityid\/BB1fLiYn.img?h=416&amp;w=624&amp;m=6&amp;q=60&amp;o=f&amp;l=f&amp;x=721&amp;y=570\",\"size1column\":\"\/\/img-s-msn-com.akamaized.net\/tenant\/amp\/entityid\/BB1fLiYn.img?h=200&amp;w=300&amp;m=6&amp;q=60&amp;o=f&amp;l=f&amp;x=721&amp;y=570\"}'><\/span><span class=\"caption truncate\"><span class=\"attribution\">&copy; Dida Sampaio\/ Estad&atilde;o<\/span>&nbsp;O presidente Jair Bolsonaro chega ao Pal&aacute;cio da Alvorada ap&oacute;s viagem a Goian&oacute;polis.<\/span><\/span><\/p>\n<p style=\"text-align: justify;\">Fizeram parte da comitiva o ministro da Defesa,&nbsp;<a href=\"https:\/\/tudo-sobre.estadao.com.br\/Walter-Braga-Netto\" target=\"_blank\" rel=\"noopener noreferrer\" data-id=\"43\" data-m='{\"i\":43,\"p\":36,\"n\":\"partnerLink\",\"y\":24,\"o\":7}'><strong>Walter Braga Netto<\/strong><\/a>, e o ex-ministro da Sa&uacute;de&nbsp;<a href=\"https:\/\/tudo-sobre.estadao.com.br\/eduardo-pazuello\" target=\"_blank\" rel=\"noopener noreferrer\" data-id=\"44\" data-m='{\"i\":44,\"p\":36,\"n\":\"partnerLink\",\"y\":24,\"o\":8}'><strong>Eduardo Pazuello<\/strong><\/a>. Apesar de ter sido retirado do cargo h&aacute; cerca de tr&ecirc;s semanas, Pazuello &eacute; considerado uma das pe&ccedil;as principais da Comiss&atilde;o Parlamentar de Inqu&eacute;rito (CPI) do Senado que vai averiguar a coordena&ccedil;&atilde;o do governo em rela&ccedil;&atilde;o &agrave;&nbsp;<a href=\"https:\/\/tudo-sobre.estadao.com.br\/coronavirus\" target=\"_blank\" rel=\"noopener noreferrer\" data-id=\"45\" data-m='{\"i\":45,\"p\":36,\"n\":\"partnerLink\",\"y\":24,\"o\":9}'><strong>pandemia de coronav&iacute;rus<\/strong><\/a>. Bolsonaro se mostrou irritado com a cria&ccedil;&atilde;o da CPI e articulou para que outras esferas de governo &#8211; como prefeitos e governadores &#8211; tamb&eacute;m fossem investigadas.<\/p>\n<div class=\"embed-externo\" style=\"text-align: justify;\">\n<div><iframe id=\"instagram-embed-0\" class=\"instagram-media ig-em-bq instagram-media-rendered\" src=\"https:\/\/www.instagram.com\/tv\/CNxLgkMA-RK\/embed\/captioned\/?cr=1&amp;v=13&amp;wp=647&amp;rd=https%3A%2F%2Fwww.msn.com&amp;rp=%2Fpt-br%2Fnoticias%2Fbrasil%2Fem-viagem-fora-da-agenda-bolsonaro-volta-a-dispensar-m%25c3%25a1scara-e-causar-aglomera%25c3%25a7%25c3%25a3o%2Far-BB1fLhDu%3Fli%3DAAggNbi#%7B%22ci%22%3A0%2C%22os%22%3A5308.100000023842%2C%22ls%22%3A4857.1000000229105%2C%22le%22%3A4870.600000023842%7D\" height=\"774\" frameborder=\"0\" scrolling=\"no\" allowfullscreen=\"allowfullscreen\" data-instgrm-payload-id=\"instagram-media-payload-0\" data-mce-fragment=\"1\"><\/iframe><\/div>\n<\/div>\n<p style=\"text-align: justify;\">O presidente j&aacute; foi contaminado pela covid-19 e atribuiu sua recupera&ccedil;&atilde;o ao que chama de tratamento precoce &#8211; que n&atilde;o tem comprova&ccedil;&atilde;o cient&iacute;fica &#8211; e a seu &#8220;hist&oacute;rico de atleta&#8221;. Depois de ter declarado que n&atilde;o tomaria vacina, Bolsonaro disse a apoiadores ontem &agrave; noite que pretende ser imunizado &#8220;por &uacute;ltimo&#8221;. Segundo o presidente, a decis&atilde;o se d&aacute; porque h&aacute; &#8220;muita gente apavorada&#8221; esperando pela vacina &#8220;dentro de casa&#8221;. V&aacute;rios chefes de Estado e de governo do mundo, no entanto, j&aacute; se imunizaram, dando o exemplo, quando os calend&aacute;rios de imuniza&ccedil;&atilde;o locais previam a aplica&ccedil;&atilde;o do imunizante em suas faixas et&aacute;rias.<\/p>\n<div id=\"outbrain_widget_0\" class=\"OUTBRAIN\" style=\"text-align: justify;\" data-external-id=\"63d42b9d27f24e64af720cfd313d48b1\" data-src=\"DROP_PERMALINK_HERE\" data-widget-id=\"MB_1\" data-ob-mark=\"true\" data-browser=\"chrome\" data-os=\"linux aarch64\" data-dynload=\"\" data-idx=\"0\">\n<div class=\"ob-widget ob-grid-layout  ob-text-on-image MB_1 ob-cmn-MB_1\" data-dynamic-truncate=\"true\">\n<div class=\"ob-widget-items-container\">\n<div class=\"ob-dynamic-rec-container ob-recIdx-0 ob-p\" data-pos=\"0\"><\/div>\n<\/div>\n<div class=\"ob-widget-footer\">\n<div class=\"ob-pixels\"><\/div>\n<\/div>\n<\/div>\n<\/div>\n<p style=\"text-align: justify;\"><span class=\"storyimage fullwidth  image\" data-aop=\"image\"><span class=\"image\" data-attrib=\"Reprodu&ccedil;&atilde;o\/ Instagram\/ Major V&iacute;tor Hugo\" data-caption=\"Jair Bolsonaro pega beb&ecirc; nos bra&ccedil;os durante viagem a Goian&oacute;polis; presidente voltou a dispensar o uso da m&aacute;scara em compromisso p&uacute;blico. \" data-id=\"38\" data-m='{\"i\":38,\"p\":36,\"n\":\"openModal\",\"t\":\"articleImages\",\"o\":2}'><img decoding=\"async\" class=\"loaded\" src=\"https:\/\/portalnpm.com\/wp-content\/uploads\/2024\/01\/BB1fLlCs.jpeg\" alt=\"Jair Bolsonaro pega beb&ecirc; nos bra&ccedil;os durante viagem a Goian&oacute;polis; presidente voltou a dispensar o uso da m&aacute;scara em compromisso p&uacute;blico. \" data-src='{\"default\":\"\/\/img-s-msn-com.akamaized.net\/tenant\/amp\/entityid\/BB1fLlCs.img?h=528&amp;w=624&amp;m=6&amp;q=60&amp;o=f&amp;l=f\",\"size1column\":\"\/\/img-s-msn-com.akamaized.net\/tenant\/amp\/entityid\/BB1fLlCs.img?h=254&amp;w=300&amp;m=6&amp;q=60&amp;o=f&amp;l=f\"}'><\/span><span class=\"caption truncate\"><span class=\"attribution\">&copy; Reprodu&ccedil;&atilde;o\/ Instagram\/ Major V&iacute;tor Hugo<\/span>&nbsp;Jair Bolsonaro pega beb&ecirc; nos bra&ccedil;os durante viagem a Goian&oacute;polis; presidente voltou a dispensar o uso da m&aacute;scara em compromisso p&uacute;blico.<\/span><\/span><\/p>\n<p style=\"text-align: justify;\">Conforme o&nbsp;<strong>Estad&atilde;o\/Broadcast&nbsp;<\/strong>mostrou, com 66 anos de idade,&nbsp;<a href=\"https:\/\/politica.estadao.com.br\/noticias\/geral,bolsonaro-ja-poderia-ter-tomado-vacina-ha-15-dias-mas-nao-tomou,70003683564\" target=\"_blank\" rel=\"noopener noreferrer\" data-id=\"47\" data-m='{\"i\":47,\"p\":36,\"n\":\"partnerLink\",\"y\":24,\"o\":11}'>Bolsonaro est&aacute; apto a receber a vacina no Distrito Federal desde o dia 3 de abril, mas optou por n&atilde;o se vacinar<\/a>. Outro argumento do presidente para n&atilde;o receber o imunizante &eacute; o de j&aacute; ter contra&iacute;do o v&iacute;rus em julho do ano passado. Segundo dados do cons&oacute;rcio de ve&iacute;culos de imprensa, 12,17% dos cidad&atilde;os brasileiros j&aacute; foram vacinados com a primeira dose. Desde o in&iacute;cio da pandemia, o Brasil contabiliza mais de 369 mil mortes por coronav&iacute;rus.<\/p>\n<p style=\"text-align: justify;\">Nesta manh&atilde;, o&nbsp;<a href=\"https:\/\/tudo-sobre.estadao.com.br\/MINISTERIO-DA-SAUDE\" target=\"_blank\" rel=\"noopener noreferrer\" data-id=\"48\" data-m='{\"i\":48,\"p\":36,\"n\":\"partnerLink\",\"y\":24,\"o\":12}'><strong>Minist&eacute;rio da Sa&uacute;de<\/strong><\/a>&nbsp;informou que o governo brasileiro deve receber 4 milh&otilde;es de doses da vacina Oxford\/AstraZeneca contra a covid-19 em maio, fruto do cons&oacute;rcio&nbsp;<a href=\"https:\/\/tudo-sobre.estadao.com.br\/covax-facility\" target=\"_blank\" rel=\"noopener noreferrer\" data-id=\"49\" data-m='{\"i\":49,\"p\":36,\"n\":\"partnerLink\",\"y\":24,\"o\":13}'><strong>Covax Facility<\/strong><\/a>. Segundo a pasta, os imunizantes ser&atilde;o adquiridos via Fundo Rotat&oacute;rio da&nbsp;<strong>Organiza&ccedil;&atilde;o Pan-Americana de Sa&uacute;de (OPAS\/OMS)<\/strong>. O primeiro lote da Covax Facility foi entregue em mar&ccedil;o com pouco mais de 1 milh&atilde;o de doses da AstraZeneca\/Oxford, produzidas na Coreia do Sul pelo laborat&oacute;rio SK Bioscience.<\/p>\n<p style=\"text-align: justify;\">Fonte: Estad&atilde;o Conte&uacute;do<\/p><\/p>\n","protected":false},"excerpt":{"rendered":"<p>BRAS&Iacute;LIA &#8211; Mais uma vez, o presidente&nbsp;Jair Bolsonaro&nbsp;foi o chamariz para a forma&ccedil;&atilde;o de aglomera&ccedil;&atilde;o durante uma viagem em que dispensou o uso da m&aacute;scara. O chefe do Executivo mobilizou dois helic&oacute;pteros oficiais para se deslocar para&nbsp;Goian&oacute;polis, cidade de&nbsp;Goi&aacute;s&nbsp;localizada a cerca de 200 quil&ocirc;metros de Bras&iacute;lia. A viagem n&atilde;o constava da agenda do presidente, que, &hellip;<\/p>\n","protected":false},"author":2,"featured_media":64358,"comment_status":"open","ping_status":"open","sticky":false,"template":"","format":"standard","meta":{"content-type":"","rop_custom_images_group":[],"rop_custom_messages_group":[],"rop_publish_now":"initial","rop_publish_now_accounts":{"facebook_2648258775420054_1618374048415101":""},"rop_publish_now_history":[],"rop_publish_now_status":"pending","footnotes":"","_jetpack_memberships_contains_paid_content":false},"categories":[113,130],"tags":[3882,680,1668],"yoast_head":"<!-- This site is optimized with the Yoast SEO plugin v22.3 - https:\/\/yoast.com\/wordpress\/plugins\/seo\/ -->\n<title>Em viagem fora da agenda, Bolsonaro volta a dispensar m\u00e1scara e causar aglomera\u00e7\u00e3o<\/title>\n<meta name=\"robots\" content=\"index, follow, max-snippet:-1, max-image-preview:large, max-video-preview:-1\" \/>\n<link rel=\"canonical\" href=\"https:\/\/portalnpm.com\/index.php\/2021\/04\/18\/em-viagem-fora-da-agenda-bolsonaro-volta-a-dispensar-mascara-e-causar-aglomeracao\/\" \/>\n<meta property=\"og:locale\" content=\"pt_BR\" \/>\n<meta property=\"og:type\" content=\"article\" \/>\n<meta property=\"og:title\" content=\"Em viagem fora da agenda, Bolsonaro volta a dispensar m\u00e1scara e causar aglomera\u00e7\u00e3o\" \/>\n<meta property=\"og:description\" content=\"BRAS&Iacute;LIA &#8211; Mais uma vez, o presidente&nbsp;Jair Bolsonaro&nbsp;foi o chamariz para a forma&ccedil;&atilde;o de aglomera&ccedil;&atilde;o durante uma viagem em que dispensou o uso da m&aacute;scara. O chefe do Executivo mobilizou dois helic&oacute;pteros oficiais para se deslocar para&nbsp;Goian&oacute;polis, cidade de&nbsp;Goi&aacute;s&nbsp;localizada a cerca de 200 quil&ocirc;metros de Bras&iacute;lia. A viagem n&atilde;o constava da agenda do presidente, que, &hellip;\" \/>\n<meta property=\"og:url\" content=\"https:\/\/portalnpm.com\/index.php\/2021\/04\/18\/em-viagem-fora-da-agenda-bolsonaro-volta-a-dispensar-mascara-e-causar-aglomeracao\/\" \/>\n<meta property=\"og:site_name\" content=\"Portal NPM\" \/>\n<meta property=\"article:published_time\" content=\"2021-04-18T11:15:14+00:00\" \/>\n<meta property=\"article:modified_time\" content=\"2024-01-16T02:11:12+00:00\" \/>\n<meta property=\"og:image\" content=\"https:\/\/portalnpm.com\/wp-content\/uploads\/2024\/01\/BB1fLlCs.jpeg\" \/>\n\t<meta property=\"og:image:width\" content=\"624\" \/>\n\t<meta property=\"og:image:height\" content=\"528\" \/>\n\t<meta property=\"og:image:type\" content=\"image\/jpeg\" \/>\n<meta name=\"author\" content=\"Genival Barbosa\" \/>\n<meta name=\"twitter:card\" content=\"summary_large_image\" \/>\n<meta name=\"twitter:label1\" content=\"Escrito por\" \/>\n\t<meta name=\"twitter:data1\" content=\"Genival Barbosa\" \/>\n\t<meta name=\"twitter:label2\" content=\"Est. tempo de leitura\" \/>\n\t<meta name=\"twitter:data2\" content=\"4 minutos\" \/>\n<script type=\"application\/ld+json\" class=\"yoast-schema-graph\">{\"@context\":\"https:\/\/schema.org\",\"@graph\":[{\"@type\":\"WebPage\",\"@id\":\"https:\/\/portalnpm.com\/index.php\/2021\/04\/18\/em-viagem-fora-da-agenda-bolsonaro-volta-a-dispensar-mascara-e-causar-aglomeracao\/\",\"url\":\"https:\/\/portalnpm.com\/index.php\/2021\/04\/18\/em-viagem-fora-da-agenda-bolsonaro-volta-a-dispensar-mascara-e-causar-aglomeracao\/\",\"name\":\"Em viagem fora da agenda, Bolsonaro volta a dispensar m\u00e1scara e causar aglomera\u00e7\u00e3o\",\"isPartOf\":{\"@id\":\"https:\/\/portalnpm.com\/#website\"},\"primaryImageOfPage\":{\"@id\":\"https:\/\/portalnpm.com\/index.php\/2021\/04\/18\/em-viagem-fora-da-agenda-bolsonaro-volta-a-dispensar-mascara-e-causar-aglomeracao\/#primaryimage\"},\"image\":{\"@id\":\"https:\/\/portalnpm.com\/index.php\/2021\/04\/18\/em-viagem-fora-da-agenda-bolsonaro-volta-a-dispensar-mascara-e-causar-aglomeracao\/#primaryimage\"},\"thumbnailUrl\":\"https:\/\/portalnpm.com\/wp-content\/uploads\/2024\/01\/BB1fLlCs.jpeg\",\"datePublished\":\"2021-04-18T11:15:14+00:00\",\"dateModified\":\"2024-01-16T02:11:12+00:00\",\"author\":{\"@id\":\"https:\/\/portalnpm.com\/#\/schema\/person\/49313e563cfdefcc167f1ee4c017c294\"},\"breadcrumb\":{\"@id\":\"https:\/\/portalnpm.com\/index.php\/2021\/04\/18\/em-viagem-fora-da-agenda-bolsonaro-volta-a-dispensar-mascara-e-causar-aglomeracao\/#breadcrumb\"},\"inLanguage\":\"pt-BR\",\"potentialAction\":[{\"@type\":\"ReadAction\",\"target\":[\"https:\/\/portalnpm.com\/index.php\/2021\/04\/18\/em-viagem-fora-da-agenda-bolsonaro-volta-a-dispensar-mascara-e-causar-aglomeracao\/\"]}]},{\"@type\":\"ImageObject\",\"inLanguage\":\"pt-BR\",\"@id\":\"https:\/\/portalnpm.com\/index.php\/2021\/04\/18\/em-viagem-fora-da-agenda-bolsonaro-volta-a-dispensar-mascara-e-causar-aglomeracao\/#primaryimage\",\"url\":\"https:\/\/portalnpm.com\/wp-content\/uploads\/2024\/01\/BB1fLlCs.jpeg\",\"contentUrl\":\"https:\/\/portalnpm.com\/wp-content\/uploads\/2024\/01\/BB1fLlCs.jpeg\",\"width\":624,\"height\":528},{\"@type\":\"BreadcrumbList\",\"@id\":\"https:\/\/portalnpm.com\/index.php\/2021\/04\/18\/em-viagem-fora-da-agenda-bolsonaro-volta-a-dispensar-mascara-e-causar-aglomeracao\/#breadcrumb\",\"itemListElement\":[{\"@type\":\"ListItem\",\"position\":1,\"name\":\"In\u00edcio\",\"item\":\"https:\/\/portalnpm.com\/\"},{\"@type\":\"ListItem\",\"position\":2,\"name\":\"Em viagem fora da agenda, Bolsonaro volta a dispensar m\u00e1scara e causar aglomera\u00e7\u00e3o\"}]},{\"@type\":\"WebSite\",\"@id\":\"https:\/\/portalnpm.com\/#website\",\"url\":\"https:\/\/portalnpm.com\/\",\"name\":\"Portal NPM\",\"description\":\"Not\u00edcias em Primeira M\u00e3o\",\"potentialAction\":[{\"@type\":\"SearchAction\",\"target\":{\"@type\":\"EntryPoint\",\"urlTemplate\":\"https:\/\/portalnpm.com\/?s={search_term_string}\"},\"query-input\":\"required name=search_term_string\"}],\"inLanguage\":\"pt-BR\"},{\"@type\":\"Person\",\"@id\":\"https:\/\/portalnpm.com\/#\/schema\/person\/49313e563cfdefcc167f1ee4c017c294\",\"name\":\"Genival Barbosa\",\"image\":{\"@type\":\"ImageObject\",\"inLanguage\":\"pt-BR\",\"@id\":\"https:\/\/portalnpm.com\/#\/schema\/person\/image\/\",\"url\":\"https:\/\/portalnpm.com\/wp-content\/uploads\/2024\/02\/avatar_user_2_1707743258-96x96.jpeg\",\"contentUrl\":\"https:\/\/portalnpm.com\/wp-content\/uploads\/2024\/02\/avatar_user_2_1707743258-96x96.jpeg\",\"caption\":\"Genival Barbosa\"},\"url\":\"https:\/\/portalnpm.com\/index.php\/author\/genival\/\"}]}<\/script>\n<!-- \/ Yoast SEO plugin. -->","yoast_head_json":{"title":"Em viagem fora da agenda, Bolsonaro volta a dispensar m\u00e1scara e causar aglomera\u00e7\u00e3o","robots":{"index":"index","follow":"follow","max-snippet":"max-snippet:-1","max-image-preview":"max-image-preview:large","max-video-preview":"max-video-preview:-1"},"canonical":"https:\/\/portalnpm.com\/index.php\/2021\/04\/18\/em-viagem-fora-da-agenda-bolsonaro-volta-a-dispensar-mascara-e-causar-aglomeracao\/","og_locale":"pt_BR","og_type":"article","og_title":"Em viagem fora da agenda, Bolsonaro volta a dispensar m\u00e1scara e causar aglomera\u00e7\u00e3o","og_description":"BRAS&Iacute;LIA &#8211; Mais uma vez, o presidente&nbsp;Jair Bolsonaro&nbsp;foi o chamariz para a forma&ccedil;&atilde;o de aglomera&ccedil;&atilde;o durante uma viagem em que dispensou o uso da m&aacute;scara. O chefe do Executivo mobilizou dois helic&oacute;pteros oficiais para se deslocar para&nbsp;Goian&oacute;polis, cidade de&nbsp;Goi&aacute;s&nbsp;localizada a cerca de 200 quil&ocirc;metros de Bras&iacute;lia. A viagem n&atilde;o constava da agenda do presidente, que, &hellip;","og_url":"https:\/\/portalnpm.com\/index.php\/2021\/04\/18\/em-viagem-fora-da-agenda-bolsonaro-volta-a-dispensar-mascara-e-causar-aglomeracao\/","og_site_name":"Portal NPM","article_published_time":"2021-04-18T11:15:14+00:00","article_modified_time":"2024-01-16T02:11:12+00:00","og_image":[{"width":624,"height":528,"url":"https:\/\/portalnpm.com\/wp-content\/uploads\/2024\/01\/BB1fLlCs.jpeg","type":"image\/jpeg"}],"author":"Genival Barbosa","twitter_card":"summary_large_image","twitter_misc":{"Escrito por":"Genival Barbosa","Est. tempo de leitura":"4 minutos"},"schema":{"@context":"https:\/\/schema.org","@graph":[{"@type":"WebPage","@id":"https:\/\/portalnpm.com\/index.php\/2021\/04\/18\/em-viagem-fora-da-agenda-bolsonaro-volta-a-dispensar-mascara-e-causar-aglomeracao\/","url":"https:\/\/portalnpm.com\/index.php\/2021\/04\/18\/em-viagem-fora-da-agenda-bolsonaro-volta-a-dispensar-mascara-e-causar-aglomeracao\/","name":"Em viagem fora da agenda, Bolsonaro volta a dispensar m\u00e1scara e causar aglomera\u00e7\u00e3o","isPartOf":{"@id":"https:\/\/portalnpm.com\/#website"},"primaryImageOfPage":{"@id":"https:\/\/portalnpm.com\/index.php\/2021\/04\/18\/em-viagem-fora-da-agenda-bolsonaro-volta-a-dispensar-mascara-e-causar-aglomeracao\/#primaryimage"},"image":{"@id":"https:\/\/portalnpm.com\/index.php\/2021\/04\/18\/em-viagem-fora-da-agenda-bolsonaro-volta-a-dispensar-mascara-e-causar-aglomeracao\/#primaryimage"},"thumbnailUrl":"https:\/\/portalnpm.com\/wp-content\/uploads\/2024\/01\/BB1fLlCs.jpeg","datePublished":"2021-04-18T11:15:14+00:00","dateModified":"2024-01-16T02:11:12+00:00","author":{"@id":"https:\/\/portalnpm.com\/#\/schema\/person\/49313e563cfdefcc167f1ee4c017c294"},"breadcrumb":{"@id":"https:\/\/portalnpm.com\/index.php\/2021\/04\/18\/em-viagem-fora-da-agenda-bolsonaro-volta-a-dispensar-mascara-e-causar-aglomeracao\/#breadcrumb"},"inLanguage":"pt-BR","potentialAction":[{"@type":"ReadAction","target":["https:\/\/portalnpm.com\/index.php\/2021\/04\/18\/em-viagem-fora-da-agenda-bolsonaro-volta-a-dispensar-mascara-e-causar-aglomeracao\/"]}]},{"@type":"ImageObject","inLanguage":"pt-BR","@id":"https:\/\/portalnpm.com\/index.php\/2021\/04\/18\/em-viagem-fora-da-agenda-bolsonaro-volta-a-dispensar-mascara-e-causar-aglomeracao\/#primaryimage","url":"https:\/\/portalnpm.com\/wp-content\/uploads\/2024\/01\/BB1fLlCs.jpeg","contentUrl":"https:\/\/portalnpm.com\/wp-content\/uploads\/2024\/01\/BB1fLlCs.jpeg","width":624,"height":528},{"@type":"BreadcrumbList","@id":"https:\/\/portalnpm.com\/index.php\/2021\/04\/18\/em-viagem-fora-da-agenda-bolsonaro-volta-a-dispensar-mascara-e-causar-aglomeracao\/#breadcrumb","itemListElement":[{"@type":"ListItem","position":1,"name":"In\u00edcio","item":"https:\/\/portalnpm.com\/"},{"@type":"ListItem","position":2,"name":"Em viagem fora da agenda, Bolsonaro volta a dispensar m\u00e1scara e causar aglomera\u00e7\u00e3o"}]},{"@type":"WebSite","@id":"https:\/\/portalnpm.com\/#website","url":"https:\/\/portalnpm.com\/","name":"Portal NPM","description":"Not\u00edcias em Primeira M\u00e3o","potentialAction":[{"@type":"SearchAction","target":{"@type":"EntryPoint","urlTemplate":"https:\/\/portalnpm.com\/?s={search_term_string}"},"query-input":"required name=search_term_string"}],"inLanguage":"pt-BR"},{"@type":"Person","@id":"https:\/\/portalnpm.com\/#\/schema\/person\/49313e563cfdefcc167f1ee4c017c294","name":"Genival Barbosa","image":{"@type":"ImageObject","inLanguage":"pt-BR","@id":"https:\/\/portalnpm.com\/#\/schema\/person\/image\/","url":"https:\/\/portalnpm.com\/wp-content\/uploads\/2024\/02\/avatar_user_2_1707743258-96x96.jpeg","contentUrl":"https:\/\/portalnpm.com\/wp-content\/uploads\/2024\/02\/avatar_user_2_1707743258-96x96.jpeg","caption":"Genival Barbosa"},"url":"https:\/\/portalnpm.com\/index.php\/author\/genival\/"}]}},"jetpack_sharing_enabled":true,"jetpack_featured_media_url":"https:\/\/portalnpm.com\/wp-content\/uploads\/2024\/01\/BB1fLlCs.jpeg","_links":{"self":[{"href":"https:\/\/portalnpm.com\/index.php\/wp-json\/wp\/v2\/posts\/64357"}],"collection":[{"href":"https:\/\/portalnpm.com\/index.php\/wp-json\/wp\/v2\/posts"}],"about":[{"href":"https:\/\/portalnpm.com\/index.php\/wp-json\/wp\/v2\/types\/post"}],"author":[{"embeddable":true,"href":"https:\/\/portalnpm.com\/index.php\/wp-json\/wp\/v2\/users\/2"}],"replies":[{"embeddable":true,"href":"https:\/\/portalnpm.com\/index.php\/wp-json\/wp\/v2\/comments?post=64357"}],"version-history":[{"count":1,"href":"https:\/\/portalnpm.com\/index.php\/wp-json\/wp\/v2\/posts\/64357\/revisions"}],"predecessor-version":[{"id":64365,"href":"https:\/\/portalnpm.com\/index.php\/wp-json\/wp\/v2\/posts\/64357\/revisions\/64365"}],"wp:featuredmedia":[{"embeddable":true,"href":"https:\/\/portalnpm.com\/index.php\/wp-json\/wp\/v2\/media\/64358"}],"wp:attachment":[{"href":"https:\/\/portalnpm.com\/index.php\/wp-json\/wp\/v2\/media?parent=64357"}],"wp:term":[{"taxonomy":"category","embeddable":true,"href":"https:\/\/portalnpm.com\/index.php\/wp-json\/wp\/v2\/categories?post=64357"},{"taxonomy":"post_tag","embeddable":true,"href":"https:\/\/portalnpm.com\/index.php\/wp-json\/wp\/v2\/tags?post=64357"}],"curies":[{"name":"wp","href":"https:\/\/api.w.org\/{rel}","templated":true}]}}