{"id":64359,"date":"2021-04-18T08:18:30","date_gmt":"2021-04-18T11:18:30","guid":{"rendered":"https:\/\/portalnpm.com\/index.php\/2021\/04\/18\/covid-ja-matou-433-mulheres-gravidas-ou-no-puerperio-em-2021\/"},"modified":"2021-04-18T08:18:30","modified_gmt":"2021-04-18T11:18:30","slug":"covid-ja-matou-433-mulheres-gravidas-ou-no-puerperio-em-2021","status":"publish","type":"post","link":"https:\/\/portalnpm.com\/index.php\/2021\/04\/18\/covid-ja-matou-433-mulheres-gravidas-ou-no-puerperio-em-2021\/","title":{"rendered":"Covid j\u00e1 matou 433 mulheres gr\u00e1vidas ou no puerp\u00e9rio em 2021"},"content":{"rendered":"<p style=\"text-align: justify;\">Pelo menos 433 mulheres gr\u00e1vidas ou no puerp\u00e9rio (resguardo depois da gravidez) morreram de covid-19 de 1\u00ba de janeiro a 14 de abril de 2021. O n\u00famero est\u00e1 pr\u00f3ximo do total de v\u00edtimas gestantes registradas no ano anterior: 546 n\u00e3o resistiram ao coronav\u00edrus.<\/p>\n<p style=\"text-align: justify;\">\n<p style=\"text-align: justify;\">Os dados s\u00e3o Painel de SRAG (S\u00edndrome Respirat\u00f3ria Aguda Grave) por covid-19 em gestantes e pu\u00e9rperas, do Minist\u00e9rio da Sa\u00fade. Eis os n\u00fameros detalhados de cada ano:<\/p>\n<ul style=\"text-align: justify;\">\n<li><strong>2020:<\/strong>\u00a0O coronav\u00edrus infectou 5.101 gr\u00e1vidas e 250 morreram. A covid foi mais letal entre as pu\u00e9rperas. Atingiu 1.944 mulheres em resguardo. Dessas, 296 n\u00e3o resistiram.<\/li>\n<li><strong>2021:<\/strong>\u00a0De janeiro a 14 de abril, 2.424 gr\u00e1vidas pegaram covid e 201 morreram. Entre as pu\u00e9rperas, s\u00e3o 1.010 diagn\u00f3sticos e 232 mortes confirmadas.<\/li>\n<\/ul>\n<p style=\"text-align: justify;\">Desde o in\u00edcio da pandemia, 979 mulheres gr\u00e1vidas ou de resguardo morreram de covid-19 no Brasil.<\/p>\n<h2 style=\"text-align: justify;\"><strong>Adiar a gesta\u00e7\u00e3o<\/strong><\/h2>\n<p style=\"text-align: justify;\">O secret\u00e1rio de Aten\u00e7\u00e3o Prim\u00e1ria \u00e0 Sa\u00fade, Raphael C\u00e2mara, recomendou na 6\u00aa feira (16.abr.2021) que as brasileiras adiem a gravidez por causa da pandemia:<\/p>\n<div id=\"outbrain_widget_0\" class=\"OUTBRAIN\" style=\"text-align: justify;\" data-external-id=\"fb06af664d834307bc0edabf788fe436\" data-src=\"DROP_PERMALINK_HERE\" data-widget-id=\"MB_1\" data-ob-mark=\"true\" data-browser=\"chrome\" data-os=\"linux aarch64\" data-dynload=\"\" data-idx=\"0\">\n<div class=\"ob-widget ob-grid-layout  ob-text-on-image MB_1 ob-cmn-MB_1\" data-dynamic-truncate=\"true\">\n<div class=\"ob-widget-items-container\">\n<div class=\"ob-dynamic-rec-container ob-recIdx-0 ob-p\" data-pos=\"0\"><\/div>\n<\/div>\n<div class=\"ob-widget-footer\">\n<div class=\"ob-pixels\"><\/div>\n<\/div>\n<\/div>\n<\/div>\n<p style=\"text-align: justify;\"><em>\u201cClaro que a gente n\u00e3o pode falar isso para algu\u00e9m que tem 42, 43 anos. Mas se for uma mulher jovem, que puder escolher o seu momento de gravidez, o mais indicado \u00e9 voc\u00ea esperar um pouquinho at\u00e9 a situa\u00e7\u00e3o ficar um pouco mais calma\u201d.<\/em><\/p>\n<p style=\"text-align: justify;\">Debora Ramos Rosa, ginecologista e obstetra, avalia que o profissional da sa\u00fade deve orientar a mulher sobre o risco e o benef\u00edcio, mas que muitas n\u00e3o est\u00e3o mais dispostas a esperar por um tempo indeterminado:<\/p>\n<p style=\"text-align: justify;\">\u201c<em>A pandemia n\u00e3o tem uma perspectiva de acabar at\u00e9, no m\u00ednimo, o final desse ano. As mulheres j\u00e1 est\u00e3o engravidando mais tarde. V\u00e3o adiar quanto tempo, 2 anos, 3 anos?\u201d,\u00a0<\/em>pontua a obstetra.<\/p>\n<p style=\"text-align: justify;\">A m\u00e9dica defende que todas as gestantes sejam inclu\u00eddas no grupo priorit\u00e1rio de vacina\u00e7\u00e3o. Diz que cabe a elas decidir se \u00e9 ou n\u00e3o adequado tomar a vacina.<\/p>\n<h2 style=\"text-align: justify;\"><strong>Vacina\u00e7\u00e3o para gr\u00e1vidas<\/strong><\/h2>\n<p style=\"text-align: justify;\">Nota t\u00e9cnica do Minist\u00e9rio da Sa\u00fade recomenda que apenas as gestantes com comorbidades (como diabetes e hipertens\u00e3o) tenham prioridade na imuniza\u00e7\u00e3o contra covid-19. Eis a\u00a0<a href=\"https:\/\/static.poder360.com.br\/2021\/04\/nota-tecnica-ministerio-saude-vacinar-gravidas-15mar2021.pdf\" target=\"_blank\" rel=\"noopener noreferrer\" data-id=\"39\">\u00edntegra<\/a>\u00a0(4 MB).<\/p>\n<p style=\"text-align: justify;\">C\u00e2mara ressaltou, na \u00faltima 6\u00aa feira (16.abr), que cada Estado e munic\u00edpio deve escolher como aplicar os crit\u00e9rios priorit\u00e1rios estabelecidos pelo governo federal. Ele acrescentou que a pasta estuda incluir todas as gr\u00e1vidas no grupo priorit\u00e1rio, independente de outros fatores de risco.<\/p>\n<p style=\"text-align: justify;\">N\u00e3o h\u00e1, de acordo com o secret\u00e1rio, estudos de grande amostragem sobre o efeito das vacinas contra o coronav\u00edrus em gestantes. Mas as evid\u00eancias preliminares indicam que os imunizantes n\u00e3o prejudicam a gesta\u00e7\u00e3o.<\/p>\n<p style=\"text-align: justify;\">A ginecologista Debora Rosa explica que gr\u00e1vidas n\u00e3o podem tomar vacinas feitas a partir de v\u00edrus atenuados, ou seja, que est\u00e3o enfraquecidos mas ainda est\u00e3o vivos. N\u00e3o \u00e9 o caso de nenhuma das vacinas com uso aprovado no Brasil.<\/p>\n<p style=\"text-align: justify;\">Por Poder 360<\/p>\n","protected":false},"excerpt":{"rendered":"<p>Pelo menos 433 mulheres gr\u00e1vidas ou no puerp\u00e9rio (resguardo depois da gravidez) morreram de covid-19 de 1\u00ba de janeiro a 14 de abril de 2021. O n\u00famero est\u00e1 pr\u00f3ximo do total de v\u00edtimas gestantes registradas no ano anterior: 546 n\u00e3o resistiram ao coronav\u00edrus. Os dados s\u00e3o Painel de SRAG (S\u00edndrome Respirat\u00f3ria Aguda Grave) por covid-19 &hellip;<\/p>\n","protected":false},"author":2,"featured_media":64360,"comment_status":"open","ping_status":"open","sticky":false,"template":"","format":"standard","meta":{"content-type":"","rop_custom_images_group":[],"rop_custom_messages_group":[],"rop_publish_now":"initial","rop_publish_now_accounts":{"facebook_2648258775420054_1618374048415101":""},"rop_publish_now_history":[],"rop_publish_now_status":"pending","footnotes":"","_jetpack_memberships_contains_paid_content":false},"categories":[125],"tags":[5278,11022,11023,11024],"yoast_head":"<!-- This site is optimized with the Yoast SEO plugin v22.3 - https:\/\/yoast.com\/wordpress\/plugins\/seo\/ -->\n<title>Covid j\u00e1 matou 433 mulheres gr\u00e1vidas ou no puerp\u00e9rio em 2021<\/title>\n<meta name=\"robots\" content=\"index, follow, max-snippet:-1, max-image-preview:large, max-video-preview:-1\" \/>\n<link rel=\"canonical\" href=\"https:\/\/portalnpm.com\/index.php\/2021\/04\/18\/covid-ja-matou-433-mulheres-gravidas-ou-no-puerperio-em-2021\/\" \/>\n<meta property=\"og:locale\" content=\"pt_BR\" \/>\n<meta property=\"og:type\" content=\"article\" \/>\n<meta property=\"og:title\" content=\"Covid j\u00e1 matou 433 mulheres gr\u00e1vidas ou no puerp\u00e9rio em 2021\" \/>\n<meta property=\"og:description\" content=\"Pelo menos 433 mulheres gr\u00e1vidas ou no puerp\u00e9rio (resguardo depois da gravidez) morreram de covid-19 de 1\u00ba de janeiro a 14 de abril de 2021. O n\u00famero est\u00e1 pr\u00f3ximo do total de v\u00edtimas gestantes registradas no ano anterior: 546 n\u00e3o resistiram ao coronav\u00edrus. Os dados s\u00e3o Painel de SRAG (S\u00edndrome Respirat\u00f3ria Aguda Grave) por covid-19 &hellip;\" \/>\n<meta property=\"og:url\" content=\"https:\/\/portalnpm.com\/index.php\/2021\/04\/18\/covid-ja-matou-433-mulheres-gravidas-ou-no-puerperio-em-2021\/\" \/>\n<meta property=\"og:site_name\" content=\"Portal NPM\" \/>\n<meta property=\"article:published_time\" content=\"2021-04-18T11:18:30+00:00\" \/>\n<meta property=\"og:image\" content=\"https:\/\/portalnpm.com\/wp-content\/uploads\/2024\/01\/BB1fLwiA.jpeg\" \/>\n\t<meta property=\"og:image:width\" content=\"600\" \/>\n\t<meta property=\"og:image:height\" content=\"359\" \/>\n\t<meta property=\"og:image:type\" content=\"image\/jpeg\" \/>\n<meta name=\"author\" content=\"Genival Barbosa\" \/>\n<meta name=\"twitter:card\" content=\"summary_large_image\" \/>\n<meta name=\"twitter:label1\" content=\"Escrito por\" \/>\n\t<meta name=\"twitter:data1\" content=\"Genival Barbosa\" \/>\n\t<meta name=\"twitter:label2\" content=\"Est. tempo de leitura\" \/>\n\t<meta name=\"twitter:data2\" content=\"2 minutos\" \/>\n<script type=\"application\/ld+json\" class=\"yoast-schema-graph\">{\"@context\":\"https:\/\/schema.org\",\"@graph\":[{\"@type\":\"WebPage\",\"@id\":\"https:\/\/portalnpm.com\/index.php\/2021\/04\/18\/covid-ja-matou-433-mulheres-gravidas-ou-no-puerperio-em-2021\/\",\"url\":\"https:\/\/portalnpm.com\/index.php\/2021\/04\/18\/covid-ja-matou-433-mulheres-gravidas-ou-no-puerperio-em-2021\/\",\"name\":\"Covid j\u00e1 matou 433 mulheres gr\u00e1vidas ou no puerp\u00e9rio em 2021\",\"isPartOf\":{\"@id\":\"https:\/\/portalnpm.com\/#website\"},\"primaryImageOfPage\":{\"@id\":\"https:\/\/portalnpm.com\/index.php\/2021\/04\/18\/covid-ja-matou-433-mulheres-gravidas-ou-no-puerperio-em-2021\/#primaryimage\"},\"image\":{\"@id\":\"https:\/\/portalnpm.com\/index.php\/2021\/04\/18\/covid-ja-matou-433-mulheres-gravidas-ou-no-puerperio-em-2021\/#primaryimage\"},\"thumbnailUrl\":\"https:\/\/portalnpm.com\/wp-content\/uploads\/2024\/01\/BB1fLwiA.jpeg\",\"datePublished\":\"2021-04-18T11:18:30+00:00\",\"dateModified\":\"2021-04-18T11:18:30+00:00\",\"author\":{\"@id\":\"https:\/\/portalnpm.com\/#\/schema\/person\/49313e563cfdefcc167f1ee4c017c294\"},\"breadcrumb\":{\"@id\":\"https:\/\/portalnpm.com\/index.php\/2021\/04\/18\/covid-ja-matou-433-mulheres-gravidas-ou-no-puerperio-em-2021\/#breadcrumb\"},\"inLanguage\":\"pt-BR\",\"potentialAction\":[{\"@type\":\"ReadAction\",\"target\":[\"https:\/\/portalnpm.com\/index.php\/2021\/04\/18\/covid-ja-matou-433-mulheres-gravidas-ou-no-puerperio-em-2021\/\"]}]},{\"@type\":\"ImageObject\",\"inLanguage\":\"pt-BR\",\"@id\":\"https:\/\/portalnpm.com\/index.php\/2021\/04\/18\/covid-ja-matou-433-mulheres-gravidas-ou-no-puerperio-em-2021\/#primaryimage\",\"url\":\"https:\/\/portalnpm.com\/wp-content\/uploads\/2024\/01\/BB1fLwiA.jpeg\",\"contentUrl\":\"https:\/\/portalnpm.com\/wp-content\/uploads\/2024\/01\/BB1fLwiA.jpeg\",\"width\":600,\"height\":359},{\"@type\":\"BreadcrumbList\",\"@id\":\"https:\/\/portalnpm.com\/index.php\/2021\/04\/18\/covid-ja-matou-433-mulheres-gravidas-ou-no-puerperio-em-2021\/#breadcrumb\",\"itemListElement\":[{\"@type\":\"ListItem\",\"position\":1,\"name\":\"In\u00edcio\",\"item\":\"https:\/\/portalnpm.com\/\"},{\"@type\":\"ListItem\",\"position\":2,\"name\":\"Covid j\u00e1 matou 433 mulheres gr\u00e1vidas ou no puerp\u00e9rio em 2021\"}]},{\"@type\":\"WebSite\",\"@id\":\"https:\/\/portalnpm.com\/#website\",\"url\":\"https:\/\/portalnpm.com\/\",\"name\":\"Portal NPM\",\"description\":\"Not\u00edcias em Primeira M\u00e3o\",\"potentialAction\":[{\"@type\":\"SearchAction\",\"target\":{\"@type\":\"EntryPoint\",\"urlTemplate\":\"https:\/\/portalnpm.com\/?s={search_term_string}\"},\"query-input\":\"required name=search_term_string\"}],\"inLanguage\":\"pt-BR\"},{\"@type\":\"Person\",\"@id\":\"https:\/\/portalnpm.com\/#\/schema\/person\/49313e563cfdefcc167f1ee4c017c294\",\"name\":\"Genival Barbosa\",\"image\":{\"@type\":\"ImageObject\",\"inLanguage\":\"pt-BR\",\"@id\":\"https:\/\/portalnpm.com\/#\/schema\/person\/image\/\",\"url\":\"https:\/\/portalnpm.com\/wp-content\/uploads\/2024\/02\/avatar_user_2_1707743258-96x96.jpeg\",\"contentUrl\":\"https:\/\/portalnpm.com\/wp-content\/uploads\/2024\/02\/avatar_user_2_1707743258-96x96.jpeg\",\"caption\":\"Genival Barbosa\"},\"url\":\"https:\/\/portalnpm.com\/index.php\/author\/genival\/\"}]}<\/script>\n<!-- \/ Yoast SEO plugin. -->","yoast_head_json":{"title":"Covid j\u00e1 matou 433 mulheres gr\u00e1vidas ou no puerp\u00e9rio em 2021","robots":{"index":"index","follow":"follow","max-snippet":"max-snippet:-1","max-image-preview":"max-image-preview:large","max-video-preview":"max-video-preview:-1"},"canonical":"https:\/\/portalnpm.com\/index.php\/2021\/04\/18\/covid-ja-matou-433-mulheres-gravidas-ou-no-puerperio-em-2021\/","og_locale":"pt_BR","og_type":"article","og_title":"Covid j\u00e1 matou 433 mulheres gr\u00e1vidas ou no puerp\u00e9rio em 2021","og_description":"Pelo menos 433 mulheres gr\u00e1vidas ou no puerp\u00e9rio (resguardo depois da gravidez) morreram de covid-19 de 1\u00ba de janeiro a 14 de abril de 2021. O n\u00famero est\u00e1 pr\u00f3ximo do total de v\u00edtimas gestantes registradas no ano anterior: 546 n\u00e3o resistiram ao coronav\u00edrus. Os dados s\u00e3o Painel de SRAG (S\u00edndrome Respirat\u00f3ria Aguda Grave) por covid-19 &hellip;","og_url":"https:\/\/portalnpm.com\/index.php\/2021\/04\/18\/covid-ja-matou-433-mulheres-gravidas-ou-no-puerperio-em-2021\/","og_site_name":"Portal NPM","article_published_time":"2021-04-18T11:18:30+00:00","og_image":[{"width":600,"height":359,"url":"https:\/\/portalnpm.com\/wp-content\/uploads\/2024\/01\/BB1fLwiA.jpeg","type":"image\/jpeg"}],"author":"Genival Barbosa","twitter_card":"summary_large_image","twitter_misc":{"Escrito por":"Genival Barbosa","Est. tempo de leitura":"2 minutos"},"schema":{"@context":"https:\/\/schema.org","@graph":[{"@type":"WebPage","@id":"https:\/\/portalnpm.com\/index.php\/2021\/04\/18\/covid-ja-matou-433-mulheres-gravidas-ou-no-puerperio-em-2021\/","url":"https:\/\/portalnpm.com\/index.php\/2021\/04\/18\/covid-ja-matou-433-mulheres-gravidas-ou-no-puerperio-em-2021\/","name":"Covid j\u00e1 matou 433 mulheres gr\u00e1vidas ou no puerp\u00e9rio em 2021","isPartOf":{"@id":"https:\/\/portalnpm.com\/#website"},"primaryImageOfPage":{"@id":"https:\/\/portalnpm.com\/index.php\/2021\/04\/18\/covid-ja-matou-433-mulheres-gravidas-ou-no-puerperio-em-2021\/#primaryimage"},"image":{"@id":"https:\/\/portalnpm.com\/index.php\/2021\/04\/18\/covid-ja-matou-433-mulheres-gravidas-ou-no-puerperio-em-2021\/#primaryimage"},"thumbnailUrl":"https:\/\/portalnpm.com\/wp-content\/uploads\/2024\/01\/BB1fLwiA.jpeg","datePublished":"2021-04-18T11:18:30+00:00","dateModified":"2021-04-18T11:18:30+00:00","author":{"@id":"https:\/\/portalnpm.com\/#\/schema\/person\/49313e563cfdefcc167f1ee4c017c294"},"breadcrumb":{"@id":"https:\/\/portalnpm.com\/index.php\/2021\/04\/18\/covid-ja-matou-433-mulheres-gravidas-ou-no-puerperio-em-2021\/#breadcrumb"},"inLanguage":"pt-BR","potentialAction":[{"@type":"ReadAction","target":["https:\/\/portalnpm.com\/index.php\/2021\/04\/18\/covid-ja-matou-433-mulheres-gravidas-ou-no-puerperio-em-2021\/"]}]},{"@type":"ImageObject","inLanguage":"pt-BR","@id":"https:\/\/portalnpm.com\/index.php\/2021\/04\/18\/covid-ja-matou-433-mulheres-gravidas-ou-no-puerperio-em-2021\/#primaryimage","url":"https:\/\/portalnpm.com\/wp-content\/uploads\/2024\/01\/BB1fLwiA.jpeg","contentUrl":"https:\/\/portalnpm.com\/wp-content\/uploads\/2024\/01\/BB1fLwiA.jpeg","width":600,"height":359},{"@type":"BreadcrumbList","@id":"https:\/\/portalnpm.com\/index.php\/2021\/04\/18\/covid-ja-matou-433-mulheres-gravidas-ou-no-puerperio-em-2021\/#breadcrumb","itemListElement":[{"@type":"ListItem","position":1,"name":"In\u00edcio","item":"https:\/\/portalnpm.com\/"},{"@type":"ListItem","position":2,"name":"Covid j\u00e1 matou 433 mulheres gr\u00e1vidas ou no puerp\u00e9rio em 2021"}]},{"@type":"WebSite","@id":"https:\/\/portalnpm.com\/#website","url":"https:\/\/portalnpm.com\/","name":"Portal NPM","description":"Not\u00edcias em Primeira M\u00e3o","potentialAction":[{"@type":"SearchAction","target":{"@type":"EntryPoint","urlTemplate":"https:\/\/portalnpm.com\/?s={search_term_string}"},"query-input":"required name=search_term_string"}],"inLanguage":"pt-BR"},{"@type":"Person","@id":"https:\/\/portalnpm.com\/#\/schema\/person\/49313e563cfdefcc167f1ee4c017c294","name":"Genival Barbosa","image":{"@type":"ImageObject","inLanguage":"pt-BR","@id":"https:\/\/portalnpm.com\/#\/schema\/person\/image\/","url":"https:\/\/portalnpm.com\/wp-content\/uploads\/2024\/02\/avatar_user_2_1707743258-96x96.jpeg","contentUrl":"https:\/\/portalnpm.com\/wp-content\/uploads\/2024\/02\/avatar_user_2_1707743258-96x96.jpeg","caption":"Genival Barbosa"},"url":"https:\/\/portalnpm.com\/index.php\/author\/genival\/"}]}},"jetpack_sharing_enabled":true,"jetpack_featured_media_url":"https:\/\/portalnpm.com\/wp-content\/uploads\/2024\/01\/BB1fLwiA.jpeg","_links":{"self":[{"href":"https:\/\/portalnpm.com\/index.php\/wp-json\/wp\/v2\/posts\/64359"}],"collection":[{"href":"https:\/\/portalnpm.com\/index.php\/wp-json\/wp\/v2\/posts"}],"about":[{"href":"https:\/\/portalnpm.com\/index.php\/wp-json\/wp\/v2\/types\/post"}],"author":[{"embeddable":true,"href":"https:\/\/portalnpm.com\/index.php\/wp-json\/wp\/v2\/users\/2"}],"replies":[{"embeddable":true,"href":"https:\/\/portalnpm.com\/index.php\/wp-json\/wp\/v2\/comments?post=64359"}],"version-history":[{"count":0,"href":"https:\/\/portalnpm.com\/index.php\/wp-json\/wp\/v2\/posts\/64359\/revisions"}],"wp:featuredmedia":[{"embeddable":true,"href":"https:\/\/portalnpm.com\/index.php\/wp-json\/wp\/v2\/media\/64360"}],"wp:attachment":[{"href":"https:\/\/portalnpm.com\/index.php\/wp-json\/wp\/v2\/media?parent=64359"}],"wp:term":[{"taxonomy":"category","embeddable":true,"href":"https:\/\/portalnpm.com\/index.php\/wp-json\/wp\/v2\/categories?post=64359"},{"taxonomy":"post_tag","embeddable":true,"href":"https:\/\/portalnpm.com\/index.php\/wp-json\/wp\/v2\/tags?post=64359"}],"curies":[{"name":"wp","href":"https:\/\/api.w.org\/{rel}","templated":true}]}}