{"id":64399,"date":"2021-04-19T19:21:10","date_gmt":"2021-04-19T22:21:10","guid":{"rendered":"https:\/\/portalnpm.com\/index.php\/2021\/04\/19\/gravida-medica-que-ja-havia-perdido-pai-e-mae-morre-de-covid-19\/"},"modified":"2024-01-15T23:11:39","modified_gmt":"2024-01-16T02:11:39","slug":"gravida-medica-que-ja-havia-perdido-pai-e-mae-morre-de-covid-19","status":"publish","type":"post","link":"https:\/\/portalnpm.com\/index.php\/2021\/04\/19\/gravida-medica-que-ja-havia-perdido-pai-e-mae-morre-de-covid-19\/","title":{"rendered":"Gr\u00e1vida, m\u00e9dica que j\u00e1 havia perdido pai e m\u00e3e morre de Covid-19"},"content":{"rendered":"<p><p style=\"text-align: justify;\">Uma m&eacute;dica de 36 anos, gr&aacute;vida de seis meses, morreu de Covid-19 nesse domingo (18\/04), em Francisco Beltr&atilde;o\/PR. Os pais da profissional tamb&eacute;m morreram por causa da doen&ccedil;a. As informa&ccedil;&otilde;es s&atilde;o do&nbsp;<a href=\"https:\/\/g1.globo.com\/pr\/oeste-sudoeste\/noticia\/2021\/04\/18\/apos-perder-os-pais-para-a-covid-19-medica-gravida-morre-por-causa-da-doenca-no-parana.ghtml\" target=\"_blank\" rel=\"noopener noreferrer\"><strong>G1 PR.<\/strong><\/a><\/p>\n<p style=\"text-align: justify;\">\n<p style=\"text-align: justify;\">Carmela Louro Caneppa trabalhava na linha de frente no combate &agrave; pandemia em Santo Ant&ocirc;nio do Sudoeste,&nbsp;quando descobriu a gravidez e foi transferida para uma Unidade B&aacute;sica de Sa&uacute;de, segundo a prefeitura. O beb&ecirc; que ela esperava tamb&eacute;m n&atilde;o resistiu.<\/p>\n<div class=\"media js-img\" style=\"text-align: justify;\" contenteditable=\"false\">\n<figure><a class=\"imageRevael no-barba\" href=\"https:\/\/storage.stwonline.com.br\/180graus\/uploads\/ckeditor\/pictures\/2439266\/5bcd5b66-aa4f-4318-b28f-f86aeb9da546.jpg\" data-modaal-desc=\"M&eacute;dica morre de Covid-19 \" data-modaal-scope=\"modaal_161887067047787092dddd1497\"><img decoding=\"async\" src=\"https:\/\/portalnpm.com\/wp-content\/uploads\/2024\/01\/5bcd5b66-aa4f-4318-b28f-f86aeb9da546.jpg\" alt=\"M&eacute;dica morre de Covid-19 \"><\/a><figcaption contenteditable=\"false\">M&eacute;dica morre de Covid-19 &nbsp;&nbsp;<em class=\"fa fa-camera\">&nbsp;<\/em>&nbsp;<span class=\"photoBy\">Arquivo pessoal<\/span><\/figcaption><\/figure>\n<\/div>\n<p style=\"text-align: justify;\">Segundo a prefeitura, m&eacute;dica pediu licen&ccedil;a do trabalho para cuidar do pai em mar&ccedil;o. Ela deixou Santo Ant&ocirc;nio do Sudoeste e foi para Planalto, onde os pais moravam.<\/p>\n<p style=\"text-align: justify;\">Onze dias ap&oacute;s a morte do pai, a m&atilde;e dela, que tamb&eacute;m tinha sido contaminada, n&atilde;o resistiu e faleceu. A m&eacute;dica voltou para Santo Ant&ocirc;nio do Sudoeste com o diagn&oacute;stico positivo para coronav&iacute;rus.<\/p>\n<p style=\"text-align: justify;\">Carmela deixa esposo e um filho de dois anos.<\/p>\n<p style=\"text-align: justify;\">Via 180 Graus<\/p><\/p>\n","protected":false},"excerpt":{"rendered":"<p>Uma m&eacute;dica de 36 anos, gr&aacute;vida de seis meses, morreu de Covid-19 nesse domingo (18\/04), em Francisco Beltr&atilde;o\/PR. Os pais da profissional tamb&eacute;m morreram por causa da doen&ccedil;a. As informa&ccedil;&otilde;es s&atilde;o do&nbsp;G1 PR. Carmela Louro Caneppa trabalhava na linha de frente no combate &agrave; pandemia em Santo Ant&ocirc;nio do Sudoeste,&nbsp;quando descobriu a gravidez e foi &hellip;<\/p>\n","protected":false},"author":2,"featured_media":64400,"comment_status":"open","ping_status":"open","sticky":false,"template":"","format":"standard","meta":{"content-type":"","rop_custom_images_group":[],"rop_custom_messages_group":[],"rop_publish_now":"initial","rop_publish_now_accounts":{"facebook_2648258775420054_1618374048415101":""},"rop_publish_now_history":[],"rop_publish_now_status":"pending","footnotes":"","_jetpack_memberships_contains_paid_content":false},"categories":[125],"tags":[1113,612,132],"yoast_head":"<!-- This site is optimized with the Yoast SEO plugin v22.3 - https:\/\/yoast.com\/wordpress\/plugins\/seo\/ -->\n<title>Gr\u00e1vida, m\u00e9dica que j\u00e1 havia perdido pai e m\u00e3e morre de Covid-19<\/title>\n<meta name=\"robots\" content=\"index, follow, max-snippet:-1, max-image-preview:large, max-video-preview:-1\" \/>\n<link rel=\"canonical\" href=\"https:\/\/portalnpm.com\/index.php\/2021\/04\/19\/gravida-medica-que-ja-havia-perdido-pai-e-mae-morre-de-covid-19\/\" \/>\n<meta property=\"og:locale\" content=\"pt_BR\" \/>\n<meta property=\"og:type\" content=\"article\" \/>\n<meta property=\"og:title\" content=\"Gr\u00e1vida, m\u00e9dica que j\u00e1 havia perdido pai e m\u00e3e morre de Covid-19\" \/>\n<meta property=\"og:description\" content=\"Uma m&eacute;dica de 36 anos, gr&aacute;vida de seis meses, morreu de Covid-19 nesse domingo (18\/04), em Francisco Beltr&atilde;o\/PR. Os pais da profissional tamb&eacute;m morreram por causa da doen&ccedil;a. As informa&ccedil;&otilde;es s&atilde;o do&nbsp;G1 PR. Carmela Louro Caneppa trabalhava na linha de frente no combate &agrave; pandemia em Santo Ant&ocirc;nio do Sudoeste,&nbsp;quando descobriu a gravidez e foi &hellip;\" \/>\n<meta property=\"og:url\" content=\"https:\/\/portalnpm.com\/index.php\/2021\/04\/19\/gravida-medica-que-ja-havia-perdido-pai-e-mae-morre-de-covid-19\/\" \/>\n<meta property=\"og:site_name\" content=\"Portal NPM\" \/>\n<meta property=\"article:published_time\" content=\"2021-04-19T22:21:10+00:00\" \/>\n<meta property=\"article:modified_time\" content=\"2024-01-16T02:11:39+00:00\" \/>\n<meta property=\"og:image\" content=\"https:\/\/portalnpm.com\/wp-content\/uploads\/2024\/01\/5bcd5b66-aa4f-4318-b28f-f86aeb9da546.jpg\" \/>\n\t<meta property=\"og:image:width\" content=\"828\" \/>\n\t<meta property=\"og:image:height\" content=\"503\" \/>\n\t<meta property=\"og:image:type\" content=\"image\/jpeg\" \/>\n<meta name=\"author\" content=\"Genival Barbosa\" \/>\n<meta name=\"twitter:card\" content=\"summary_large_image\" \/>\n<meta name=\"twitter:label1\" content=\"Escrito por\" \/>\n\t<meta name=\"twitter:data1\" content=\"Genival Barbosa\" \/>\n\t<meta name=\"twitter:label2\" content=\"Est. tempo de leitura\" \/>\n\t<meta name=\"twitter:data2\" content=\"1 minuto\" \/>\n<script type=\"application\/ld+json\" class=\"yoast-schema-graph\">{\"@context\":\"https:\/\/schema.org\",\"@graph\":[{\"@type\":\"WebPage\",\"@id\":\"https:\/\/portalnpm.com\/index.php\/2021\/04\/19\/gravida-medica-que-ja-havia-perdido-pai-e-mae-morre-de-covid-19\/\",\"url\":\"https:\/\/portalnpm.com\/index.php\/2021\/04\/19\/gravida-medica-que-ja-havia-perdido-pai-e-mae-morre-de-covid-19\/\",\"name\":\"Gr\u00e1vida, m\u00e9dica que j\u00e1 havia perdido pai e m\u00e3e morre de Covid-19\",\"isPartOf\":{\"@id\":\"https:\/\/portalnpm.com\/#website\"},\"primaryImageOfPage\":{\"@id\":\"https:\/\/portalnpm.com\/index.php\/2021\/04\/19\/gravida-medica-que-ja-havia-perdido-pai-e-mae-morre-de-covid-19\/#primaryimage\"},\"image\":{\"@id\":\"https:\/\/portalnpm.com\/index.php\/2021\/04\/19\/gravida-medica-que-ja-havia-perdido-pai-e-mae-morre-de-covid-19\/#primaryimage\"},\"thumbnailUrl\":\"https:\/\/portalnpm.com\/wp-content\/uploads\/2024\/01\/5bcd5b66-aa4f-4318-b28f-f86aeb9da546.jpg\",\"datePublished\":\"2021-04-19T22:21:10+00:00\",\"dateModified\":\"2024-01-16T02:11:39+00:00\",\"author\":{\"@id\":\"https:\/\/portalnpm.com\/#\/schema\/person\/49313e563cfdefcc167f1ee4c017c294\"},\"breadcrumb\":{\"@id\":\"https:\/\/portalnpm.com\/index.php\/2021\/04\/19\/gravida-medica-que-ja-havia-perdido-pai-e-mae-morre-de-covid-19\/#breadcrumb\"},\"inLanguage\":\"pt-BR\",\"potentialAction\":[{\"@type\":\"ReadAction\",\"target\":[\"https:\/\/portalnpm.com\/index.php\/2021\/04\/19\/gravida-medica-que-ja-havia-perdido-pai-e-mae-morre-de-covid-19\/\"]}]},{\"@type\":\"ImageObject\",\"inLanguage\":\"pt-BR\",\"@id\":\"https:\/\/portalnpm.com\/index.php\/2021\/04\/19\/gravida-medica-que-ja-havia-perdido-pai-e-mae-morre-de-covid-19\/#primaryimage\",\"url\":\"https:\/\/portalnpm.com\/wp-content\/uploads\/2024\/01\/5bcd5b66-aa4f-4318-b28f-f86aeb9da546.jpg\",\"contentUrl\":\"https:\/\/portalnpm.com\/wp-content\/uploads\/2024\/01\/5bcd5b66-aa4f-4318-b28f-f86aeb9da546.jpg\",\"width\":828,\"height\":503},{\"@type\":\"BreadcrumbList\",\"@id\":\"https:\/\/portalnpm.com\/index.php\/2021\/04\/19\/gravida-medica-que-ja-havia-perdido-pai-e-mae-morre-de-covid-19\/#breadcrumb\",\"itemListElement\":[{\"@type\":\"ListItem\",\"position\":1,\"name\":\"In\u00edcio\",\"item\":\"https:\/\/portalnpm.com\/\"},{\"@type\":\"ListItem\",\"position\":2,\"name\":\"Gr\u00e1vida, m\u00e9dica que j\u00e1 havia perdido pai e m\u00e3e morre de Covid-19\"}]},{\"@type\":\"WebSite\",\"@id\":\"https:\/\/portalnpm.com\/#website\",\"url\":\"https:\/\/portalnpm.com\/\",\"name\":\"Portal NPM\",\"description\":\"Not\u00edcias em Primeira M\u00e3o\",\"potentialAction\":[{\"@type\":\"SearchAction\",\"target\":{\"@type\":\"EntryPoint\",\"urlTemplate\":\"https:\/\/portalnpm.com\/?s={search_term_string}\"},\"query-input\":\"required name=search_term_string\"}],\"inLanguage\":\"pt-BR\"},{\"@type\":\"Person\",\"@id\":\"https:\/\/portalnpm.com\/#\/schema\/person\/49313e563cfdefcc167f1ee4c017c294\",\"name\":\"Genival Barbosa\",\"image\":{\"@type\":\"ImageObject\",\"inLanguage\":\"pt-BR\",\"@id\":\"https:\/\/portalnpm.com\/#\/schema\/person\/image\/\",\"url\":\"https:\/\/portalnpm.com\/wp-content\/uploads\/2024\/02\/avatar_user_2_1707743258-96x96.jpeg\",\"contentUrl\":\"https:\/\/portalnpm.com\/wp-content\/uploads\/2024\/02\/avatar_user_2_1707743258-96x96.jpeg\",\"caption\":\"Genival Barbosa\"},\"url\":\"https:\/\/portalnpm.com\/index.php\/author\/genival\/\"}]}<\/script>\n<!-- \/ Yoast SEO plugin. -->","yoast_head_json":{"title":"Gr\u00e1vida, m\u00e9dica que j\u00e1 havia perdido pai e m\u00e3e morre de Covid-19","robots":{"index":"index","follow":"follow","max-snippet":"max-snippet:-1","max-image-preview":"max-image-preview:large","max-video-preview":"max-video-preview:-1"},"canonical":"https:\/\/portalnpm.com\/index.php\/2021\/04\/19\/gravida-medica-que-ja-havia-perdido-pai-e-mae-morre-de-covid-19\/","og_locale":"pt_BR","og_type":"article","og_title":"Gr\u00e1vida, m\u00e9dica que j\u00e1 havia perdido pai e m\u00e3e morre de Covid-19","og_description":"Uma m&eacute;dica de 36 anos, gr&aacute;vida de seis meses, morreu de Covid-19 nesse domingo (18\/04), em Francisco Beltr&atilde;o\/PR. Os pais da profissional tamb&eacute;m morreram por causa da doen&ccedil;a. As informa&ccedil;&otilde;es s&atilde;o do&nbsp;G1 PR. Carmela Louro Caneppa trabalhava na linha de frente no combate &agrave; pandemia em Santo Ant&ocirc;nio do Sudoeste,&nbsp;quando descobriu a gravidez e foi &hellip;","og_url":"https:\/\/portalnpm.com\/index.php\/2021\/04\/19\/gravida-medica-que-ja-havia-perdido-pai-e-mae-morre-de-covid-19\/","og_site_name":"Portal NPM","article_published_time":"2021-04-19T22:21:10+00:00","article_modified_time":"2024-01-16T02:11:39+00:00","og_image":[{"width":828,"height":503,"url":"https:\/\/portalnpm.com\/wp-content\/uploads\/2024\/01\/5bcd5b66-aa4f-4318-b28f-f86aeb9da546.jpg","type":"image\/jpeg"}],"author":"Genival Barbosa","twitter_card":"summary_large_image","twitter_misc":{"Escrito por":"Genival Barbosa","Est. tempo de leitura":"1 minuto"},"schema":{"@context":"https:\/\/schema.org","@graph":[{"@type":"WebPage","@id":"https:\/\/portalnpm.com\/index.php\/2021\/04\/19\/gravida-medica-que-ja-havia-perdido-pai-e-mae-morre-de-covid-19\/","url":"https:\/\/portalnpm.com\/index.php\/2021\/04\/19\/gravida-medica-que-ja-havia-perdido-pai-e-mae-morre-de-covid-19\/","name":"Gr\u00e1vida, m\u00e9dica que j\u00e1 havia perdido pai e m\u00e3e morre de Covid-19","isPartOf":{"@id":"https:\/\/portalnpm.com\/#website"},"primaryImageOfPage":{"@id":"https:\/\/portalnpm.com\/index.php\/2021\/04\/19\/gravida-medica-que-ja-havia-perdido-pai-e-mae-morre-de-covid-19\/#primaryimage"},"image":{"@id":"https:\/\/portalnpm.com\/index.php\/2021\/04\/19\/gravida-medica-que-ja-havia-perdido-pai-e-mae-morre-de-covid-19\/#primaryimage"},"thumbnailUrl":"https:\/\/portalnpm.com\/wp-content\/uploads\/2024\/01\/5bcd5b66-aa4f-4318-b28f-f86aeb9da546.jpg","datePublished":"2021-04-19T22:21:10+00:00","dateModified":"2024-01-16T02:11:39+00:00","author":{"@id":"https:\/\/portalnpm.com\/#\/schema\/person\/49313e563cfdefcc167f1ee4c017c294"},"breadcrumb":{"@id":"https:\/\/portalnpm.com\/index.php\/2021\/04\/19\/gravida-medica-que-ja-havia-perdido-pai-e-mae-morre-de-covid-19\/#breadcrumb"},"inLanguage":"pt-BR","potentialAction":[{"@type":"ReadAction","target":["https:\/\/portalnpm.com\/index.php\/2021\/04\/19\/gravida-medica-que-ja-havia-perdido-pai-e-mae-morre-de-covid-19\/"]}]},{"@type":"ImageObject","inLanguage":"pt-BR","@id":"https:\/\/portalnpm.com\/index.php\/2021\/04\/19\/gravida-medica-que-ja-havia-perdido-pai-e-mae-morre-de-covid-19\/#primaryimage","url":"https:\/\/portalnpm.com\/wp-content\/uploads\/2024\/01\/5bcd5b66-aa4f-4318-b28f-f86aeb9da546.jpg","contentUrl":"https:\/\/portalnpm.com\/wp-content\/uploads\/2024\/01\/5bcd5b66-aa4f-4318-b28f-f86aeb9da546.jpg","width":828,"height":503},{"@type":"BreadcrumbList","@id":"https:\/\/portalnpm.com\/index.php\/2021\/04\/19\/gravida-medica-que-ja-havia-perdido-pai-e-mae-morre-de-covid-19\/#breadcrumb","itemListElement":[{"@type":"ListItem","position":1,"name":"In\u00edcio","item":"https:\/\/portalnpm.com\/"},{"@type":"ListItem","position":2,"name":"Gr\u00e1vida, m\u00e9dica que j\u00e1 havia perdido pai e m\u00e3e morre de Covid-19"}]},{"@type":"WebSite","@id":"https:\/\/portalnpm.com\/#website","url":"https:\/\/portalnpm.com\/","name":"Portal NPM","description":"Not\u00edcias em Primeira M\u00e3o","potentialAction":[{"@type":"SearchAction","target":{"@type":"EntryPoint","urlTemplate":"https:\/\/portalnpm.com\/?s={search_term_string}"},"query-input":"required name=search_term_string"}],"inLanguage":"pt-BR"},{"@type":"Person","@id":"https:\/\/portalnpm.com\/#\/schema\/person\/49313e563cfdefcc167f1ee4c017c294","name":"Genival Barbosa","image":{"@type":"ImageObject","inLanguage":"pt-BR","@id":"https:\/\/portalnpm.com\/#\/schema\/person\/image\/","url":"https:\/\/portalnpm.com\/wp-content\/uploads\/2024\/02\/avatar_user_2_1707743258-96x96.jpeg","contentUrl":"https:\/\/portalnpm.com\/wp-content\/uploads\/2024\/02\/avatar_user_2_1707743258-96x96.jpeg","caption":"Genival Barbosa"},"url":"https:\/\/portalnpm.com\/index.php\/author\/genival\/"}]}},"jetpack_sharing_enabled":true,"jetpack_featured_media_url":"https:\/\/portalnpm.com\/wp-content\/uploads\/2024\/01\/5bcd5b66-aa4f-4318-b28f-f86aeb9da546.jpg","_links":{"self":[{"href":"https:\/\/portalnpm.com\/index.php\/wp-json\/wp\/v2\/posts\/64399"}],"collection":[{"href":"https:\/\/portalnpm.com\/index.php\/wp-json\/wp\/v2\/posts"}],"about":[{"href":"https:\/\/portalnpm.com\/index.php\/wp-json\/wp\/v2\/types\/post"}],"author":[{"embeddable":true,"href":"https:\/\/portalnpm.com\/index.php\/wp-json\/wp\/v2\/users\/2"}],"replies":[{"embeddable":true,"href":"https:\/\/portalnpm.com\/index.php\/wp-json\/wp\/v2\/comments?post=64399"}],"version-history":[{"count":1,"href":"https:\/\/portalnpm.com\/index.php\/wp-json\/wp\/v2\/posts\/64399\/revisions"}],"predecessor-version":[{"id":64404,"href":"https:\/\/portalnpm.com\/index.php\/wp-json\/wp\/v2\/posts\/64399\/revisions\/64404"}],"wp:featuredmedia":[{"embeddable":true,"href":"https:\/\/portalnpm.com\/index.php\/wp-json\/wp\/v2\/media\/64400"}],"wp:attachment":[{"href":"https:\/\/portalnpm.com\/index.php\/wp-json\/wp\/v2\/media?parent=64399"}],"wp:term":[{"taxonomy":"category","embeddable":true,"href":"https:\/\/portalnpm.com\/index.php\/wp-json\/wp\/v2\/categories?post=64399"},{"taxonomy":"post_tag","embeddable":true,"href":"https:\/\/portalnpm.com\/index.php\/wp-json\/wp\/v2\/tags?post=64399"}],"curies":[{"name":"wp","href":"https:\/\/api.w.org\/{rel}","templated":true}]}}