{"id":64487,"date":"2021-04-21T08:09:22","date_gmt":"2021-04-21T11:09:22","guid":{"rendered":"https:\/\/portalnpm.com\/index.php\/2021\/04\/21\/fernando-tonet-entrega-cargo-e-nao-e-mais-tecnico-do-altos-chegou-a-hora-de-partir\/"},"modified":"2021-04-21T08:09:22","modified_gmt":"2021-04-21T11:09:22","slug":"fernando-tonet-entrega-cargo-e-nao-e-mais-tecnico-do-altos-chegou-a-hora-de-partir","status":"publish","type":"post","link":"https:\/\/portalnpm.com\/index.php\/2021\/04\/21\/fernando-tonet-entrega-cargo-e-nao-e-mais-tecnico-do-altos-chegou-a-hora-de-partir\/","title":{"rendered":"Fernando Tonet entrega cargo e n\u00e3o \u00e9 mais t\u00e9cnico do Altos; &#8220;Chegou a hora de partir&#8221;"},"content":{"rendered":"<p style=\"text-align: justify;\">Na tarde deste 20 de abril se encerrou a \u2018Era Tonet\u2019 no Altos. O t\u00e9cnico usou suas redes sociais para comunicar seu pedido de desligamento da equipe. Tonet conduziu o Altos at\u00e9 a S\u00e9rie C do Brasileiro, garantiu vaga na Copa do Nordeste desse ano e chegou a avan\u00e7ar at\u00e9 a 2\u00aa fase e no Piauiense deixa o time na 4\u00aa coloca\u00e7\u00e3o na tabela, mas com jogos a menos. A noticia pegou os atletas de surpresa e segundo o pr\u00f3prio t\u00e9cnico o comunicado foi realizado apenas para diretoria do Jacar\u00e9.<\/p>\n<p style=\"text-align: justify;\">\n<p style=\"text-align: justify;\">\u201cChegou a hora de partir. Vou para casa, descansar e aguardar novas oportunidades. O que pesou mais na decis\u00e3o foi desgaste mesmo, as condi\u00e7\u00f5es (do clube) conforme j\u00e1 hav\u00edamos conversado em situa\u00e7\u00f5es anteriores. Isso pesou\u201d, disse Tonet.<br \/>\nO Altos conseguiu um acesso de divis\u00e3o em 2020, mas na temporada 2021 est\u00e1 assistindo suas conquistas desmoronarem, e basicamente por conta dos problemas de estrutura e falta de pagamentos dos sal\u00e1rios dos atletas que neste dia 25 de abril chegar\u00e1 aos tr\u00eas meses. Apesar disso, o time chegou a avan\u00e7ar de fase na Copa do Nordeste, o que lhe rendeu R$ 350 mil reais aos cofres, mas com uma campanha bem irregular com direito a goleadas que aumentou o clima de instabilidade na equipe.<\/p>\n<p style=\"text-align: justify;\">Al\u00e9m de Tonet, o Jacar\u00e9 perde com o desligamento toda comiss\u00e3o t\u00e9cnica que tem o Auxiliar Lopes, preparador de goleiros Paulinho Surubim e tamb\u00e9m o preparador f\u00edsico Andr\u00e9 Otaviano.<\/p>\n<p style=\"text-align: justify;\">O Altos folga nesta rodada que acontece na quarta-feira (21) e entra em campo somente no domingo (25) quando enfrenta o 4 de Julho na cidade de Piripiri. O jogo que seria entre Altos x Fluminense foi adiado para o dia 5 de maio.<\/p>\n<p style=\"text-align: justify;\">A diretoria do clube n\u00e3o se posicionou at\u00e9 o momento sobre a sa\u00edda do t\u00e9cnico e comiss\u00e3o e poss\u00edveis substitutos para o cargo.<\/p>\n<p style=\"text-align: justify;\">\n<p style=\"text-align: justify;\">Por Cidade Verde<\/p>\n","protected":false},"excerpt":{"rendered":"<p>Na tarde deste 20 de abril se encerrou a \u2018Era Tonet\u2019 no Altos. O t\u00e9cnico usou suas redes sociais para comunicar seu pedido de desligamento da equipe. Tonet conduziu o Altos at\u00e9 a S\u00e9rie C do Brasileiro, garantiu vaga na Copa do Nordeste desse ano e chegou a avan\u00e7ar at\u00e9 a 2\u00aa fase e no &hellip;<\/p>\n","protected":false},"author":2,"featured_media":64488,"comment_status":"open","ping_status":"open","sticky":false,"template":"","format":"standard","meta":{"content-type":"","rop_custom_images_group":[],"rop_custom_messages_group":[],"rop_publish_now":"initial","rop_publish_now_accounts":{"facebook_2648258775420054_1618374048415101":""},"rop_publish_now_history":[],"rop_publish_now_status":"pending","footnotes":"","_jetpack_memberships_contains_paid_content":false},"categories":[108,188],"tags":[808,11050,11051,1076],"yoast_head":"<!-- This site is optimized with the Yoast SEO plugin v22.3 - https:\/\/yoast.com\/wordpress\/plugins\/seo\/ -->\n<title>Fernando Tonet entrega cargo e n\u00e3o \u00e9 mais t\u00e9cnico do Altos; &quot;Chegou a hora de partir&quot;<\/title>\n<meta name=\"robots\" content=\"index, follow, max-snippet:-1, max-image-preview:large, max-video-preview:-1\" \/>\n<link rel=\"canonical\" href=\"https:\/\/portalnpm.com\/index.php\/2021\/04\/21\/fernando-tonet-entrega-cargo-e-nao-e-mais-tecnico-do-altos-chegou-a-hora-de-partir\/\" \/>\n<meta property=\"og:locale\" content=\"pt_BR\" \/>\n<meta property=\"og:type\" content=\"article\" \/>\n<meta property=\"og:title\" content=\"Fernando Tonet entrega cargo e n\u00e3o \u00e9 mais t\u00e9cnico do Altos; &quot;Chegou a hora de partir&quot;\" \/>\n<meta property=\"og:description\" content=\"Na tarde deste 20 de abril se encerrou a \u2018Era Tonet\u2019 no Altos. O t\u00e9cnico usou suas redes sociais para comunicar seu pedido de desligamento da equipe. Tonet conduziu o Altos at\u00e9 a S\u00e9rie C do Brasileiro, garantiu vaga na Copa do Nordeste desse ano e chegou a avan\u00e7ar at\u00e9 a 2\u00aa fase e no &hellip;\" \/>\n<meta property=\"og:url\" content=\"https:\/\/portalnpm.com\/index.php\/2021\/04\/21\/fernando-tonet-entrega-cargo-e-nao-e-mais-tecnico-do-altos-chegou-a-hora-de-partir\/\" \/>\n<meta property=\"og:site_name\" content=\"Portal NPM\" \/>\n<meta property=\"article:published_time\" content=\"2021-04-21T11:09:22+00:00\" \/>\n<meta property=\"og:image\" content=\"https:\/\/portalnpm.com\/wp-content\/uploads\/2024\/01\/97f79dd79a928a5841056968444ec238.jpg\" \/>\n\t<meta property=\"og:image:width\" content=\"790\" \/>\n\t<meta property=\"og:image:height\" content=\"526\" \/>\n\t<meta property=\"og:image:type\" content=\"image\/jpeg\" \/>\n<meta name=\"author\" content=\"Genival Barbosa\" \/>\n<meta name=\"twitter:card\" content=\"summary_large_image\" \/>\n<meta name=\"twitter:label1\" content=\"Escrito por\" \/>\n\t<meta name=\"twitter:data1\" content=\"Genival Barbosa\" \/>\n\t<meta name=\"twitter:label2\" content=\"Est. tempo de leitura\" \/>\n\t<meta name=\"twitter:data2\" content=\"2 minutos\" \/>\n<script type=\"application\/ld+json\" class=\"yoast-schema-graph\">{\"@context\":\"https:\/\/schema.org\",\"@graph\":[{\"@type\":\"WebPage\",\"@id\":\"https:\/\/portalnpm.com\/index.php\/2021\/04\/21\/fernando-tonet-entrega-cargo-e-nao-e-mais-tecnico-do-altos-chegou-a-hora-de-partir\/\",\"url\":\"https:\/\/portalnpm.com\/index.php\/2021\/04\/21\/fernando-tonet-entrega-cargo-e-nao-e-mais-tecnico-do-altos-chegou-a-hora-de-partir\/\",\"name\":\"Fernando Tonet entrega cargo e n\u00e3o \u00e9 mais t\u00e9cnico do Altos; \\\"Chegou a hora de partir\\\"\",\"isPartOf\":{\"@id\":\"https:\/\/portalnpm.com\/#website\"},\"primaryImageOfPage\":{\"@id\":\"https:\/\/portalnpm.com\/index.php\/2021\/04\/21\/fernando-tonet-entrega-cargo-e-nao-e-mais-tecnico-do-altos-chegou-a-hora-de-partir\/#primaryimage\"},\"image\":{\"@id\":\"https:\/\/portalnpm.com\/index.php\/2021\/04\/21\/fernando-tonet-entrega-cargo-e-nao-e-mais-tecnico-do-altos-chegou-a-hora-de-partir\/#primaryimage\"},\"thumbnailUrl\":\"https:\/\/portalnpm.com\/wp-content\/uploads\/2024\/01\/97f79dd79a928a5841056968444ec238.jpg\",\"datePublished\":\"2021-04-21T11:09:22+00:00\",\"dateModified\":\"2021-04-21T11:09:22+00:00\",\"author\":{\"@id\":\"https:\/\/portalnpm.com\/#\/schema\/person\/49313e563cfdefcc167f1ee4c017c294\"},\"breadcrumb\":{\"@id\":\"https:\/\/portalnpm.com\/index.php\/2021\/04\/21\/fernando-tonet-entrega-cargo-e-nao-e-mais-tecnico-do-altos-chegou-a-hora-de-partir\/#breadcrumb\"},\"inLanguage\":\"pt-BR\",\"potentialAction\":[{\"@type\":\"ReadAction\",\"target\":[\"https:\/\/portalnpm.com\/index.php\/2021\/04\/21\/fernando-tonet-entrega-cargo-e-nao-e-mais-tecnico-do-altos-chegou-a-hora-de-partir\/\"]}]},{\"@type\":\"ImageObject\",\"inLanguage\":\"pt-BR\",\"@id\":\"https:\/\/portalnpm.com\/index.php\/2021\/04\/21\/fernando-tonet-entrega-cargo-e-nao-e-mais-tecnico-do-altos-chegou-a-hora-de-partir\/#primaryimage\",\"url\":\"https:\/\/portalnpm.com\/wp-content\/uploads\/2024\/01\/97f79dd79a928a5841056968444ec238.jpg\",\"contentUrl\":\"https:\/\/portalnpm.com\/wp-content\/uploads\/2024\/01\/97f79dd79a928a5841056968444ec238.jpg\",\"width\":790,\"height\":526},{\"@type\":\"BreadcrumbList\",\"@id\":\"https:\/\/portalnpm.com\/index.php\/2021\/04\/21\/fernando-tonet-entrega-cargo-e-nao-e-mais-tecnico-do-altos-chegou-a-hora-de-partir\/#breadcrumb\",\"itemListElement\":[{\"@type\":\"ListItem\",\"position\":1,\"name\":\"In\u00edcio\",\"item\":\"https:\/\/portalnpm.com\/\"},{\"@type\":\"ListItem\",\"position\":2,\"name\":\"Fernando Tonet entrega cargo e n\u00e3o \u00e9 mais t\u00e9cnico do Altos; &#8220;Chegou a hora de partir&#8221;\"}]},{\"@type\":\"WebSite\",\"@id\":\"https:\/\/portalnpm.com\/#website\",\"url\":\"https:\/\/portalnpm.com\/\",\"name\":\"Portal NPM\",\"description\":\"Not\u00edcias em Primeira M\u00e3o\",\"potentialAction\":[{\"@type\":\"SearchAction\",\"target\":{\"@type\":\"EntryPoint\",\"urlTemplate\":\"https:\/\/portalnpm.com\/?s={search_term_string}\"},\"query-input\":\"required name=search_term_string\"}],\"inLanguage\":\"pt-BR\"},{\"@type\":\"Person\",\"@id\":\"https:\/\/portalnpm.com\/#\/schema\/person\/49313e563cfdefcc167f1ee4c017c294\",\"name\":\"Genival Barbosa\",\"image\":{\"@type\":\"ImageObject\",\"inLanguage\":\"pt-BR\",\"@id\":\"https:\/\/portalnpm.com\/#\/schema\/person\/image\/\",\"url\":\"https:\/\/portalnpm.com\/wp-content\/uploads\/2024\/02\/avatar_user_2_1707743258-96x96.jpeg\",\"contentUrl\":\"https:\/\/portalnpm.com\/wp-content\/uploads\/2024\/02\/avatar_user_2_1707743258-96x96.jpeg\",\"caption\":\"Genival Barbosa\"},\"url\":\"https:\/\/portalnpm.com\/index.php\/author\/genival\/\"}]}<\/script>\n<!-- \/ Yoast SEO plugin. -->","yoast_head_json":{"title":"Fernando Tonet entrega cargo e n\u00e3o \u00e9 mais t\u00e9cnico do Altos; \"Chegou a hora de partir\"","robots":{"index":"index","follow":"follow","max-snippet":"max-snippet:-1","max-image-preview":"max-image-preview:large","max-video-preview":"max-video-preview:-1"},"canonical":"https:\/\/portalnpm.com\/index.php\/2021\/04\/21\/fernando-tonet-entrega-cargo-e-nao-e-mais-tecnico-do-altos-chegou-a-hora-de-partir\/","og_locale":"pt_BR","og_type":"article","og_title":"Fernando Tonet entrega cargo e n\u00e3o \u00e9 mais t\u00e9cnico do Altos; \"Chegou a hora de partir\"","og_description":"Na tarde deste 20 de abril se encerrou a \u2018Era Tonet\u2019 no Altos. O t\u00e9cnico usou suas redes sociais para comunicar seu pedido de desligamento da equipe. Tonet conduziu o Altos at\u00e9 a S\u00e9rie C do Brasileiro, garantiu vaga na Copa do Nordeste desse ano e chegou a avan\u00e7ar at\u00e9 a 2\u00aa fase e no &hellip;","og_url":"https:\/\/portalnpm.com\/index.php\/2021\/04\/21\/fernando-tonet-entrega-cargo-e-nao-e-mais-tecnico-do-altos-chegou-a-hora-de-partir\/","og_site_name":"Portal NPM","article_published_time":"2021-04-21T11:09:22+00:00","og_image":[{"width":790,"height":526,"url":"https:\/\/portalnpm.com\/wp-content\/uploads\/2024\/01\/97f79dd79a928a5841056968444ec238.jpg","type":"image\/jpeg"}],"author":"Genival Barbosa","twitter_card":"summary_large_image","twitter_misc":{"Escrito por":"Genival Barbosa","Est. tempo de leitura":"2 minutos"},"schema":{"@context":"https:\/\/schema.org","@graph":[{"@type":"WebPage","@id":"https:\/\/portalnpm.com\/index.php\/2021\/04\/21\/fernando-tonet-entrega-cargo-e-nao-e-mais-tecnico-do-altos-chegou-a-hora-de-partir\/","url":"https:\/\/portalnpm.com\/index.php\/2021\/04\/21\/fernando-tonet-entrega-cargo-e-nao-e-mais-tecnico-do-altos-chegou-a-hora-de-partir\/","name":"Fernando Tonet entrega cargo e n\u00e3o \u00e9 mais t\u00e9cnico do Altos; \"Chegou a hora de partir\"","isPartOf":{"@id":"https:\/\/portalnpm.com\/#website"},"primaryImageOfPage":{"@id":"https:\/\/portalnpm.com\/index.php\/2021\/04\/21\/fernando-tonet-entrega-cargo-e-nao-e-mais-tecnico-do-altos-chegou-a-hora-de-partir\/#primaryimage"},"image":{"@id":"https:\/\/portalnpm.com\/index.php\/2021\/04\/21\/fernando-tonet-entrega-cargo-e-nao-e-mais-tecnico-do-altos-chegou-a-hora-de-partir\/#primaryimage"},"thumbnailUrl":"https:\/\/portalnpm.com\/wp-content\/uploads\/2024\/01\/97f79dd79a928a5841056968444ec238.jpg","datePublished":"2021-04-21T11:09:22+00:00","dateModified":"2021-04-21T11:09:22+00:00","author":{"@id":"https:\/\/portalnpm.com\/#\/schema\/person\/49313e563cfdefcc167f1ee4c017c294"},"breadcrumb":{"@id":"https:\/\/portalnpm.com\/index.php\/2021\/04\/21\/fernando-tonet-entrega-cargo-e-nao-e-mais-tecnico-do-altos-chegou-a-hora-de-partir\/#breadcrumb"},"inLanguage":"pt-BR","potentialAction":[{"@type":"ReadAction","target":["https:\/\/portalnpm.com\/index.php\/2021\/04\/21\/fernando-tonet-entrega-cargo-e-nao-e-mais-tecnico-do-altos-chegou-a-hora-de-partir\/"]}]},{"@type":"ImageObject","inLanguage":"pt-BR","@id":"https:\/\/portalnpm.com\/index.php\/2021\/04\/21\/fernando-tonet-entrega-cargo-e-nao-e-mais-tecnico-do-altos-chegou-a-hora-de-partir\/#primaryimage","url":"https:\/\/portalnpm.com\/wp-content\/uploads\/2024\/01\/97f79dd79a928a5841056968444ec238.jpg","contentUrl":"https:\/\/portalnpm.com\/wp-content\/uploads\/2024\/01\/97f79dd79a928a5841056968444ec238.jpg","width":790,"height":526},{"@type":"BreadcrumbList","@id":"https:\/\/portalnpm.com\/index.php\/2021\/04\/21\/fernando-tonet-entrega-cargo-e-nao-e-mais-tecnico-do-altos-chegou-a-hora-de-partir\/#breadcrumb","itemListElement":[{"@type":"ListItem","position":1,"name":"In\u00edcio","item":"https:\/\/portalnpm.com\/"},{"@type":"ListItem","position":2,"name":"Fernando Tonet entrega cargo e n\u00e3o \u00e9 mais t\u00e9cnico do Altos; &#8220;Chegou a hora de partir&#8221;"}]},{"@type":"WebSite","@id":"https:\/\/portalnpm.com\/#website","url":"https:\/\/portalnpm.com\/","name":"Portal NPM","description":"Not\u00edcias em Primeira M\u00e3o","potentialAction":[{"@type":"SearchAction","target":{"@type":"EntryPoint","urlTemplate":"https:\/\/portalnpm.com\/?s={search_term_string}"},"query-input":"required name=search_term_string"}],"inLanguage":"pt-BR"},{"@type":"Person","@id":"https:\/\/portalnpm.com\/#\/schema\/person\/49313e563cfdefcc167f1ee4c017c294","name":"Genival Barbosa","image":{"@type":"ImageObject","inLanguage":"pt-BR","@id":"https:\/\/portalnpm.com\/#\/schema\/person\/image\/","url":"https:\/\/portalnpm.com\/wp-content\/uploads\/2024\/02\/avatar_user_2_1707743258-96x96.jpeg","contentUrl":"https:\/\/portalnpm.com\/wp-content\/uploads\/2024\/02\/avatar_user_2_1707743258-96x96.jpeg","caption":"Genival Barbosa"},"url":"https:\/\/portalnpm.com\/index.php\/author\/genival\/"}]}},"jetpack_sharing_enabled":true,"jetpack_featured_media_url":"https:\/\/portalnpm.com\/wp-content\/uploads\/2024\/01\/97f79dd79a928a5841056968444ec238.jpg","_links":{"self":[{"href":"https:\/\/portalnpm.com\/index.php\/wp-json\/wp\/v2\/posts\/64487"}],"collection":[{"href":"https:\/\/portalnpm.com\/index.php\/wp-json\/wp\/v2\/posts"}],"about":[{"href":"https:\/\/portalnpm.com\/index.php\/wp-json\/wp\/v2\/types\/post"}],"author":[{"embeddable":true,"href":"https:\/\/portalnpm.com\/index.php\/wp-json\/wp\/v2\/users\/2"}],"replies":[{"embeddable":true,"href":"https:\/\/portalnpm.com\/index.php\/wp-json\/wp\/v2\/comments?post=64487"}],"version-history":[{"count":0,"href":"https:\/\/portalnpm.com\/index.php\/wp-json\/wp\/v2\/posts\/64487\/revisions"}],"wp:featuredmedia":[{"embeddable":true,"href":"https:\/\/portalnpm.com\/index.php\/wp-json\/wp\/v2\/media\/64488"}],"wp:attachment":[{"href":"https:\/\/portalnpm.com\/index.php\/wp-json\/wp\/v2\/media?parent=64487"}],"wp:term":[{"taxonomy":"category","embeddable":true,"href":"https:\/\/portalnpm.com\/index.php\/wp-json\/wp\/v2\/categories?post=64487"},{"taxonomy":"post_tag","embeddable":true,"href":"https:\/\/portalnpm.com\/index.php\/wp-json\/wp\/v2\/tags?post=64487"}],"curies":[{"name":"wp","href":"https:\/\/api.w.org\/{rel}","templated":true}]}}