{"id":64543,"date":"2021-04-23T18:21:14","date_gmt":"2021-04-23T21:21:14","guid":{"rendered":"https:\/\/portalnpm.com\/index.php\/2021\/04\/23\/pl-pode-ser-caminho-para-deputada-margarete-coelho-em-2022\/"},"modified":"2021-04-23T18:21:14","modified_gmt":"2021-04-23T21:21:14","slug":"pl-pode-ser-caminho-para-deputada-margarete-coelho-em-2022","status":"publish","type":"post","link":"https:\/\/portalnpm.com\/index.php\/2021\/04\/23\/pl-pode-ser-caminho-para-deputada-margarete-coelho-em-2022\/","title":{"rendered":"PL pode ser caminho para deputada Margarete Coelho em 2022"},"content":{"rendered":"<p style=\"text-align: justify;\">Os governistas garantem que a deputada federal Margarete Coelho seguir\u00e1 na base aliada do governador Wellington Dias (PT). Para isso, ela dever\u00e1 deixar o Progressistas e o grupo do senador Ciro Nogueira, que lan\u00e7a na segunda-feira a pr\u00e9-candidatura a governador.<\/p>\n<p style=\"text-align: justify;\">\n<p style=\"text-align: justify;\">Segundo fontes do Pal\u00e1cio de Karnak, o PL pode ser o caminho de Margarete. Nacionalmente, o partido \u00e9 alinhado ao presidente Jair Bolsonaro. Mas tem sido procurado pelo ex-presidente Lula, que busca formar uma frente com partidos de esquerda e de centro.<\/p>\n<p style=\"text-align: justify;\">No Piau\u00ed, o PL \u00e9 visto como uma legenda que funcionar\u00e1 como partido de suporte para deputados que v\u00e3o mudar de sigla. A sigla tamb\u00e9m se coloca \u00e0 disposi\u00e7\u00e3o para receber parlamentares de siglas da oposi\u00e7\u00e3o, como os progressistas que desejam continuar na base.<\/p>\n<p style=\"text-align: justify;\">Segundo informa\u00e7\u00f5es, o governador Wellington Dias (PT) tem conversado com o presidente nacional do PL, Valdemar da Costa Neto.<\/p>\n<p style=\"text-align: justify;\">Al\u00e9m da hist\u00f3ria que possui no Progressistas, outra fator que pesaria contra a Margarete seria o alinhamento dela com o presidente da C\u00e2mara, Arthur Lira (Progressistas).<\/p>\n<p style=\"text-align: justify;\">Por Cidade Verde<\/p>\n","protected":false},"excerpt":{"rendered":"<p>Os governistas garantem que a deputada federal Margarete Coelho seguir\u00e1 na base aliada do governador Wellington Dias (PT). Para isso, ela dever\u00e1 deixar o Progressistas e o grupo do senador Ciro Nogueira, que lan\u00e7a na segunda-feira a pr\u00e9-candidatura a governador. Segundo fontes do Pal\u00e1cio de Karnak, o PL pode ser o caminho de Margarete. Nacionalmente, &hellip;<\/p>\n","protected":false},"author":2,"featured_media":64544,"comment_status":"open","ping_status":"open","sticky":false,"template":"","format":"standard","meta":{"content-type":"","rop_custom_images_group":[],"rop_custom_messages_group":[],"rop_publish_now":"initial","rop_publish_now_accounts":{"facebook_2648258775420054_1618374048415101":""},"rop_publish_now_history":[],"rop_publish_now_status":"pending","footnotes":"","_jetpack_memberships_contains_paid_content":false},"categories":[118,188,130],"tags":[856,4812,907,11090,11091],"yoast_head":"<!-- This site is optimized with the Yoast SEO plugin v22.3 - https:\/\/yoast.com\/wordpress\/plugins\/seo\/ -->\n<title>PL pode ser caminho para deputada Margarete Coelho em 2022<\/title>\n<meta name=\"robots\" content=\"index, follow, max-snippet:-1, max-image-preview:large, max-video-preview:-1\" \/>\n<link rel=\"canonical\" href=\"https:\/\/portalnpm.com\/index.php\/2021\/04\/23\/pl-pode-ser-caminho-para-deputada-margarete-coelho-em-2022\/\" \/>\n<meta property=\"og:locale\" content=\"pt_BR\" \/>\n<meta property=\"og:type\" content=\"article\" \/>\n<meta property=\"og:title\" content=\"PL pode ser caminho para deputada Margarete Coelho em 2022\" \/>\n<meta property=\"og:description\" content=\"Os governistas garantem que a deputada federal Margarete Coelho seguir\u00e1 na base aliada do governador Wellington Dias (PT). Para isso, ela dever\u00e1 deixar o Progressistas e o grupo do senador Ciro Nogueira, que lan\u00e7a na segunda-feira a pr\u00e9-candidatura a governador. Segundo fontes do Pal\u00e1cio de Karnak, o PL pode ser o caminho de Margarete. Nacionalmente, &hellip;\" \/>\n<meta property=\"og:url\" content=\"https:\/\/portalnpm.com\/index.php\/2021\/04\/23\/pl-pode-ser-caminho-para-deputada-margarete-coelho-em-2022\/\" \/>\n<meta property=\"og:site_name\" content=\"Portal NPM\" \/>\n<meta property=\"article:published_time\" content=\"2021-04-23T21:21:14+00:00\" \/>\n<meta property=\"og:image\" content=\"https:\/\/portalnpm.com\/wp-content\/uploads\/2024\/01\/margarete38.jpg\" \/>\n\t<meta property=\"og:image:width\" content=\"790\" \/>\n\t<meta property=\"og:image:height\" content=\"450\" \/>\n\t<meta property=\"og:image:type\" content=\"image\/jpeg\" \/>\n<meta name=\"author\" content=\"Genival Barbosa\" \/>\n<meta name=\"twitter:card\" content=\"summary_large_image\" \/>\n<meta name=\"twitter:label1\" content=\"Escrito por\" \/>\n\t<meta name=\"twitter:data1\" content=\"Genival Barbosa\" \/>\n\t<meta name=\"twitter:label2\" content=\"Est. tempo de leitura\" \/>\n\t<meta name=\"twitter:data2\" content=\"1 minuto\" \/>\n<script type=\"application\/ld+json\" class=\"yoast-schema-graph\">{\"@context\":\"https:\/\/schema.org\",\"@graph\":[{\"@type\":\"WebPage\",\"@id\":\"https:\/\/portalnpm.com\/index.php\/2021\/04\/23\/pl-pode-ser-caminho-para-deputada-margarete-coelho-em-2022\/\",\"url\":\"https:\/\/portalnpm.com\/index.php\/2021\/04\/23\/pl-pode-ser-caminho-para-deputada-margarete-coelho-em-2022\/\",\"name\":\"PL pode ser caminho para deputada Margarete Coelho em 2022\",\"isPartOf\":{\"@id\":\"https:\/\/portalnpm.com\/#website\"},\"primaryImageOfPage\":{\"@id\":\"https:\/\/portalnpm.com\/index.php\/2021\/04\/23\/pl-pode-ser-caminho-para-deputada-margarete-coelho-em-2022\/#primaryimage\"},\"image\":{\"@id\":\"https:\/\/portalnpm.com\/index.php\/2021\/04\/23\/pl-pode-ser-caminho-para-deputada-margarete-coelho-em-2022\/#primaryimage\"},\"thumbnailUrl\":\"https:\/\/portalnpm.com\/wp-content\/uploads\/2024\/01\/margarete38.jpg\",\"datePublished\":\"2021-04-23T21:21:14+00:00\",\"dateModified\":\"2021-04-23T21:21:14+00:00\",\"author\":{\"@id\":\"https:\/\/portalnpm.com\/#\/schema\/person\/49313e563cfdefcc167f1ee4c017c294\"},\"breadcrumb\":{\"@id\":\"https:\/\/portalnpm.com\/index.php\/2021\/04\/23\/pl-pode-ser-caminho-para-deputada-margarete-coelho-em-2022\/#breadcrumb\"},\"inLanguage\":\"pt-BR\",\"potentialAction\":[{\"@type\":\"ReadAction\",\"target\":[\"https:\/\/portalnpm.com\/index.php\/2021\/04\/23\/pl-pode-ser-caminho-para-deputada-margarete-coelho-em-2022\/\"]}]},{\"@type\":\"ImageObject\",\"inLanguage\":\"pt-BR\",\"@id\":\"https:\/\/portalnpm.com\/index.php\/2021\/04\/23\/pl-pode-ser-caminho-para-deputada-margarete-coelho-em-2022\/#primaryimage\",\"url\":\"https:\/\/portalnpm.com\/wp-content\/uploads\/2024\/01\/margarete38.jpg\",\"contentUrl\":\"https:\/\/portalnpm.com\/wp-content\/uploads\/2024\/01\/margarete38.jpg\",\"width\":790,\"height\":450},{\"@type\":\"BreadcrumbList\",\"@id\":\"https:\/\/portalnpm.com\/index.php\/2021\/04\/23\/pl-pode-ser-caminho-para-deputada-margarete-coelho-em-2022\/#breadcrumb\",\"itemListElement\":[{\"@type\":\"ListItem\",\"position\":1,\"name\":\"In\u00edcio\",\"item\":\"https:\/\/portalnpm.com\/\"},{\"@type\":\"ListItem\",\"position\":2,\"name\":\"PL pode ser caminho para deputada Margarete Coelho em 2022\"}]},{\"@type\":\"WebSite\",\"@id\":\"https:\/\/portalnpm.com\/#website\",\"url\":\"https:\/\/portalnpm.com\/\",\"name\":\"Portal NPM\",\"description\":\"Not\u00edcias em Primeira M\u00e3o\",\"potentialAction\":[{\"@type\":\"SearchAction\",\"target\":{\"@type\":\"EntryPoint\",\"urlTemplate\":\"https:\/\/portalnpm.com\/?s={search_term_string}\"},\"query-input\":\"required name=search_term_string\"}],\"inLanguage\":\"pt-BR\"},{\"@type\":\"Person\",\"@id\":\"https:\/\/portalnpm.com\/#\/schema\/person\/49313e563cfdefcc167f1ee4c017c294\",\"name\":\"Genival Barbosa\",\"image\":{\"@type\":\"ImageObject\",\"inLanguage\":\"pt-BR\",\"@id\":\"https:\/\/portalnpm.com\/#\/schema\/person\/image\/\",\"url\":\"https:\/\/portalnpm.com\/wp-content\/uploads\/2024\/02\/avatar_user_2_1707743258-96x96.jpeg\",\"contentUrl\":\"https:\/\/portalnpm.com\/wp-content\/uploads\/2024\/02\/avatar_user_2_1707743258-96x96.jpeg\",\"caption\":\"Genival Barbosa\"},\"url\":\"https:\/\/portalnpm.com\/index.php\/author\/genival\/\"}]}<\/script>\n<!-- \/ Yoast SEO plugin. -->","yoast_head_json":{"title":"PL pode ser caminho para deputada Margarete Coelho em 2022","robots":{"index":"index","follow":"follow","max-snippet":"max-snippet:-1","max-image-preview":"max-image-preview:large","max-video-preview":"max-video-preview:-1"},"canonical":"https:\/\/portalnpm.com\/index.php\/2021\/04\/23\/pl-pode-ser-caminho-para-deputada-margarete-coelho-em-2022\/","og_locale":"pt_BR","og_type":"article","og_title":"PL pode ser caminho para deputada Margarete Coelho em 2022","og_description":"Os governistas garantem que a deputada federal Margarete Coelho seguir\u00e1 na base aliada do governador Wellington Dias (PT). Para isso, ela dever\u00e1 deixar o Progressistas e o grupo do senador Ciro Nogueira, que lan\u00e7a na segunda-feira a pr\u00e9-candidatura a governador. Segundo fontes do Pal\u00e1cio de Karnak, o PL pode ser o caminho de Margarete. Nacionalmente, &hellip;","og_url":"https:\/\/portalnpm.com\/index.php\/2021\/04\/23\/pl-pode-ser-caminho-para-deputada-margarete-coelho-em-2022\/","og_site_name":"Portal NPM","article_published_time":"2021-04-23T21:21:14+00:00","og_image":[{"width":790,"height":450,"url":"https:\/\/portalnpm.com\/wp-content\/uploads\/2024\/01\/margarete38.jpg","type":"image\/jpeg"}],"author":"Genival Barbosa","twitter_card":"summary_large_image","twitter_misc":{"Escrito por":"Genival Barbosa","Est. tempo de leitura":"1 minuto"},"schema":{"@context":"https:\/\/schema.org","@graph":[{"@type":"WebPage","@id":"https:\/\/portalnpm.com\/index.php\/2021\/04\/23\/pl-pode-ser-caminho-para-deputada-margarete-coelho-em-2022\/","url":"https:\/\/portalnpm.com\/index.php\/2021\/04\/23\/pl-pode-ser-caminho-para-deputada-margarete-coelho-em-2022\/","name":"PL pode ser caminho para deputada Margarete Coelho em 2022","isPartOf":{"@id":"https:\/\/portalnpm.com\/#website"},"primaryImageOfPage":{"@id":"https:\/\/portalnpm.com\/index.php\/2021\/04\/23\/pl-pode-ser-caminho-para-deputada-margarete-coelho-em-2022\/#primaryimage"},"image":{"@id":"https:\/\/portalnpm.com\/index.php\/2021\/04\/23\/pl-pode-ser-caminho-para-deputada-margarete-coelho-em-2022\/#primaryimage"},"thumbnailUrl":"https:\/\/portalnpm.com\/wp-content\/uploads\/2024\/01\/margarete38.jpg","datePublished":"2021-04-23T21:21:14+00:00","dateModified":"2021-04-23T21:21:14+00:00","author":{"@id":"https:\/\/portalnpm.com\/#\/schema\/person\/49313e563cfdefcc167f1ee4c017c294"},"breadcrumb":{"@id":"https:\/\/portalnpm.com\/index.php\/2021\/04\/23\/pl-pode-ser-caminho-para-deputada-margarete-coelho-em-2022\/#breadcrumb"},"inLanguage":"pt-BR","potentialAction":[{"@type":"ReadAction","target":["https:\/\/portalnpm.com\/index.php\/2021\/04\/23\/pl-pode-ser-caminho-para-deputada-margarete-coelho-em-2022\/"]}]},{"@type":"ImageObject","inLanguage":"pt-BR","@id":"https:\/\/portalnpm.com\/index.php\/2021\/04\/23\/pl-pode-ser-caminho-para-deputada-margarete-coelho-em-2022\/#primaryimage","url":"https:\/\/portalnpm.com\/wp-content\/uploads\/2024\/01\/margarete38.jpg","contentUrl":"https:\/\/portalnpm.com\/wp-content\/uploads\/2024\/01\/margarete38.jpg","width":790,"height":450},{"@type":"BreadcrumbList","@id":"https:\/\/portalnpm.com\/index.php\/2021\/04\/23\/pl-pode-ser-caminho-para-deputada-margarete-coelho-em-2022\/#breadcrumb","itemListElement":[{"@type":"ListItem","position":1,"name":"In\u00edcio","item":"https:\/\/portalnpm.com\/"},{"@type":"ListItem","position":2,"name":"PL pode ser caminho para deputada Margarete Coelho em 2022"}]},{"@type":"WebSite","@id":"https:\/\/portalnpm.com\/#website","url":"https:\/\/portalnpm.com\/","name":"Portal NPM","description":"Not\u00edcias em Primeira M\u00e3o","potentialAction":[{"@type":"SearchAction","target":{"@type":"EntryPoint","urlTemplate":"https:\/\/portalnpm.com\/?s={search_term_string}"},"query-input":"required name=search_term_string"}],"inLanguage":"pt-BR"},{"@type":"Person","@id":"https:\/\/portalnpm.com\/#\/schema\/person\/49313e563cfdefcc167f1ee4c017c294","name":"Genival Barbosa","image":{"@type":"ImageObject","inLanguage":"pt-BR","@id":"https:\/\/portalnpm.com\/#\/schema\/person\/image\/","url":"https:\/\/portalnpm.com\/wp-content\/uploads\/2024\/02\/avatar_user_2_1707743258-96x96.jpeg","contentUrl":"https:\/\/portalnpm.com\/wp-content\/uploads\/2024\/02\/avatar_user_2_1707743258-96x96.jpeg","caption":"Genival Barbosa"},"url":"https:\/\/portalnpm.com\/index.php\/author\/genival\/"}]}},"jetpack_sharing_enabled":true,"jetpack_featured_media_url":"https:\/\/portalnpm.com\/wp-content\/uploads\/2024\/01\/margarete38.jpg","_links":{"self":[{"href":"https:\/\/portalnpm.com\/index.php\/wp-json\/wp\/v2\/posts\/64543"}],"collection":[{"href":"https:\/\/portalnpm.com\/index.php\/wp-json\/wp\/v2\/posts"}],"about":[{"href":"https:\/\/portalnpm.com\/index.php\/wp-json\/wp\/v2\/types\/post"}],"author":[{"embeddable":true,"href":"https:\/\/portalnpm.com\/index.php\/wp-json\/wp\/v2\/users\/2"}],"replies":[{"embeddable":true,"href":"https:\/\/portalnpm.com\/index.php\/wp-json\/wp\/v2\/comments?post=64543"}],"version-history":[{"count":0,"href":"https:\/\/portalnpm.com\/index.php\/wp-json\/wp\/v2\/posts\/64543\/revisions"}],"wp:featuredmedia":[{"embeddable":true,"href":"https:\/\/portalnpm.com\/index.php\/wp-json\/wp\/v2\/media\/64544"}],"wp:attachment":[{"href":"https:\/\/portalnpm.com\/index.php\/wp-json\/wp\/v2\/media?parent=64543"}],"wp:term":[{"taxonomy":"category","embeddable":true,"href":"https:\/\/portalnpm.com\/index.php\/wp-json\/wp\/v2\/categories?post=64543"},{"taxonomy":"post_tag","embeddable":true,"href":"https:\/\/portalnpm.com\/index.php\/wp-json\/wp\/v2\/tags?post=64543"}],"curies":[{"name":"wp","href":"https:\/\/api.w.org\/{rel}","templated":true}]}}