{"id":64553,"date":"2021-04-23T21:22:26","date_gmt":"2021-04-24T00:22:26","guid":{"rendered":"https:\/\/portalnpm.com\/index.php\/2021\/04\/23\/tragedia-na-plataforma-p-51-da-petrobras-trabalhador-tira-a-propria-vida-a-bordo-na-bacia-de-campos\/"},"modified":"2021-04-23T21:22:26","modified_gmt":"2021-04-24T00:22:26","slug":"tragedia-na-plataforma-p-51-da-petrobras-trabalhador-tira-a-propria-vida-a-bordo-na-bacia-de-campos","status":"publish","type":"post","link":"https:\/\/portalnpm.com\/index.php\/2021\/04\/23\/tragedia-na-plataforma-p-51-da-petrobras-trabalhador-tira-a-propria-vida-a-bordo-na-bacia-de-campos\/","title":{"rendered":"Trag\u00e9dia na plataforma P-51 da Petrobras! Trabalhador tira a pr\u00f3pria vida a bordo, na Bacia de Campos"},"content":{"rendered":"<h2 id=\"h-petrobras-confirmou-ao-click-petr-leo-e-g-s-na-manh-de-hoje-22-a-morte-do-trabalhador-t-cnico-em-mec-nica-a-bordo-da-plataforma-p-51-na-bacia-de-campos\" style=\"text-align: justify;\">Petrobras confirmou ao Click Petr\u00f3leo e G\u00e1s, na manh\u00e3 de hoje (22), a morte do trabalhador T\u00e9cnico em Mec\u00e2nica a bordo da plataforma P 51, na bacia de Campos<\/h2>\n<p style=\"text-align: justify;\">Uma triste not\u00edcia na manh\u00e3 de ontem (21\/04), o trabalhador t\u00e9cnico em mec\u00e2nica, identificado como Joceil Martins da Fonseca, de 41 anos, foi encontrado morto na plataforma de petr\u00f3leo P-51, da Petrobras, na Bacia de Campos. As Informa\u00e7\u00f5es sobre a fatalidade foi confirmada a nossa assessoria de imprensa, na manh\u00e3 deste dia (22), pela Petrobras. A estatal ressaltou ao\u00a0<strong>CPG \u2013 Click Petr\u00f3leo e G\u00e1s<\/strong>\u00a0que o caso est\u00e1 sob investiga\u00e7\u00e3o das autoridades competentes, apesar de outros portais estarem divulgando informa\u00e7\u00f5es sobre processo criminal, as mesmas ainda n\u00e3o foram divulgadas oficialmente. Segue o que foi apurada at\u00e9 o momento no decorrer da mat\u00e9ria.<\/p>\n<p style=\"text-align: justify;\">Segundo informa\u00e7\u00f5es, o petroleiro residia em Campos e era funcion\u00e1rio da terceirizada offshore SOTREQ. Joceli tirou a pr\u00f3pria vida a bordo da plataforma P51 da Petrobras, e teve o corpo encontrado embaixo do heliporto por companheiros de trabalho.<\/p>\n<p style=\"text-align: justify;\">\u201cNa manh\u00e3 desta quarta, 21, recebemos da categoria petroleira a informa\u00e7\u00e3o da ocorr\u00eancia de uma morte a bordo da Plataforma P-51. Ap\u00f3s contato com os trabalhadores da unidade, a not\u00edcia foi confirmada. O mec\u00e2nico da empresa SOTREQ, que presta servi\u00e7os \u00e0 Petrobras na plataforma P-51, Joceil Martins da Fonseca, de 41 anos, foi encontrado morto na plataforma\u201d, informou o Sindipetro-NF, por meio de nota.<\/p>\n<h2 id=\"h-sindipetro-nf-prestou-solidariedade-aos-familiares-do-mec-nico\" style=\"text-align: justify;\">Sindipetro-NF prestou solidariedade aos familiares do mec\u00e2nico<\/h2>\n<p style=\"text-align: justify;\">\u201cO Sindipetro-NF tem como bandeira hist\u00f3rica a luta por melhores condi\u00e7\u00f5es de trabalho a bordo que influenciam na sa\u00fade mental. Desde o in\u00edcio da pandemia, a situa\u00e7\u00e3o se agravou, onde as empresas t\u00eam alterado unilateralmente as escalas de embarque fazendo com que o ambiente se deteriore. Vale ressaltar que atualmente o afastamento por problemas mentais \u00e9 a segunda maior causa de afastamento de trabalho nas instala\u00e7\u00f5es da Petrobr\u00e1s. O<a href=\"https:\/\/clickpetroleoegas.com.br\/petrobras-vai-faturar-indenizacao-bilionaria-em-dois-grandes-campos-do-pre-sal-que-ficaram-encalhados-na-ultima-licitacao\/\" target=\"_blank\" rel=\"noreferrer noopener\">\u00a0Sindipetro-NF<\/a>\u00a0lamenta a morte de mais um trabalhador no local de trabalho e estar\u00e1 \u00e0 disposi\u00e7\u00e3o da fam\u00edlia para prestar todo apoio necess\u00e1rio\u201d.<\/p>\n<p style=\"text-align: justify;\">Por enquanto, as causas da morte e outras informa\u00e7\u00f5es sobre o caso ainda n\u00e3o foram oficialmente divulgadas. Esta reportagem pode sefrer atualiza\u00e7\u00e3o<\/p>\n<h2 id=\"h-esse-o-segundo-caso-de-morte-em-plataforma-da-petrobras-neste-ano\" style=\"text-align: justify;\">Esse \u00e9 o segundo caso de morte em plataforma da Petrobras neste ano<\/h2>\n<p id=\"h-trabalhador-morre-em-acidente-durante-uma-atividade-de-inspe-o-no-fpso-da-petrobras-o-cidade-mangaratiba-atualmente-afretado-pela-japonesa-modec\" style=\"text-align: justify;\">Um trabalhador, funcion\u00e1rio da empresa Sistac, morreu em janeiro deste ano em acidente durante uma atividade de inspe\u00e7\u00e3o no\u00a0<a href=\"https:\/\/clickpetroleoegas.com.br\/petrobras-vai-faturar-indenizacao-bilionaria-em-dois-grandes-campos-do-pre-sal-que-ficaram-encalhados-na-ultima-licitacao\/\" target=\"_blank\" rel=\"noreferrer noopener\">FPSO da Petrobras<\/a>, o Cidade Mangaratiba, atualmente afretado pela japonesa Modec. Segue a comunicado oficial da Petrobras emitido na \u00e9poca:<\/p>\n<p style=\"text-align: justify;\"><em>A Petrobras lamenta informar que, neste domingo (31\/01), um alpinista industrial da empresa SISTAC faleceu ap\u00f3s queda durante inspe\u00e7\u00e3o em um tanque do FPSO Cidade de Mangaratiba, afretada da MODEC, que opera no campo de Tupi, na Bacia de Santos.\u202f O colaborador recebeu atendimento m\u00e9dico imediatamente no local, mas n\u00e3o resistiu. A Petrobras est\u00e1 em contato com a Sistac e a MODEC, que prestar\u00e3o apoio \u00e0 fam\u00edlia. A companhia acompanhar\u00e1 o caso e, junto com a MODEC, criar\u00e1 uma comiss\u00e3o para apura\u00e7\u00e3o da ocorr\u00eancia\u201d, conclui<\/em>\u00a0a Petrobras em nota oficial ao\u00a0<strong>Click Petr\u00f3leo e G\u00e1s<\/strong>.<\/p>\n<h2 id=\"h-obrigados-a-passar-um-m-s-em-isolamento-petroleiros-dizem-que-chegaram-ao-limite\" style=\"text-align: justify;\">Obrigados a passar um m\u00eas em isolamento, petroleiros dizem que chegaram ao limite<\/h2>\n<p style=\"text-align: justify;\">As medidas de seguran\u00e7a implementadas pela\u00a0<a href=\"https:\/\/clickpetroleoegas.com.br\/petrobras-vai-faturar-indenizacao-bilionaria-em-dois-grandes-campos-do-pre-sal-que-ficaram-encalhados-na-ultima-licitacao\/\" target=\"_blank\" rel=\"noreferrer noopener\">Petrobras para conter a Covid-19<\/a>\u00a0t\u00eam adoecido in\u00fameros trabalhadores de plataformas offshore. Os sindicatos da categoria e funcion\u00e1rios da empresa denunciam casos de depress\u00e3o, crises de p\u00e2nico e outras doen\u00e7as mentais causadas por erros na escala e isolamento excessivo.<\/p>\n<p style=\"text-align: justify;\">Desde o in\u00edcio da pandemia, os petroleiros precisam fazer quarentena em hot\u00e9is antes de embarcar em plataformas offshore. Dependendo da regi\u00e3o, ficam entre sete e 14 dias trancados em um quarto, sem contato com pessoas e recebendo a comida pela porta. O impacto emocional dessa rotina, que perdura h\u00e1 um ano devido \u00e0 pandemia, tem adoecido in\u00fameros profissionais.<\/p>\n<p style=\"text-align: justify;\">A<a href=\"https:\/\/clickpetroleoegas.com.br\/petrobras-vai-faturar-indenizacao-bilionaria-em-dois-grandes-campos-do-pre-sal-que-ficaram-encalhados-na-ultima-licitacao\/\" target=\"_blank\" rel=\"noreferrer noopener\">\u00a0Federa\u00e7\u00e3o \u00danica dos Petroleiros<\/a>\u00a0(FUP) apontou que, recentemente, a\u00a0Petrobras\u00a0alterou a escala de plant\u00e3o sem avisar aos trabalhadores com anteced\u00eancia. Com isso, dependendo do per\u00edodo de quarentena, os funcion\u00e1rios podem chegar a mais de 30 dias em isolamento por turno. Ainda segundo a entidade, alguns profissionais permanecem at\u00e9 1 m\u00eas a bordo e 26 dias de folga.<\/p>\n<p style=\"text-align: justify;\">De acordo com o m\u00e9dico do trabalho do Sindipetro \u2013 NF Ricardo Garcia Duarte, essa j\u00e1 \u00e9 uma jornada exaustiva, longa e que exige muito do f\u00edsico e do mental das pessoas.<\/p>\n<blockquote class=\"wp-block-quote\"><p>\u201cOs petroleiros n\u00e3o t\u00eam autonomia quando embarcam e devem seguir regras r\u00edgidas: h\u00e1 hor\u00e1rio para tudo, eles n\u00e3o escolhem o que comem e precisam vestir roupas e aparatos de seguran\u00e7a espec\u00edficos. Sem contar a press\u00e3o do trabalho. Se um funcion\u00e1rio n\u00e3o estiver atento, pode custar a vida dele e de outras pessoas\u201d, explica Duarte.<\/p><\/blockquote>\n<p style=\"text-align: justify;\">O m\u00e9dico conta que a\u00a0pandemia\u00a0aumentou o\u00a0<a href=\"https:\/\/clickpetroleoegas.com.br\/petrobras-vai-faturar-indenizacao-bilionaria-em-dois-grandes-campos-do-pre-sal-que-ficaram-encalhados-na-ultima-licitacao\/\" target=\"_blank\" rel=\"noreferrer noopener\">peso emocional do trabalho<\/a>\u00a0realizado pelos petroleiros. Eles passaram a ter vida normal m\u00eas sim e m\u00eas n\u00e3o. Somado a isso, um outro fator que tem deixado a classe ainda mais apreensiva: \u201cNa pandemia, al\u00e9m dos riscos qu\u00edmicos de morte, a categoria passa a ter um risco biol\u00f3gico de \u00f3bito.\u201d<\/p>\n<div id=\"quads-ad62642\" class=\"quads-location quads-ad62642\" style=\"text-align: justify;\"><\/div>\n<p id=\"h-relatos-parecidos-de-dezenas-de-funcion-rios-mas-que-pediram-anonimato-por-medo-de-perder-o-emprego-de-acordo-com-os-trabalhadores-o-tempo-de-quarentena-em-hot-is-adicionado-ao-per-odo-em-que-ficam-embarcados-tem-levado-a-categoria-ao-limite-emocional-amigos-viraram-alco-latras-outros-tomam-rem-dio-tarja-preta-sem-prescri-o-m-dica-e-passam-o-tempo-de-isolamento-dormindo-s-acordam-no-dia-de-sair-do-quarto-afirmou-um-petroleiro\" style=\"text-align: justify;\">De acordo com relatos de trabalhadores, o tempo de quarentena em hot\u00e9is adicionado ao per\u00edodo em que ficam embarcados tem levado a categoria ao limite emocional. \u201cAmigos viraram alco\u00f3latras, outros tomam rem\u00e9dio tarja preta \u2013 sem prescri\u00e7\u00e3o m\u00e9dica \u2013 e passam o tempo de isolamento dormindo, s\u00f3 acordam no dia de sair do quarto\u201d, afirmou um petroleiro.<\/p>\n<h2 id=\"h-o-outro-lado\" style=\"text-align: justify;\">O outro lado<\/h2>\n<p style=\"text-align: justify;\">Diferentemente do que dizem os petroleiros, a Petrobras afirma que a quarentena pr\u00e9-embarque de 14 dias, para unidades pr\u00f3prias da petrol\u00edfera, \u201ccom monitoramento e orienta\u00e7\u00f5es pelas equipes de sa\u00fade\u201d. A estatal ainda afirma que a hospedagem em hotel pode ocorrer at\u00e9 tr\u00eas dias antes do petroleiro embarcar, para realizar a coleta do exame\u00a0<a class=\"external\" href=\"https:\/\/pt.wikipedia.org\/wiki\/Rea%C3%A7%C3%A3o_em_cadeia_da_polimerase\" target=\"_blank\" rel=\"noreferrer noopener nofollow\">RT-PCR<\/a>\u00a0e aguardar o resultado.<\/p>\n<p style=\"text-align: justify;\">Al\u00e9m disso, de acordo com a petrol\u00edfera, quanto \u00e0 quest\u00e3o emocional dos petroleiros, a empresa afirma \u201cque potenciais\u00a0<a href=\"https:\/\/clickpetroleoegas.com.br\/petrobras-vai-faturar-indenizacao-bilionaria-em-dois-grandes-campos-do-pre-sal-que-ficaram-encalhados-na-ultima-licitacao\/\" target=\"_blank\" rel=\"noreferrer noopener\">efeitos emocionais\u00a0<\/a>de situa\u00e7\u00f5es de estresse ocasionadas pela pandemia de Covid-19 n\u00e3o s\u00e3o espec\u00edficos do regime de embarque. S\u00e3o efeitos gerais da pandemia aos quais qualquer pessoa est\u00e1 sujeita\u201d. E que o atendimento \u00e9 feito por uma equipe de psic\u00f3logos da companhia, de forma individual e com garantia de sigilo\u201d.<\/p>\n<p style=\"text-align: justify;\">No tocante \u00e0 escala de embarque, a empresa diz que devido a pandemia adotou pela\u00a0<a href=\"https:\/\/clickpetroleoegas.com.br\/petrobras-vai-faturar-indenizacao-bilionaria-em-dois-grandes-campos-do-pre-sal-que-ficaram-encalhados-na-ultima-licitacao\/\" target=\"_blank\" rel=\"noreferrer noopener\">escala prolongada<\/a>, onde os empregados passam 21 dias a bordo e de 28 a 35 dias em casa. \u201cAssim reduzimos a rotatividade e o n\u00edvel de cont\u00e1gio\u201d, explica. Quanto aos terceirizados, ela diz que a respons\u00e1vel pela escala \u00e9 a empresa empregadora.<\/p>\n<p style=\"text-align: justify;\">Fonte:\u00a0 Click Petr\u00f3leo e G\u00e1s<\/p>\n","protected":false},"excerpt":{"rendered":"<p>Petrobras confirmou ao Click Petr\u00f3leo e G\u00e1s, na manh\u00e3 de hoje (22), a morte do trabalhador T\u00e9cnico em Mec\u00e2nica a bordo da plataforma P 51, na bacia de Campos Uma triste not\u00edcia na manh\u00e3 de ontem (21\/04), o trabalhador t\u00e9cnico em mec\u00e2nica, identificado como Joceil Martins da Fonseca, de 41 anos, foi encontrado morto na &hellip;<\/p>\n","protected":false},"author":4,"featured_media":64554,"comment_status":"open","ping_status":"open","sticky":false,"template":"","format":"standard","meta":{"content-type":"","rop_custom_images_group":[],"rop_custom_messages_group":[],"rop_publish_now":"initial","rop_publish_now_accounts":{"facebook_2648258775420054_1618374048415101":""},"rop_publish_now_history":[],"rop_publish_now_status":"pending","footnotes":"","_jetpack_memberships_contains_paid_content":false},"categories":[125,118],"tags":[11101,11102,1084,11103,11104,11105,828],"yoast_head":"<!-- This site is optimized with the Yoast SEO plugin v22.3 - https:\/\/yoast.com\/wordpress\/plugins\/seo\/ -->\n<title>Trag\u00e9dia na plataforma P-51 da Petrobras! Trabalhador tira a pr\u00f3pria vida a bordo, na Bacia de Campos<\/title>\n<meta name=\"robots\" content=\"index, follow, max-snippet:-1, max-image-preview:large, max-video-preview:-1\" \/>\n<link rel=\"canonical\" href=\"https:\/\/portalnpm.com\/index.php\/2021\/04\/23\/tragedia-na-plataforma-p-51-da-petrobras-trabalhador-tira-a-propria-vida-a-bordo-na-bacia-de-campos\/\" \/>\n<meta property=\"og:locale\" content=\"pt_BR\" \/>\n<meta property=\"og:type\" content=\"article\" \/>\n<meta property=\"og:title\" content=\"Trag\u00e9dia na plataforma P-51 da Petrobras! Trabalhador tira a pr\u00f3pria vida a bordo, na Bacia de Campos\" \/>\n<meta property=\"og:description\" content=\"Petrobras confirmou ao Click Petr\u00f3leo e G\u00e1s, na manh\u00e3 de hoje (22), a morte do trabalhador T\u00e9cnico em Mec\u00e2nica a bordo da plataforma P 51, na bacia de Campos Uma triste not\u00edcia na manh\u00e3 de ontem (21\/04), o trabalhador t\u00e9cnico em mec\u00e2nica, identificado como Joceil Martins da Fonseca, de 41 anos, foi encontrado morto na &hellip;\" \/>\n<meta property=\"og:url\" content=\"https:\/\/portalnpm.com\/index.php\/2021\/04\/23\/tragedia-na-plataforma-p-51-da-petrobras-trabalhador-tira-a-propria-vida-a-bordo-na-bacia-de-campos\/\" \/>\n<meta property=\"og:site_name\" content=\"Portal NPM\" \/>\n<meta property=\"article:published_time\" content=\"2021-04-24T00:22:26+00:00\" \/>\n<meta property=\"og:image\" content=\"https:\/\/portalnpm.com\/wp-content\/uploads\/2024\/01\/20210423_212206.jpg\" \/>\n\t<meta property=\"og:image:width\" content=\"768\" \/>\n\t<meta property=\"og:image:height\" content=\"411\" \/>\n\t<meta property=\"og:image:type\" content=\"image\/jpeg\" \/>\n<meta name=\"author\" content=\"Reda\u00e7\u00e3o\" \/>\n<meta name=\"twitter:card\" content=\"summary_large_image\" \/>\n<meta name=\"twitter:label1\" content=\"Escrito por\" \/>\n\t<meta name=\"twitter:data1\" content=\"Reda\u00e7\u00e3o\" \/>\n\t<meta name=\"twitter:label2\" content=\"Est. tempo de leitura\" \/>\n\t<meta name=\"twitter:data2\" content=\"6 minutos\" \/>\n<script type=\"application\/ld+json\" class=\"yoast-schema-graph\">{\"@context\":\"https:\/\/schema.org\",\"@graph\":[{\"@type\":\"WebPage\",\"@id\":\"https:\/\/portalnpm.com\/index.php\/2021\/04\/23\/tragedia-na-plataforma-p-51-da-petrobras-trabalhador-tira-a-propria-vida-a-bordo-na-bacia-de-campos\/\",\"url\":\"https:\/\/portalnpm.com\/index.php\/2021\/04\/23\/tragedia-na-plataforma-p-51-da-petrobras-trabalhador-tira-a-propria-vida-a-bordo-na-bacia-de-campos\/\",\"name\":\"Trag\u00e9dia na plataforma P-51 da Petrobras! Trabalhador tira a pr\u00f3pria vida a bordo, na Bacia de Campos\",\"isPartOf\":{\"@id\":\"https:\/\/portalnpm.com\/#website\"},\"primaryImageOfPage\":{\"@id\":\"https:\/\/portalnpm.com\/index.php\/2021\/04\/23\/tragedia-na-plataforma-p-51-da-petrobras-trabalhador-tira-a-propria-vida-a-bordo-na-bacia-de-campos\/#primaryimage\"},\"image\":{\"@id\":\"https:\/\/portalnpm.com\/index.php\/2021\/04\/23\/tragedia-na-plataforma-p-51-da-petrobras-trabalhador-tira-a-propria-vida-a-bordo-na-bacia-de-campos\/#primaryimage\"},\"thumbnailUrl\":\"https:\/\/portalnpm.com\/wp-content\/uploads\/2024\/01\/20210423_212206.jpg\",\"datePublished\":\"2021-04-24T00:22:26+00:00\",\"dateModified\":\"2021-04-24T00:22:26+00:00\",\"author\":{\"@id\":\"https:\/\/portalnpm.com\/#\/schema\/person\/0b5f230ec96cee25504fa328e7f2b733\"},\"breadcrumb\":{\"@id\":\"https:\/\/portalnpm.com\/index.php\/2021\/04\/23\/tragedia-na-plataforma-p-51-da-petrobras-trabalhador-tira-a-propria-vida-a-bordo-na-bacia-de-campos\/#breadcrumb\"},\"inLanguage\":\"pt-BR\",\"potentialAction\":[{\"@type\":\"ReadAction\",\"target\":[\"https:\/\/portalnpm.com\/index.php\/2021\/04\/23\/tragedia-na-plataforma-p-51-da-petrobras-trabalhador-tira-a-propria-vida-a-bordo-na-bacia-de-campos\/\"]}]},{\"@type\":\"ImageObject\",\"inLanguage\":\"pt-BR\",\"@id\":\"https:\/\/portalnpm.com\/index.php\/2021\/04\/23\/tragedia-na-plataforma-p-51-da-petrobras-trabalhador-tira-a-propria-vida-a-bordo-na-bacia-de-campos\/#primaryimage\",\"url\":\"https:\/\/portalnpm.com\/wp-content\/uploads\/2024\/01\/20210423_212206.jpg\",\"contentUrl\":\"https:\/\/portalnpm.com\/wp-content\/uploads\/2024\/01\/20210423_212206.jpg\",\"width\":768,\"height\":411},{\"@type\":\"BreadcrumbList\",\"@id\":\"https:\/\/portalnpm.com\/index.php\/2021\/04\/23\/tragedia-na-plataforma-p-51-da-petrobras-trabalhador-tira-a-propria-vida-a-bordo-na-bacia-de-campos\/#breadcrumb\",\"itemListElement\":[{\"@type\":\"ListItem\",\"position\":1,\"name\":\"In\u00edcio\",\"item\":\"https:\/\/portalnpm.com\/\"},{\"@type\":\"ListItem\",\"position\":2,\"name\":\"Trag\u00e9dia na plataforma P-51 da Petrobras! Trabalhador tira a pr\u00f3pria vida a bordo, na Bacia de Campos\"}]},{\"@type\":\"WebSite\",\"@id\":\"https:\/\/portalnpm.com\/#website\",\"url\":\"https:\/\/portalnpm.com\/\",\"name\":\"Portal NPM\",\"description\":\"Not\u00edcias em Primeira M\u00e3o\",\"potentialAction\":[{\"@type\":\"SearchAction\",\"target\":{\"@type\":\"EntryPoint\",\"urlTemplate\":\"https:\/\/portalnpm.com\/?s={search_term_string}\"},\"query-input\":\"required name=search_term_string\"}],\"inLanguage\":\"pt-BR\"},{\"@type\":\"Person\",\"@id\":\"https:\/\/portalnpm.com\/#\/schema\/person\/0b5f230ec96cee25504fa328e7f2b733\",\"name\":\"Reda\u00e7\u00e3o\",\"image\":{\"@type\":\"ImageObject\",\"inLanguage\":\"pt-BR\",\"@id\":\"https:\/\/portalnpm.com\/#\/schema\/person\/image\/\",\"url\":\"https:\/\/portalnpm.com\/wp-content\/uploads\/2024\/03\/avatar_user_4_1710097212-96x96.png\",\"contentUrl\":\"https:\/\/portalnpm.com\/wp-content\/uploads\/2024\/03\/avatar_user_4_1710097212-96x96.png\",\"caption\":\"Reda\u00e7\u00e3o\"},\"url\":\"https:\/\/portalnpm.com\/index.php\/author\/redacao\/\"}]}<\/script>\n<!-- \/ Yoast SEO plugin. -->","yoast_head_json":{"title":"Trag\u00e9dia na plataforma P-51 da Petrobras! Trabalhador tira a pr\u00f3pria vida a bordo, na Bacia de Campos","robots":{"index":"index","follow":"follow","max-snippet":"max-snippet:-1","max-image-preview":"max-image-preview:large","max-video-preview":"max-video-preview:-1"},"canonical":"https:\/\/portalnpm.com\/index.php\/2021\/04\/23\/tragedia-na-plataforma-p-51-da-petrobras-trabalhador-tira-a-propria-vida-a-bordo-na-bacia-de-campos\/","og_locale":"pt_BR","og_type":"article","og_title":"Trag\u00e9dia na plataforma P-51 da Petrobras! Trabalhador tira a pr\u00f3pria vida a bordo, na Bacia de Campos","og_description":"Petrobras confirmou ao Click Petr\u00f3leo e G\u00e1s, na manh\u00e3 de hoje (22), a morte do trabalhador T\u00e9cnico em Mec\u00e2nica a bordo da plataforma P 51, na bacia de Campos Uma triste not\u00edcia na manh\u00e3 de ontem (21\/04), o trabalhador t\u00e9cnico em mec\u00e2nica, identificado como Joceil Martins da Fonseca, de 41 anos, foi encontrado morto na &hellip;","og_url":"https:\/\/portalnpm.com\/index.php\/2021\/04\/23\/tragedia-na-plataforma-p-51-da-petrobras-trabalhador-tira-a-propria-vida-a-bordo-na-bacia-de-campos\/","og_site_name":"Portal NPM","article_published_time":"2021-04-24T00:22:26+00:00","og_image":[{"width":768,"height":411,"url":"https:\/\/portalnpm.com\/wp-content\/uploads\/2024\/01\/20210423_212206.jpg","type":"image\/jpeg"}],"author":"Reda\u00e7\u00e3o","twitter_card":"summary_large_image","twitter_misc":{"Escrito por":"Reda\u00e7\u00e3o","Est. tempo de leitura":"6 minutos"},"schema":{"@context":"https:\/\/schema.org","@graph":[{"@type":"WebPage","@id":"https:\/\/portalnpm.com\/index.php\/2021\/04\/23\/tragedia-na-plataforma-p-51-da-petrobras-trabalhador-tira-a-propria-vida-a-bordo-na-bacia-de-campos\/","url":"https:\/\/portalnpm.com\/index.php\/2021\/04\/23\/tragedia-na-plataforma-p-51-da-petrobras-trabalhador-tira-a-propria-vida-a-bordo-na-bacia-de-campos\/","name":"Trag\u00e9dia na plataforma P-51 da Petrobras! Trabalhador tira a pr\u00f3pria vida a bordo, na Bacia de Campos","isPartOf":{"@id":"https:\/\/portalnpm.com\/#website"},"primaryImageOfPage":{"@id":"https:\/\/portalnpm.com\/index.php\/2021\/04\/23\/tragedia-na-plataforma-p-51-da-petrobras-trabalhador-tira-a-propria-vida-a-bordo-na-bacia-de-campos\/#primaryimage"},"image":{"@id":"https:\/\/portalnpm.com\/index.php\/2021\/04\/23\/tragedia-na-plataforma-p-51-da-petrobras-trabalhador-tira-a-propria-vida-a-bordo-na-bacia-de-campos\/#primaryimage"},"thumbnailUrl":"https:\/\/portalnpm.com\/wp-content\/uploads\/2024\/01\/20210423_212206.jpg","datePublished":"2021-04-24T00:22:26+00:00","dateModified":"2021-04-24T00:22:26+00:00","author":{"@id":"https:\/\/portalnpm.com\/#\/schema\/person\/0b5f230ec96cee25504fa328e7f2b733"},"breadcrumb":{"@id":"https:\/\/portalnpm.com\/index.php\/2021\/04\/23\/tragedia-na-plataforma-p-51-da-petrobras-trabalhador-tira-a-propria-vida-a-bordo-na-bacia-de-campos\/#breadcrumb"},"inLanguage":"pt-BR","potentialAction":[{"@type":"ReadAction","target":["https:\/\/portalnpm.com\/index.php\/2021\/04\/23\/tragedia-na-plataforma-p-51-da-petrobras-trabalhador-tira-a-propria-vida-a-bordo-na-bacia-de-campos\/"]}]},{"@type":"ImageObject","inLanguage":"pt-BR","@id":"https:\/\/portalnpm.com\/index.php\/2021\/04\/23\/tragedia-na-plataforma-p-51-da-petrobras-trabalhador-tira-a-propria-vida-a-bordo-na-bacia-de-campos\/#primaryimage","url":"https:\/\/portalnpm.com\/wp-content\/uploads\/2024\/01\/20210423_212206.jpg","contentUrl":"https:\/\/portalnpm.com\/wp-content\/uploads\/2024\/01\/20210423_212206.jpg","width":768,"height":411},{"@type":"BreadcrumbList","@id":"https:\/\/portalnpm.com\/index.php\/2021\/04\/23\/tragedia-na-plataforma-p-51-da-petrobras-trabalhador-tira-a-propria-vida-a-bordo-na-bacia-de-campos\/#breadcrumb","itemListElement":[{"@type":"ListItem","position":1,"name":"In\u00edcio","item":"https:\/\/portalnpm.com\/"},{"@type":"ListItem","position":2,"name":"Trag\u00e9dia na plataforma P-51 da Petrobras! Trabalhador tira a pr\u00f3pria vida a bordo, na Bacia de Campos"}]},{"@type":"WebSite","@id":"https:\/\/portalnpm.com\/#website","url":"https:\/\/portalnpm.com\/","name":"Portal NPM","description":"Not\u00edcias em Primeira M\u00e3o","potentialAction":[{"@type":"SearchAction","target":{"@type":"EntryPoint","urlTemplate":"https:\/\/portalnpm.com\/?s={search_term_string}"},"query-input":"required name=search_term_string"}],"inLanguage":"pt-BR"},{"@type":"Person","@id":"https:\/\/portalnpm.com\/#\/schema\/person\/0b5f230ec96cee25504fa328e7f2b733","name":"Reda\u00e7\u00e3o","image":{"@type":"ImageObject","inLanguage":"pt-BR","@id":"https:\/\/portalnpm.com\/#\/schema\/person\/image\/","url":"https:\/\/portalnpm.com\/wp-content\/uploads\/2024\/03\/avatar_user_4_1710097212-96x96.png","contentUrl":"https:\/\/portalnpm.com\/wp-content\/uploads\/2024\/03\/avatar_user_4_1710097212-96x96.png","caption":"Reda\u00e7\u00e3o"},"url":"https:\/\/portalnpm.com\/index.php\/author\/redacao\/"}]}},"jetpack_sharing_enabled":true,"jetpack_featured_media_url":"https:\/\/portalnpm.com\/wp-content\/uploads\/2024\/01\/20210423_212206.jpg","_links":{"self":[{"href":"https:\/\/portalnpm.com\/index.php\/wp-json\/wp\/v2\/posts\/64553"}],"collection":[{"href":"https:\/\/portalnpm.com\/index.php\/wp-json\/wp\/v2\/posts"}],"about":[{"href":"https:\/\/portalnpm.com\/index.php\/wp-json\/wp\/v2\/types\/post"}],"author":[{"embeddable":true,"href":"https:\/\/portalnpm.com\/index.php\/wp-json\/wp\/v2\/users\/4"}],"replies":[{"embeddable":true,"href":"https:\/\/portalnpm.com\/index.php\/wp-json\/wp\/v2\/comments?post=64553"}],"version-history":[{"count":0,"href":"https:\/\/portalnpm.com\/index.php\/wp-json\/wp\/v2\/posts\/64553\/revisions"}],"wp:featuredmedia":[{"embeddable":true,"href":"https:\/\/portalnpm.com\/index.php\/wp-json\/wp\/v2\/media\/64554"}],"wp:attachment":[{"href":"https:\/\/portalnpm.com\/index.php\/wp-json\/wp\/v2\/media?parent=64553"}],"wp:term":[{"taxonomy":"category","embeddable":true,"href":"https:\/\/portalnpm.com\/index.php\/wp-json\/wp\/v2\/categories?post=64553"},{"taxonomy":"post_tag","embeddable":true,"href":"https:\/\/portalnpm.com\/index.php\/wp-json\/wp\/v2\/tags?post=64553"}],"curies":[{"name":"wp","href":"https:\/\/api.w.org\/{rel}","templated":true}]}}