{"id":64824,"date":"2021-05-02T09:42:54","date_gmt":"2021-05-02T12:42:54","guid":{"rendered":"https:\/\/portalnpm.com\/index.php\/2021\/05\/02\/meu-filho-morreu-com-fome-diz-mae-de-homem-morto-por-furtar-carne\/"},"modified":"2021-05-02T09:42:54","modified_gmt":"2021-05-02T12:42:54","slug":"meu-filho-morreu-com-fome-diz-mae-de-homem-morto-por-furtar-carne","status":"publish","type":"post","link":"https:\/\/portalnpm.com\/index.php\/2021\/05\/02\/meu-filho-morreu-com-fome-diz-mae-de-homem-morto-por-furtar-carne\/","title":{"rendered":"\u201cMeu filho morreu com fome\u201d, diz m\u00e3e de homem morto por furtar carne"},"content":{"rendered":"<p style=\"text-align: justify;\">A dona de casa Dion\u00e9sia Pereira Barros pediu justi\u00e7a pela morte de seu filho,\u00a0Bru no Barros, 29 anos, e de seu neto Yan Barros, 19 anos. Os dois\u00a0<a href=\"https:\/\/www.poder360.com.br\/brasil\/tio-e-sobrinho-furtam-carne-em-supermercado-e-sao-mortos-em-salvador\/\" target=\"_blank\" rel=\"noopener noreferrer\" data-id=\"42\">foram assassinados<\/a>\u00a0por traficantes depois de terem furtado pacotes de carne no supermercado\u00a0<a href=\"https:\/\/goo.gl\/maps\/3115iD8AnsVbc1BGA\" target=\"_blank\" rel=\"noopener noreferrer\" data-id=\"43\">Atakad\u00e3o Atakarejo, no bairro de Amaralina<\/a>, em Salvador.<\/p>\n<p style=\"text-align: justify;\">\n<p style=\"text-align: justify;\"><em>\u201cMatar meu filho, o que foi que meu filho fez? Meu filho morreu com fome porque n\u00e3o teve coragem de me pedir comida, ele n\u00e3o morava comigo, n\u00e3o [\u2026] Ele errou. Ele errou. Mas tem o policial. Por que ele n\u00e3o chamou a policia?\u201d,<\/em>\u00a0disse Dion\u00e9sia, em\u00a0<a href=\"https:\/\/g1.globo.com\/ba\/bahia\/noticia\/2021\/05\/01\/meu-filho-morreu-com-fome-porque-nao-teve-coragem-de-me-pedir-comida-diz-mae-de-homem-morto-apos-furtar-carne-em-mercado-na-ba.ghtml\" target=\"_blank\" rel=\"noopener noreferrer\" data-id=\"44\">declara\u00e7\u00f5es registradas pelo portal\u00a0<em>G1<\/em><\/a>\u00a0na Bahia<em>.<\/em><\/p>\n<p style=\"text-align: justify;\">Os corpos de Bruno e Yan foram achados no porta-malas de um carro, no bairro Brotas. Havia marcas de tiro e sinais de tortura.<\/p>\n<p style=\"text-align: justify;\">Ao jornal\u00a0<em><a href=\"https:\/\/www1.folha.uol.com.br\/cotidiano\/2021\/04\/tio-e-sobrinho-que-furtaram-carne-em-supermercado-sao-mortos-em-salvador.shtml\" target=\"_blank\" rel=\"noopener noreferrer\" data-id=\"45\">Folha de S. Paulo<\/a>,<\/em> familiares das v\u00edtimas disseram acreditar que tio e sobrinho foram entregues pelos seguran\u00e7as do supermercado a traficantes do bairro de Amaralina, que teriam matado Bruno e Ian.<\/p>\n<div id=\"outbrain_widget_0\" class=\"OUTBRAIN\" style=\"text-align: justify;\" data-external-id=\"9988be15b8fa46d892d5c54453ff55bc\" data-src=\"DROP_PERMALINK_HERE\" data-widget-id=\"MB_1\" data-ob-mark=\"true\" data-browser=\"chrome\" data-os=\"linux armv8l\" data-dynload=\"\" data-idx=\"0\">\n<div class=\"ob-widget ob-grid-layout  ob-text-on-image MB_1 ob-cmn-MB_1\" data-dynamic-truncate=\"true\">\n<div class=\"ob-widget-footer\">\n<div class=\"ob-pixels\"><\/div>\n<\/div>\n<\/div>\n<\/div>\n<p style=\"text-align: justify;\">Depois do furto, Bruno enviou um \u00e1udio \u00e0 fam\u00edlia, que foi obtido pela\u00a0<em>Folha<\/em>. Ele diz:\u00a0<em>\u201cSe ligue, rodei no Nordeste<\/em>\u00a0[de Amaralina]<em>. Aqui, v\u00ea se desenrola R$ 700 para pagar as carnes que peguei aqui\u201d<\/em>.<\/p>\n<p style=\"text-align: justify;\">Em nota, a Pol\u00edcia Civil da Bahia disse que a investiga\u00e7\u00e3o do duplo homic\u00eddio est\u00e1 em andamento e a apura\u00e7\u00e3o est\u00e1 avan\u00e7ada, com indicativo de autoria. Afirma n\u00e3o poder divulgar detalhes sobre o caso para n\u00e3o atrapalhar as investiga\u00e7\u00f5es.<\/p>\n<p style=\"text-align: justify;\">Em nota, o supermercado Atakad\u00e3o Atakarejo informou que\u00a0<em>\u201ctratam-se de fatos que envolvem seguran\u00e7a p\u00fablica e que certamente ser\u00e3o investigados e conduzidos pela autoridade p\u00fablica competente\u201d<\/em>.<\/p>\n<p style=\"text-align: justify;\"><em>\u201cPor agir de acordo com a legisla\u00e7\u00e3o vigente e atuar rigorosamente com as normas legais, o Atakad\u00e3o Atakarejo est\u00e1 \u00e0 disposi\u00e7\u00e3o e colaborando com todas as informa\u00e7\u00f5es necess\u00e1rias para a investiga\u00e7\u00e3o\u201d<\/em>, diz.<\/p>\n<p style=\"text-align: justify;\">O caso est\u00e1 sendo acompanhado pela comiss\u00e3o de Direitos Humanos da AL-BA (Assembleia Legislativa da Bahia).<\/p>\n<p style=\"text-align: justify;\">Fonte: Poder 360<\/p>\n","protected":false},"excerpt":{"rendered":"<p>A dona de casa Dion\u00e9sia Pereira Barros pediu justi\u00e7a pela morte de seu filho,\u00a0Bru no Barros, 29 anos, e de seu neto Yan Barros, 19 anos. Os dois\u00a0foram assassinados\u00a0por traficantes depois de terem furtado pacotes de carne no supermercado\u00a0Atakad\u00e3o Atakarejo, no bairro de Amaralina, em Salvador. \u201cMatar meu filho, o que foi que meu filho &hellip;<\/p>\n","protected":false},"author":2,"featured_media":64825,"comment_status":"open","ping_status":"open","sticky":false,"template":"","format":"standard","meta":{"content-type":"","rop_custom_images_group":[],"rop_custom_messages_group":[],"rop_publish_now":"initial","rop_publish_now_accounts":{"facebook_2648258775420054_1618374048415101":""},"rop_publish_now_history":[],"rop_publish_now_status":"pending","footnotes":"","_jetpack_memberships_contains_paid_content":false},"categories":[125],"tags":[459,460,11221],"yoast_head":"<!-- This site is optimized with the Yoast SEO plugin v22.3 - https:\/\/yoast.com\/wordpress\/plugins\/seo\/ -->\n<title>\u201cMeu filho morreu com fome\u201d, diz m\u00e3e de homem morto por furtar carne<\/title>\n<meta name=\"robots\" content=\"index, follow, max-snippet:-1, max-image-preview:large, max-video-preview:-1\" \/>\n<link rel=\"canonical\" href=\"https:\/\/portalnpm.com\/index.php\/2021\/05\/02\/meu-filho-morreu-com-fome-diz-mae-de-homem-morto-por-furtar-carne\/\" \/>\n<meta property=\"og:locale\" content=\"pt_BR\" \/>\n<meta property=\"og:type\" content=\"article\" \/>\n<meta property=\"og:title\" content=\"\u201cMeu filho morreu com fome\u201d, diz m\u00e3e de homem morto por furtar carne\" \/>\n<meta property=\"og:description\" content=\"A dona de casa Dion\u00e9sia Pereira Barros pediu justi\u00e7a pela morte de seu filho,\u00a0Bru no Barros, 29 anos, e de seu neto Yan Barros, 19 anos. Os dois\u00a0foram assassinados\u00a0por traficantes depois de terem furtado pacotes de carne no supermercado\u00a0Atakad\u00e3o Atakarejo, no bairro de Amaralina, em Salvador. \u201cMatar meu filho, o que foi que meu filho &hellip;\" \/>\n<meta property=\"og:url\" content=\"https:\/\/portalnpm.com\/index.php\/2021\/05\/02\/meu-filho-morreu-com-fome-diz-mae-de-homem-morto-por-furtar-carne\/\" \/>\n<meta property=\"og:site_name\" content=\"Portal NPM\" \/>\n<meta property=\"article:published_time\" content=\"2021-05-02T12:42:54+00:00\" \/>\n<meta property=\"og:image\" content=\"https:\/\/portalnpm.com\/wp-content\/uploads\/2024\/01\/BB1geJ0x.jpeg\" \/>\n\t<meta property=\"og:image:width\" content=\"600\" \/>\n\t<meta property=\"og:image:height\" content=\"400\" \/>\n\t<meta property=\"og:image:type\" content=\"image\/jpeg\" \/>\n<meta name=\"author\" content=\"Genival Barbosa\" \/>\n<meta name=\"twitter:card\" content=\"summary_large_image\" \/>\n<meta name=\"twitter:label1\" content=\"Escrito por\" \/>\n\t<meta name=\"twitter:data1\" content=\"Genival Barbosa\" \/>\n\t<meta name=\"twitter:label2\" content=\"Est. tempo de leitura\" \/>\n\t<meta name=\"twitter:data2\" content=\"2 minutos\" \/>\n<script type=\"application\/ld+json\" class=\"yoast-schema-graph\">{\"@context\":\"https:\/\/schema.org\",\"@graph\":[{\"@type\":\"WebPage\",\"@id\":\"https:\/\/portalnpm.com\/index.php\/2021\/05\/02\/meu-filho-morreu-com-fome-diz-mae-de-homem-morto-por-furtar-carne\/\",\"url\":\"https:\/\/portalnpm.com\/index.php\/2021\/05\/02\/meu-filho-morreu-com-fome-diz-mae-de-homem-morto-por-furtar-carne\/\",\"name\":\"\u201cMeu filho morreu com fome\u201d, diz m\u00e3e de homem morto por furtar carne\",\"isPartOf\":{\"@id\":\"https:\/\/portalnpm.com\/#website\"},\"primaryImageOfPage\":{\"@id\":\"https:\/\/portalnpm.com\/index.php\/2021\/05\/02\/meu-filho-morreu-com-fome-diz-mae-de-homem-morto-por-furtar-carne\/#primaryimage\"},\"image\":{\"@id\":\"https:\/\/portalnpm.com\/index.php\/2021\/05\/02\/meu-filho-morreu-com-fome-diz-mae-de-homem-morto-por-furtar-carne\/#primaryimage\"},\"thumbnailUrl\":\"https:\/\/portalnpm.com\/wp-content\/uploads\/2024\/01\/BB1geJ0x.jpeg\",\"datePublished\":\"2021-05-02T12:42:54+00:00\",\"dateModified\":\"2021-05-02T12:42:54+00:00\",\"author\":{\"@id\":\"https:\/\/portalnpm.com\/#\/schema\/person\/49313e563cfdefcc167f1ee4c017c294\"},\"breadcrumb\":{\"@id\":\"https:\/\/portalnpm.com\/index.php\/2021\/05\/02\/meu-filho-morreu-com-fome-diz-mae-de-homem-morto-por-furtar-carne\/#breadcrumb\"},\"inLanguage\":\"pt-BR\",\"potentialAction\":[{\"@type\":\"ReadAction\",\"target\":[\"https:\/\/portalnpm.com\/index.php\/2021\/05\/02\/meu-filho-morreu-com-fome-diz-mae-de-homem-morto-por-furtar-carne\/\"]}]},{\"@type\":\"ImageObject\",\"inLanguage\":\"pt-BR\",\"@id\":\"https:\/\/portalnpm.com\/index.php\/2021\/05\/02\/meu-filho-morreu-com-fome-diz-mae-de-homem-morto-por-furtar-carne\/#primaryimage\",\"url\":\"https:\/\/portalnpm.com\/wp-content\/uploads\/2024\/01\/BB1geJ0x.jpeg\",\"contentUrl\":\"https:\/\/portalnpm.com\/wp-content\/uploads\/2024\/01\/BB1geJ0x.jpeg\",\"width\":600,\"height\":400},{\"@type\":\"BreadcrumbList\",\"@id\":\"https:\/\/portalnpm.com\/index.php\/2021\/05\/02\/meu-filho-morreu-com-fome-diz-mae-de-homem-morto-por-furtar-carne\/#breadcrumb\",\"itemListElement\":[{\"@type\":\"ListItem\",\"position\":1,\"name\":\"In\u00edcio\",\"item\":\"https:\/\/portalnpm.com\/\"},{\"@type\":\"ListItem\",\"position\":2,\"name\":\"\u201cMeu filho morreu com fome\u201d, diz m\u00e3e de homem morto por furtar carne\"}]},{\"@type\":\"WebSite\",\"@id\":\"https:\/\/portalnpm.com\/#website\",\"url\":\"https:\/\/portalnpm.com\/\",\"name\":\"Portal NPM\",\"description\":\"Not\u00edcias em Primeira M\u00e3o\",\"potentialAction\":[{\"@type\":\"SearchAction\",\"target\":{\"@type\":\"EntryPoint\",\"urlTemplate\":\"https:\/\/portalnpm.com\/?s={search_term_string}\"},\"query-input\":\"required name=search_term_string\"}],\"inLanguage\":\"pt-BR\"},{\"@type\":\"Person\",\"@id\":\"https:\/\/portalnpm.com\/#\/schema\/person\/49313e563cfdefcc167f1ee4c017c294\",\"name\":\"Genival Barbosa\",\"image\":{\"@type\":\"ImageObject\",\"inLanguage\":\"pt-BR\",\"@id\":\"https:\/\/portalnpm.com\/#\/schema\/person\/image\/\",\"url\":\"https:\/\/portalnpm.com\/wp-content\/uploads\/2024\/02\/avatar_user_2_1707743258-96x96.jpeg\",\"contentUrl\":\"https:\/\/portalnpm.com\/wp-content\/uploads\/2024\/02\/avatar_user_2_1707743258-96x96.jpeg\",\"caption\":\"Genival Barbosa\"},\"url\":\"https:\/\/portalnpm.com\/index.php\/author\/genival\/\"}]}<\/script>\n<!-- \/ Yoast SEO plugin. -->","yoast_head_json":{"title":"\u201cMeu filho morreu com fome\u201d, diz m\u00e3e de homem morto por furtar carne","robots":{"index":"index","follow":"follow","max-snippet":"max-snippet:-1","max-image-preview":"max-image-preview:large","max-video-preview":"max-video-preview:-1"},"canonical":"https:\/\/portalnpm.com\/index.php\/2021\/05\/02\/meu-filho-morreu-com-fome-diz-mae-de-homem-morto-por-furtar-carne\/","og_locale":"pt_BR","og_type":"article","og_title":"\u201cMeu filho morreu com fome\u201d, diz m\u00e3e de homem morto por furtar carne","og_description":"A dona de casa Dion\u00e9sia Pereira Barros pediu justi\u00e7a pela morte de seu filho,\u00a0Bru no Barros, 29 anos, e de seu neto Yan Barros, 19 anos. Os dois\u00a0foram assassinados\u00a0por traficantes depois de terem furtado pacotes de carne no supermercado\u00a0Atakad\u00e3o Atakarejo, no bairro de Amaralina, em Salvador. \u201cMatar meu filho, o que foi que meu filho &hellip;","og_url":"https:\/\/portalnpm.com\/index.php\/2021\/05\/02\/meu-filho-morreu-com-fome-diz-mae-de-homem-morto-por-furtar-carne\/","og_site_name":"Portal NPM","article_published_time":"2021-05-02T12:42:54+00:00","og_image":[{"width":600,"height":400,"url":"https:\/\/portalnpm.com\/wp-content\/uploads\/2024\/01\/BB1geJ0x.jpeg","type":"image\/jpeg"}],"author":"Genival Barbosa","twitter_card":"summary_large_image","twitter_misc":{"Escrito por":"Genival Barbosa","Est. tempo de leitura":"2 minutos"},"schema":{"@context":"https:\/\/schema.org","@graph":[{"@type":"WebPage","@id":"https:\/\/portalnpm.com\/index.php\/2021\/05\/02\/meu-filho-morreu-com-fome-diz-mae-de-homem-morto-por-furtar-carne\/","url":"https:\/\/portalnpm.com\/index.php\/2021\/05\/02\/meu-filho-morreu-com-fome-diz-mae-de-homem-morto-por-furtar-carne\/","name":"\u201cMeu filho morreu com fome\u201d, diz m\u00e3e de homem morto por furtar carne","isPartOf":{"@id":"https:\/\/portalnpm.com\/#website"},"primaryImageOfPage":{"@id":"https:\/\/portalnpm.com\/index.php\/2021\/05\/02\/meu-filho-morreu-com-fome-diz-mae-de-homem-morto-por-furtar-carne\/#primaryimage"},"image":{"@id":"https:\/\/portalnpm.com\/index.php\/2021\/05\/02\/meu-filho-morreu-com-fome-diz-mae-de-homem-morto-por-furtar-carne\/#primaryimage"},"thumbnailUrl":"https:\/\/portalnpm.com\/wp-content\/uploads\/2024\/01\/BB1geJ0x.jpeg","datePublished":"2021-05-02T12:42:54+00:00","dateModified":"2021-05-02T12:42:54+00:00","author":{"@id":"https:\/\/portalnpm.com\/#\/schema\/person\/49313e563cfdefcc167f1ee4c017c294"},"breadcrumb":{"@id":"https:\/\/portalnpm.com\/index.php\/2021\/05\/02\/meu-filho-morreu-com-fome-diz-mae-de-homem-morto-por-furtar-carne\/#breadcrumb"},"inLanguage":"pt-BR","potentialAction":[{"@type":"ReadAction","target":["https:\/\/portalnpm.com\/index.php\/2021\/05\/02\/meu-filho-morreu-com-fome-diz-mae-de-homem-morto-por-furtar-carne\/"]}]},{"@type":"ImageObject","inLanguage":"pt-BR","@id":"https:\/\/portalnpm.com\/index.php\/2021\/05\/02\/meu-filho-morreu-com-fome-diz-mae-de-homem-morto-por-furtar-carne\/#primaryimage","url":"https:\/\/portalnpm.com\/wp-content\/uploads\/2024\/01\/BB1geJ0x.jpeg","contentUrl":"https:\/\/portalnpm.com\/wp-content\/uploads\/2024\/01\/BB1geJ0x.jpeg","width":600,"height":400},{"@type":"BreadcrumbList","@id":"https:\/\/portalnpm.com\/index.php\/2021\/05\/02\/meu-filho-morreu-com-fome-diz-mae-de-homem-morto-por-furtar-carne\/#breadcrumb","itemListElement":[{"@type":"ListItem","position":1,"name":"In\u00edcio","item":"https:\/\/portalnpm.com\/"},{"@type":"ListItem","position":2,"name":"\u201cMeu filho morreu com fome\u201d, diz m\u00e3e de homem morto por furtar carne"}]},{"@type":"WebSite","@id":"https:\/\/portalnpm.com\/#website","url":"https:\/\/portalnpm.com\/","name":"Portal NPM","description":"Not\u00edcias em Primeira M\u00e3o","potentialAction":[{"@type":"SearchAction","target":{"@type":"EntryPoint","urlTemplate":"https:\/\/portalnpm.com\/?s={search_term_string}"},"query-input":"required name=search_term_string"}],"inLanguage":"pt-BR"},{"@type":"Person","@id":"https:\/\/portalnpm.com\/#\/schema\/person\/49313e563cfdefcc167f1ee4c017c294","name":"Genival Barbosa","image":{"@type":"ImageObject","inLanguage":"pt-BR","@id":"https:\/\/portalnpm.com\/#\/schema\/person\/image\/","url":"https:\/\/portalnpm.com\/wp-content\/uploads\/2024\/02\/avatar_user_2_1707743258-96x96.jpeg","contentUrl":"https:\/\/portalnpm.com\/wp-content\/uploads\/2024\/02\/avatar_user_2_1707743258-96x96.jpeg","caption":"Genival Barbosa"},"url":"https:\/\/portalnpm.com\/index.php\/author\/genival\/"}]}},"jetpack_sharing_enabled":true,"jetpack_featured_media_url":"https:\/\/portalnpm.com\/wp-content\/uploads\/2024\/01\/BB1geJ0x.jpeg","_links":{"self":[{"href":"https:\/\/portalnpm.com\/index.php\/wp-json\/wp\/v2\/posts\/64824"}],"collection":[{"href":"https:\/\/portalnpm.com\/index.php\/wp-json\/wp\/v2\/posts"}],"about":[{"href":"https:\/\/portalnpm.com\/index.php\/wp-json\/wp\/v2\/types\/post"}],"author":[{"embeddable":true,"href":"https:\/\/portalnpm.com\/index.php\/wp-json\/wp\/v2\/users\/2"}],"replies":[{"embeddable":true,"href":"https:\/\/portalnpm.com\/index.php\/wp-json\/wp\/v2\/comments?post=64824"}],"version-history":[{"count":0,"href":"https:\/\/portalnpm.com\/index.php\/wp-json\/wp\/v2\/posts\/64824\/revisions"}],"wp:featuredmedia":[{"embeddable":true,"href":"https:\/\/portalnpm.com\/index.php\/wp-json\/wp\/v2\/media\/64825"}],"wp:attachment":[{"href":"https:\/\/portalnpm.com\/index.php\/wp-json\/wp\/v2\/media?parent=64824"}],"wp:term":[{"taxonomy":"category","embeddable":true,"href":"https:\/\/portalnpm.com\/index.php\/wp-json\/wp\/v2\/categories?post=64824"},{"taxonomy":"post_tag","embeddable":true,"href":"https:\/\/portalnpm.com\/index.php\/wp-json\/wp\/v2\/tags?post=64824"}],"curies":[{"name":"wp","href":"https:\/\/api.w.org\/{rel}","templated":true}]}}