{"id":64913,"date":"2021-05-02T17:12:53","date_gmt":"2021-05-02T20:12:53","guid":{"rendered":"https:\/\/portalnpm.com\/index.php\/2021\/05\/02\/sao-juliao-moto-furtada-no-mes-de-janeiro-e-encontrada-parcialmente-depenada-em-matagal-veja\/"},"modified":"2024-01-15T23:17:09","modified_gmt":"2024-01-16T02:17:09","slug":"sao-juliao-moto-furtada-no-mes-de-janeiro-e-encontrada-parcialmente-depenada-em-matagal-veja","status":"publish","type":"post","link":"https:\/\/portalnpm.com\/index.php\/2021\/05\/02\/sao-juliao-moto-furtada-no-mes-de-janeiro-e-encontrada-parcialmente-depenada-em-matagal-veja\/","title":{"rendered":"S\u00e3o Juli\u00e3o | Moto furtada no m\u00eas de janeiro \u00e9 encontrada parcialmente \u2018depenada\u2019 em matagal; veja!"},"content":{"rendered":"<p><p style=\"text-align: justify;\">Uma motocicleta modelo Honda fan 150, ano 2011, furtada no in&iacute;cio de janeiro deste ano, foi encontrada parcialmente depenada em um matagal, cerca de uns 4km da sede do munic&iacute;pio, neste fim de semana.<\/p>\n<p><img fetchpriority=\"high\" decoding=\"async\" class=\"alignnone size-full wp-image-33132\" src=\"https:\/\/portalnpm.com\/wp-content\/uploads\/2024\/01\/IMG-20210502-WA0085.jpg\" alt=\"\" width=\"1280\" height=\"960\"><\/p>\n<p style=\"text-align: justify;\">Depois de quase quatro meses de buscas, a moto que &eacute; de propriedade do cabeleireiro Flavim, foi encontrada pelo mesmo com ajuda de alguns amigos. O autom&oacute;vel foi furtado em frente a sua resid&ecirc;ncia, pr&oacute;ximo ao gin&aacute;sio poliesportivo de S&atilde;o Juli&atilde;o, exatamente na noite do dia 03 de janeiro de 2021.<\/p>\n<figure id=\"attachment_33133\" aria-describedby=\"caption-attachment-33133\" style=\"width: 960px\" class=\"wp-caption alignnone\"><img decoding=\"async\" class=\"size-full wp-image-33133\" src=\"https:\/\/portalnpm.com\/wp-content\/uploads\/2024\/01\/IMG-20210502-WA0083.jpg\" alt=\"\" width=\"960\" height=\"1280\"><figcaption id=\"caption-attachment-33133\" class=\"wp-caption-text\">Local onde a motocicleta foi encontrada<\/figcaption><\/figure>\n<p style=\"text-align: justify;\">De acordo com Flavim, a moto estava praticamente enterrada, depenada e faltando algumas partes, entres elas, o motor. O propriet&aacute;rio ainda enfatizou que contou com ajuda apenas dos amigos para encontrar a sua motocicleta.<\/p><\/p>\n","protected":false},"excerpt":{"rendered":"<p>Uma motocicleta modelo Honda fan 150, ano 2011, furtada no in&iacute;cio de janeiro deste ano, foi encontrada parcialmente depenada em um matagal, cerca de uns 4km da sede do munic&iacute;pio, neste fim de semana. Depois de quase quatro meses de buscas, a moto que &eacute; de propriedade do cabeleireiro Flavim, foi encontrada pelo mesmo com &hellip;<\/p>\n","protected":false},"author":3,"featured_media":64914,"comment_status":"open","ping_status":"open","sticky":false,"template":"","format":"standard","meta":{"content-type":"","rop_custom_images_group":[],"rop_custom_messages_group":[],"rop_publish_now":"initial","rop_publish_now_accounts":{"facebook_2648258775420054_1618374048415101":""},"rop_publish_now_history":[],"rop_publish_now_status":"pending","footnotes":"","_jetpack_memberships_contains_paid_content":false},"categories":[113,109,136],"tags":[3368,1372,137],"yoast_head":"<!-- This site is optimized with the Yoast SEO plugin v22.3 - https:\/\/yoast.com\/wordpress\/plugins\/seo\/ -->\n<title>S\u00e3o Juli\u00e3o | Moto furtada no m\u00eas de janeiro \u00e9 encontrada parcialmente \u2018depenada\u2019 em matagal; veja!<\/title>\n<meta name=\"robots\" content=\"index, follow, max-snippet:-1, max-image-preview:large, max-video-preview:-1\" \/>\n<link rel=\"canonical\" href=\"https:\/\/portalnpm.com\/index.php\/2021\/05\/02\/sao-juliao-moto-furtada-no-mes-de-janeiro-e-encontrada-parcialmente-depenada-em-matagal-veja\/\" \/>\n<meta property=\"og:locale\" content=\"pt_BR\" \/>\n<meta property=\"og:type\" content=\"article\" \/>\n<meta property=\"og:title\" content=\"S\u00e3o Juli\u00e3o | Moto furtada no m\u00eas de janeiro \u00e9 encontrada parcialmente \u2018depenada\u2019 em matagal; veja!\" \/>\n<meta property=\"og:description\" content=\"Uma motocicleta modelo Honda fan 150, ano 2011, furtada no in&iacute;cio de janeiro deste ano, foi encontrada parcialmente depenada em um matagal, cerca de uns 4km da sede do munic&iacute;pio, neste fim de semana. Depois de quase quatro meses de buscas, a moto que &eacute; de propriedade do cabeleireiro Flavim, foi encontrada pelo mesmo com &hellip;\" \/>\n<meta property=\"og:url\" content=\"https:\/\/portalnpm.com\/index.php\/2021\/05\/02\/sao-juliao-moto-furtada-no-mes-de-janeiro-e-encontrada-parcialmente-depenada-em-matagal-veja\/\" \/>\n<meta property=\"og:site_name\" content=\"Portal NPM\" \/>\n<meta property=\"article:published_time\" content=\"2021-05-02T20:12:53+00:00\" \/>\n<meta property=\"article:modified_time\" content=\"2024-01-16T02:17:09+00:00\" \/>\n<meta property=\"og:image\" content=\"https:\/\/portalnpm.com\/wp-content\/uploads\/2024\/01\/IMG-20210502-WA0148.jpg\" \/>\n\t<meta property=\"og:image:width\" content=\"1063\" \/>\n\t<meta property=\"og:image:height\" content=\"1280\" \/>\n\t<meta property=\"og:image:type\" content=\"image\/jpeg\" \/>\n<meta name=\"author\" content=\"Luis Alberto\" \/>\n<meta name=\"twitter:card\" content=\"summary_large_image\" \/>\n<meta name=\"twitter:label1\" content=\"Escrito por\" \/>\n\t<meta name=\"twitter:data1\" content=\"Luis Alberto\" \/>\n\t<meta name=\"twitter:label2\" content=\"Est. tempo de leitura\" \/>\n\t<meta name=\"twitter:data2\" content=\"1 minuto\" \/>\n<script type=\"application\/ld+json\" class=\"yoast-schema-graph\">{\"@context\":\"https:\/\/schema.org\",\"@graph\":[{\"@type\":\"WebPage\",\"@id\":\"https:\/\/portalnpm.com\/index.php\/2021\/05\/02\/sao-juliao-moto-furtada-no-mes-de-janeiro-e-encontrada-parcialmente-depenada-em-matagal-veja\/\",\"url\":\"https:\/\/portalnpm.com\/index.php\/2021\/05\/02\/sao-juliao-moto-furtada-no-mes-de-janeiro-e-encontrada-parcialmente-depenada-em-matagal-veja\/\",\"name\":\"S\u00e3o Juli\u00e3o | Moto furtada no m\u00eas de janeiro \u00e9 encontrada parcialmente \u2018depenada\u2019 em matagal; veja!\",\"isPartOf\":{\"@id\":\"https:\/\/portalnpm.com\/#website\"},\"primaryImageOfPage\":{\"@id\":\"https:\/\/portalnpm.com\/index.php\/2021\/05\/02\/sao-juliao-moto-furtada-no-mes-de-janeiro-e-encontrada-parcialmente-depenada-em-matagal-veja\/#primaryimage\"},\"image\":{\"@id\":\"https:\/\/portalnpm.com\/index.php\/2021\/05\/02\/sao-juliao-moto-furtada-no-mes-de-janeiro-e-encontrada-parcialmente-depenada-em-matagal-veja\/#primaryimage\"},\"thumbnailUrl\":\"https:\/\/portalnpm.com\/wp-content\/uploads\/2024\/01\/IMG-20210502-WA0148.jpg\",\"datePublished\":\"2021-05-02T20:12:53+00:00\",\"dateModified\":\"2024-01-16T02:17:09+00:00\",\"author\":{\"@id\":\"https:\/\/portalnpm.com\/#\/schema\/person\/5c8006acdf71774cd4e7a5ab98482152\"},\"breadcrumb\":{\"@id\":\"https:\/\/portalnpm.com\/index.php\/2021\/05\/02\/sao-juliao-moto-furtada-no-mes-de-janeiro-e-encontrada-parcialmente-depenada-em-matagal-veja\/#breadcrumb\"},\"inLanguage\":\"pt-BR\",\"potentialAction\":[{\"@type\":\"ReadAction\",\"target\":[\"https:\/\/portalnpm.com\/index.php\/2021\/05\/02\/sao-juliao-moto-furtada-no-mes-de-janeiro-e-encontrada-parcialmente-depenada-em-matagal-veja\/\"]}]},{\"@type\":\"ImageObject\",\"inLanguage\":\"pt-BR\",\"@id\":\"https:\/\/portalnpm.com\/index.php\/2021\/05\/02\/sao-juliao-moto-furtada-no-mes-de-janeiro-e-encontrada-parcialmente-depenada-em-matagal-veja\/#primaryimage\",\"url\":\"https:\/\/portalnpm.com\/wp-content\/uploads\/2024\/01\/IMG-20210502-WA0148.jpg\",\"contentUrl\":\"https:\/\/portalnpm.com\/wp-content\/uploads\/2024\/01\/IMG-20210502-WA0148.jpg\",\"width\":1063,\"height\":1280},{\"@type\":\"BreadcrumbList\",\"@id\":\"https:\/\/portalnpm.com\/index.php\/2021\/05\/02\/sao-juliao-moto-furtada-no-mes-de-janeiro-e-encontrada-parcialmente-depenada-em-matagal-veja\/#breadcrumb\",\"itemListElement\":[{\"@type\":\"ListItem\",\"position\":1,\"name\":\"In\u00edcio\",\"item\":\"https:\/\/portalnpm.com\/\"},{\"@type\":\"ListItem\",\"position\":2,\"name\":\"S\u00e3o Juli\u00e3o | Moto furtada no m\u00eas de janeiro \u00e9 encontrada parcialmente \u2018depenada\u2019 em matagal; veja!\"}]},{\"@type\":\"WebSite\",\"@id\":\"https:\/\/portalnpm.com\/#website\",\"url\":\"https:\/\/portalnpm.com\/\",\"name\":\"Portal NPM\",\"description\":\"Not\u00edcias em Primeira M\u00e3o\",\"potentialAction\":[{\"@type\":\"SearchAction\",\"target\":{\"@type\":\"EntryPoint\",\"urlTemplate\":\"https:\/\/portalnpm.com\/?s={search_term_string}\"},\"query-input\":\"required name=search_term_string\"}],\"inLanguage\":\"pt-BR\"},{\"@type\":\"Person\",\"@id\":\"https:\/\/portalnpm.com\/#\/schema\/person\/5c8006acdf71774cd4e7a5ab98482152\",\"name\":\"Luis Alberto\",\"image\":{\"@type\":\"ImageObject\",\"inLanguage\":\"pt-BR\",\"@id\":\"https:\/\/portalnpm.com\/#\/schema\/person\/image\/\",\"url\":\"https:\/\/portalnpm.com\/wp-content\/uploads\/2024\/12\/avatar_user_3_1734699769-96x96.jpeg\",\"contentUrl\":\"https:\/\/portalnpm.com\/wp-content\/uploads\/2024\/12\/avatar_user_3_1734699769-96x96.jpeg\",\"caption\":\"Luis Alberto\"},\"description\":\"Editor-geral do Portal NPM, \u00e9 formado como T\u00e9cnico em Seguran\u00e7a do Trabalho pela Escola Metropolitana de Cursos T\u00e9cnicos. Det\u00e9m ainda licenciatura em Educa\u00e7\u00e3o F\u00edsica e bacharelado em Ci\u00eancias Pol\u00edticas, ambos obtidos pela institui\u00e7\u00e3o Anhanguera\/UNOPAR.\",\"url\":\"https:\/\/portalnpm.com\/index.php\/author\/pereira\/\"}]}<\/script>\n<!-- \/ Yoast SEO plugin. -->","yoast_head_json":{"title":"S\u00e3o Juli\u00e3o | Moto furtada no m\u00eas de janeiro \u00e9 encontrada parcialmente \u2018depenada\u2019 em matagal; veja!","robots":{"index":"index","follow":"follow","max-snippet":"max-snippet:-1","max-image-preview":"max-image-preview:large","max-video-preview":"max-video-preview:-1"},"canonical":"https:\/\/portalnpm.com\/index.php\/2021\/05\/02\/sao-juliao-moto-furtada-no-mes-de-janeiro-e-encontrada-parcialmente-depenada-em-matagal-veja\/","og_locale":"pt_BR","og_type":"article","og_title":"S\u00e3o Juli\u00e3o | Moto furtada no m\u00eas de janeiro \u00e9 encontrada parcialmente \u2018depenada\u2019 em matagal; veja!","og_description":"Uma motocicleta modelo Honda fan 150, ano 2011, furtada no in&iacute;cio de janeiro deste ano, foi encontrada parcialmente depenada em um matagal, cerca de uns 4km da sede do munic&iacute;pio, neste fim de semana. Depois de quase quatro meses de buscas, a moto que &eacute; de propriedade do cabeleireiro Flavim, foi encontrada pelo mesmo com &hellip;","og_url":"https:\/\/portalnpm.com\/index.php\/2021\/05\/02\/sao-juliao-moto-furtada-no-mes-de-janeiro-e-encontrada-parcialmente-depenada-em-matagal-veja\/","og_site_name":"Portal NPM","article_published_time":"2021-05-02T20:12:53+00:00","article_modified_time":"2024-01-16T02:17:09+00:00","og_image":[{"width":1063,"height":1280,"url":"https:\/\/portalnpm.com\/wp-content\/uploads\/2024\/01\/IMG-20210502-WA0148.jpg","type":"image\/jpeg"}],"author":"Luis Alberto","twitter_card":"summary_large_image","twitter_misc":{"Escrito por":"Luis Alberto","Est. tempo de leitura":"1 minuto"},"schema":{"@context":"https:\/\/schema.org","@graph":[{"@type":"WebPage","@id":"https:\/\/portalnpm.com\/index.php\/2021\/05\/02\/sao-juliao-moto-furtada-no-mes-de-janeiro-e-encontrada-parcialmente-depenada-em-matagal-veja\/","url":"https:\/\/portalnpm.com\/index.php\/2021\/05\/02\/sao-juliao-moto-furtada-no-mes-de-janeiro-e-encontrada-parcialmente-depenada-em-matagal-veja\/","name":"S\u00e3o Juli\u00e3o | Moto furtada no m\u00eas de janeiro \u00e9 encontrada parcialmente \u2018depenada\u2019 em matagal; veja!","isPartOf":{"@id":"https:\/\/portalnpm.com\/#website"},"primaryImageOfPage":{"@id":"https:\/\/portalnpm.com\/index.php\/2021\/05\/02\/sao-juliao-moto-furtada-no-mes-de-janeiro-e-encontrada-parcialmente-depenada-em-matagal-veja\/#primaryimage"},"image":{"@id":"https:\/\/portalnpm.com\/index.php\/2021\/05\/02\/sao-juliao-moto-furtada-no-mes-de-janeiro-e-encontrada-parcialmente-depenada-em-matagal-veja\/#primaryimage"},"thumbnailUrl":"https:\/\/portalnpm.com\/wp-content\/uploads\/2024\/01\/IMG-20210502-WA0148.jpg","datePublished":"2021-05-02T20:12:53+00:00","dateModified":"2024-01-16T02:17:09+00:00","author":{"@id":"https:\/\/portalnpm.com\/#\/schema\/person\/5c8006acdf71774cd4e7a5ab98482152"},"breadcrumb":{"@id":"https:\/\/portalnpm.com\/index.php\/2021\/05\/02\/sao-juliao-moto-furtada-no-mes-de-janeiro-e-encontrada-parcialmente-depenada-em-matagal-veja\/#breadcrumb"},"inLanguage":"pt-BR","potentialAction":[{"@type":"ReadAction","target":["https:\/\/portalnpm.com\/index.php\/2021\/05\/02\/sao-juliao-moto-furtada-no-mes-de-janeiro-e-encontrada-parcialmente-depenada-em-matagal-veja\/"]}]},{"@type":"ImageObject","inLanguage":"pt-BR","@id":"https:\/\/portalnpm.com\/index.php\/2021\/05\/02\/sao-juliao-moto-furtada-no-mes-de-janeiro-e-encontrada-parcialmente-depenada-em-matagal-veja\/#primaryimage","url":"https:\/\/portalnpm.com\/wp-content\/uploads\/2024\/01\/IMG-20210502-WA0148.jpg","contentUrl":"https:\/\/portalnpm.com\/wp-content\/uploads\/2024\/01\/IMG-20210502-WA0148.jpg","width":1063,"height":1280},{"@type":"BreadcrumbList","@id":"https:\/\/portalnpm.com\/index.php\/2021\/05\/02\/sao-juliao-moto-furtada-no-mes-de-janeiro-e-encontrada-parcialmente-depenada-em-matagal-veja\/#breadcrumb","itemListElement":[{"@type":"ListItem","position":1,"name":"In\u00edcio","item":"https:\/\/portalnpm.com\/"},{"@type":"ListItem","position":2,"name":"S\u00e3o Juli\u00e3o | Moto furtada no m\u00eas de janeiro \u00e9 encontrada parcialmente \u2018depenada\u2019 em matagal; veja!"}]},{"@type":"WebSite","@id":"https:\/\/portalnpm.com\/#website","url":"https:\/\/portalnpm.com\/","name":"Portal NPM","description":"Not\u00edcias em Primeira M\u00e3o","potentialAction":[{"@type":"SearchAction","target":{"@type":"EntryPoint","urlTemplate":"https:\/\/portalnpm.com\/?s={search_term_string}"},"query-input":"required name=search_term_string"}],"inLanguage":"pt-BR"},{"@type":"Person","@id":"https:\/\/portalnpm.com\/#\/schema\/person\/5c8006acdf71774cd4e7a5ab98482152","name":"Luis Alberto","image":{"@type":"ImageObject","inLanguage":"pt-BR","@id":"https:\/\/portalnpm.com\/#\/schema\/person\/image\/","url":"https:\/\/portalnpm.com\/wp-content\/uploads\/2024\/12\/avatar_user_3_1734699769-96x96.jpeg","contentUrl":"https:\/\/portalnpm.com\/wp-content\/uploads\/2024\/12\/avatar_user_3_1734699769-96x96.jpeg","caption":"Luis Alberto"},"description":"Editor-geral do Portal NPM, \u00e9 formado como T\u00e9cnico em Seguran\u00e7a do Trabalho pela Escola Metropolitana de Cursos T\u00e9cnicos. Det\u00e9m ainda licenciatura em Educa\u00e7\u00e3o F\u00edsica e bacharelado em Ci\u00eancias Pol\u00edticas, ambos obtidos pela institui\u00e7\u00e3o Anhanguera\/UNOPAR.","url":"https:\/\/portalnpm.com\/index.php\/author\/pereira\/"}]}},"jetpack_sharing_enabled":true,"jetpack_featured_media_url":"https:\/\/portalnpm.com\/wp-content\/uploads\/2024\/01\/IMG-20210502-WA0148.jpg","_links":{"self":[{"href":"https:\/\/portalnpm.com\/index.php\/wp-json\/wp\/v2\/posts\/64913"}],"collection":[{"href":"https:\/\/portalnpm.com\/index.php\/wp-json\/wp\/v2\/posts"}],"about":[{"href":"https:\/\/portalnpm.com\/index.php\/wp-json\/wp\/v2\/types\/post"}],"author":[{"embeddable":true,"href":"https:\/\/portalnpm.com\/index.php\/wp-json\/wp\/v2\/users\/3"}],"replies":[{"embeddable":true,"href":"https:\/\/portalnpm.com\/index.php\/wp-json\/wp\/v2\/comments?post=64913"}],"version-history":[{"count":1,"href":"https:\/\/portalnpm.com\/index.php\/wp-json\/wp\/v2\/posts\/64913\/revisions"}],"predecessor-version":[{"id":64923,"href":"https:\/\/portalnpm.com\/index.php\/wp-json\/wp\/v2\/posts\/64913\/revisions\/64923"}],"wp:featuredmedia":[{"embeddable":true,"href":"https:\/\/portalnpm.com\/index.php\/wp-json\/wp\/v2\/media\/64914"}],"wp:attachment":[{"href":"https:\/\/portalnpm.com\/index.php\/wp-json\/wp\/v2\/media?parent=64913"}],"wp:term":[{"taxonomy":"category","embeddable":true,"href":"https:\/\/portalnpm.com\/index.php\/wp-json\/wp\/v2\/categories?post=64913"},{"taxonomy":"post_tag","embeddable":true,"href":"https:\/\/portalnpm.com\/index.php\/wp-json\/wp\/v2\/tags?post=64913"}],"curies":[{"name":"wp","href":"https:\/\/api.w.org\/{rel}","templated":true}]}}