{"id":64939,"date":"2021-05-03T23:00:13","date_gmt":"2021-05-04T02:00:13","guid":{"rendered":"https:\/\/portalnpm.com\/index.php\/2021\/05\/03\/julio-cesar-descarta-convite-de-ciro-e-diz-que-psd-quer-disputar-majoritaria-na-base-de-w-dias\/"},"modified":"2024-01-15T23:17:25","modified_gmt":"2024-01-16T02:17:25","slug":"julio-cesar-descarta-convite-de-ciro-e-diz-que-psd-quer-disputar-majoritaria-na-base-de-w-dias","status":"publish","type":"post","link":"https:\/\/portalnpm.com\/index.php\/2021\/05\/03\/julio-cesar-descarta-convite-de-ciro-e-diz-que-psd-quer-disputar-majoritaria-na-base-de-w-dias\/","title":{"rendered":"J\u00falio C\u00e9sar descarta convite de Ciro e diz que PSD quer disputar majorit\u00e1ria na base de W.Dias"},"content":{"rendered":"<p><p style=\"text-align: justify;\">O presidente estadual do PSD, deputado federal J&uacute;lio C&eacute;sar, afirmou em entrevista ao<strong>&nbsp;OitoMeia<\/strong>, nesta segunda-feira (03\/05), que comunicou ao governador Wellington Dias (PT) que o partido deseja compor a disputa majorit&aacute;ria na base governista nas elei&ccedil;&otilde;es estaduais em 2022.<\/p>\n<p style=\"text-align: justify;\">\n<p style=\"text-align: justify;\">Em 2020, a sigla elegeu 40 prefeitos e 367 vereadores nos 224 munic&iacute;pios do Piau&iacute;, e, atualmente, &eacute; considerada a segunda maior for&ccedil;a pol&iacute;tica do estado. No entanto, a composi&ccedil;&atilde;o que mais se comenta nos bastidores indica uma chapa entre PT e MDB, para Governo, Senado e vice, respectivamente.<\/p>\n<p style=\"text-align: justify;\">O partido, inclusive, teria sido procurado pelo senador Ciro Nogueira, que j&aacute; se colocou como pr&eacute;-candidato ao pleito e figura como principal oposicionista ao Governo. Questionado sobre o convite, J&uacute;lio C&eacute;sar explicou que durante a conversa&ccedil;&atilde;o n&atilde;o houve defini&ccedil;&atilde;o para que a sigla deixasse a base e frisou que o PSD quer concorrer na majorit&aacute;ria junto ao grupo de Wellington Dias.<\/p>\n<figure id=\"attachment_336399\" class=\"wp-caption aligncenter\" style=\"text-align: justify;\" aria-describedby=\"caption-attachment-336399\"><img fetchpriority=\"high\" decoding=\"async\" class=\" wp-image-336399\" src=\"https:\/\/portalnpm.com\/wp-content\/uploads\/2024\/01\/juliocersar.jpg\" sizes=\"(max-width: 828px) 100vw, 828px\" srcset=\"https:\/\/www.oitomeia.com.br\/wp-content\/uploads\/2020\/11\/juliocersar.jpg 1275w, https:\/\/www.oitomeia.com.br\/wp-content\/uploads\/2020\/11\/juliocersar-360x241.jpg 360w, https:\/\/www.oitomeia.com.br\/wp-content\/uploads\/2020\/11\/juliocersar-300x201.jpg 300w, https:\/\/www.oitomeia.com.br\/wp-content\/uploads\/2020\/11\/juliocersar-768x514.jpg 768w, https:\/\/www.oitomeia.com.br\/wp-content\/uploads\/2020\/11\/juliocersar-600x401.jpg 600w, https:\/\/www.oitomeia.com.br\/wp-content\/uploads\/2020\/11\/juliocersar-325x217.jpg 325w\" alt=\"\" width=\"828\" height=\"554\"><figcaption id=\"caption-attachment-336399\" class=\"wp-caption-text\">Deputado federal J&uacute;lio Cesar (Foto: Ricardo Morais\/ OitoMeia)<\/p>\n<p>Por Oito meia&nbsp;<\/figcaption><\/figure><\/p>\n","protected":false},"excerpt":{"rendered":"<p>O presidente estadual do PSD, deputado federal J&uacute;lio C&eacute;sar, afirmou em entrevista ao&nbsp;OitoMeia, nesta segunda-feira (03\/05), que comunicou ao governador Wellington Dias (PT) que o partido deseja compor a disputa majorit&aacute;ria na base governista nas elei&ccedil;&otilde;es estaduais em 2022. Em 2020, a sigla elegeu 40 prefeitos e 367 vereadores nos 224 munic&iacute;pios do Piau&iacute;, e, &hellip;<\/p>\n","protected":false},"author":2,"featured_media":33163,"comment_status":"open","ping_status":"open","sticky":false,"template":"","format":"standard","meta":{"content-type":"","rop_custom_images_group":[],"rop_custom_messages_group":[],"rop_publish_now":"initial","rop_publish_now_accounts":{"facebook_2648258775420054_1618374048415101":""},"rop_publish_now_history":[],"rop_publish_now_status":"pending","footnotes":"","_jetpack_memberships_contains_paid_content":false},"categories":[113,130],"tags":[856,814],"yoast_head":"<!-- This site is optimized with the Yoast SEO plugin v22.3 - https:\/\/yoast.com\/wordpress\/plugins\/seo\/ -->\n<title>J\u00falio C\u00e9sar descarta convite de Ciro e diz que PSD quer disputar majorit\u00e1ria na base de W.Dias<\/title>\n<meta name=\"robots\" content=\"index, follow, max-snippet:-1, max-image-preview:large, max-video-preview:-1\" \/>\n<link rel=\"canonical\" href=\"https:\/\/portalnpm.com\/index.php\/2021\/05\/03\/julio-cesar-descarta-convite-de-ciro-e-diz-que-psd-quer-disputar-majoritaria-na-base-de-w-dias\/\" \/>\n<meta property=\"og:locale\" content=\"pt_BR\" \/>\n<meta property=\"og:type\" content=\"article\" \/>\n<meta property=\"og:title\" content=\"J\u00falio C\u00e9sar descarta convite de Ciro e diz que PSD quer disputar majorit\u00e1ria na base de W.Dias\" \/>\n<meta property=\"og:description\" content=\"O presidente estadual do PSD, deputado federal J&uacute;lio C&eacute;sar, afirmou em entrevista ao&nbsp;OitoMeia, nesta segunda-feira (03\/05), que comunicou ao governador Wellington Dias (PT) que o partido deseja compor a disputa majorit&aacute;ria na base governista nas elei&ccedil;&otilde;es estaduais em 2022. Em 2020, a sigla elegeu 40 prefeitos e 367 vereadores nos 224 munic&iacute;pios do Piau&iacute;, e, &hellip;\" \/>\n<meta property=\"og:url\" content=\"https:\/\/portalnpm.com\/index.php\/2021\/05\/03\/julio-cesar-descarta-convite-de-ciro-e-diz-que-psd-quer-disputar-majoritaria-na-base-de-w-dias\/\" \/>\n<meta property=\"og:site_name\" content=\"Portal NPM\" \/>\n<meta property=\"article:published_time\" content=\"2021-05-04T02:00:13+00:00\" \/>\n<meta property=\"article:modified_time\" content=\"2024-01-16T02:17:25+00:00\" \/>\n<meta name=\"author\" content=\"Genival Barbosa\" \/>\n<meta name=\"twitter:card\" content=\"summary_large_image\" \/>\n<meta name=\"twitter:label1\" content=\"Escrito por\" \/>\n\t<meta name=\"twitter:data1\" content=\"Genival Barbosa\" \/>\n\t<meta name=\"twitter:label2\" content=\"Est. tempo de leitura\" \/>\n\t<meta name=\"twitter:data2\" content=\"1 minuto\" \/>\n<script type=\"application\/ld+json\" class=\"yoast-schema-graph\">{\"@context\":\"https:\/\/schema.org\",\"@graph\":[{\"@type\":\"WebPage\",\"@id\":\"https:\/\/portalnpm.com\/index.php\/2021\/05\/03\/julio-cesar-descarta-convite-de-ciro-e-diz-que-psd-quer-disputar-majoritaria-na-base-de-w-dias\/\",\"url\":\"https:\/\/portalnpm.com\/index.php\/2021\/05\/03\/julio-cesar-descarta-convite-de-ciro-e-diz-que-psd-quer-disputar-majoritaria-na-base-de-w-dias\/\",\"name\":\"J\u00falio C\u00e9sar descarta convite de Ciro e diz que PSD quer disputar majorit\u00e1ria na base de W.Dias\",\"isPartOf\":{\"@id\":\"https:\/\/portalnpm.com\/#website\"},\"primaryImageOfPage\":{\"@id\":\"https:\/\/portalnpm.com\/index.php\/2021\/05\/03\/julio-cesar-descarta-convite-de-ciro-e-diz-que-psd-quer-disputar-majoritaria-na-base-de-w-dias\/#primaryimage\"},\"image\":{\"@id\":\"https:\/\/portalnpm.com\/index.php\/2021\/05\/03\/julio-cesar-descarta-convite-de-ciro-e-diz-que-psd-quer-disputar-majoritaria-na-base-de-w-dias\/#primaryimage\"},\"thumbnailUrl\":\"\",\"datePublished\":\"2021-05-04T02:00:13+00:00\",\"dateModified\":\"2024-01-16T02:17:25+00:00\",\"author\":{\"@id\":\"https:\/\/portalnpm.com\/#\/schema\/person\/49313e563cfdefcc167f1ee4c017c294\"},\"breadcrumb\":{\"@id\":\"https:\/\/portalnpm.com\/index.php\/2021\/05\/03\/julio-cesar-descarta-convite-de-ciro-e-diz-que-psd-quer-disputar-majoritaria-na-base-de-w-dias\/#breadcrumb\"},\"inLanguage\":\"pt-BR\",\"potentialAction\":[{\"@type\":\"ReadAction\",\"target\":[\"https:\/\/portalnpm.com\/index.php\/2021\/05\/03\/julio-cesar-descarta-convite-de-ciro-e-diz-que-psd-quer-disputar-majoritaria-na-base-de-w-dias\/\"]}]},{\"@type\":\"ImageObject\",\"inLanguage\":\"pt-BR\",\"@id\":\"https:\/\/portalnpm.com\/index.php\/2021\/05\/03\/julio-cesar-descarta-convite-de-ciro-e-diz-que-psd-quer-disputar-majoritaria-na-base-de-w-dias\/#primaryimage\",\"url\":\"\",\"contentUrl\":\"\"},{\"@type\":\"BreadcrumbList\",\"@id\":\"https:\/\/portalnpm.com\/index.php\/2021\/05\/03\/julio-cesar-descarta-convite-de-ciro-e-diz-que-psd-quer-disputar-majoritaria-na-base-de-w-dias\/#breadcrumb\",\"itemListElement\":[{\"@type\":\"ListItem\",\"position\":1,\"name\":\"In\u00edcio\",\"item\":\"https:\/\/portalnpm.com\/\"},{\"@type\":\"ListItem\",\"position\":2,\"name\":\"J\u00falio C\u00e9sar descarta convite de Ciro e diz que PSD quer disputar majorit\u00e1ria na base de W.Dias\"}]},{\"@type\":\"WebSite\",\"@id\":\"https:\/\/portalnpm.com\/#website\",\"url\":\"https:\/\/portalnpm.com\/\",\"name\":\"Portal NPM\",\"description\":\"Not\u00edcias em Primeira M\u00e3o\",\"potentialAction\":[{\"@type\":\"SearchAction\",\"target\":{\"@type\":\"EntryPoint\",\"urlTemplate\":\"https:\/\/portalnpm.com\/?s={search_term_string}\"},\"query-input\":\"required name=search_term_string\"}],\"inLanguage\":\"pt-BR\"},{\"@type\":\"Person\",\"@id\":\"https:\/\/portalnpm.com\/#\/schema\/person\/49313e563cfdefcc167f1ee4c017c294\",\"name\":\"Genival Barbosa\",\"image\":{\"@type\":\"ImageObject\",\"inLanguage\":\"pt-BR\",\"@id\":\"https:\/\/portalnpm.com\/#\/schema\/person\/image\/\",\"url\":\"https:\/\/portalnpm.com\/wp-content\/uploads\/2024\/02\/avatar_user_2_1707743258-96x96.jpeg\",\"contentUrl\":\"https:\/\/portalnpm.com\/wp-content\/uploads\/2024\/02\/avatar_user_2_1707743258-96x96.jpeg\",\"caption\":\"Genival Barbosa\"},\"url\":\"https:\/\/portalnpm.com\/index.php\/author\/genival\/\"}]}<\/script>\n<!-- \/ Yoast SEO plugin. -->","yoast_head_json":{"title":"J\u00falio C\u00e9sar descarta convite de Ciro e diz que PSD quer disputar majorit\u00e1ria na base de W.Dias","robots":{"index":"index","follow":"follow","max-snippet":"max-snippet:-1","max-image-preview":"max-image-preview:large","max-video-preview":"max-video-preview:-1"},"canonical":"https:\/\/portalnpm.com\/index.php\/2021\/05\/03\/julio-cesar-descarta-convite-de-ciro-e-diz-que-psd-quer-disputar-majoritaria-na-base-de-w-dias\/","og_locale":"pt_BR","og_type":"article","og_title":"J\u00falio C\u00e9sar descarta convite de Ciro e diz que PSD quer disputar majorit\u00e1ria na base de W.Dias","og_description":"O presidente estadual do PSD, deputado federal J&uacute;lio C&eacute;sar, afirmou em entrevista ao&nbsp;OitoMeia, nesta segunda-feira (03\/05), que comunicou ao governador Wellington Dias (PT) que o partido deseja compor a disputa majorit&aacute;ria na base governista nas elei&ccedil;&otilde;es estaduais em 2022. Em 2020, a sigla elegeu 40 prefeitos e 367 vereadores nos 224 munic&iacute;pios do Piau&iacute;, e, &hellip;","og_url":"https:\/\/portalnpm.com\/index.php\/2021\/05\/03\/julio-cesar-descarta-convite-de-ciro-e-diz-que-psd-quer-disputar-majoritaria-na-base-de-w-dias\/","og_site_name":"Portal NPM","article_published_time":"2021-05-04T02:00:13+00:00","article_modified_time":"2024-01-16T02:17:25+00:00","author":"Genival Barbosa","twitter_card":"summary_large_image","twitter_misc":{"Escrito por":"Genival Barbosa","Est. tempo de leitura":"1 minuto"},"schema":{"@context":"https:\/\/schema.org","@graph":[{"@type":"WebPage","@id":"https:\/\/portalnpm.com\/index.php\/2021\/05\/03\/julio-cesar-descarta-convite-de-ciro-e-diz-que-psd-quer-disputar-majoritaria-na-base-de-w-dias\/","url":"https:\/\/portalnpm.com\/index.php\/2021\/05\/03\/julio-cesar-descarta-convite-de-ciro-e-diz-que-psd-quer-disputar-majoritaria-na-base-de-w-dias\/","name":"J\u00falio C\u00e9sar descarta convite de Ciro e diz que PSD quer disputar majorit\u00e1ria na base de W.Dias","isPartOf":{"@id":"https:\/\/portalnpm.com\/#website"},"primaryImageOfPage":{"@id":"https:\/\/portalnpm.com\/index.php\/2021\/05\/03\/julio-cesar-descarta-convite-de-ciro-e-diz-que-psd-quer-disputar-majoritaria-na-base-de-w-dias\/#primaryimage"},"image":{"@id":"https:\/\/portalnpm.com\/index.php\/2021\/05\/03\/julio-cesar-descarta-convite-de-ciro-e-diz-que-psd-quer-disputar-majoritaria-na-base-de-w-dias\/#primaryimage"},"thumbnailUrl":"","datePublished":"2021-05-04T02:00:13+00:00","dateModified":"2024-01-16T02:17:25+00:00","author":{"@id":"https:\/\/portalnpm.com\/#\/schema\/person\/49313e563cfdefcc167f1ee4c017c294"},"breadcrumb":{"@id":"https:\/\/portalnpm.com\/index.php\/2021\/05\/03\/julio-cesar-descarta-convite-de-ciro-e-diz-que-psd-quer-disputar-majoritaria-na-base-de-w-dias\/#breadcrumb"},"inLanguage":"pt-BR","potentialAction":[{"@type":"ReadAction","target":["https:\/\/portalnpm.com\/index.php\/2021\/05\/03\/julio-cesar-descarta-convite-de-ciro-e-diz-que-psd-quer-disputar-majoritaria-na-base-de-w-dias\/"]}]},{"@type":"ImageObject","inLanguage":"pt-BR","@id":"https:\/\/portalnpm.com\/index.php\/2021\/05\/03\/julio-cesar-descarta-convite-de-ciro-e-diz-que-psd-quer-disputar-majoritaria-na-base-de-w-dias\/#primaryimage","url":"","contentUrl":""},{"@type":"BreadcrumbList","@id":"https:\/\/portalnpm.com\/index.php\/2021\/05\/03\/julio-cesar-descarta-convite-de-ciro-e-diz-que-psd-quer-disputar-majoritaria-na-base-de-w-dias\/#breadcrumb","itemListElement":[{"@type":"ListItem","position":1,"name":"In\u00edcio","item":"https:\/\/portalnpm.com\/"},{"@type":"ListItem","position":2,"name":"J\u00falio C\u00e9sar descarta convite de Ciro e diz que PSD quer disputar majorit\u00e1ria na base de W.Dias"}]},{"@type":"WebSite","@id":"https:\/\/portalnpm.com\/#website","url":"https:\/\/portalnpm.com\/","name":"Portal NPM","description":"Not\u00edcias em Primeira M\u00e3o","potentialAction":[{"@type":"SearchAction","target":{"@type":"EntryPoint","urlTemplate":"https:\/\/portalnpm.com\/?s={search_term_string}"},"query-input":"required name=search_term_string"}],"inLanguage":"pt-BR"},{"@type":"Person","@id":"https:\/\/portalnpm.com\/#\/schema\/person\/49313e563cfdefcc167f1ee4c017c294","name":"Genival Barbosa","image":{"@type":"ImageObject","inLanguage":"pt-BR","@id":"https:\/\/portalnpm.com\/#\/schema\/person\/image\/","url":"https:\/\/portalnpm.com\/wp-content\/uploads\/2024\/02\/avatar_user_2_1707743258-96x96.jpeg","contentUrl":"https:\/\/portalnpm.com\/wp-content\/uploads\/2024\/02\/avatar_user_2_1707743258-96x96.jpeg","caption":"Genival Barbosa"},"url":"https:\/\/portalnpm.com\/index.php\/author\/genival\/"}]}},"jetpack_sharing_enabled":true,"jetpack_featured_media_url":"","_links":{"self":[{"href":"https:\/\/portalnpm.com\/index.php\/wp-json\/wp\/v2\/posts\/64939"}],"collection":[{"href":"https:\/\/portalnpm.com\/index.php\/wp-json\/wp\/v2\/posts"}],"about":[{"href":"https:\/\/portalnpm.com\/index.php\/wp-json\/wp\/v2\/types\/post"}],"author":[{"embeddable":true,"href":"https:\/\/portalnpm.com\/index.php\/wp-json\/wp\/v2\/users\/2"}],"replies":[{"embeddable":true,"href":"https:\/\/portalnpm.com\/index.php\/wp-json\/wp\/v2\/comments?post=64939"}],"version-history":[{"count":1,"href":"https:\/\/portalnpm.com\/index.php\/wp-json\/wp\/v2\/posts\/64939\/revisions"}],"predecessor-version":[{"id":64948,"href":"https:\/\/portalnpm.com\/index.php\/wp-json\/wp\/v2\/posts\/64939\/revisions\/64948"}],"wp:featuredmedia":[{"embeddable":true,"href":"https:\/\/portalnpm.com\/index.php\/wp-json\/"}],"wp:attachment":[{"href":"https:\/\/portalnpm.com\/index.php\/wp-json\/wp\/v2\/media?parent=64939"}],"wp:term":[{"taxonomy":"category","embeddable":true,"href":"https:\/\/portalnpm.com\/index.php\/wp-json\/wp\/v2\/categories?post=64939"},{"taxonomy":"post_tag","embeddable":true,"href":"https:\/\/portalnpm.com\/index.php\/wp-json\/wp\/v2\/tags?post=64939"}],"curies":[{"name":"wp","href":"https:\/\/api.w.org\/{rel}","templated":true}]}}