{"id":64943,"date":"2021-05-04T19:05:13","date_gmt":"2021-05-04T22:05:13","guid":{"rendered":"https:\/\/portalnpm.com\/index.php\/2021\/05\/04\/menina-de-oito-anos-morre-apos-levar-coice-de-cavalo-no-interior\/"},"modified":"2021-05-04T19:05:13","modified_gmt":"2021-05-04T22:05:13","slug":"menina-de-oito-anos-morre-apos-levar-coice-de-cavalo-no-interior","status":"publish","type":"post","link":"https:\/\/portalnpm.com\/index.php\/2021\/05\/04\/menina-de-oito-anos-morre-apos-levar-coice-de-cavalo-no-interior\/","title":{"rendered":"Menina de oito anos morre ap\u00f3s levar coice de cavalo no interior"},"content":{"rendered":"<p style=\"text-align: justify;\">Uma\u00a0<strong>crian\u00e7a de oito anos<\/strong>\u00a0morreu na noite deste domingo (2) ap\u00f3s ser atingida por um\u00a0<strong>coice de cavalo<\/strong>\u00a0em Atibaia. A menina estava na ch\u00e1cara da fam\u00edlia quando um dos animais se assustou e a atingiu. Ela foi socorrida, mas n\u00e3o resistiu aos ferimentos.<\/p>\n<p style=\"text-align: justify;\">\n<p style=\"text-align: justify;\">De acordo com a\u00a0<strong>Pol\u00edcia Civil<\/strong>, o caso aconteceu em uma ch\u00e1cara na Vila Mira. A menina foi visitar os cavalos da fam\u00edlia junto de sua m\u00e3e e seus dois irm\u00e3os, um de dois meses e outro de cinco anos, quando um cachorro avan\u00e7ou no est\u00e1bulo onde os cavalos estavam. O cavalo teria se assustado e atingido a crian\u00e7a com um coice. Com o impacto, a menina teria sido arremessada e batido a cabe\u00e7a em uma pilastra do est\u00e1bulo.<\/p>\n<p style=\"text-align: justify;\">\n<p style=\"text-align: justify;\">Familiares levaram a menina para a\u00a0<strong>Santa Casa de Atibaia<\/strong>, onde ela passou por cirurgias, mas morreu durante a noite. O caso foi registrado na delegacia como morte acidental.<\/p>\n<p style=\"text-align: justify;\">Fonte:\u00a0 Veja<\/p>\n","protected":false},"excerpt":{"rendered":"<p>Uma\u00a0crian\u00e7a de oito anos\u00a0morreu na noite deste domingo (2) ap\u00f3s ser atingida por um\u00a0coice de cavalo\u00a0em Atibaia. A menina estava na ch\u00e1cara da fam\u00edlia quando um dos animais se assustou e a atingiu. Ela foi socorrida, mas n\u00e3o resistiu aos ferimentos. De acordo com a\u00a0Pol\u00edcia Civil, o caso aconteceu em uma ch\u00e1cara na Vila Mira. &hellip;<\/p>\n","protected":false},"author":2,"featured_media":64944,"comment_status":"open","ping_status":"open","sticky":false,"template":"","format":"standard","meta":{"content-type":"","rop_custom_images_group":[],"rop_custom_messages_group":[],"rop_publish_now":"initial","rop_publish_now_accounts":{"facebook_2648258775420054_1618374048415101":""},"rop_publish_now_history":[],"rop_publish_now_status":"pending","footnotes":"","_jetpack_memberships_contains_paid_content":false},"categories":[125],"tags":[231,132,162],"yoast_head":"<!-- This site is optimized with the Yoast SEO plugin v22.3 - https:\/\/yoast.com\/wordpress\/plugins\/seo\/ -->\n<title>Menina de oito anos morre ap\u00f3s levar coice de cavalo no interior<\/title>\n<meta name=\"robots\" content=\"index, follow, max-snippet:-1, max-image-preview:large, max-video-preview:-1\" \/>\n<link rel=\"canonical\" href=\"https:\/\/portalnpm.com\/index.php\/2021\/05\/04\/menina-de-oito-anos-morre-apos-levar-coice-de-cavalo-no-interior\/\" \/>\n<meta property=\"og:locale\" content=\"pt_BR\" \/>\n<meta property=\"og:type\" content=\"article\" \/>\n<meta property=\"og:title\" content=\"Menina de oito anos morre ap\u00f3s levar coice de cavalo no interior\" \/>\n<meta property=\"og:description\" content=\"Uma\u00a0crian\u00e7a de oito anos\u00a0morreu na noite deste domingo (2) ap\u00f3s ser atingida por um\u00a0coice de cavalo\u00a0em Atibaia. A menina estava na ch\u00e1cara da fam\u00edlia quando um dos animais se assustou e a atingiu. Ela foi socorrida, mas n\u00e3o resistiu aos ferimentos. De acordo com a\u00a0Pol\u00edcia Civil, o caso aconteceu em uma ch\u00e1cara na Vila Mira. &hellip;\" \/>\n<meta property=\"og:url\" content=\"https:\/\/portalnpm.com\/index.php\/2021\/05\/04\/menina-de-oito-anos-morre-apos-levar-coice-de-cavalo-no-interior\/\" \/>\n<meta property=\"og:site_name\" content=\"Portal NPM\" \/>\n<meta property=\"article:published_time\" content=\"2021-05-04T22:05:13+00:00\" \/>\n<meta property=\"og:image\" content=\"https:\/\/portalnpm.com\/wp-content\/uploads\/2024\/01\/BB1gjQyx.jpeg\" \/>\n\t<meta property=\"og:image:width\" content=\"600\" \/>\n\t<meta property=\"og:image:height\" content=\"315\" \/>\n\t<meta property=\"og:image:type\" content=\"image\/jpeg\" \/>\n<meta name=\"author\" content=\"Genival Barbosa\" \/>\n<meta name=\"twitter:card\" content=\"summary_large_image\" \/>\n<meta name=\"twitter:label1\" content=\"Escrito por\" \/>\n\t<meta name=\"twitter:data1\" content=\"Genival Barbosa\" \/>\n\t<meta name=\"twitter:label2\" content=\"Est. tempo de leitura\" \/>\n\t<meta name=\"twitter:data2\" content=\"1 minuto\" \/>\n<script type=\"application\/ld+json\" class=\"yoast-schema-graph\">{\"@context\":\"https:\/\/schema.org\",\"@graph\":[{\"@type\":\"WebPage\",\"@id\":\"https:\/\/portalnpm.com\/index.php\/2021\/05\/04\/menina-de-oito-anos-morre-apos-levar-coice-de-cavalo-no-interior\/\",\"url\":\"https:\/\/portalnpm.com\/index.php\/2021\/05\/04\/menina-de-oito-anos-morre-apos-levar-coice-de-cavalo-no-interior\/\",\"name\":\"Menina de oito anos morre ap\u00f3s levar coice de cavalo no interior\",\"isPartOf\":{\"@id\":\"https:\/\/portalnpm.com\/#website\"},\"primaryImageOfPage\":{\"@id\":\"https:\/\/portalnpm.com\/index.php\/2021\/05\/04\/menina-de-oito-anos-morre-apos-levar-coice-de-cavalo-no-interior\/#primaryimage\"},\"image\":{\"@id\":\"https:\/\/portalnpm.com\/index.php\/2021\/05\/04\/menina-de-oito-anos-morre-apos-levar-coice-de-cavalo-no-interior\/#primaryimage\"},\"thumbnailUrl\":\"https:\/\/portalnpm.com\/wp-content\/uploads\/2024\/01\/BB1gjQyx.jpeg\",\"datePublished\":\"2021-05-04T22:05:13+00:00\",\"dateModified\":\"2021-05-04T22:05:13+00:00\",\"author\":{\"@id\":\"https:\/\/portalnpm.com\/#\/schema\/person\/49313e563cfdefcc167f1ee4c017c294\"},\"breadcrumb\":{\"@id\":\"https:\/\/portalnpm.com\/index.php\/2021\/05\/04\/menina-de-oito-anos-morre-apos-levar-coice-de-cavalo-no-interior\/#breadcrumb\"},\"inLanguage\":\"pt-BR\",\"potentialAction\":[{\"@type\":\"ReadAction\",\"target\":[\"https:\/\/portalnpm.com\/index.php\/2021\/05\/04\/menina-de-oito-anos-morre-apos-levar-coice-de-cavalo-no-interior\/\"]}]},{\"@type\":\"ImageObject\",\"inLanguage\":\"pt-BR\",\"@id\":\"https:\/\/portalnpm.com\/index.php\/2021\/05\/04\/menina-de-oito-anos-morre-apos-levar-coice-de-cavalo-no-interior\/#primaryimage\",\"url\":\"https:\/\/portalnpm.com\/wp-content\/uploads\/2024\/01\/BB1gjQyx.jpeg\",\"contentUrl\":\"https:\/\/portalnpm.com\/wp-content\/uploads\/2024\/01\/BB1gjQyx.jpeg\",\"width\":600,\"height\":315},{\"@type\":\"BreadcrumbList\",\"@id\":\"https:\/\/portalnpm.com\/index.php\/2021\/05\/04\/menina-de-oito-anos-morre-apos-levar-coice-de-cavalo-no-interior\/#breadcrumb\",\"itemListElement\":[{\"@type\":\"ListItem\",\"position\":1,\"name\":\"In\u00edcio\",\"item\":\"https:\/\/portalnpm.com\/\"},{\"@type\":\"ListItem\",\"position\":2,\"name\":\"Menina de oito anos morre ap\u00f3s levar coice de cavalo no interior\"}]},{\"@type\":\"WebSite\",\"@id\":\"https:\/\/portalnpm.com\/#website\",\"url\":\"https:\/\/portalnpm.com\/\",\"name\":\"Portal NPM\",\"description\":\"Not\u00edcias em Primeira M\u00e3o\",\"potentialAction\":[{\"@type\":\"SearchAction\",\"target\":{\"@type\":\"EntryPoint\",\"urlTemplate\":\"https:\/\/portalnpm.com\/?s={search_term_string}\"},\"query-input\":\"required name=search_term_string\"}],\"inLanguage\":\"pt-BR\"},{\"@type\":\"Person\",\"@id\":\"https:\/\/portalnpm.com\/#\/schema\/person\/49313e563cfdefcc167f1ee4c017c294\",\"name\":\"Genival Barbosa\",\"image\":{\"@type\":\"ImageObject\",\"inLanguage\":\"pt-BR\",\"@id\":\"https:\/\/portalnpm.com\/#\/schema\/person\/image\/\",\"url\":\"https:\/\/portalnpm.com\/wp-content\/uploads\/2024\/02\/avatar_user_2_1707743258-96x96.jpeg\",\"contentUrl\":\"https:\/\/portalnpm.com\/wp-content\/uploads\/2024\/02\/avatar_user_2_1707743258-96x96.jpeg\",\"caption\":\"Genival Barbosa\"},\"url\":\"https:\/\/portalnpm.com\/index.php\/author\/genival\/\"}]}<\/script>\n<!-- \/ Yoast SEO plugin. -->","yoast_head_json":{"title":"Menina de oito anos morre ap\u00f3s levar coice de cavalo no interior","robots":{"index":"index","follow":"follow","max-snippet":"max-snippet:-1","max-image-preview":"max-image-preview:large","max-video-preview":"max-video-preview:-1"},"canonical":"https:\/\/portalnpm.com\/index.php\/2021\/05\/04\/menina-de-oito-anos-morre-apos-levar-coice-de-cavalo-no-interior\/","og_locale":"pt_BR","og_type":"article","og_title":"Menina de oito anos morre ap\u00f3s levar coice de cavalo no interior","og_description":"Uma\u00a0crian\u00e7a de oito anos\u00a0morreu na noite deste domingo (2) ap\u00f3s ser atingida por um\u00a0coice de cavalo\u00a0em Atibaia. A menina estava na ch\u00e1cara da fam\u00edlia quando um dos animais se assustou e a atingiu. Ela foi socorrida, mas n\u00e3o resistiu aos ferimentos. De acordo com a\u00a0Pol\u00edcia Civil, o caso aconteceu em uma ch\u00e1cara na Vila Mira. &hellip;","og_url":"https:\/\/portalnpm.com\/index.php\/2021\/05\/04\/menina-de-oito-anos-morre-apos-levar-coice-de-cavalo-no-interior\/","og_site_name":"Portal NPM","article_published_time":"2021-05-04T22:05:13+00:00","og_image":[{"width":600,"height":315,"url":"https:\/\/portalnpm.com\/wp-content\/uploads\/2024\/01\/BB1gjQyx.jpeg","type":"image\/jpeg"}],"author":"Genival Barbosa","twitter_card":"summary_large_image","twitter_misc":{"Escrito por":"Genival Barbosa","Est. tempo de leitura":"1 minuto"},"schema":{"@context":"https:\/\/schema.org","@graph":[{"@type":"WebPage","@id":"https:\/\/portalnpm.com\/index.php\/2021\/05\/04\/menina-de-oito-anos-morre-apos-levar-coice-de-cavalo-no-interior\/","url":"https:\/\/portalnpm.com\/index.php\/2021\/05\/04\/menina-de-oito-anos-morre-apos-levar-coice-de-cavalo-no-interior\/","name":"Menina de oito anos morre ap\u00f3s levar coice de cavalo no interior","isPartOf":{"@id":"https:\/\/portalnpm.com\/#website"},"primaryImageOfPage":{"@id":"https:\/\/portalnpm.com\/index.php\/2021\/05\/04\/menina-de-oito-anos-morre-apos-levar-coice-de-cavalo-no-interior\/#primaryimage"},"image":{"@id":"https:\/\/portalnpm.com\/index.php\/2021\/05\/04\/menina-de-oito-anos-morre-apos-levar-coice-de-cavalo-no-interior\/#primaryimage"},"thumbnailUrl":"https:\/\/portalnpm.com\/wp-content\/uploads\/2024\/01\/BB1gjQyx.jpeg","datePublished":"2021-05-04T22:05:13+00:00","dateModified":"2021-05-04T22:05:13+00:00","author":{"@id":"https:\/\/portalnpm.com\/#\/schema\/person\/49313e563cfdefcc167f1ee4c017c294"},"breadcrumb":{"@id":"https:\/\/portalnpm.com\/index.php\/2021\/05\/04\/menina-de-oito-anos-morre-apos-levar-coice-de-cavalo-no-interior\/#breadcrumb"},"inLanguage":"pt-BR","potentialAction":[{"@type":"ReadAction","target":["https:\/\/portalnpm.com\/index.php\/2021\/05\/04\/menina-de-oito-anos-morre-apos-levar-coice-de-cavalo-no-interior\/"]}]},{"@type":"ImageObject","inLanguage":"pt-BR","@id":"https:\/\/portalnpm.com\/index.php\/2021\/05\/04\/menina-de-oito-anos-morre-apos-levar-coice-de-cavalo-no-interior\/#primaryimage","url":"https:\/\/portalnpm.com\/wp-content\/uploads\/2024\/01\/BB1gjQyx.jpeg","contentUrl":"https:\/\/portalnpm.com\/wp-content\/uploads\/2024\/01\/BB1gjQyx.jpeg","width":600,"height":315},{"@type":"BreadcrumbList","@id":"https:\/\/portalnpm.com\/index.php\/2021\/05\/04\/menina-de-oito-anos-morre-apos-levar-coice-de-cavalo-no-interior\/#breadcrumb","itemListElement":[{"@type":"ListItem","position":1,"name":"In\u00edcio","item":"https:\/\/portalnpm.com\/"},{"@type":"ListItem","position":2,"name":"Menina de oito anos morre ap\u00f3s levar coice de cavalo no interior"}]},{"@type":"WebSite","@id":"https:\/\/portalnpm.com\/#website","url":"https:\/\/portalnpm.com\/","name":"Portal NPM","description":"Not\u00edcias em Primeira M\u00e3o","potentialAction":[{"@type":"SearchAction","target":{"@type":"EntryPoint","urlTemplate":"https:\/\/portalnpm.com\/?s={search_term_string}"},"query-input":"required name=search_term_string"}],"inLanguage":"pt-BR"},{"@type":"Person","@id":"https:\/\/portalnpm.com\/#\/schema\/person\/49313e563cfdefcc167f1ee4c017c294","name":"Genival Barbosa","image":{"@type":"ImageObject","inLanguage":"pt-BR","@id":"https:\/\/portalnpm.com\/#\/schema\/person\/image\/","url":"https:\/\/portalnpm.com\/wp-content\/uploads\/2024\/02\/avatar_user_2_1707743258-96x96.jpeg","contentUrl":"https:\/\/portalnpm.com\/wp-content\/uploads\/2024\/02\/avatar_user_2_1707743258-96x96.jpeg","caption":"Genival Barbosa"},"url":"https:\/\/portalnpm.com\/index.php\/author\/genival\/"}]}},"jetpack_sharing_enabled":true,"jetpack_featured_media_url":"https:\/\/portalnpm.com\/wp-content\/uploads\/2024\/01\/BB1gjQyx.jpeg","_links":{"self":[{"href":"https:\/\/portalnpm.com\/index.php\/wp-json\/wp\/v2\/posts\/64943"}],"collection":[{"href":"https:\/\/portalnpm.com\/index.php\/wp-json\/wp\/v2\/posts"}],"about":[{"href":"https:\/\/portalnpm.com\/index.php\/wp-json\/wp\/v2\/types\/post"}],"author":[{"embeddable":true,"href":"https:\/\/portalnpm.com\/index.php\/wp-json\/wp\/v2\/users\/2"}],"replies":[{"embeddable":true,"href":"https:\/\/portalnpm.com\/index.php\/wp-json\/wp\/v2\/comments?post=64943"}],"version-history":[{"count":0,"href":"https:\/\/portalnpm.com\/index.php\/wp-json\/wp\/v2\/posts\/64943\/revisions"}],"wp:featuredmedia":[{"embeddable":true,"href":"https:\/\/portalnpm.com\/index.php\/wp-json\/wp\/v2\/media\/64944"}],"wp:attachment":[{"href":"https:\/\/portalnpm.com\/index.php\/wp-json\/wp\/v2\/media?parent=64943"}],"wp:term":[{"taxonomy":"category","embeddable":true,"href":"https:\/\/portalnpm.com\/index.php\/wp-json\/wp\/v2\/categories?post=64943"},{"taxonomy":"post_tag","embeddable":true,"href":"https:\/\/portalnpm.com\/index.php\/wp-json\/wp\/v2\/tags?post=64943"}],"curies":[{"name":"wp","href":"https:\/\/api.w.org\/{rel}","templated":true}]}}