{"id":64975,"date":"2021-05-06T19:21:42","date_gmt":"2021-05-06T22:21:42","guid":{"rendered":"https:\/\/portalnpm.com\/index.php\/2021\/05\/06\/filho-de-ex-prefeito-morre-em-uti-apos-30-dias-internado-na-capital\/"},"modified":"2021-05-06T19:21:42","modified_gmt":"2021-05-06T22:21:42","slug":"filho-de-ex-prefeito-morre-em-uti-apos-30-dias-internado-na-capital","status":"publish","type":"post","link":"https:\/\/portalnpm.com\/index.php\/2021\/05\/06\/filho-de-ex-prefeito-morre-em-uti-apos-30-dias-internado-na-capital\/","title":{"rendered":"Filho de ex-prefeito morre em UTI ap\u00f3s 30 dias internado na capital"},"content":{"rendered":"<p style=\"text-align: justify;\">Filho do ex-prefeito de Jos\u00e9 de Freitas,\u00a0Ismar Paiva Felinto, de 60\u00a0anos, morreu na tarde dessa quinta-feira (05\/05), no Hospital HTI, Zona Sul de Teresina. As informa\u00e7\u00f5es s\u00e3o do<a href=\"http:\/\/www.saraivareporter.com\/index.php?option=com_content&#038;view=article&#038;id=31988:2021-05-05-19-40-38&#038;catid=39:quentinhas&#038;Itemid=57\" target=\"_blank\" rel=\"noopener noreferrer\"><strong>\u00a0Saraiva Rep\u00f3rter.<\/strong><\/a><\/p>\n<p style=\"text-align: justify;\">\n<p style=\"text-align: justify;\">A v\u00edtima \u00e9 filho do falecido\u00a0Onofre Felinto Filho e de Maria de Lourdes, e irm\u00e3o do atual secret\u00e1rio de Agricultura e Desenvolvimento de Jos\u00e9 de Freitas, ge\u00f3logo Jos\u00e9 Iran Paiva Felinto e do auditor Francisco Ivan Paiva Felinto.<\/p>\n<p style=\"text-align: justify;\">Residente no bairro S\u00e3o Jo\u00e3o, em Teresina, Ismar estava internado h\u00e1 cerca de 30 dias para tratamento de infec\u00e7\u00e3o urin\u00e1ria e h\u00e1 duas semanas iria ter alta, quando apresentou uma febre e a equipe m\u00e9dica realizou v\u00e1rios exames.<\/p>\n<p style=\"text-align: justify;\">Foi\u00a0constatado\u00a0que ele estava com os pulm\u00f5es comprometidos, em seguida foi intubado em\u00a0UTI, mas n\u00e3o resistiu.<\/p>\n<p style=\"text-align: justify;\">A v\u00edtima era diab\u00e9tico e tinha defici\u00eancia visual que foi provocada pela diabetes.<\/p>\n<p style=\"text-align: justify;\">O ser\u00e1 levado em um carro funer\u00e1rio direto para Jos\u00e9 de Freitas, onde passar\u00e1 em frente a resid\u00eancia de sua m\u00e3e e em seguida segue para o Cemit\u00e9rio Santo Estev\u00e3o para sepultamento.<\/p>\n<p style=\"text-align: justify;\">Por 180 Graus<\/p>\n","protected":false},"excerpt":{"rendered":"<p>Filho do ex-prefeito de Jos\u00e9 de Freitas,\u00a0Ismar Paiva Felinto, de 60\u00a0anos, morreu na tarde dessa quinta-feira (05\/05), no Hospital HTI, Zona Sul de Teresina. As informa\u00e7\u00f5es s\u00e3o do\u00a0Saraiva Rep\u00f3rter. A v\u00edtima \u00e9 filho do falecido\u00a0Onofre Felinto Filho e de Maria de Lourdes, e irm\u00e3o do atual secret\u00e1rio de Agricultura e Desenvolvimento de Jos\u00e9 de Freitas, &hellip;<\/p>\n","protected":false},"author":2,"featured_media":64976,"comment_status":"open","ping_status":"open","sticky":false,"template":"","format":"standard","meta":{"content-type":"","rop_custom_images_group":[],"rop_custom_messages_group":[],"rop_publish_now":"initial","rop_publish_now_accounts":{"facebook_2648258775420054_1618374048415101":""},"rop_publish_now_history":[],"rop_publish_now_status":"pending","footnotes":"","_jetpack_memberships_contains_paid_content":false},"categories":[125,118],"tags":[11259,6635,11260,1405,916,11261],"yoast_head":"<!-- This site is optimized with the Yoast SEO plugin v22.3 - https:\/\/yoast.com\/wordpress\/plugins\/seo\/ -->\n<title>Filho de ex-prefeito morre em UTI ap\u00f3s 30 dias internado na capital<\/title>\n<meta name=\"robots\" content=\"index, follow, max-snippet:-1, max-image-preview:large, max-video-preview:-1\" \/>\n<link rel=\"canonical\" href=\"https:\/\/portalnpm.com\/index.php\/2021\/05\/06\/filho-de-ex-prefeito-morre-em-uti-apos-30-dias-internado-na-capital\/\" \/>\n<meta property=\"og:locale\" content=\"pt_BR\" \/>\n<meta property=\"og:type\" content=\"article\" \/>\n<meta property=\"og:title\" content=\"Filho de ex-prefeito morre em UTI ap\u00f3s 30 dias internado na capital\" \/>\n<meta property=\"og:description\" content=\"Filho do ex-prefeito de Jos\u00e9 de Freitas,\u00a0Ismar Paiva Felinto, de 60\u00a0anos, morreu na tarde dessa quinta-feira (05\/05), no Hospital HTI, Zona Sul de Teresina. As informa\u00e7\u00f5es s\u00e3o do\u00a0Saraiva Rep\u00f3rter. A v\u00edtima \u00e9 filho do falecido\u00a0Onofre Felinto Filho e de Maria de Lourdes, e irm\u00e3o do atual secret\u00e1rio de Agricultura e Desenvolvimento de Jos\u00e9 de Freitas, &hellip;\" \/>\n<meta property=\"og:url\" content=\"https:\/\/portalnpm.com\/index.php\/2021\/05\/06\/filho-de-ex-prefeito-morre-em-uti-apos-30-dias-internado-na-capital\/\" \/>\n<meta property=\"og:site_name\" content=\"Portal NPM\" \/>\n<meta property=\"article:published_time\" content=\"2021-05-06T22:21:42+00:00\" \/>\n<meta property=\"og:image\" content=\"https:\/\/portalnpm.com\/wp-content\/uploads\/2024\/01\/deficiente.jpg\" \/>\n\t<meta property=\"og:image:width\" content=\"700\" \/>\n\t<meta property=\"og:image:height\" content=\"502\" \/>\n\t<meta property=\"og:image:type\" content=\"image\/jpeg\" \/>\n<meta name=\"author\" content=\"Genival Barbosa\" \/>\n<meta name=\"twitter:card\" content=\"summary_large_image\" \/>\n<meta name=\"twitter:label1\" content=\"Escrito por\" \/>\n\t<meta name=\"twitter:data1\" content=\"Genival Barbosa\" \/>\n\t<meta name=\"twitter:label2\" content=\"Est. tempo de leitura\" \/>\n\t<meta name=\"twitter:data2\" content=\"1 minuto\" \/>\n<script type=\"application\/ld+json\" class=\"yoast-schema-graph\">{\"@context\":\"https:\/\/schema.org\",\"@graph\":[{\"@type\":\"WebPage\",\"@id\":\"https:\/\/portalnpm.com\/index.php\/2021\/05\/06\/filho-de-ex-prefeito-morre-em-uti-apos-30-dias-internado-na-capital\/\",\"url\":\"https:\/\/portalnpm.com\/index.php\/2021\/05\/06\/filho-de-ex-prefeito-morre-em-uti-apos-30-dias-internado-na-capital\/\",\"name\":\"Filho de ex-prefeito morre em UTI ap\u00f3s 30 dias internado na capital\",\"isPartOf\":{\"@id\":\"https:\/\/portalnpm.com\/#website\"},\"primaryImageOfPage\":{\"@id\":\"https:\/\/portalnpm.com\/index.php\/2021\/05\/06\/filho-de-ex-prefeito-morre-em-uti-apos-30-dias-internado-na-capital\/#primaryimage\"},\"image\":{\"@id\":\"https:\/\/portalnpm.com\/index.php\/2021\/05\/06\/filho-de-ex-prefeito-morre-em-uti-apos-30-dias-internado-na-capital\/#primaryimage\"},\"thumbnailUrl\":\"https:\/\/portalnpm.com\/wp-content\/uploads\/2024\/01\/deficiente.jpg\",\"datePublished\":\"2021-05-06T22:21:42+00:00\",\"dateModified\":\"2021-05-06T22:21:42+00:00\",\"author\":{\"@id\":\"https:\/\/portalnpm.com\/#\/schema\/person\/49313e563cfdefcc167f1ee4c017c294\"},\"breadcrumb\":{\"@id\":\"https:\/\/portalnpm.com\/index.php\/2021\/05\/06\/filho-de-ex-prefeito-morre-em-uti-apos-30-dias-internado-na-capital\/#breadcrumb\"},\"inLanguage\":\"pt-BR\",\"potentialAction\":[{\"@type\":\"ReadAction\",\"target\":[\"https:\/\/portalnpm.com\/index.php\/2021\/05\/06\/filho-de-ex-prefeito-morre-em-uti-apos-30-dias-internado-na-capital\/\"]}]},{\"@type\":\"ImageObject\",\"inLanguage\":\"pt-BR\",\"@id\":\"https:\/\/portalnpm.com\/index.php\/2021\/05\/06\/filho-de-ex-prefeito-morre-em-uti-apos-30-dias-internado-na-capital\/#primaryimage\",\"url\":\"https:\/\/portalnpm.com\/wp-content\/uploads\/2024\/01\/deficiente.jpg\",\"contentUrl\":\"https:\/\/portalnpm.com\/wp-content\/uploads\/2024\/01\/deficiente.jpg\",\"width\":700,\"height\":502},{\"@type\":\"BreadcrumbList\",\"@id\":\"https:\/\/portalnpm.com\/index.php\/2021\/05\/06\/filho-de-ex-prefeito-morre-em-uti-apos-30-dias-internado-na-capital\/#breadcrumb\",\"itemListElement\":[{\"@type\":\"ListItem\",\"position\":1,\"name\":\"In\u00edcio\",\"item\":\"https:\/\/portalnpm.com\/\"},{\"@type\":\"ListItem\",\"position\":2,\"name\":\"Filho de ex-prefeito morre em UTI ap\u00f3s 30 dias internado na capital\"}]},{\"@type\":\"WebSite\",\"@id\":\"https:\/\/portalnpm.com\/#website\",\"url\":\"https:\/\/portalnpm.com\/\",\"name\":\"Portal NPM\",\"description\":\"Not\u00edcias em Primeira M\u00e3o\",\"potentialAction\":[{\"@type\":\"SearchAction\",\"target\":{\"@type\":\"EntryPoint\",\"urlTemplate\":\"https:\/\/portalnpm.com\/?s={search_term_string}\"},\"query-input\":\"required name=search_term_string\"}],\"inLanguage\":\"pt-BR\"},{\"@type\":\"Person\",\"@id\":\"https:\/\/portalnpm.com\/#\/schema\/person\/49313e563cfdefcc167f1ee4c017c294\",\"name\":\"Genival Barbosa\",\"image\":{\"@type\":\"ImageObject\",\"inLanguage\":\"pt-BR\",\"@id\":\"https:\/\/portalnpm.com\/#\/schema\/person\/image\/\",\"url\":\"https:\/\/portalnpm.com\/wp-content\/uploads\/2024\/02\/avatar_user_2_1707743258-96x96.jpeg\",\"contentUrl\":\"https:\/\/portalnpm.com\/wp-content\/uploads\/2024\/02\/avatar_user_2_1707743258-96x96.jpeg\",\"caption\":\"Genival Barbosa\"},\"url\":\"https:\/\/portalnpm.com\/index.php\/author\/genival\/\"}]}<\/script>\n<!-- \/ Yoast SEO plugin. -->","yoast_head_json":{"title":"Filho de ex-prefeito morre em UTI ap\u00f3s 30 dias internado na capital","robots":{"index":"index","follow":"follow","max-snippet":"max-snippet:-1","max-image-preview":"max-image-preview:large","max-video-preview":"max-video-preview:-1"},"canonical":"https:\/\/portalnpm.com\/index.php\/2021\/05\/06\/filho-de-ex-prefeito-morre-em-uti-apos-30-dias-internado-na-capital\/","og_locale":"pt_BR","og_type":"article","og_title":"Filho de ex-prefeito morre em UTI ap\u00f3s 30 dias internado na capital","og_description":"Filho do ex-prefeito de Jos\u00e9 de Freitas,\u00a0Ismar Paiva Felinto, de 60\u00a0anos, morreu na tarde dessa quinta-feira (05\/05), no Hospital HTI, Zona Sul de Teresina. As informa\u00e7\u00f5es s\u00e3o do\u00a0Saraiva Rep\u00f3rter. A v\u00edtima \u00e9 filho do falecido\u00a0Onofre Felinto Filho e de Maria de Lourdes, e irm\u00e3o do atual secret\u00e1rio de Agricultura e Desenvolvimento de Jos\u00e9 de Freitas, &hellip;","og_url":"https:\/\/portalnpm.com\/index.php\/2021\/05\/06\/filho-de-ex-prefeito-morre-em-uti-apos-30-dias-internado-na-capital\/","og_site_name":"Portal NPM","article_published_time":"2021-05-06T22:21:42+00:00","og_image":[{"width":700,"height":502,"url":"https:\/\/portalnpm.com\/wp-content\/uploads\/2024\/01\/deficiente.jpg","type":"image\/jpeg"}],"author":"Genival Barbosa","twitter_card":"summary_large_image","twitter_misc":{"Escrito por":"Genival Barbosa","Est. tempo de leitura":"1 minuto"},"schema":{"@context":"https:\/\/schema.org","@graph":[{"@type":"WebPage","@id":"https:\/\/portalnpm.com\/index.php\/2021\/05\/06\/filho-de-ex-prefeito-morre-em-uti-apos-30-dias-internado-na-capital\/","url":"https:\/\/portalnpm.com\/index.php\/2021\/05\/06\/filho-de-ex-prefeito-morre-em-uti-apos-30-dias-internado-na-capital\/","name":"Filho de ex-prefeito morre em UTI ap\u00f3s 30 dias internado na capital","isPartOf":{"@id":"https:\/\/portalnpm.com\/#website"},"primaryImageOfPage":{"@id":"https:\/\/portalnpm.com\/index.php\/2021\/05\/06\/filho-de-ex-prefeito-morre-em-uti-apos-30-dias-internado-na-capital\/#primaryimage"},"image":{"@id":"https:\/\/portalnpm.com\/index.php\/2021\/05\/06\/filho-de-ex-prefeito-morre-em-uti-apos-30-dias-internado-na-capital\/#primaryimage"},"thumbnailUrl":"https:\/\/portalnpm.com\/wp-content\/uploads\/2024\/01\/deficiente.jpg","datePublished":"2021-05-06T22:21:42+00:00","dateModified":"2021-05-06T22:21:42+00:00","author":{"@id":"https:\/\/portalnpm.com\/#\/schema\/person\/49313e563cfdefcc167f1ee4c017c294"},"breadcrumb":{"@id":"https:\/\/portalnpm.com\/index.php\/2021\/05\/06\/filho-de-ex-prefeito-morre-em-uti-apos-30-dias-internado-na-capital\/#breadcrumb"},"inLanguage":"pt-BR","potentialAction":[{"@type":"ReadAction","target":["https:\/\/portalnpm.com\/index.php\/2021\/05\/06\/filho-de-ex-prefeito-morre-em-uti-apos-30-dias-internado-na-capital\/"]}]},{"@type":"ImageObject","inLanguage":"pt-BR","@id":"https:\/\/portalnpm.com\/index.php\/2021\/05\/06\/filho-de-ex-prefeito-morre-em-uti-apos-30-dias-internado-na-capital\/#primaryimage","url":"https:\/\/portalnpm.com\/wp-content\/uploads\/2024\/01\/deficiente.jpg","contentUrl":"https:\/\/portalnpm.com\/wp-content\/uploads\/2024\/01\/deficiente.jpg","width":700,"height":502},{"@type":"BreadcrumbList","@id":"https:\/\/portalnpm.com\/index.php\/2021\/05\/06\/filho-de-ex-prefeito-morre-em-uti-apos-30-dias-internado-na-capital\/#breadcrumb","itemListElement":[{"@type":"ListItem","position":1,"name":"In\u00edcio","item":"https:\/\/portalnpm.com\/"},{"@type":"ListItem","position":2,"name":"Filho de ex-prefeito morre em UTI ap\u00f3s 30 dias internado na capital"}]},{"@type":"WebSite","@id":"https:\/\/portalnpm.com\/#website","url":"https:\/\/portalnpm.com\/","name":"Portal NPM","description":"Not\u00edcias em Primeira M\u00e3o","potentialAction":[{"@type":"SearchAction","target":{"@type":"EntryPoint","urlTemplate":"https:\/\/portalnpm.com\/?s={search_term_string}"},"query-input":"required name=search_term_string"}],"inLanguage":"pt-BR"},{"@type":"Person","@id":"https:\/\/portalnpm.com\/#\/schema\/person\/49313e563cfdefcc167f1ee4c017c294","name":"Genival Barbosa","image":{"@type":"ImageObject","inLanguage":"pt-BR","@id":"https:\/\/portalnpm.com\/#\/schema\/person\/image\/","url":"https:\/\/portalnpm.com\/wp-content\/uploads\/2024\/02\/avatar_user_2_1707743258-96x96.jpeg","contentUrl":"https:\/\/portalnpm.com\/wp-content\/uploads\/2024\/02\/avatar_user_2_1707743258-96x96.jpeg","caption":"Genival Barbosa"},"url":"https:\/\/portalnpm.com\/index.php\/author\/genival\/"}]}},"jetpack_sharing_enabled":true,"jetpack_featured_media_url":"https:\/\/portalnpm.com\/wp-content\/uploads\/2024\/01\/deficiente.jpg","_links":{"self":[{"href":"https:\/\/portalnpm.com\/index.php\/wp-json\/wp\/v2\/posts\/64975"}],"collection":[{"href":"https:\/\/portalnpm.com\/index.php\/wp-json\/wp\/v2\/posts"}],"about":[{"href":"https:\/\/portalnpm.com\/index.php\/wp-json\/wp\/v2\/types\/post"}],"author":[{"embeddable":true,"href":"https:\/\/portalnpm.com\/index.php\/wp-json\/wp\/v2\/users\/2"}],"replies":[{"embeddable":true,"href":"https:\/\/portalnpm.com\/index.php\/wp-json\/wp\/v2\/comments?post=64975"}],"version-history":[{"count":0,"href":"https:\/\/portalnpm.com\/index.php\/wp-json\/wp\/v2\/posts\/64975\/revisions"}],"wp:featuredmedia":[{"embeddable":true,"href":"https:\/\/portalnpm.com\/index.php\/wp-json\/wp\/v2\/media\/64976"}],"wp:attachment":[{"href":"https:\/\/portalnpm.com\/index.php\/wp-json\/wp\/v2\/media?parent=64975"}],"wp:term":[{"taxonomy":"category","embeddable":true,"href":"https:\/\/portalnpm.com\/index.php\/wp-json\/wp\/v2\/categories?post=64975"},{"taxonomy":"post_tag","embeddable":true,"href":"https:\/\/portalnpm.com\/index.php\/wp-json\/wp\/v2\/tags?post=64975"}],"curies":[{"name":"wp","href":"https:\/\/api.w.org\/{rel}","templated":true}]}}