{"id":64987,"date":"2021-05-07T10:36:10","date_gmt":"2021-05-07T13:36:10","guid":{"rendered":"https:\/\/portalnpm.com\/index.php\/2021\/05\/07\/sao-juliao-vereadores-de-oposicao-justificam-ausencia-em-sessao-extraordinaria-e-acusam-presidente-de-desrespeitar-regimento-interno-da-camara\/"},"modified":"2024-01-15T23:18:04","modified_gmt":"2024-01-16T02:18:04","slug":"sao-juliao-vereadores-de-oposicao-justificam-ausencia-em-sessao-extraordinaria-e-acusam-presidente-de-desrespeitar-regimento-interno-da-camara","status":"publish","type":"post","link":"https:\/\/portalnpm.com\/index.php\/2021\/05\/07\/sao-juliao-vereadores-de-oposicao-justificam-ausencia-em-sessao-extraordinaria-e-acusam-presidente-de-desrespeitar-regimento-interno-da-camara\/","title":{"rendered":"S\u00e3o Juli\u00e3o | Vereadores de oposi\u00e7\u00e3o justificam aus\u00eancia em Sess\u00e3o Extraordin\u00e1ria e acusam presidente de desrespeitar regimento interno da C\u00e2mara"},"content":{"rendered":"<p><p style=\"text-align: justify;\">Os vereadores do campo oposicinista de S&atilde;o Juli&atilde;o &#8211; PI, justificaram a suas aus&ecirc;ncias na Sess&atilde;o Extraordin&aacute;ria Online, realizada na &uacute;ltima ter&ccedil;a-feira, 04 de maio.<\/p>\n<figure id=\"attachment_33267\" aria-describedby=\"caption-attachment-33267\" style=\"width: 640px\" class=\"wp-caption aligncenter\"><img fetchpriority=\"high\" decoding=\"async\" class=\"size-full wp-image-33267\" src=\"https:\/\/portalnpm.com\/wp-content\/uploads\/2024\/01\/IMG-20210506-WA0047.jpg\" alt=\"\" width=\"640\" height=\"1280\"><figcaption id=\"caption-attachment-33267\" class=\"wp-caption-text\">Vereador Tico dos Pipas (PT)<\/figcaption><\/figure>\n<p style=\"text-align: justify;\">De acordo com o vereador Tico dos Pipas (PT), o presidente da C&acirc;mara Municipal, vereador Edisaldo Rocha (PSB), convocou a sess&atilde;o em cima da hora e por meio do WhatsApp, j&aacute; que se tratava de uma Sess&atilde;o Extraordin&aacute;ria, teria que ser cinco dias antes e a convoca&ccedil;&atilde;o de forma escrita. Com isso, o presidente desrespeitou o regimento interno.<\/p>\n<figure id=\"attachment_33268\" aria-describedby=\"caption-attachment-33268\" style=\"width: 960px\" class=\"wp-caption aligncenter\"><img decoding=\"async\" class=\"size-full wp-image-33268\" src=\"https:\/\/portalnpm.com\/wp-content\/uploads\/2024\/01\/IMG-20210506-WA0048.jpg\" alt=\"\" width=\"960\" height=\"1280\"><figcaption id=\"caption-attachment-33268\" class=\"wp-caption-text\">Vereador Guaran&aacute; (PT)<\/figcaption><\/figure>\n<p style=\"text-align: justify;\">O vereador Guaran&aacute; (PT), relatou que o presidente da C&acirc;mara n&atilde;o respeitou o regime interno, pois, foram votados 11 projetos e aprovados com a presen&ccedil;a de apenas cinco vereadores, incluindo o presidente e segundo o parlamentar, o regimento interno da C&acirc;mara s&oacute; permite&nbsp; o presidente votar em caso de empate.<\/p>\n<p style=\"text-align: justify;\">Os parlamentares ainda ressaltaram que votar&atilde;o todos os projetos de interesse do povo, mas para isso precisam serem analisados antes de ir a vota&ccedil;&atilde;o. Os 11 projetos relacionados ao meio ambiente foram enviados pelo prefeito para serem votados pelos legisladores.<\/p>\n<p style=\"text-align: justify;\">Al&eacute;m dos dois vereadores acima citados, a oposi&ccedil;&atilde;o de S&atilde;o Juli&atilde;o &eacute; formada ainda pelos parlamentares N&eacute; Rocha (PT) e Jo&atilde;o Abr&atilde;o (Progressistas), este &uacute;ltimo, ocupa a vaga do vereador Renaldinho, que est&aacute; de licen&ccedil;a do mandato.<\/p><\/p>\n","protected":false},"excerpt":{"rendered":"<p>Os vereadores do campo oposicinista de S&atilde;o Juli&atilde;o &#8211; PI, justificaram a suas aus&ecirc;ncias na Sess&atilde;o Extraordin&aacute;ria Online, realizada na &uacute;ltima ter&ccedil;a-feira, 04 de maio. De acordo com o vereador Tico dos Pipas (PT), o presidente da C&acirc;mara Municipal, vereador Edisaldo Rocha (PSB), convocou a sess&atilde;o em cima da hora e por meio do WhatsApp, &hellip;<\/p>\n","protected":false},"author":4,"featured_media":53236,"comment_status":"open","ping_status":"open","sticky":false,"template":"","format":"standard","meta":{"content-type":"","rop_custom_images_group":[],"rop_custom_messages_group":[],"rop_publish_now":"initial","rop_publish_now_accounts":{"facebook_2648258775420054_1618374048415101":""},"rop_publish_now_history":[],"rop_publish_now_status":"pending","footnotes":"","_jetpack_memberships_contains_paid_content":false},"categories":[113,109,136],"tags":[176,137,11279,3337],"yoast_head":"<!-- This site is optimized with the Yoast SEO plugin v22.3 - https:\/\/yoast.com\/wordpress\/plugins\/seo\/ -->\n<title>S\u00e3o Juli\u00e3o | Vereadores de oposi\u00e7\u00e3o justificam aus\u00eancia em Sess\u00e3o Extraordin\u00e1ria e acusam presidente de desrespeitar regimento interno da C\u00e2mara<\/title>\n<meta name=\"robots\" content=\"index, follow, max-snippet:-1, max-image-preview:large, max-video-preview:-1\" \/>\n<link rel=\"canonical\" href=\"https:\/\/portalnpm.com\/index.php\/2021\/05\/07\/sao-juliao-vereadores-de-oposicao-justificam-ausencia-em-sessao-extraordinaria-e-acusam-presidente-de-desrespeitar-regimento-interno-da-camara\/\" \/>\n<meta property=\"og:locale\" content=\"pt_BR\" \/>\n<meta property=\"og:type\" content=\"article\" \/>\n<meta property=\"og:title\" content=\"S\u00e3o Juli\u00e3o | Vereadores de oposi\u00e7\u00e3o justificam aus\u00eancia em Sess\u00e3o Extraordin\u00e1ria e acusam presidente de desrespeitar regimento interno da C\u00e2mara\" \/>\n<meta property=\"og:description\" content=\"Os vereadores do campo oposicinista de S&atilde;o Juli&atilde;o &#8211; PI, justificaram a suas aus&ecirc;ncias na Sess&atilde;o Extraordin&aacute;ria Online, realizada na &uacute;ltima ter&ccedil;a-feira, 04 de maio. De acordo com o vereador Tico dos Pipas (PT), o presidente da C&acirc;mara Municipal, vereador Edisaldo Rocha (PSB), convocou a sess&atilde;o em cima da hora e por meio do WhatsApp, &hellip;\" \/>\n<meta property=\"og:url\" content=\"https:\/\/portalnpm.com\/index.php\/2021\/05\/07\/sao-juliao-vereadores-de-oposicao-justificam-ausencia-em-sessao-extraordinaria-e-acusam-presidente-de-desrespeitar-regimento-interno-da-camara\/\" \/>\n<meta property=\"og:site_name\" content=\"Portal NPM\" \/>\n<meta property=\"article:published_time\" content=\"2021-05-07T13:36:10+00:00\" \/>\n<meta property=\"article:modified_time\" content=\"2024-01-16T02:18:04+00:00\" \/>\n<meta property=\"og:image\" content=\"https:\/\/portalnpm.com\/wp-content\/uploads\/2024\/01\/images-2-1.jpeg\" \/>\n\t<meta property=\"og:image:width\" content=\"692\" \/>\n\t<meta property=\"og:image:height\" content=\"443\" \/>\n\t<meta property=\"og:image:type\" content=\"image\/jpeg\" \/>\n<meta name=\"author\" content=\"Reda\u00e7\u00e3o\" \/>\n<meta name=\"twitter:card\" content=\"summary_large_image\" \/>\n<meta name=\"twitter:label1\" content=\"Escrito por\" \/>\n\t<meta name=\"twitter:data1\" content=\"Reda\u00e7\u00e3o\" \/>\n\t<meta name=\"twitter:label2\" content=\"Est. tempo de leitura\" \/>\n\t<meta name=\"twitter:data2\" content=\"1 minuto\" \/>\n<script type=\"application\/ld+json\" class=\"yoast-schema-graph\">{\"@context\":\"https:\/\/schema.org\",\"@graph\":[{\"@type\":\"WebPage\",\"@id\":\"https:\/\/portalnpm.com\/index.php\/2021\/05\/07\/sao-juliao-vereadores-de-oposicao-justificam-ausencia-em-sessao-extraordinaria-e-acusam-presidente-de-desrespeitar-regimento-interno-da-camara\/\",\"url\":\"https:\/\/portalnpm.com\/index.php\/2021\/05\/07\/sao-juliao-vereadores-de-oposicao-justificam-ausencia-em-sessao-extraordinaria-e-acusam-presidente-de-desrespeitar-regimento-interno-da-camara\/\",\"name\":\"S\u00e3o Juli\u00e3o | Vereadores de oposi\u00e7\u00e3o justificam aus\u00eancia em Sess\u00e3o Extraordin\u00e1ria e acusam presidente de desrespeitar regimento interno da C\u00e2mara\",\"isPartOf\":{\"@id\":\"https:\/\/portalnpm.com\/#website\"},\"primaryImageOfPage\":{\"@id\":\"https:\/\/portalnpm.com\/index.php\/2021\/05\/07\/sao-juliao-vereadores-de-oposicao-justificam-ausencia-em-sessao-extraordinaria-e-acusam-presidente-de-desrespeitar-regimento-interno-da-camara\/#primaryimage\"},\"image\":{\"@id\":\"https:\/\/portalnpm.com\/index.php\/2021\/05\/07\/sao-juliao-vereadores-de-oposicao-justificam-ausencia-em-sessao-extraordinaria-e-acusam-presidente-de-desrespeitar-regimento-interno-da-camara\/#primaryimage\"},\"thumbnailUrl\":\"https:\/\/portalnpm.com\/wp-content\/uploads\/2024\/01\/images-2-1.jpeg\",\"datePublished\":\"2021-05-07T13:36:10+00:00\",\"dateModified\":\"2024-01-16T02:18:04+00:00\",\"author\":{\"@id\":\"https:\/\/portalnpm.com\/#\/schema\/person\/0b5f230ec96cee25504fa328e7f2b733\"},\"breadcrumb\":{\"@id\":\"https:\/\/portalnpm.com\/index.php\/2021\/05\/07\/sao-juliao-vereadores-de-oposicao-justificam-ausencia-em-sessao-extraordinaria-e-acusam-presidente-de-desrespeitar-regimento-interno-da-camara\/#breadcrumb\"},\"inLanguage\":\"pt-BR\",\"potentialAction\":[{\"@type\":\"ReadAction\",\"target\":[\"https:\/\/portalnpm.com\/index.php\/2021\/05\/07\/sao-juliao-vereadores-de-oposicao-justificam-ausencia-em-sessao-extraordinaria-e-acusam-presidente-de-desrespeitar-regimento-interno-da-camara\/\"]}]},{\"@type\":\"ImageObject\",\"inLanguage\":\"pt-BR\",\"@id\":\"https:\/\/portalnpm.com\/index.php\/2021\/05\/07\/sao-juliao-vereadores-de-oposicao-justificam-ausencia-em-sessao-extraordinaria-e-acusam-presidente-de-desrespeitar-regimento-interno-da-camara\/#primaryimage\",\"url\":\"https:\/\/portalnpm.com\/wp-content\/uploads\/2024\/01\/images-2-1.jpeg\",\"contentUrl\":\"https:\/\/portalnpm.com\/wp-content\/uploads\/2024\/01\/images-2-1.jpeg\",\"width\":692,\"height\":443},{\"@type\":\"BreadcrumbList\",\"@id\":\"https:\/\/portalnpm.com\/index.php\/2021\/05\/07\/sao-juliao-vereadores-de-oposicao-justificam-ausencia-em-sessao-extraordinaria-e-acusam-presidente-de-desrespeitar-regimento-interno-da-camara\/#breadcrumb\",\"itemListElement\":[{\"@type\":\"ListItem\",\"position\":1,\"name\":\"In\u00edcio\",\"item\":\"https:\/\/portalnpm.com\/\"},{\"@type\":\"ListItem\",\"position\":2,\"name\":\"S\u00e3o Juli\u00e3o | Vereadores de oposi\u00e7\u00e3o justificam aus\u00eancia em Sess\u00e3o Extraordin\u00e1ria e acusam presidente de desrespeitar regimento interno da C\u00e2mara\"}]},{\"@type\":\"WebSite\",\"@id\":\"https:\/\/portalnpm.com\/#website\",\"url\":\"https:\/\/portalnpm.com\/\",\"name\":\"Portal NPM\",\"description\":\"Not\u00edcias em Primeira M\u00e3o\",\"potentialAction\":[{\"@type\":\"SearchAction\",\"target\":{\"@type\":\"EntryPoint\",\"urlTemplate\":\"https:\/\/portalnpm.com\/?s={search_term_string}\"},\"query-input\":\"required name=search_term_string\"}],\"inLanguage\":\"pt-BR\"},{\"@type\":\"Person\",\"@id\":\"https:\/\/portalnpm.com\/#\/schema\/person\/0b5f230ec96cee25504fa328e7f2b733\",\"name\":\"Reda\u00e7\u00e3o\",\"image\":{\"@type\":\"ImageObject\",\"inLanguage\":\"pt-BR\",\"@id\":\"https:\/\/portalnpm.com\/#\/schema\/person\/image\/\",\"url\":\"https:\/\/portalnpm.com\/wp-content\/uploads\/2024\/03\/avatar_user_4_1710097212-96x96.png\",\"contentUrl\":\"https:\/\/portalnpm.com\/wp-content\/uploads\/2024\/03\/avatar_user_4_1710097212-96x96.png\",\"caption\":\"Reda\u00e7\u00e3o\"},\"url\":\"https:\/\/portalnpm.com\/index.php\/author\/redacao\/\"}]}<\/script>\n<!-- \/ Yoast SEO plugin. -->","yoast_head_json":{"title":"S\u00e3o Juli\u00e3o | Vereadores de oposi\u00e7\u00e3o justificam aus\u00eancia em Sess\u00e3o Extraordin\u00e1ria e acusam presidente de desrespeitar regimento interno da C\u00e2mara","robots":{"index":"index","follow":"follow","max-snippet":"max-snippet:-1","max-image-preview":"max-image-preview:large","max-video-preview":"max-video-preview:-1"},"canonical":"https:\/\/portalnpm.com\/index.php\/2021\/05\/07\/sao-juliao-vereadores-de-oposicao-justificam-ausencia-em-sessao-extraordinaria-e-acusam-presidente-de-desrespeitar-regimento-interno-da-camara\/","og_locale":"pt_BR","og_type":"article","og_title":"S\u00e3o Juli\u00e3o | Vereadores de oposi\u00e7\u00e3o justificam aus\u00eancia em Sess\u00e3o Extraordin\u00e1ria e acusam presidente de desrespeitar regimento interno da C\u00e2mara","og_description":"Os vereadores do campo oposicinista de S&atilde;o Juli&atilde;o &#8211; PI, justificaram a suas aus&ecirc;ncias na Sess&atilde;o Extraordin&aacute;ria Online, realizada na &uacute;ltima ter&ccedil;a-feira, 04 de maio. De acordo com o vereador Tico dos Pipas (PT), o presidente da C&acirc;mara Municipal, vereador Edisaldo Rocha (PSB), convocou a sess&atilde;o em cima da hora e por meio do WhatsApp, &hellip;","og_url":"https:\/\/portalnpm.com\/index.php\/2021\/05\/07\/sao-juliao-vereadores-de-oposicao-justificam-ausencia-em-sessao-extraordinaria-e-acusam-presidente-de-desrespeitar-regimento-interno-da-camara\/","og_site_name":"Portal NPM","article_published_time":"2021-05-07T13:36:10+00:00","article_modified_time":"2024-01-16T02:18:04+00:00","og_image":[{"width":692,"height":443,"url":"https:\/\/portalnpm.com\/wp-content\/uploads\/2024\/01\/images-2-1.jpeg","type":"image\/jpeg"}],"author":"Reda\u00e7\u00e3o","twitter_card":"summary_large_image","twitter_misc":{"Escrito por":"Reda\u00e7\u00e3o","Est. tempo de leitura":"1 minuto"},"schema":{"@context":"https:\/\/schema.org","@graph":[{"@type":"WebPage","@id":"https:\/\/portalnpm.com\/index.php\/2021\/05\/07\/sao-juliao-vereadores-de-oposicao-justificam-ausencia-em-sessao-extraordinaria-e-acusam-presidente-de-desrespeitar-regimento-interno-da-camara\/","url":"https:\/\/portalnpm.com\/index.php\/2021\/05\/07\/sao-juliao-vereadores-de-oposicao-justificam-ausencia-em-sessao-extraordinaria-e-acusam-presidente-de-desrespeitar-regimento-interno-da-camara\/","name":"S\u00e3o Juli\u00e3o | Vereadores de oposi\u00e7\u00e3o justificam aus\u00eancia em Sess\u00e3o Extraordin\u00e1ria e acusam presidente de desrespeitar regimento interno da C\u00e2mara","isPartOf":{"@id":"https:\/\/portalnpm.com\/#website"},"primaryImageOfPage":{"@id":"https:\/\/portalnpm.com\/index.php\/2021\/05\/07\/sao-juliao-vereadores-de-oposicao-justificam-ausencia-em-sessao-extraordinaria-e-acusam-presidente-de-desrespeitar-regimento-interno-da-camara\/#primaryimage"},"image":{"@id":"https:\/\/portalnpm.com\/index.php\/2021\/05\/07\/sao-juliao-vereadores-de-oposicao-justificam-ausencia-em-sessao-extraordinaria-e-acusam-presidente-de-desrespeitar-regimento-interno-da-camara\/#primaryimage"},"thumbnailUrl":"https:\/\/portalnpm.com\/wp-content\/uploads\/2024\/01\/images-2-1.jpeg","datePublished":"2021-05-07T13:36:10+00:00","dateModified":"2024-01-16T02:18:04+00:00","author":{"@id":"https:\/\/portalnpm.com\/#\/schema\/person\/0b5f230ec96cee25504fa328e7f2b733"},"breadcrumb":{"@id":"https:\/\/portalnpm.com\/index.php\/2021\/05\/07\/sao-juliao-vereadores-de-oposicao-justificam-ausencia-em-sessao-extraordinaria-e-acusam-presidente-de-desrespeitar-regimento-interno-da-camara\/#breadcrumb"},"inLanguage":"pt-BR","potentialAction":[{"@type":"ReadAction","target":["https:\/\/portalnpm.com\/index.php\/2021\/05\/07\/sao-juliao-vereadores-de-oposicao-justificam-ausencia-em-sessao-extraordinaria-e-acusam-presidente-de-desrespeitar-regimento-interno-da-camara\/"]}]},{"@type":"ImageObject","inLanguage":"pt-BR","@id":"https:\/\/portalnpm.com\/index.php\/2021\/05\/07\/sao-juliao-vereadores-de-oposicao-justificam-ausencia-em-sessao-extraordinaria-e-acusam-presidente-de-desrespeitar-regimento-interno-da-camara\/#primaryimage","url":"https:\/\/portalnpm.com\/wp-content\/uploads\/2024\/01\/images-2-1.jpeg","contentUrl":"https:\/\/portalnpm.com\/wp-content\/uploads\/2024\/01\/images-2-1.jpeg","width":692,"height":443},{"@type":"BreadcrumbList","@id":"https:\/\/portalnpm.com\/index.php\/2021\/05\/07\/sao-juliao-vereadores-de-oposicao-justificam-ausencia-em-sessao-extraordinaria-e-acusam-presidente-de-desrespeitar-regimento-interno-da-camara\/#breadcrumb","itemListElement":[{"@type":"ListItem","position":1,"name":"In\u00edcio","item":"https:\/\/portalnpm.com\/"},{"@type":"ListItem","position":2,"name":"S\u00e3o Juli\u00e3o | Vereadores de oposi\u00e7\u00e3o justificam aus\u00eancia em Sess\u00e3o Extraordin\u00e1ria e acusam presidente de desrespeitar regimento interno da C\u00e2mara"}]},{"@type":"WebSite","@id":"https:\/\/portalnpm.com\/#website","url":"https:\/\/portalnpm.com\/","name":"Portal NPM","description":"Not\u00edcias em Primeira M\u00e3o","potentialAction":[{"@type":"SearchAction","target":{"@type":"EntryPoint","urlTemplate":"https:\/\/portalnpm.com\/?s={search_term_string}"},"query-input":"required name=search_term_string"}],"inLanguage":"pt-BR"},{"@type":"Person","@id":"https:\/\/portalnpm.com\/#\/schema\/person\/0b5f230ec96cee25504fa328e7f2b733","name":"Reda\u00e7\u00e3o","image":{"@type":"ImageObject","inLanguage":"pt-BR","@id":"https:\/\/portalnpm.com\/#\/schema\/person\/image\/","url":"https:\/\/portalnpm.com\/wp-content\/uploads\/2024\/03\/avatar_user_4_1710097212-96x96.png","contentUrl":"https:\/\/portalnpm.com\/wp-content\/uploads\/2024\/03\/avatar_user_4_1710097212-96x96.png","caption":"Reda\u00e7\u00e3o"},"url":"https:\/\/portalnpm.com\/index.php\/author\/redacao\/"}]}},"jetpack_sharing_enabled":true,"jetpack_featured_media_url":"https:\/\/portalnpm.com\/wp-content\/uploads\/2024\/01\/images-2-1.jpeg","_links":{"self":[{"href":"https:\/\/portalnpm.com\/index.php\/wp-json\/wp\/v2\/posts\/64987"}],"collection":[{"href":"https:\/\/portalnpm.com\/index.php\/wp-json\/wp\/v2\/posts"}],"about":[{"href":"https:\/\/portalnpm.com\/index.php\/wp-json\/wp\/v2\/types\/post"}],"author":[{"embeddable":true,"href":"https:\/\/portalnpm.com\/index.php\/wp-json\/wp\/v2\/users\/4"}],"replies":[{"embeddable":true,"href":"https:\/\/portalnpm.com\/index.php\/wp-json\/wp\/v2\/comments?post=64987"}],"version-history":[{"count":1,"href":"https:\/\/portalnpm.com\/index.php\/wp-json\/wp\/v2\/posts\/64987\/revisions"}],"predecessor-version":[{"id":64996,"href":"https:\/\/portalnpm.com\/index.php\/wp-json\/wp\/v2\/posts\/64987\/revisions\/64996"}],"wp:featuredmedia":[{"embeddable":true,"href":"https:\/\/portalnpm.com\/index.php\/wp-json\/wp\/v2\/media\/53236"}],"wp:attachment":[{"href":"https:\/\/portalnpm.com\/index.php\/wp-json\/wp\/v2\/media?parent=64987"}],"wp:term":[{"taxonomy":"category","embeddable":true,"href":"https:\/\/portalnpm.com\/index.php\/wp-json\/wp\/v2\/categories?post=64987"},{"taxonomy":"post_tag","embeddable":true,"href":"https:\/\/portalnpm.com\/index.php\/wp-json\/wp\/v2\/tags?post=64987"}],"curies":[{"name":"wp","href":"https:\/\/api.w.org\/{rel}","templated":true}]}}