{"id":65005,"date":"2021-05-07T18:25:06","date_gmt":"2021-05-07T21:25:06","guid":{"rendered":"https:\/\/portalnpm.com\/index.php\/2021\/05\/07\/bolsonaro-volta-a-imitar-pessoa-com-falta-de-ar-e-chama-mandetta-de-canalha\/"},"modified":"2021-05-07T18:25:06","modified_gmt":"2021-05-07T21:25:06","slug":"bolsonaro-volta-a-imitar-pessoa-com-falta-de-ar-e-chama-mandetta-de-canalha","status":"publish","type":"post","link":"https:\/\/portalnpm.com\/index.php\/2021\/05\/07\/bolsonaro-volta-a-imitar-pessoa-com-falta-de-ar-e-chama-mandetta-de-canalha\/","title":{"rendered":"Bolsonaro volta a imitar pessoa com falta de ar e chama Mandetta de \u201ccanalha\u201d"},"content":{"rendered":"<div class=\"content wp js-mediator-article\" data-ga-ano=\"2021\" data-ga-categoria=\"Coronav\u00edrus\" data-ga-autor=\"Murilo Fagundes\">\n<p style=\"text-align: justify;\">O presidente\u00a0<a href=\"https:\/\/www.poder360.com.br\/tag\/jair-bolsonaro\/\" target=\"_blank\" rel=\"noopener noreferrer\">Jair Bolsonaro<\/a>\u00a0voltou a imitar uma pessoa com falta de ar em transmiss\u00e3o ao vivo feita em suas p\u00e1ginas oficiais nas redes sociais. Mais uma vez, assim como\u00a0<a href=\"https:\/\/www.poder360.com.br\/coronavirus\/bolsonaro-imita-pessoa-com-falta-de-ar-e-critica-mandetta\/\" target=\"_blank\" rel=\"noopener noreferrer\">aconteceu<\/a>\u00a0em 18 de mar\u00e7o, fez a imita\u00e7\u00e3o ao criticar seu 1\u00ba ministro da Sa\u00fade, Henrique Mandetta,\u00a0<a href=\"https:\/\/www.poder360.com.br\/governo\/mandetta-e-demitido-do-ministerio-da-saude-e-nelson-teich-assume\/\" target=\"_blank\" rel=\"noopener noreferrer\">demitido<\/a> nos meses iniciais da pandemia.<\/p>\n<p style=\"text-align: justify;\">\n<p style=\"text-align: justify;\">Assista ao momento no v\u00eddeo abaixo.<\/p>\n<p style=\"text-align: justify;\">\n<div class=\"video-container\" style=\"text-align: justify;\"><iframe title=\"Bolsonaro critica Mandetta e volta a imitar pessoa sem ar\" src=\"https:\/\/www.youtube.com\/embed\/vO6TlUcUVZA?feature=oembed\" width=\"500\" height=\"281\" frameborder=\"0\" allowfullscreen=\"allowfullscreen\" data-mce-fragment=\"1\"><\/iframe><\/div>\n<p style=\"text-align: justify;\">\n<p style=\"text-align: justify;\">O ex-ministro da Sa\u00fade participou da CPI na 3\u00aa feira (4.mai). Foi o 1\u00ba ex-chefe da pasta a depor. Bolsonaro comentou sua participa\u00e7\u00e3o:<\/p>\n<p class=\"p1\" style=\"text-align: justify;\">\u201c<em>Ser ministro da Sa\u00fade de fora \u00e9 f\u00e1cil. O Mandetta \u00e9 aquele cara que condena a cloroquina e fala o qu\u00ea para voc\u00ea? Fica em casa e, quando estiver sentindo falta de ar<\/em>\u00a0(imita uma pessoa com falta de ar),\u00a0<em>vai para o hospital para fazer o qu\u00ea? Se n\u00e3o tem rem\u00e9dio comprovado? Para ser intubado<\/em>\u201d, disse.<\/p>\n<p class=\"p1\" style=\"text-align: justify;\">O chefe do Executivo ainda chamou o ex-ministro de \u201c<em>canalha<\/em>\u201d por criticar o uso de medicamentos sem efic\u00e1cia comprovada cientificamente contra covid-19.<\/p>\n<p class=\"p1\" style=\"text-align: justify;\">\u201c<em>Quem n\u00e3o tem alternativa, cale a boca. Deixe de ser canalha em criticar quem usa alguma coisa<\/em>\u201d, declarou.<\/p>\n<p style=\"text-align: justify;\">\u201c<em>Quando tenho problema de est\u00f4mago, algu\u00e9m sabe o que eu tomo? Tomo Coca-cola e fico b\u00e3o. \u00c9 problema meu. O bucho \u00e9 meu, talvez o meu bucho, todo corro\u00eddo pela Coca-cola, me salvou da facada do Ad\u00e9lio. Deem porrada em mim amanh\u00e3<\/em>\u201d, disse.<\/p>\n<p class=\"p1\" style=\"text-align: justify;\"><em>\u201cCanalha \u00e9 aquele que critica a cloroquina, a ivermectina e n\u00e3o apresenta alternativa. Esse \u00e9 um canalha. N\u00e3o posso falar outra coisa de quem age dessa maneira\u201d.<\/em><\/p>\n<p class=\"p1\" style=\"text-align: justify;\">Bolsonaro disse tamb\u00e9m que tomou ivermectina quando teve sintomas \u201c<em>h\u00e1 poucos dias<\/em>\u201d de uma poss\u00edvel reinfec\u00e7\u00e3o por coronav\u00edrus.<\/p>\n<p class=\"p1\" style=\"text-align: justify;\"><em>\u201cEu estava com sintomas h\u00e1 poucos dias de uma poss\u00edvel reinfec\u00e7\u00e3o, tomei ivermectina, no dia seguinte estava bom, p\u00f4\u201d.<\/em><\/p>\n<p style=\"text-align: justify;\">\n<\/div>\n<footer>\n<div class=\"mod mod-trust-project\">\n<div class=\"logo-trust row text-center-xs\" style=\"text-align: justify;\">Fonte:\u00a0 Poder 360<\/div>\n<\/div>\n<\/footer>\n","protected":false},"excerpt":{"rendered":"<p>O presidente\u00a0Jair Bolsonaro\u00a0voltou a imitar uma pessoa com falta de ar em transmiss\u00e3o ao vivo feita em suas p\u00e1ginas oficiais nas redes sociais. Mais uma vez, assim como\u00a0aconteceu\u00a0em 18 de mar\u00e7o, fez a imita\u00e7\u00e3o ao criticar seu 1\u00ba ministro da Sa\u00fade, Henrique Mandetta,\u00a0demitido nos meses iniciais da pandemia. Assista ao momento no v\u00eddeo abaixo. O &hellip;<\/p>\n","protected":false},"author":2,"featured_media":33288,"comment_status":"open","ping_status":"open","sticky":false,"template":"","format":"standard","meta":{"content-type":"","rop_custom_images_group":[],"rop_custom_messages_group":[],"rop_publish_now":"initial","rop_publish_now_accounts":{"facebook_2648258775420054_1618374048415101":""},"rop_publish_now_history":[],"rop_publish_now_status":"pending","footnotes":"","_jetpack_memberships_contains_paid_content":false},"categories":[125],"tags":[11308,11309,11310,11311,11312],"yoast_head":"<!-- This site is optimized with the Yoast SEO plugin v22.3 - https:\/\/yoast.com\/wordpress\/plugins\/seo\/ -->\n<title>Bolsonaro volta a imitar pessoa com falta de ar e chama Mandetta de \u201ccanalha\u201d<\/title>\n<meta name=\"robots\" content=\"index, follow, max-snippet:-1, max-image-preview:large, max-video-preview:-1\" \/>\n<link rel=\"canonical\" href=\"https:\/\/portalnpm.com\/index.php\/2021\/05\/07\/bolsonaro-volta-a-imitar-pessoa-com-falta-de-ar-e-chama-mandetta-de-canalha\/\" \/>\n<meta property=\"og:locale\" content=\"pt_BR\" \/>\n<meta property=\"og:type\" content=\"article\" \/>\n<meta property=\"og:title\" content=\"Bolsonaro volta a imitar pessoa com falta de ar e chama Mandetta de \u201ccanalha\u201d\" \/>\n<meta property=\"og:description\" content=\"O presidente\u00a0Jair Bolsonaro\u00a0voltou a imitar uma pessoa com falta de ar em transmiss\u00e3o ao vivo feita em suas p\u00e1ginas oficiais nas redes sociais. Mais uma vez, assim como\u00a0aconteceu\u00a0em 18 de mar\u00e7o, fez a imita\u00e7\u00e3o ao criticar seu 1\u00ba ministro da Sa\u00fade, Henrique Mandetta,\u00a0demitido nos meses iniciais da pandemia. Assista ao momento no v\u00eddeo abaixo. O &hellip;\" \/>\n<meta property=\"og:url\" content=\"https:\/\/portalnpm.com\/index.php\/2021\/05\/07\/bolsonaro-volta-a-imitar-pessoa-com-falta-de-ar-e-chama-mandetta-de-canalha\/\" \/>\n<meta property=\"og:site_name\" content=\"Portal NPM\" \/>\n<meta property=\"article:published_time\" content=\"2021-05-07T21:25:06+00:00\" \/>\n<meta name=\"author\" content=\"Genival Barbosa\" \/>\n<meta name=\"twitter:card\" content=\"summary_large_image\" \/>\n<meta name=\"twitter:label1\" content=\"Escrito por\" \/>\n\t<meta name=\"twitter:data1\" content=\"Genival Barbosa\" \/>\n\t<meta name=\"twitter:label2\" content=\"Est. tempo de leitura\" \/>\n\t<meta name=\"twitter:data2\" content=\"2 minutos\" \/>\n<script type=\"application\/ld+json\" class=\"yoast-schema-graph\">{\"@context\":\"https:\/\/schema.org\",\"@graph\":[{\"@type\":\"WebPage\",\"@id\":\"https:\/\/portalnpm.com\/index.php\/2021\/05\/07\/bolsonaro-volta-a-imitar-pessoa-com-falta-de-ar-e-chama-mandetta-de-canalha\/\",\"url\":\"https:\/\/portalnpm.com\/index.php\/2021\/05\/07\/bolsonaro-volta-a-imitar-pessoa-com-falta-de-ar-e-chama-mandetta-de-canalha\/\",\"name\":\"Bolsonaro volta a imitar pessoa com falta de ar e chama Mandetta de \u201ccanalha\u201d\",\"isPartOf\":{\"@id\":\"https:\/\/portalnpm.com\/#website\"},\"primaryImageOfPage\":{\"@id\":\"https:\/\/portalnpm.com\/index.php\/2021\/05\/07\/bolsonaro-volta-a-imitar-pessoa-com-falta-de-ar-e-chama-mandetta-de-canalha\/#primaryimage\"},\"image\":{\"@id\":\"https:\/\/portalnpm.com\/index.php\/2021\/05\/07\/bolsonaro-volta-a-imitar-pessoa-com-falta-de-ar-e-chama-mandetta-de-canalha\/#primaryimage\"},\"thumbnailUrl\":\"\",\"datePublished\":\"2021-05-07T21:25:06+00:00\",\"dateModified\":\"2021-05-07T21:25:06+00:00\",\"author\":{\"@id\":\"https:\/\/portalnpm.com\/#\/schema\/person\/49313e563cfdefcc167f1ee4c017c294\"},\"breadcrumb\":{\"@id\":\"https:\/\/portalnpm.com\/index.php\/2021\/05\/07\/bolsonaro-volta-a-imitar-pessoa-com-falta-de-ar-e-chama-mandetta-de-canalha\/#breadcrumb\"},\"inLanguage\":\"pt-BR\",\"potentialAction\":[{\"@type\":\"ReadAction\",\"target\":[\"https:\/\/portalnpm.com\/index.php\/2021\/05\/07\/bolsonaro-volta-a-imitar-pessoa-com-falta-de-ar-e-chama-mandetta-de-canalha\/\"]}]},{\"@type\":\"ImageObject\",\"inLanguage\":\"pt-BR\",\"@id\":\"https:\/\/portalnpm.com\/index.php\/2021\/05\/07\/bolsonaro-volta-a-imitar-pessoa-com-falta-de-ar-e-chama-mandetta-de-canalha\/#primaryimage\",\"url\":\"\",\"contentUrl\":\"\"},{\"@type\":\"BreadcrumbList\",\"@id\":\"https:\/\/portalnpm.com\/index.php\/2021\/05\/07\/bolsonaro-volta-a-imitar-pessoa-com-falta-de-ar-e-chama-mandetta-de-canalha\/#breadcrumb\",\"itemListElement\":[{\"@type\":\"ListItem\",\"position\":1,\"name\":\"In\u00edcio\",\"item\":\"https:\/\/portalnpm.com\/\"},{\"@type\":\"ListItem\",\"position\":2,\"name\":\"Bolsonaro volta a imitar pessoa com falta de ar e chama Mandetta de \u201ccanalha\u201d\"}]},{\"@type\":\"WebSite\",\"@id\":\"https:\/\/portalnpm.com\/#website\",\"url\":\"https:\/\/portalnpm.com\/\",\"name\":\"Portal NPM\",\"description\":\"Not\u00edcias em Primeira M\u00e3o\",\"potentialAction\":[{\"@type\":\"SearchAction\",\"target\":{\"@type\":\"EntryPoint\",\"urlTemplate\":\"https:\/\/portalnpm.com\/?s={search_term_string}\"},\"query-input\":\"required name=search_term_string\"}],\"inLanguage\":\"pt-BR\"},{\"@type\":\"Person\",\"@id\":\"https:\/\/portalnpm.com\/#\/schema\/person\/49313e563cfdefcc167f1ee4c017c294\",\"name\":\"Genival Barbosa\",\"image\":{\"@type\":\"ImageObject\",\"inLanguage\":\"pt-BR\",\"@id\":\"https:\/\/portalnpm.com\/#\/schema\/person\/image\/\",\"url\":\"https:\/\/portalnpm.com\/wp-content\/uploads\/2024\/02\/avatar_user_2_1707743258-96x96.jpeg\",\"contentUrl\":\"https:\/\/portalnpm.com\/wp-content\/uploads\/2024\/02\/avatar_user_2_1707743258-96x96.jpeg\",\"caption\":\"Genival Barbosa\"},\"url\":\"https:\/\/portalnpm.com\/index.php\/author\/genival\/\"}]}<\/script>\n<!-- \/ Yoast SEO plugin. -->","yoast_head_json":{"title":"Bolsonaro volta a imitar pessoa com falta de ar e chama Mandetta de \u201ccanalha\u201d","robots":{"index":"index","follow":"follow","max-snippet":"max-snippet:-1","max-image-preview":"max-image-preview:large","max-video-preview":"max-video-preview:-1"},"canonical":"https:\/\/portalnpm.com\/index.php\/2021\/05\/07\/bolsonaro-volta-a-imitar-pessoa-com-falta-de-ar-e-chama-mandetta-de-canalha\/","og_locale":"pt_BR","og_type":"article","og_title":"Bolsonaro volta a imitar pessoa com falta de ar e chama Mandetta de \u201ccanalha\u201d","og_description":"O presidente\u00a0Jair Bolsonaro\u00a0voltou a imitar uma pessoa com falta de ar em transmiss\u00e3o ao vivo feita em suas p\u00e1ginas oficiais nas redes sociais. Mais uma vez, assim como\u00a0aconteceu\u00a0em 18 de mar\u00e7o, fez a imita\u00e7\u00e3o ao criticar seu 1\u00ba ministro da Sa\u00fade, Henrique Mandetta,\u00a0demitido nos meses iniciais da pandemia. Assista ao momento no v\u00eddeo abaixo. O &hellip;","og_url":"https:\/\/portalnpm.com\/index.php\/2021\/05\/07\/bolsonaro-volta-a-imitar-pessoa-com-falta-de-ar-e-chama-mandetta-de-canalha\/","og_site_name":"Portal NPM","article_published_time":"2021-05-07T21:25:06+00:00","author":"Genival Barbosa","twitter_card":"summary_large_image","twitter_misc":{"Escrito por":"Genival Barbosa","Est. tempo de leitura":"2 minutos"},"schema":{"@context":"https:\/\/schema.org","@graph":[{"@type":"WebPage","@id":"https:\/\/portalnpm.com\/index.php\/2021\/05\/07\/bolsonaro-volta-a-imitar-pessoa-com-falta-de-ar-e-chama-mandetta-de-canalha\/","url":"https:\/\/portalnpm.com\/index.php\/2021\/05\/07\/bolsonaro-volta-a-imitar-pessoa-com-falta-de-ar-e-chama-mandetta-de-canalha\/","name":"Bolsonaro volta a imitar pessoa com falta de ar e chama Mandetta de \u201ccanalha\u201d","isPartOf":{"@id":"https:\/\/portalnpm.com\/#website"},"primaryImageOfPage":{"@id":"https:\/\/portalnpm.com\/index.php\/2021\/05\/07\/bolsonaro-volta-a-imitar-pessoa-com-falta-de-ar-e-chama-mandetta-de-canalha\/#primaryimage"},"image":{"@id":"https:\/\/portalnpm.com\/index.php\/2021\/05\/07\/bolsonaro-volta-a-imitar-pessoa-com-falta-de-ar-e-chama-mandetta-de-canalha\/#primaryimage"},"thumbnailUrl":"","datePublished":"2021-05-07T21:25:06+00:00","dateModified":"2021-05-07T21:25:06+00:00","author":{"@id":"https:\/\/portalnpm.com\/#\/schema\/person\/49313e563cfdefcc167f1ee4c017c294"},"breadcrumb":{"@id":"https:\/\/portalnpm.com\/index.php\/2021\/05\/07\/bolsonaro-volta-a-imitar-pessoa-com-falta-de-ar-e-chama-mandetta-de-canalha\/#breadcrumb"},"inLanguage":"pt-BR","potentialAction":[{"@type":"ReadAction","target":["https:\/\/portalnpm.com\/index.php\/2021\/05\/07\/bolsonaro-volta-a-imitar-pessoa-com-falta-de-ar-e-chama-mandetta-de-canalha\/"]}]},{"@type":"ImageObject","inLanguage":"pt-BR","@id":"https:\/\/portalnpm.com\/index.php\/2021\/05\/07\/bolsonaro-volta-a-imitar-pessoa-com-falta-de-ar-e-chama-mandetta-de-canalha\/#primaryimage","url":"","contentUrl":""},{"@type":"BreadcrumbList","@id":"https:\/\/portalnpm.com\/index.php\/2021\/05\/07\/bolsonaro-volta-a-imitar-pessoa-com-falta-de-ar-e-chama-mandetta-de-canalha\/#breadcrumb","itemListElement":[{"@type":"ListItem","position":1,"name":"In\u00edcio","item":"https:\/\/portalnpm.com\/"},{"@type":"ListItem","position":2,"name":"Bolsonaro volta a imitar pessoa com falta de ar e chama Mandetta de \u201ccanalha\u201d"}]},{"@type":"WebSite","@id":"https:\/\/portalnpm.com\/#website","url":"https:\/\/portalnpm.com\/","name":"Portal NPM","description":"Not\u00edcias em Primeira M\u00e3o","potentialAction":[{"@type":"SearchAction","target":{"@type":"EntryPoint","urlTemplate":"https:\/\/portalnpm.com\/?s={search_term_string}"},"query-input":"required name=search_term_string"}],"inLanguage":"pt-BR"},{"@type":"Person","@id":"https:\/\/portalnpm.com\/#\/schema\/person\/49313e563cfdefcc167f1ee4c017c294","name":"Genival Barbosa","image":{"@type":"ImageObject","inLanguage":"pt-BR","@id":"https:\/\/portalnpm.com\/#\/schema\/person\/image\/","url":"https:\/\/portalnpm.com\/wp-content\/uploads\/2024\/02\/avatar_user_2_1707743258-96x96.jpeg","contentUrl":"https:\/\/portalnpm.com\/wp-content\/uploads\/2024\/02\/avatar_user_2_1707743258-96x96.jpeg","caption":"Genival Barbosa"},"url":"https:\/\/portalnpm.com\/index.php\/author\/genival\/"}]}},"jetpack_sharing_enabled":true,"jetpack_featured_media_url":"","_links":{"self":[{"href":"https:\/\/portalnpm.com\/index.php\/wp-json\/wp\/v2\/posts\/65005"}],"collection":[{"href":"https:\/\/portalnpm.com\/index.php\/wp-json\/wp\/v2\/posts"}],"about":[{"href":"https:\/\/portalnpm.com\/index.php\/wp-json\/wp\/v2\/types\/post"}],"author":[{"embeddable":true,"href":"https:\/\/portalnpm.com\/index.php\/wp-json\/wp\/v2\/users\/2"}],"replies":[{"embeddable":true,"href":"https:\/\/portalnpm.com\/index.php\/wp-json\/wp\/v2\/comments?post=65005"}],"version-history":[{"count":0,"href":"https:\/\/portalnpm.com\/index.php\/wp-json\/wp\/v2\/posts\/65005\/revisions"}],"wp:featuredmedia":[{"embeddable":true,"href":"https:\/\/portalnpm.com\/index.php\/wp-json\/"}],"wp:attachment":[{"href":"https:\/\/portalnpm.com\/index.php\/wp-json\/wp\/v2\/media?parent=65005"}],"wp:term":[{"taxonomy":"category","embeddable":true,"href":"https:\/\/portalnpm.com\/index.php\/wp-json\/wp\/v2\/categories?post=65005"},{"taxonomy":"post_tag","embeddable":true,"href":"https:\/\/portalnpm.com\/index.php\/wp-json\/wp\/v2\/tags?post=65005"}],"curies":[{"name":"wp","href":"https:\/\/api.w.org\/{rel}","templated":true}]}}