{"id":65123,"date":"2021-05-09T10:43:29","date_gmt":"2021-05-09T13:43:29","guid":{"rendered":"https:\/\/portalnpm.com\/index.php\/2021\/05\/09\/empresario-de-pio-ix-perde-a-luta-contra-a-covid-19\/"},"modified":"2021-05-09T10:43:29","modified_gmt":"2021-05-09T13:43:29","slug":"empresario-de-pio-ix-perde-a-luta-contra-a-covid-19","status":"publish","type":"post","link":"https:\/\/portalnpm.com\/index.php\/2021\/05\/09\/empresario-de-pio-ix-perde-a-luta-contra-a-covid-19\/","title":{"rendered":"Empres\u00e1rio de Pio IX perde a luta contra a Covid-19"},"content":{"rendered":"<p style=\"text-align: justify;\">O munic\u00edpio de Pio IX est\u00e1 de luto. Morreu nesta manh\u00e3 de domingo, 09 de maio, o empres\u00e1rio Ast\u00e9rio Arrais, de 41 anos, v\u00edtima da Covid-19.<\/p>\n<p style=\"text-align: justify;\">\n<p style=\"text-align: justify;\">De acordo com informa\u00e7\u00f5es repassadas ao\u00a0<a href=\"https:\/\/www.facebook.com\/ENoticiasOficial\/\"><em>Portal \u00c9 Not\u00edcias<\/em><\/a>, ap\u00f3s desenvolver sintomas graves da doen\u00e7a, o empres\u00e1rio foi transferido para Teresina, onde passou 16 dias intubado lutanddo pela vida, mas n\u00e3o resistiu e veio a \u00f3bito.<\/p>\n<p style=\"text-align: justify;\">Empreendedor bastante sucedido em Pio IX, Ast\u00e9rio Arrais era propriet\u00e1rio do Supermercado Silvana, da Casa Lot\u00e9rica e tamb\u00e9m atuava no ramo de constru\u00e7\u00e3o de casas financiadas pela Caixa.<\/p>\n<p style=\"text-align: justify;\">Casado, ela deixa a esposa vi\u00fava e uma filha menor de idade.<\/p>\n<p style=\"text-align: justify;\">Seu falecimento comoveu todo o munic\u00edpio de Pio IX e regi\u00e3o, nas redes sociais parentes e amigos se manifestam em mensagens de solidariedade aos familiares.<\/p>\n<p style=\"text-align: justify;\"><strong>Fonte:\u00a0 Portal \u00c9 Not\u00edcias<\/strong><\/p>\n","protected":false},"excerpt":{"rendered":"<p>O munic\u00edpio de Pio IX est\u00e1 de luto. Morreu nesta manh\u00e3 de domingo, 09 de maio, o empres\u00e1rio Ast\u00e9rio Arrais, de 41 anos, v\u00edtima da Covid-19. De acordo com informa\u00e7\u00f5es repassadas ao\u00a0Portal \u00c9 Not\u00edcias, ap\u00f3s desenvolver sintomas graves da doen\u00e7a, o empres\u00e1rio foi transferido para Teresina, onde passou 16 dias intubado lutanddo pela vida, mas &hellip;<\/p>\n","protected":false},"author":2,"featured_media":65124,"comment_status":"open","ping_status":"open","sticky":false,"template":"","format":"standard","meta":{"content-type":"","rop_custom_images_group":[],"rop_custom_messages_group":[],"rop_publish_now":"initial","rop_publish_now_accounts":{"facebook_2648258775420054_1618374048415101":""},"rop_publish_now_history":[],"rop_publish_now_status":"pending","footnotes":"","_jetpack_memberships_contains_paid_content":false},"categories":[113,109,439],"tags":[5689,510,5345,679],"yoast_head":"<!-- This site is optimized with the Yoast SEO plugin v22.3 - https:\/\/yoast.com\/wordpress\/plugins\/seo\/ -->\n<title>Empres\u00e1rio de Pio IX perde a luta contra a Covid-19<\/title>\n<meta name=\"robots\" content=\"index, follow, max-snippet:-1, max-image-preview:large, max-video-preview:-1\" \/>\n<link rel=\"canonical\" href=\"https:\/\/portalnpm.com\/index.php\/2021\/05\/09\/empresario-de-pio-ix-perde-a-luta-contra-a-covid-19\/\" \/>\n<meta property=\"og:locale\" content=\"pt_BR\" \/>\n<meta property=\"og:type\" content=\"article\" \/>\n<meta property=\"og:title\" content=\"Empres\u00e1rio de Pio IX perde a luta contra a Covid-19\" \/>\n<meta property=\"og:description\" content=\"O munic\u00edpio de Pio IX est\u00e1 de luto. Morreu nesta manh\u00e3 de domingo, 09 de maio, o empres\u00e1rio Ast\u00e9rio Arrais, de 41 anos, v\u00edtima da Covid-19. De acordo com informa\u00e7\u00f5es repassadas ao\u00a0Portal \u00c9 Not\u00edcias, ap\u00f3s desenvolver sintomas graves da doen\u00e7a, o empres\u00e1rio foi transferido para Teresina, onde passou 16 dias intubado lutanddo pela vida, mas &hellip;\" \/>\n<meta property=\"og:url\" content=\"https:\/\/portalnpm.com\/index.php\/2021\/05\/09\/empresario-de-pio-ix-perde-a-luta-contra-a-covid-19\/\" \/>\n<meta property=\"og:site_name\" content=\"Portal NPM\" \/>\n<meta property=\"article:published_time\" content=\"2021-05-09T13:43:29+00:00\" \/>\n<meta property=\"og:image\" content=\"https:\/\/portalnpm.com\/wp-content\/uploads\/2024\/01\/88001028_2729732857122977_8037082020792238080_n.jpg\" \/>\n\t<meta property=\"og:image:width\" content=\"746\" \/>\n\t<meta property=\"og:image:height\" content=\"600\" \/>\n\t<meta property=\"og:image:type\" content=\"image\/jpeg\" \/>\n<meta name=\"author\" content=\"Genival Barbosa\" \/>\n<meta name=\"twitter:card\" content=\"summary_large_image\" \/>\n<meta name=\"twitter:label1\" content=\"Escrito por\" \/>\n\t<meta name=\"twitter:data1\" content=\"Genival Barbosa\" \/>\n\t<meta name=\"twitter:label2\" content=\"Est. tempo de leitura\" \/>\n\t<meta name=\"twitter:data2\" content=\"1 minuto\" \/>\n<script type=\"application\/ld+json\" class=\"yoast-schema-graph\">{\"@context\":\"https:\/\/schema.org\",\"@graph\":[{\"@type\":\"WebPage\",\"@id\":\"https:\/\/portalnpm.com\/index.php\/2021\/05\/09\/empresario-de-pio-ix-perde-a-luta-contra-a-covid-19\/\",\"url\":\"https:\/\/portalnpm.com\/index.php\/2021\/05\/09\/empresario-de-pio-ix-perde-a-luta-contra-a-covid-19\/\",\"name\":\"Empres\u00e1rio de Pio IX perde a luta contra a Covid-19\",\"isPartOf\":{\"@id\":\"https:\/\/portalnpm.com\/#website\"},\"primaryImageOfPage\":{\"@id\":\"https:\/\/portalnpm.com\/index.php\/2021\/05\/09\/empresario-de-pio-ix-perde-a-luta-contra-a-covid-19\/#primaryimage\"},\"image\":{\"@id\":\"https:\/\/portalnpm.com\/index.php\/2021\/05\/09\/empresario-de-pio-ix-perde-a-luta-contra-a-covid-19\/#primaryimage\"},\"thumbnailUrl\":\"https:\/\/portalnpm.com\/wp-content\/uploads\/2024\/01\/88001028_2729732857122977_8037082020792238080_n.jpg\",\"datePublished\":\"2021-05-09T13:43:29+00:00\",\"dateModified\":\"2021-05-09T13:43:29+00:00\",\"author\":{\"@id\":\"https:\/\/portalnpm.com\/#\/schema\/person\/49313e563cfdefcc167f1ee4c017c294\"},\"breadcrumb\":{\"@id\":\"https:\/\/portalnpm.com\/index.php\/2021\/05\/09\/empresario-de-pio-ix-perde-a-luta-contra-a-covid-19\/#breadcrumb\"},\"inLanguage\":\"pt-BR\",\"potentialAction\":[{\"@type\":\"ReadAction\",\"target\":[\"https:\/\/portalnpm.com\/index.php\/2021\/05\/09\/empresario-de-pio-ix-perde-a-luta-contra-a-covid-19\/\"]}]},{\"@type\":\"ImageObject\",\"inLanguage\":\"pt-BR\",\"@id\":\"https:\/\/portalnpm.com\/index.php\/2021\/05\/09\/empresario-de-pio-ix-perde-a-luta-contra-a-covid-19\/#primaryimage\",\"url\":\"https:\/\/portalnpm.com\/wp-content\/uploads\/2024\/01\/88001028_2729732857122977_8037082020792238080_n.jpg\",\"contentUrl\":\"https:\/\/portalnpm.com\/wp-content\/uploads\/2024\/01\/88001028_2729732857122977_8037082020792238080_n.jpg\",\"width\":746,\"height\":600},{\"@type\":\"BreadcrumbList\",\"@id\":\"https:\/\/portalnpm.com\/index.php\/2021\/05\/09\/empresario-de-pio-ix-perde-a-luta-contra-a-covid-19\/#breadcrumb\",\"itemListElement\":[{\"@type\":\"ListItem\",\"position\":1,\"name\":\"In\u00edcio\",\"item\":\"https:\/\/portalnpm.com\/\"},{\"@type\":\"ListItem\",\"position\":2,\"name\":\"Empres\u00e1rio de Pio IX perde a luta contra a Covid-19\"}]},{\"@type\":\"WebSite\",\"@id\":\"https:\/\/portalnpm.com\/#website\",\"url\":\"https:\/\/portalnpm.com\/\",\"name\":\"Portal NPM\",\"description\":\"Not\u00edcias em Primeira M\u00e3o\",\"potentialAction\":[{\"@type\":\"SearchAction\",\"target\":{\"@type\":\"EntryPoint\",\"urlTemplate\":\"https:\/\/portalnpm.com\/?s={search_term_string}\"},\"query-input\":\"required name=search_term_string\"}],\"inLanguage\":\"pt-BR\"},{\"@type\":\"Person\",\"@id\":\"https:\/\/portalnpm.com\/#\/schema\/person\/49313e563cfdefcc167f1ee4c017c294\",\"name\":\"Genival Barbosa\",\"image\":{\"@type\":\"ImageObject\",\"inLanguage\":\"pt-BR\",\"@id\":\"https:\/\/portalnpm.com\/#\/schema\/person\/image\/\",\"url\":\"https:\/\/portalnpm.com\/wp-content\/uploads\/2024\/02\/avatar_user_2_1707743258-96x96.jpeg\",\"contentUrl\":\"https:\/\/portalnpm.com\/wp-content\/uploads\/2024\/02\/avatar_user_2_1707743258-96x96.jpeg\",\"caption\":\"Genival Barbosa\"},\"url\":\"https:\/\/portalnpm.com\/index.php\/author\/genival\/\"}]}<\/script>\n<!-- \/ Yoast SEO plugin. -->","yoast_head_json":{"title":"Empres\u00e1rio de Pio IX perde a luta contra a Covid-19","robots":{"index":"index","follow":"follow","max-snippet":"max-snippet:-1","max-image-preview":"max-image-preview:large","max-video-preview":"max-video-preview:-1"},"canonical":"https:\/\/portalnpm.com\/index.php\/2021\/05\/09\/empresario-de-pio-ix-perde-a-luta-contra-a-covid-19\/","og_locale":"pt_BR","og_type":"article","og_title":"Empres\u00e1rio de Pio IX perde a luta contra a Covid-19","og_description":"O munic\u00edpio de Pio IX est\u00e1 de luto. Morreu nesta manh\u00e3 de domingo, 09 de maio, o empres\u00e1rio Ast\u00e9rio Arrais, de 41 anos, v\u00edtima da Covid-19. De acordo com informa\u00e7\u00f5es repassadas ao\u00a0Portal \u00c9 Not\u00edcias, ap\u00f3s desenvolver sintomas graves da doen\u00e7a, o empres\u00e1rio foi transferido para Teresina, onde passou 16 dias intubado lutanddo pela vida, mas &hellip;","og_url":"https:\/\/portalnpm.com\/index.php\/2021\/05\/09\/empresario-de-pio-ix-perde-a-luta-contra-a-covid-19\/","og_site_name":"Portal NPM","article_published_time":"2021-05-09T13:43:29+00:00","og_image":[{"width":746,"height":600,"url":"https:\/\/portalnpm.com\/wp-content\/uploads\/2024\/01\/88001028_2729732857122977_8037082020792238080_n.jpg","type":"image\/jpeg"}],"author":"Genival Barbosa","twitter_card":"summary_large_image","twitter_misc":{"Escrito por":"Genival Barbosa","Est. tempo de leitura":"1 minuto"},"schema":{"@context":"https:\/\/schema.org","@graph":[{"@type":"WebPage","@id":"https:\/\/portalnpm.com\/index.php\/2021\/05\/09\/empresario-de-pio-ix-perde-a-luta-contra-a-covid-19\/","url":"https:\/\/portalnpm.com\/index.php\/2021\/05\/09\/empresario-de-pio-ix-perde-a-luta-contra-a-covid-19\/","name":"Empres\u00e1rio de Pio IX perde a luta contra a Covid-19","isPartOf":{"@id":"https:\/\/portalnpm.com\/#website"},"primaryImageOfPage":{"@id":"https:\/\/portalnpm.com\/index.php\/2021\/05\/09\/empresario-de-pio-ix-perde-a-luta-contra-a-covid-19\/#primaryimage"},"image":{"@id":"https:\/\/portalnpm.com\/index.php\/2021\/05\/09\/empresario-de-pio-ix-perde-a-luta-contra-a-covid-19\/#primaryimage"},"thumbnailUrl":"https:\/\/portalnpm.com\/wp-content\/uploads\/2024\/01\/88001028_2729732857122977_8037082020792238080_n.jpg","datePublished":"2021-05-09T13:43:29+00:00","dateModified":"2021-05-09T13:43:29+00:00","author":{"@id":"https:\/\/portalnpm.com\/#\/schema\/person\/49313e563cfdefcc167f1ee4c017c294"},"breadcrumb":{"@id":"https:\/\/portalnpm.com\/index.php\/2021\/05\/09\/empresario-de-pio-ix-perde-a-luta-contra-a-covid-19\/#breadcrumb"},"inLanguage":"pt-BR","potentialAction":[{"@type":"ReadAction","target":["https:\/\/portalnpm.com\/index.php\/2021\/05\/09\/empresario-de-pio-ix-perde-a-luta-contra-a-covid-19\/"]}]},{"@type":"ImageObject","inLanguage":"pt-BR","@id":"https:\/\/portalnpm.com\/index.php\/2021\/05\/09\/empresario-de-pio-ix-perde-a-luta-contra-a-covid-19\/#primaryimage","url":"https:\/\/portalnpm.com\/wp-content\/uploads\/2024\/01\/88001028_2729732857122977_8037082020792238080_n.jpg","contentUrl":"https:\/\/portalnpm.com\/wp-content\/uploads\/2024\/01\/88001028_2729732857122977_8037082020792238080_n.jpg","width":746,"height":600},{"@type":"BreadcrumbList","@id":"https:\/\/portalnpm.com\/index.php\/2021\/05\/09\/empresario-de-pio-ix-perde-a-luta-contra-a-covid-19\/#breadcrumb","itemListElement":[{"@type":"ListItem","position":1,"name":"In\u00edcio","item":"https:\/\/portalnpm.com\/"},{"@type":"ListItem","position":2,"name":"Empres\u00e1rio de Pio IX perde a luta contra a Covid-19"}]},{"@type":"WebSite","@id":"https:\/\/portalnpm.com\/#website","url":"https:\/\/portalnpm.com\/","name":"Portal NPM","description":"Not\u00edcias em Primeira M\u00e3o","potentialAction":[{"@type":"SearchAction","target":{"@type":"EntryPoint","urlTemplate":"https:\/\/portalnpm.com\/?s={search_term_string}"},"query-input":"required name=search_term_string"}],"inLanguage":"pt-BR"},{"@type":"Person","@id":"https:\/\/portalnpm.com\/#\/schema\/person\/49313e563cfdefcc167f1ee4c017c294","name":"Genival Barbosa","image":{"@type":"ImageObject","inLanguage":"pt-BR","@id":"https:\/\/portalnpm.com\/#\/schema\/person\/image\/","url":"https:\/\/portalnpm.com\/wp-content\/uploads\/2024\/02\/avatar_user_2_1707743258-96x96.jpeg","contentUrl":"https:\/\/portalnpm.com\/wp-content\/uploads\/2024\/02\/avatar_user_2_1707743258-96x96.jpeg","caption":"Genival Barbosa"},"url":"https:\/\/portalnpm.com\/index.php\/author\/genival\/"}]}},"jetpack_sharing_enabled":true,"jetpack_featured_media_url":"https:\/\/portalnpm.com\/wp-content\/uploads\/2024\/01\/88001028_2729732857122977_8037082020792238080_n.jpg","_links":{"self":[{"href":"https:\/\/portalnpm.com\/index.php\/wp-json\/wp\/v2\/posts\/65123"}],"collection":[{"href":"https:\/\/portalnpm.com\/index.php\/wp-json\/wp\/v2\/posts"}],"about":[{"href":"https:\/\/portalnpm.com\/index.php\/wp-json\/wp\/v2\/types\/post"}],"author":[{"embeddable":true,"href":"https:\/\/portalnpm.com\/index.php\/wp-json\/wp\/v2\/users\/2"}],"replies":[{"embeddable":true,"href":"https:\/\/portalnpm.com\/index.php\/wp-json\/wp\/v2\/comments?post=65123"}],"version-history":[{"count":0,"href":"https:\/\/portalnpm.com\/index.php\/wp-json\/wp\/v2\/posts\/65123\/revisions"}],"wp:featuredmedia":[{"embeddable":true,"href":"https:\/\/portalnpm.com\/index.php\/wp-json\/wp\/v2\/media\/65124"}],"wp:attachment":[{"href":"https:\/\/portalnpm.com\/index.php\/wp-json\/wp\/v2\/media?parent=65123"}],"wp:term":[{"taxonomy":"category","embeddable":true,"href":"https:\/\/portalnpm.com\/index.php\/wp-json\/wp\/v2\/categories?post=65123"},{"taxonomy":"post_tag","embeddable":true,"href":"https:\/\/portalnpm.com\/index.php\/wp-json\/wp\/v2\/tags?post=65123"}],"curies":[{"name":"wp","href":"https:\/\/api.w.org\/{rel}","templated":true}]}}