{"id":65133,"date":"2021-05-09T13:00:09","date_gmt":"2021-05-09T16:00:09","guid":{"rendered":"https:\/\/portalnpm.com\/index.php\/2021\/05\/09\/irmao-do-senador-marcelo-castro-morre-apos-cair-no-rio-parnaiba-em-pameirais\/"},"modified":"2021-05-09T13:00:09","modified_gmt":"2021-05-09T16:00:09","slug":"irmao-do-senador-marcelo-castro-morre-apos-cair-no-rio-parnaiba-em-pameirais","status":"publish","type":"post","link":"https:\/\/portalnpm.com\/index.php\/2021\/05\/09\/irmao-do-senador-marcelo-castro-morre-apos-cair-no-rio-parnaiba-em-pameirais\/","title":{"rendered":"Irm\u00e3o do senador Marcelo Castro morre ap\u00f3s cair no rio Parna\u00edba em Pameirais"},"content":{"rendered":"<p style=\"text-align: justify;\">O irm\u00e3o do senador Marcelo Castro (MDB), m\u00e9dico Fl\u00e1vio Castro, foi encontrado morto nas \u00e1guas do Rio Parna\u00edba no final da manh\u00e3 deste domingo (9), por volta das 11h40. Ele estava desaparecido desde a madrugada ap\u00f3s se deslocar at\u00e9 a margem do rio. A fam\u00edlia n\u00e3o confirmou se ele participava de uma pescaria. O m\u00e9dico, que \u00e9 radiologista, mora em S\u00e3o Lu\u00eds e estava passando um per\u00edodo em Teresina.<\/p>\n<p style=\"text-align: justify;\">\n<p style=\"text-align: justify;\">A assessoria do senador e parentes pr\u00f3ximos confirmaram que o radiologista estava desaparecido desde o final da noite de ontem. Fl\u00e1vio, que \u00e9 o irm\u00e3o mais novo do senador, estava em um s\u00edtio da fam\u00edlia na regi\u00e3o de Palmeirais quando caiu no rio e n\u00e3o foi mais visto.<\/p>\n<p style=\"text-align: justify;\">O trabalho do Corpo de Bombeiros come\u00e7ou ainda na madrugada, como relatou ao\u00a0<strong>Cidadeverde.com<\/strong>\u00a0o Tenente Oliveira. &#8220;Iniciamos na madrugada ainda e voltamos hoje pela manh\u00e3&#8221;, declarou.<\/p>\n<p style=\"text-align: justify;\">A fam\u00edlia emitiu uma nota pouco antes do corpo ser encontrado e disse que aguardava o trabalho do Corpo de Bombeiros para dar mais informa\u00e7\u00f5es:<\/p>\n<blockquote><p>Em nome da fam\u00edlia Castro, declaramos que \u00e9 ver\u00eddica a informa\u00e7\u00e3o de que Fl\u00e1vio Castro, m\u00e9dico radiologista no Maranh\u00e3o e irm\u00e3o do Senador Marcelo Castro (MDB-PI), \u00e9 considerado desaparecido.<\/p>\n<p>Fl\u00e1vio estava em s\u00edtio da fam\u00edlia, localizado na regi\u00e3o que liga a capital Teresina ao munic\u00edpio de Palmeirais, \u00e0s margens do Rio Parna\u00edba, e possivelmente teria ca\u00eddo nas \u00e1guas.<\/p>\n<p>O Corpo de Bombeiros est\u00e1 fazendo buscas no local.<\/p>\n<p>A fam\u00edlia aguarda novas informa\u00e7\u00f5es para, s\u00f3 ent\u00e3o, se pronunciar.<\/p>\n<p>T\u00e3o logo tenhamos mais detalhes, faremos contato.<\/p>\n<p>Atenciosamente,<\/p>\n<p>Fam\u00edlia Castro<\/p><\/blockquote>\n<p style=\"text-align: justify;\">O Instituto M\u00e9dico Legal (IML) j\u00e1 foi acionado para a remo\u00e7\u00e3o do corpo. O prefeito de Teresina, Dr. Pessoa, lamentou a morte de Fl\u00e1vio Castro. Veja a nota na \u00edntegra:<\/p>\n<blockquote><p>A Prefeitura de Teresina lamenta o falecimento do m\u00e9dico radiologista Fl\u00e1vio Castro, irm\u00e3o do senador Marcelo Castro.<\/p>\n<p>Fl\u00e1vio Castro desempenhava a medicina com amor e dedica\u00e7\u00e3o no Maranh\u00e3o.<\/p>\n<p>O prefeito Dr. Pessoa se solidariza com a fam\u00edlia enlutada ao tempo em que manifesta condol\u00eancias a todos.<\/p><\/blockquote>\n<p style=\"text-align: justify;\"><em>Flash H\u00e9rlon Moraes<\/em><br \/>\n<em>redacao@cidadeverde.com<\/em><\/p>\n","protected":false},"excerpt":{"rendered":"<p>O irm\u00e3o do senador Marcelo Castro (MDB), m\u00e9dico Fl\u00e1vio Castro, foi encontrado morto nas \u00e1guas do Rio Parna\u00edba no final da manh\u00e3 deste domingo (9), por volta das 11h40. Ele estava desaparecido desde a madrugada ap\u00f3s se deslocar at\u00e9 a margem do rio. A fam\u00edlia n\u00e3o confirmou se ele participava de uma pescaria. O m\u00e9dico, &hellip;<\/p>\n","protected":false},"author":2,"featured_media":65134,"comment_status":"open","ping_status":"open","sticky":false,"template":"","format":"standard","meta":{"content-type":"","rop_custom_images_group":[],"rop_custom_messages_group":[],"rop_publish_now":"initial","rop_publish_now_accounts":{"facebook_2648258775420054_1618374048415101":""},"rop_publish_now_history":[],"rop_publish_now_status":"pending","footnotes":"","_jetpack_memberships_contains_paid_content":false},"categories":[113],"tags":[11338,2126,460,4481],"yoast_head":"<!-- This site is optimized with the Yoast SEO plugin v22.3 - https:\/\/yoast.com\/wordpress\/plugins\/seo\/ -->\n<title>Irm\u00e3o do senador Marcelo Castro morre ap\u00f3s cair no rio Parna\u00edba em Pameirais<\/title>\n<meta name=\"robots\" content=\"index, follow, max-snippet:-1, max-image-preview:large, max-video-preview:-1\" \/>\n<link rel=\"canonical\" href=\"https:\/\/portalnpm.com\/index.php\/2021\/05\/09\/irmao-do-senador-marcelo-castro-morre-apos-cair-no-rio-parnaiba-em-pameirais\/\" \/>\n<meta property=\"og:locale\" content=\"pt_BR\" \/>\n<meta property=\"og:type\" content=\"article\" \/>\n<meta property=\"og:title\" content=\"Irm\u00e3o do senador Marcelo Castro morre ap\u00f3s cair no rio Parna\u00edba em Pameirais\" \/>\n<meta property=\"og:description\" content=\"O irm\u00e3o do senador Marcelo Castro (MDB), m\u00e9dico Fl\u00e1vio Castro, foi encontrado morto nas \u00e1guas do Rio Parna\u00edba no final da manh\u00e3 deste domingo (9), por volta das 11h40. Ele estava desaparecido desde a madrugada ap\u00f3s se deslocar at\u00e9 a margem do rio. A fam\u00edlia n\u00e3o confirmou se ele participava de uma pescaria. O m\u00e9dico, &hellip;\" \/>\n<meta property=\"og:url\" content=\"https:\/\/portalnpm.com\/index.php\/2021\/05\/09\/irmao-do-senador-marcelo-castro-morre-apos-cair-no-rio-parnaiba-em-pameirais\/\" \/>\n<meta property=\"og:site_name\" content=\"Portal NPM\" \/>\n<meta property=\"article:published_time\" content=\"2021-05-09T16:00:09+00:00\" \/>\n<meta property=\"og:image\" content=\"https:\/\/portalnpm.com\/wp-content\/uploads\/2024\/01\/P40G-IMG-9d37118303b1c2a40a.jpg\" \/>\n\t<meta property=\"og:image:width\" content=\"851\" \/>\n\t<meta property=\"og:image:height\" content=\"476\" \/>\n\t<meta property=\"og:image:type\" content=\"image\/jpeg\" \/>\n<meta name=\"author\" content=\"Genival Barbosa\" \/>\n<meta name=\"twitter:card\" content=\"summary_large_image\" \/>\n<meta name=\"twitter:label1\" content=\"Escrito por\" \/>\n\t<meta name=\"twitter:data1\" content=\"Genival Barbosa\" \/>\n\t<meta name=\"twitter:label2\" content=\"Est. tempo de leitura\" \/>\n\t<meta name=\"twitter:data2\" content=\"2 minutos\" \/>\n<script type=\"application\/ld+json\" class=\"yoast-schema-graph\">{\"@context\":\"https:\/\/schema.org\",\"@graph\":[{\"@type\":\"WebPage\",\"@id\":\"https:\/\/portalnpm.com\/index.php\/2021\/05\/09\/irmao-do-senador-marcelo-castro-morre-apos-cair-no-rio-parnaiba-em-pameirais\/\",\"url\":\"https:\/\/portalnpm.com\/index.php\/2021\/05\/09\/irmao-do-senador-marcelo-castro-morre-apos-cair-no-rio-parnaiba-em-pameirais\/\",\"name\":\"Irm\u00e3o do senador Marcelo Castro morre ap\u00f3s cair no rio Parna\u00edba em Pameirais\",\"isPartOf\":{\"@id\":\"https:\/\/portalnpm.com\/#website\"},\"primaryImageOfPage\":{\"@id\":\"https:\/\/portalnpm.com\/index.php\/2021\/05\/09\/irmao-do-senador-marcelo-castro-morre-apos-cair-no-rio-parnaiba-em-pameirais\/#primaryimage\"},\"image\":{\"@id\":\"https:\/\/portalnpm.com\/index.php\/2021\/05\/09\/irmao-do-senador-marcelo-castro-morre-apos-cair-no-rio-parnaiba-em-pameirais\/#primaryimage\"},\"thumbnailUrl\":\"https:\/\/portalnpm.com\/wp-content\/uploads\/2024\/01\/P40G-IMG-9d37118303b1c2a40a.jpg\",\"datePublished\":\"2021-05-09T16:00:09+00:00\",\"dateModified\":\"2021-05-09T16:00:09+00:00\",\"author\":{\"@id\":\"https:\/\/portalnpm.com\/#\/schema\/person\/49313e563cfdefcc167f1ee4c017c294\"},\"breadcrumb\":{\"@id\":\"https:\/\/portalnpm.com\/index.php\/2021\/05\/09\/irmao-do-senador-marcelo-castro-morre-apos-cair-no-rio-parnaiba-em-pameirais\/#breadcrumb\"},\"inLanguage\":\"pt-BR\",\"potentialAction\":[{\"@type\":\"ReadAction\",\"target\":[\"https:\/\/portalnpm.com\/index.php\/2021\/05\/09\/irmao-do-senador-marcelo-castro-morre-apos-cair-no-rio-parnaiba-em-pameirais\/\"]}]},{\"@type\":\"ImageObject\",\"inLanguage\":\"pt-BR\",\"@id\":\"https:\/\/portalnpm.com\/index.php\/2021\/05\/09\/irmao-do-senador-marcelo-castro-morre-apos-cair-no-rio-parnaiba-em-pameirais\/#primaryimage\",\"url\":\"https:\/\/portalnpm.com\/wp-content\/uploads\/2024\/01\/P40G-IMG-9d37118303b1c2a40a.jpg\",\"contentUrl\":\"https:\/\/portalnpm.com\/wp-content\/uploads\/2024\/01\/P40G-IMG-9d37118303b1c2a40a.jpg\",\"width\":851,\"height\":476},{\"@type\":\"BreadcrumbList\",\"@id\":\"https:\/\/portalnpm.com\/index.php\/2021\/05\/09\/irmao-do-senador-marcelo-castro-morre-apos-cair-no-rio-parnaiba-em-pameirais\/#breadcrumb\",\"itemListElement\":[{\"@type\":\"ListItem\",\"position\":1,\"name\":\"In\u00edcio\",\"item\":\"https:\/\/portalnpm.com\/\"},{\"@type\":\"ListItem\",\"position\":2,\"name\":\"Irm\u00e3o do senador Marcelo Castro morre ap\u00f3s cair no rio Parna\u00edba em Pameirais\"}]},{\"@type\":\"WebSite\",\"@id\":\"https:\/\/portalnpm.com\/#website\",\"url\":\"https:\/\/portalnpm.com\/\",\"name\":\"Portal NPM\",\"description\":\"Not\u00edcias em Primeira M\u00e3o\",\"potentialAction\":[{\"@type\":\"SearchAction\",\"target\":{\"@type\":\"EntryPoint\",\"urlTemplate\":\"https:\/\/portalnpm.com\/?s={search_term_string}\"},\"query-input\":\"required name=search_term_string\"}],\"inLanguage\":\"pt-BR\"},{\"@type\":\"Person\",\"@id\":\"https:\/\/portalnpm.com\/#\/schema\/person\/49313e563cfdefcc167f1ee4c017c294\",\"name\":\"Genival Barbosa\",\"image\":{\"@type\":\"ImageObject\",\"inLanguage\":\"pt-BR\",\"@id\":\"https:\/\/portalnpm.com\/#\/schema\/person\/image\/\",\"url\":\"https:\/\/portalnpm.com\/wp-content\/uploads\/2024\/02\/avatar_user_2_1707743258-96x96.jpeg\",\"contentUrl\":\"https:\/\/portalnpm.com\/wp-content\/uploads\/2024\/02\/avatar_user_2_1707743258-96x96.jpeg\",\"caption\":\"Genival Barbosa\"},\"url\":\"https:\/\/portalnpm.com\/index.php\/author\/genival\/\"}]}<\/script>\n<!-- \/ Yoast SEO plugin. -->","yoast_head_json":{"title":"Irm\u00e3o do senador Marcelo Castro morre ap\u00f3s cair no rio Parna\u00edba em Pameirais","robots":{"index":"index","follow":"follow","max-snippet":"max-snippet:-1","max-image-preview":"max-image-preview:large","max-video-preview":"max-video-preview:-1"},"canonical":"https:\/\/portalnpm.com\/index.php\/2021\/05\/09\/irmao-do-senador-marcelo-castro-morre-apos-cair-no-rio-parnaiba-em-pameirais\/","og_locale":"pt_BR","og_type":"article","og_title":"Irm\u00e3o do senador Marcelo Castro morre ap\u00f3s cair no rio Parna\u00edba em Pameirais","og_description":"O irm\u00e3o do senador Marcelo Castro (MDB), m\u00e9dico Fl\u00e1vio Castro, foi encontrado morto nas \u00e1guas do Rio Parna\u00edba no final da manh\u00e3 deste domingo (9), por volta das 11h40. Ele estava desaparecido desde a madrugada ap\u00f3s se deslocar at\u00e9 a margem do rio. A fam\u00edlia n\u00e3o confirmou se ele participava de uma pescaria. O m\u00e9dico, &hellip;","og_url":"https:\/\/portalnpm.com\/index.php\/2021\/05\/09\/irmao-do-senador-marcelo-castro-morre-apos-cair-no-rio-parnaiba-em-pameirais\/","og_site_name":"Portal NPM","article_published_time":"2021-05-09T16:00:09+00:00","og_image":[{"width":851,"height":476,"url":"https:\/\/portalnpm.com\/wp-content\/uploads\/2024\/01\/P40G-IMG-9d37118303b1c2a40a.jpg","type":"image\/jpeg"}],"author":"Genival Barbosa","twitter_card":"summary_large_image","twitter_misc":{"Escrito por":"Genival Barbosa","Est. tempo de leitura":"2 minutos"},"schema":{"@context":"https:\/\/schema.org","@graph":[{"@type":"WebPage","@id":"https:\/\/portalnpm.com\/index.php\/2021\/05\/09\/irmao-do-senador-marcelo-castro-morre-apos-cair-no-rio-parnaiba-em-pameirais\/","url":"https:\/\/portalnpm.com\/index.php\/2021\/05\/09\/irmao-do-senador-marcelo-castro-morre-apos-cair-no-rio-parnaiba-em-pameirais\/","name":"Irm\u00e3o do senador Marcelo Castro morre ap\u00f3s cair no rio Parna\u00edba em Pameirais","isPartOf":{"@id":"https:\/\/portalnpm.com\/#website"},"primaryImageOfPage":{"@id":"https:\/\/portalnpm.com\/index.php\/2021\/05\/09\/irmao-do-senador-marcelo-castro-morre-apos-cair-no-rio-parnaiba-em-pameirais\/#primaryimage"},"image":{"@id":"https:\/\/portalnpm.com\/index.php\/2021\/05\/09\/irmao-do-senador-marcelo-castro-morre-apos-cair-no-rio-parnaiba-em-pameirais\/#primaryimage"},"thumbnailUrl":"https:\/\/portalnpm.com\/wp-content\/uploads\/2024\/01\/P40G-IMG-9d37118303b1c2a40a.jpg","datePublished":"2021-05-09T16:00:09+00:00","dateModified":"2021-05-09T16:00:09+00:00","author":{"@id":"https:\/\/portalnpm.com\/#\/schema\/person\/49313e563cfdefcc167f1ee4c017c294"},"breadcrumb":{"@id":"https:\/\/portalnpm.com\/index.php\/2021\/05\/09\/irmao-do-senador-marcelo-castro-morre-apos-cair-no-rio-parnaiba-em-pameirais\/#breadcrumb"},"inLanguage":"pt-BR","potentialAction":[{"@type":"ReadAction","target":["https:\/\/portalnpm.com\/index.php\/2021\/05\/09\/irmao-do-senador-marcelo-castro-morre-apos-cair-no-rio-parnaiba-em-pameirais\/"]}]},{"@type":"ImageObject","inLanguage":"pt-BR","@id":"https:\/\/portalnpm.com\/index.php\/2021\/05\/09\/irmao-do-senador-marcelo-castro-morre-apos-cair-no-rio-parnaiba-em-pameirais\/#primaryimage","url":"https:\/\/portalnpm.com\/wp-content\/uploads\/2024\/01\/P40G-IMG-9d37118303b1c2a40a.jpg","contentUrl":"https:\/\/portalnpm.com\/wp-content\/uploads\/2024\/01\/P40G-IMG-9d37118303b1c2a40a.jpg","width":851,"height":476},{"@type":"BreadcrumbList","@id":"https:\/\/portalnpm.com\/index.php\/2021\/05\/09\/irmao-do-senador-marcelo-castro-morre-apos-cair-no-rio-parnaiba-em-pameirais\/#breadcrumb","itemListElement":[{"@type":"ListItem","position":1,"name":"In\u00edcio","item":"https:\/\/portalnpm.com\/"},{"@type":"ListItem","position":2,"name":"Irm\u00e3o do senador Marcelo Castro morre ap\u00f3s cair no rio Parna\u00edba em Pameirais"}]},{"@type":"WebSite","@id":"https:\/\/portalnpm.com\/#website","url":"https:\/\/portalnpm.com\/","name":"Portal NPM","description":"Not\u00edcias em Primeira M\u00e3o","potentialAction":[{"@type":"SearchAction","target":{"@type":"EntryPoint","urlTemplate":"https:\/\/portalnpm.com\/?s={search_term_string}"},"query-input":"required name=search_term_string"}],"inLanguage":"pt-BR"},{"@type":"Person","@id":"https:\/\/portalnpm.com\/#\/schema\/person\/49313e563cfdefcc167f1ee4c017c294","name":"Genival Barbosa","image":{"@type":"ImageObject","inLanguage":"pt-BR","@id":"https:\/\/portalnpm.com\/#\/schema\/person\/image\/","url":"https:\/\/portalnpm.com\/wp-content\/uploads\/2024\/02\/avatar_user_2_1707743258-96x96.jpeg","contentUrl":"https:\/\/portalnpm.com\/wp-content\/uploads\/2024\/02\/avatar_user_2_1707743258-96x96.jpeg","caption":"Genival Barbosa"},"url":"https:\/\/portalnpm.com\/index.php\/author\/genival\/"}]}},"jetpack_sharing_enabled":true,"jetpack_featured_media_url":"https:\/\/portalnpm.com\/wp-content\/uploads\/2024\/01\/P40G-IMG-9d37118303b1c2a40a.jpg","_links":{"self":[{"href":"https:\/\/portalnpm.com\/index.php\/wp-json\/wp\/v2\/posts\/65133"}],"collection":[{"href":"https:\/\/portalnpm.com\/index.php\/wp-json\/wp\/v2\/posts"}],"about":[{"href":"https:\/\/portalnpm.com\/index.php\/wp-json\/wp\/v2\/types\/post"}],"author":[{"embeddable":true,"href":"https:\/\/portalnpm.com\/index.php\/wp-json\/wp\/v2\/users\/2"}],"replies":[{"embeddable":true,"href":"https:\/\/portalnpm.com\/index.php\/wp-json\/wp\/v2\/comments?post=65133"}],"version-history":[{"count":0,"href":"https:\/\/portalnpm.com\/index.php\/wp-json\/wp\/v2\/posts\/65133\/revisions"}],"wp:featuredmedia":[{"embeddable":true,"href":"https:\/\/portalnpm.com\/index.php\/wp-json\/wp\/v2\/media\/65134"}],"wp:attachment":[{"href":"https:\/\/portalnpm.com\/index.php\/wp-json\/wp\/v2\/media?parent=65133"}],"wp:term":[{"taxonomy":"category","embeddable":true,"href":"https:\/\/portalnpm.com\/index.php\/wp-json\/wp\/v2\/categories?post=65133"},{"taxonomy":"post_tag","embeddable":true,"href":"https:\/\/portalnpm.com\/index.php\/wp-json\/wp\/v2\/tags?post=65133"}],"curies":[{"name":"wp","href":"https:\/\/api.w.org\/{rel}","templated":true}]}}