{"id":6515,"date":"2019-03-26T10:54:54","date_gmt":"2019-03-26T13:54:54","guid":{"rendered":"http:\/\/srv.portalnpm.com.br\/?p=6515"},"modified":"2019-03-26T10:54:54","modified_gmt":"2019-03-26T13:54:54","slug":"pes-de-banana-sao-plantados-em-buracos-da-pi-que-liga-picos-a-santana","status":"publish","type":"post","link":"https:\/\/portalnpm.com\/index.php\/2019\/03\/26\/pes-de-banana-sao-plantados-em-buracos-da-pi-que-liga-picos-a-santana\/","title":{"rendered":"P\u00e9s de banana s\u00e3o plantados em buracos da PI que liga Picos a Santana"},"content":{"rendered":"<p style=\"text-align: justify;\">A insatisfa\u00e7\u00e3o popular perante a precariedade da pavimenta\u00e7\u00e3o asf\u00e1ltica da PI-375, rodovia que liga Picos a Santana do Piau\u00ed, s\u00f3 aumenta. Na manh\u00e3 desta ter\u00e7a-feira (26) quatro p\u00e9s de banana foram plantados dentro de\u00a0buracos que se formam na estrada.<\/p>\n<p style=\"text-align: justify;\">A a\u00e7\u00e3o inusitada \u00e9 um sinal de protesto em meio ao estado da PI que est\u00e1 com o tr\u00e1fego de ve\u00edculos prejudicados em v\u00e1rios pontos da estrada devido a presen\u00e7a das \u201ccrateras\/buracos\u201d. \u00a0O fato chamou a aten\u00e7\u00e3o dos condutores que passavam pelo local e aproveitavam para fazer registros fotogr\u00e1ficos da cena.<\/p>\n<p><img fetchpriority=\"high\" decoding=\"async\" class=\"aligncenter wp-image-6516 size-medium\" src=\"http:\/\/portalnpm.com\/wp-content\/uploads\/2019\/03\/DSC_07373-300x200.jpg\" alt=\"\" width=\"300\" height=\"200\" \/><\/p>\n<p style=\"text-align: justify;\">Os quatro p\u00e9s de banana foram plantados pr\u00f3ximos ao portal da PI que j\u00e1 possui uma faixa cobrando ao governador Wellington Dias (PT) os recursos destinados para a recupera\u00e7\u00e3o asf\u00e1ltica da PI-375, ainda em abril de 2017.<\/p>\n<p><img decoding=\"async\" class=\"size-medium wp-image-6517 aligncenter\" src=\"http:\/\/portalnpm.com\/wp-content\/uploads\/2019\/03\/DSC_053111-300x200.jpg\" alt=\"\" width=\"300\" height=\"200\" \/><\/p>\n<p style=\"text-align: justify;\"><strong>A obra paralisada<\/strong><\/p>\n<p style=\"text-align: justify;\">A obra de recupera\u00e7\u00e3o da pavimenta\u00e7\u00e3o asf\u00e1ltica da PI-375 foi autorizada em abril de 2017 e iniciada ainda no referido m\u00eas pela M\u00faltipla Engenharia. No entanto, poucos meses depois, foi paralisada pela falta de regulariza\u00e7\u00e3o nos transmites burocr\u00e1ticos.<\/p>\n<p style=\"text-align: justify;\">Em 2018, a PI-375 ainda foi recuperada paliativamente por meio de \u201ctapa-buracos\u201d autorizada pelo DER-PI. No entanto, com o aparecimento das chuvas o problema novamente reaparece.<\/p>\n<p style=\"text-align: justify;\">Diante da calamidade, a prefeita de\u00a0Santana do Piau\u00ed, Maria Jos\u00e9 de Sousa Moura, vem reivindicando a recupera\u00e7\u00e3o da estrada, conseguindo em anos anteriores a execu\u00e7\u00e3o da opera\u00e7\u00e3o tapa-buracos.<\/p>\n<p style=\"text-align: justify;\">Na condi\u00e7\u00e3o atual, sem atendimento, por iniciativa pr\u00f3pria, gestores de Santana e de Picos realizam a\u00e7\u00f5es emergenciais em alguns trechos da PI.<\/p>\n<p><img decoding=\"async\" class=\"size-medium wp-image-6518 aligncenter\" src=\"http:\/\/portalnpm.com\/wp-content\/uploads\/2019\/03\/DSC_07392-300x200.jpg\" alt=\"\" width=\"300\" height=\"200\" \/><\/p>\n<p><strong>FONTE<\/strong>: Folhaatual.com.br<\/p>\n","protected":false},"excerpt":{"rendered":"<p>A insatisfa\u00e7\u00e3o popular perante a precariedade da pavimenta\u00e7\u00e3o asf\u00e1ltica da PI-375, rodovia que liga Picos a Santana do Piau\u00ed, s\u00f3 aumenta. Na manh\u00e3 desta ter\u00e7a-feira (26) quatro p\u00e9s de banana foram plantados dentro de\u00a0buracos que se formam na estrada. A a\u00e7\u00e3o inusitada \u00e9 um sinal de protesto em meio ao estado da PI que est\u00e1 &hellip;<\/p>\n","protected":false},"author":8,"featured_media":6519,"comment_status":"open","ping_status":"open","sticky":false,"template":"","format":"standard","meta":{"content-type":"","rop_custom_images_group":[],"rop_custom_messages_group":[],"rop_publish_now":"initial","rop_publish_now_accounts":{"facebook_2648258775420054_1618374048415101":""},"rop_publish_now_history":[],"rop_publish_now_status":"pending","footnotes":"","_jetpack_memberships_contains_paid_content":false},"categories":[109,118],"tags":[2491,2165,2492,2493],"yoast_head":"<!-- This site is optimized with the Yoast SEO plugin v22.3 - https:\/\/yoast.com\/wordpress\/plugins\/seo\/ -->\n<title>P\u00e9s de banana s\u00e3o plantados em buracos da PI que liga Picos a Santana - Portal NPM<\/title>\n<meta name=\"robots\" content=\"index, follow, max-snippet:-1, max-image-preview:large, max-video-preview:-1\" \/>\n<link rel=\"canonical\" href=\"https:\/\/portalnpm.com\/index.php\/2019\/03\/26\/pes-de-banana-sao-plantados-em-buracos-da-pi-que-liga-picos-a-santana\/\" \/>\n<meta property=\"og:locale\" content=\"pt_BR\" \/>\n<meta property=\"og:type\" content=\"article\" \/>\n<meta property=\"og:title\" content=\"P\u00e9s de banana s\u00e3o plantados em buracos da PI que liga Picos a Santana - Portal NPM\" \/>\n<meta property=\"og:description\" content=\"A insatisfa\u00e7\u00e3o popular perante a precariedade da pavimenta\u00e7\u00e3o asf\u00e1ltica da PI-375, rodovia que liga Picos a Santana do Piau\u00ed, s\u00f3 aumenta. Na manh\u00e3 desta ter\u00e7a-feira (26) quatro p\u00e9s de banana foram plantados dentro de\u00a0buracos que se formam na estrada. A a\u00e7\u00e3o inusitada \u00e9 um sinal de protesto em meio ao estado da PI que est\u00e1 &hellip;\" \/>\n<meta property=\"og:url\" content=\"https:\/\/portalnpm.com\/index.php\/2019\/03\/26\/pes-de-banana-sao-plantados-em-buracos-da-pi-que-liga-picos-a-santana\/\" \/>\n<meta property=\"og:site_name\" content=\"Portal NPM\" \/>\n<meta property=\"article:published_time\" content=\"2019-03-26T13:54:54+00:00\" \/>\n<meta name=\"author\" content=\"Zenilton Lima\" \/>\n<meta name=\"twitter:card\" content=\"summary_large_image\" \/>\n<meta name=\"twitter:label1\" content=\"Escrito por\" \/>\n\t<meta name=\"twitter:data1\" content=\"Zenilton Lima\" \/>\n\t<meta name=\"twitter:label2\" content=\"Est. tempo de leitura\" \/>\n\t<meta name=\"twitter:data2\" content=\"1 minuto\" \/>\n<script type=\"application\/ld+json\" class=\"yoast-schema-graph\">{\"@context\":\"https:\/\/schema.org\",\"@graph\":[{\"@type\":\"WebPage\",\"@id\":\"https:\/\/portalnpm.com\/index.php\/2019\/03\/26\/pes-de-banana-sao-plantados-em-buracos-da-pi-que-liga-picos-a-santana\/\",\"url\":\"https:\/\/portalnpm.com\/index.php\/2019\/03\/26\/pes-de-banana-sao-plantados-em-buracos-da-pi-que-liga-picos-a-santana\/\",\"name\":\"P\u00e9s de banana s\u00e3o plantados em buracos da PI que liga Picos a Santana - Portal NPM\",\"isPartOf\":{\"@id\":\"https:\/\/portalnpm.com\/#website\"},\"primaryImageOfPage\":{\"@id\":\"https:\/\/portalnpm.com\/index.php\/2019\/03\/26\/pes-de-banana-sao-plantados-em-buracos-da-pi-que-liga-picos-a-santana\/#primaryimage\"},\"image\":{\"@id\":\"https:\/\/portalnpm.com\/index.php\/2019\/03\/26\/pes-de-banana-sao-plantados-em-buracos-da-pi-que-liga-picos-a-santana\/#primaryimage\"},\"thumbnailUrl\":\"\",\"datePublished\":\"2019-03-26T13:54:54+00:00\",\"dateModified\":\"2019-03-26T13:54:54+00:00\",\"author\":{\"@id\":\"https:\/\/portalnpm.com\/#\/schema\/person\/35cb55186eae3f074b6783da6d35591e\"},\"breadcrumb\":{\"@id\":\"https:\/\/portalnpm.com\/index.php\/2019\/03\/26\/pes-de-banana-sao-plantados-em-buracos-da-pi-que-liga-picos-a-santana\/#breadcrumb\"},\"inLanguage\":\"pt-BR\",\"potentialAction\":[{\"@type\":\"ReadAction\",\"target\":[\"https:\/\/portalnpm.com\/index.php\/2019\/03\/26\/pes-de-banana-sao-plantados-em-buracos-da-pi-que-liga-picos-a-santana\/\"]}]},{\"@type\":\"ImageObject\",\"inLanguage\":\"pt-BR\",\"@id\":\"https:\/\/portalnpm.com\/index.php\/2019\/03\/26\/pes-de-banana-sao-plantados-em-buracos-da-pi-que-liga-picos-a-santana\/#primaryimage\",\"url\":\"\",\"contentUrl\":\"\"},{\"@type\":\"BreadcrumbList\",\"@id\":\"https:\/\/portalnpm.com\/index.php\/2019\/03\/26\/pes-de-banana-sao-plantados-em-buracos-da-pi-que-liga-picos-a-santana\/#breadcrumb\",\"itemListElement\":[{\"@type\":\"ListItem\",\"position\":1,\"name\":\"In\u00edcio\",\"item\":\"https:\/\/portalnpm.com\/\"},{\"@type\":\"ListItem\",\"position\":2,\"name\":\"P\u00e9s de banana s\u00e3o plantados em buracos da PI que liga Picos a Santana\"}]},{\"@type\":\"WebSite\",\"@id\":\"https:\/\/portalnpm.com\/#website\",\"url\":\"https:\/\/portalnpm.com\/\",\"name\":\"Portal NPM\",\"description\":\"Not\u00edcias em Primeira M\u00e3o\",\"potentialAction\":[{\"@type\":\"SearchAction\",\"target\":{\"@type\":\"EntryPoint\",\"urlTemplate\":\"https:\/\/portalnpm.com\/?s={search_term_string}\"},\"query-input\":\"required name=search_term_string\"}],\"inLanguage\":\"pt-BR\"},{\"@type\":\"Person\",\"@id\":\"https:\/\/portalnpm.com\/#\/schema\/person\/35cb55186eae3f074b6783da6d35591e\",\"name\":\"Zenilton Lima\",\"image\":{\"@type\":\"ImageObject\",\"inLanguage\":\"pt-BR\",\"@id\":\"https:\/\/portalnpm.com\/#\/schema\/person\/image\/\",\"url\":\"https:\/\/portalnpm.com\/wp-content\/uploads\/2024\/12\/avatar_user_8_1733658137-96x96.jpeg\",\"contentUrl\":\"https:\/\/portalnpm.com\/wp-content\/uploads\/2024\/12\/avatar_user_8_1733658137-96x96.jpeg\",\"caption\":\"Zenilton Lima\"},\"url\":\"https:\/\/portalnpm.com\/index.php\/author\/zenilton\/\"}]}<\/script>\n<!-- \/ Yoast SEO plugin. -->","yoast_head_json":{"title":"P\u00e9s de banana s\u00e3o plantados em buracos da PI que liga Picos a Santana - Portal NPM","robots":{"index":"index","follow":"follow","max-snippet":"max-snippet:-1","max-image-preview":"max-image-preview:large","max-video-preview":"max-video-preview:-1"},"canonical":"https:\/\/portalnpm.com\/index.php\/2019\/03\/26\/pes-de-banana-sao-plantados-em-buracos-da-pi-que-liga-picos-a-santana\/","og_locale":"pt_BR","og_type":"article","og_title":"P\u00e9s de banana s\u00e3o plantados em buracos da PI que liga Picos a Santana - Portal NPM","og_description":"A insatisfa\u00e7\u00e3o popular perante a precariedade da pavimenta\u00e7\u00e3o asf\u00e1ltica da PI-375, rodovia que liga Picos a Santana do Piau\u00ed, s\u00f3 aumenta. Na manh\u00e3 desta ter\u00e7a-feira (26) quatro p\u00e9s de banana foram plantados dentro de\u00a0buracos que se formam na estrada. A a\u00e7\u00e3o inusitada \u00e9 um sinal de protesto em meio ao estado da PI que est\u00e1 &hellip;","og_url":"https:\/\/portalnpm.com\/index.php\/2019\/03\/26\/pes-de-banana-sao-plantados-em-buracos-da-pi-que-liga-picos-a-santana\/","og_site_name":"Portal NPM","article_published_time":"2019-03-26T13:54:54+00:00","author":"Zenilton Lima","twitter_card":"summary_large_image","twitter_misc":{"Escrito por":"Zenilton Lima","Est. tempo de leitura":"1 minuto"},"schema":{"@context":"https:\/\/schema.org","@graph":[{"@type":"WebPage","@id":"https:\/\/portalnpm.com\/index.php\/2019\/03\/26\/pes-de-banana-sao-plantados-em-buracos-da-pi-que-liga-picos-a-santana\/","url":"https:\/\/portalnpm.com\/index.php\/2019\/03\/26\/pes-de-banana-sao-plantados-em-buracos-da-pi-que-liga-picos-a-santana\/","name":"P\u00e9s de banana s\u00e3o plantados em buracos da PI que liga Picos a Santana - Portal NPM","isPartOf":{"@id":"https:\/\/portalnpm.com\/#website"},"primaryImageOfPage":{"@id":"https:\/\/portalnpm.com\/index.php\/2019\/03\/26\/pes-de-banana-sao-plantados-em-buracos-da-pi-que-liga-picos-a-santana\/#primaryimage"},"image":{"@id":"https:\/\/portalnpm.com\/index.php\/2019\/03\/26\/pes-de-banana-sao-plantados-em-buracos-da-pi-que-liga-picos-a-santana\/#primaryimage"},"thumbnailUrl":"","datePublished":"2019-03-26T13:54:54+00:00","dateModified":"2019-03-26T13:54:54+00:00","author":{"@id":"https:\/\/portalnpm.com\/#\/schema\/person\/35cb55186eae3f074b6783da6d35591e"},"breadcrumb":{"@id":"https:\/\/portalnpm.com\/index.php\/2019\/03\/26\/pes-de-banana-sao-plantados-em-buracos-da-pi-que-liga-picos-a-santana\/#breadcrumb"},"inLanguage":"pt-BR","potentialAction":[{"@type":"ReadAction","target":["https:\/\/portalnpm.com\/index.php\/2019\/03\/26\/pes-de-banana-sao-plantados-em-buracos-da-pi-que-liga-picos-a-santana\/"]}]},{"@type":"ImageObject","inLanguage":"pt-BR","@id":"https:\/\/portalnpm.com\/index.php\/2019\/03\/26\/pes-de-banana-sao-plantados-em-buracos-da-pi-que-liga-picos-a-santana\/#primaryimage","url":"","contentUrl":""},{"@type":"BreadcrumbList","@id":"https:\/\/portalnpm.com\/index.php\/2019\/03\/26\/pes-de-banana-sao-plantados-em-buracos-da-pi-que-liga-picos-a-santana\/#breadcrumb","itemListElement":[{"@type":"ListItem","position":1,"name":"In\u00edcio","item":"https:\/\/portalnpm.com\/"},{"@type":"ListItem","position":2,"name":"P\u00e9s de banana s\u00e3o plantados em buracos da PI que liga Picos a Santana"}]},{"@type":"WebSite","@id":"https:\/\/portalnpm.com\/#website","url":"https:\/\/portalnpm.com\/","name":"Portal NPM","description":"Not\u00edcias em Primeira M\u00e3o","potentialAction":[{"@type":"SearchAction","target":{"@type":"EntryPoint","urlTemplate":"https:\/\/portalnpm.com\/?s={search_term_string}"},"query-input":"required name=search_term_string"}],"inLanguage":"pt-BR"},{"@type":"Person","@id":"https:\/\/portalnpm.com\/#\/schema\/person\/35cb55186eae3f074b6783da6d35591e","name":"Zenilton Lima","image":{"@type":"ImageObject","inLanguage":"pt-BR","@id":"https:\/\/portalnpm.com\/#\/schema\/person\/image\/","url":"https:\/\/portalnpm.com\/wp-content\/uploads\/2024\/12\/avatar_user_8_1733658137-96x96.jpeg","contentUrl":"https:\/\/portalnpm.com\/wp-content\/uploads\/2024\/12\/avatar_user_8_1733658137-96x96.jpeg","caption":"Zenilton Lima"},"url":"https:\/\/portalnpm.com\/index.php\/author\/zenilton\/"}]}},"jetpack_sharing_enabled":true,"jetpack_featured_media_url":"","_links":{"self":[{"href":"https:\/\/portalnpm.com\/index.php\/wp-json\/wp\/v2\/posts\/6515"}],"collection":[{"href":"https:\/\/portalnpm.com\/index.php\/wp-json\/wp\/v2\/posts"}],"about":[{"href":"https:\/\/portalnpm.com\/index.php\/wp-json\/wp\/v2\/types\/post"}],"author":[{"embeddable":true,"href":"https:\/\/portalnpm.com\/index.php\/wp-json\/wp\/v2\/users\/8"}],"replies":[{"embeddable":true,"href":"https:\/\/portalnpm.com\/index.php\/wp-json\/wp\/v2\/comments?post=6515"}],"version-history":[{"count":0,"href":"https:\/\/portalnpm.com\/index.php\/wp-json\/wp\/v2\/posts\/6515\/revisions"}],"wp:featuredmedia":[{"embeddable":true,"href":"https:\/\/portalnpm.com\/index.php\/wp-json\/"}],"wp:attachment":[{"href":"https:\/\/portalnpm.com\/index.php\/wp-json\/wp\/v2\/media?parent=6515"}],"wp:term":[{"taxonomy":"category","embeddable":true,"href":"https:\/\/portalnpm.com\/index.php\/wp-json\/wp\/v2\/categories?post=6515"},{"taxonomy":"post_tag","embeddable":true,"href":"https:\/\/portalnpm.com\/index.php\/wp-json\/wp\/v2\/tags?post=6515"}],"curies":[{"name":"wp","href":"https:\/\/api.w.org\/{rel}","templated":true}]}}